{"id":1032458,"date":"2022-09-08T13:11:04","date_gmt":"2022-09-08T10:11:04","guid":{"rendered":"https:\/\/darkamazi.info\/?p=1032458"},"modified":"2022-09-08T13:11:04","modified_gmt":"2022-09-08T10:11:04","slug":"daise-erisi-hezen-asayisa-reveberiya-xweser-kir","status":"publish","type":"post","link":"https:\/\/darkamazi.info\/archives\/1032458","title":{"rendered":"DAI\u015e\u00ea \u00eari\u015f\u00ee h\u00eaz\u00ean Asayi\u015fa R\u00eaveberiya Xweser kir"},"content":{"rendered":"<h3 style=\"text-align: justify\"><span style=\"font-family: 'arial black', sans-serif\">Asayi\u015fa R\u00eaveberiya Xweser ragihand, duh bi \u015fev di dema bir\u00eave\u00e7\u00fbna operasyon\u00ea de li nav kampa Hol\u00ea, \u015faney\u00ean DAI\u015e\u00ea \u00ear\u00ee\u015f\u00ee h\u00eaz\u00ean wan kirine \u00fb di encama \u015fer \u00fb pev\u00e7\u00fbnan de \u00e7ekdarek\u00ee DAI\u015e\u00ea ku cil\u00ean jinan li xwe kirib\u00fb \u00fb hewl dab\u00fb bireve, hatiye ku\u015ftin \u00fb 6 \u00e7ekdar\u00ean din hatine girtin.<\/span><\/h3>\n<h3 style=\"text-align: justify\"><span style=\"font-family: arial, helvetica, sans-serif\">Operasyona P\u00eangava Mirov\u00ee \u00fb Ewlehiy\u00ea ya li kampa Hol\u00ea ku ji aliy\u00ea Asayi\u015fa R\u00eaveberiya Xweser \u00fb HSD ve dest p\u00ea kiriye, di roja xwe ya 15an de berdewam e \u00fb heta niha bi dehan endam \u00fb \u00e7ekdar\u00ean \u015faney\u00ean nih\u00ean\u00ee y\u00ean DAI\u015e\u00ea hatine girtin, \u00e7end\u00een tunel hatine d\u00eetin \u00fb bi dehan kon j\u00ee hatine rakirin ku DAI\u015e\u00ea ji bo kar\u00fbbar\u00ean xwe, cezakirina xelk\u00ea bikar dian\u00een.<\/span><\/h3>\n<h3 style=\"text-align: justify\"><span style=\"font-family: arial, helvetica, sans-serif\">Asayi\u015fa R\u00eaveberiya Xweser ragihandiye, duh bi \u015fev li nav kampa Hol\u00ea di navbera h\u00eaz\u00ean operasyon\u00ea \u00fb \u00e7ekdar\u00ean \u015faney\u00ean nih\u00ean\u00ee y\u00ean DAI\u015e\u00ea de \u015fer derketiye.<\/span><\/h3>\n<h3 style=\"text-align: justify\"><span style=\"font-family: arial, helvetica, sans-serif\">Asayi\u015fa Rojavay\u00ea Kurdistan\u00ea diyar kiriye, \u015faney\u00ean DAI\u015e\u00ea \u00ear\u00ee\u015f\u00ee h\u00eaz\u00ean be\u015fdar di operasyon\u00ea de kirine \u00fb \u015fer derketiye \u00fb di encama \u015fer de \u201cendamek\u00ee \u015faney\u00ean DAI\u015e\u00ea hatiye ku\u015ftin, Herwiha 6 endam\u00ean DAI\u015e\u00ea hatin girtin ku 2 j\u00ea jin b\u00fbn\u201d.<\/span><\/h3>\n","protected":false},"excerpt":{"rendered":"<p>Asayi\u015fa R\u00eaveberiya Xweser ragihand, duh bi \u015fev di dema bir\u00eave\u00e7\u00fbna operasyon\u00ea de li nav kampa Hol\u00ea, \u015faney\u00ean DAI\u015e\u00ea \u00ear\u00ee\u015f\u00ee h\u00eaz\u00ean wan kirine \u00fb di encama \u015fer \u00fb pev\u00e7\u00fbnan de \u00e7ekdarek\u00ee DAI\u015e\u00ea ku cil\u00ean jinan li xwe kirib\u00fb \u00fb hewl dab\u00fb bireve, hatiye ku\u015ftin \u00fb 6 \u00e7ekdar\u00ean din hatine girtin. Operasyona P\u00eangava Mirov\u00ee \u00fb Ewlehiy\u00ea ya [&hellip;]<\/p>\n","protected":false},"author":2,"featured_media":1032459,"comment_status":"closed","ping_status":"closed","sticky":false,"template":"","format":"standard","meta":{"footnotes":""},"categories":[29],"tags":[37],"class_list":["post-1032458","post","type-post","status-publish","format-standard","has-post-thumbnail","hentry","category-kurdistan","tag-sereke"],"blocksy_meta":[],"seo_head":"<!-- This site is optimized with the Yoast SEO plugin v27.5 - https:\/\/yoast.com\/product\/yoast-seo-wordpress\/ -->\n<title>DAI\u015e\u00ea \u00eari\u015f\u00ee h\u00eaz\u00ean Asayi\u015fa R\u00eaveberiya Xweser kir - Darka Maz\u00ee<\/title>\n<meta name=\"robots\" content=\"index, follow, max-snippet:-1, max-image-preview:large, max-video-preview:-1\" \/>\n<link rel=\"canonical\" href=\"https:\/\/darkamazi.info\/archives\/1032458\" \/>\n<meta property=\"og:locale\" content=\"en_US\" \/>\n<meta property=\"og:type\" content=\"article\" \/>\n<meta property=\"og:title\" content=\"DAI\u015e\u00ea \u00eari\u015f\u00ee h\u00eaz\u00ean Asayi\u015fa R\u00eaveberiya Xweser kir - Darka Maz\u00ee\" \/>\n<meta property=\"og:description\" content=\"Asayi\u015fa R\u00eaveberiya Xweser ragihand, duh bi \u015fev di dema bir\u00eave\u00e7\u00fbna operasyon\u00ea de li nav kampa Hol\u00ea, \u015faney\u00ean DAI\u015e\u00ea \u00ear\u00ee\u015f\u00ee h\u00eaz\u00ean wan kirine \u00fb di encama \u015fer \u00fb pev\u00e7\u00fbnan de \u00e7ekdarek\u00ee DAI\u015e\u00ea ku cil\u00ean jinan li xwe kirib\u00fb \u00fb hewl dab\u00fb bireve, hatiye ku\u015ftin \u00fb 6 \u00e7ekdar\u00ean din hatine girtin. Operasyona P\u00eangava Mirov\u00ee \u00fb Ewlehiy\u00ea ya [&hellip;]\" \/>\n<meta property=\"og:url\" content=\"https:\/\/darkamazi.info\/archives\/1032458\" \/>\n<meta property=\"og:site_name\" content=\"Darka Maz\u00ee\" \/>\n<meta property=\"article:publisher\" content=\"https:\/\/www.facebook.com\/DarMaziKurmanci\" \/>\n<meta property=\"article:published_time\" content=\"2022-09-08T10:11:04+00:00\" \/>\n<meta property=\"og:image\" content=\"https:\/\/darkamazi.info\/file\/2022\/09\/Asayisa-Reveberiya-Xweser.jpg\" \/>\n\t<meta property=\"og:image:width\" content=\"900\" \/>\n\t<meta property=\"og:image:height\" content=\"497\" \/>\n\t<meta property=\"og:image:type\" content=\"image\/jpeg\" \/>\n<meta name=\"author\" content=\"darka mazi\" \/>\n<meta name=\"twitter:card\" content=\"summary_large_image\" \/>\n<meta name=\"twitter:creator\" content=\"@DarkaMaziLatini\" \/>\n<meta name=\"twitter:site\" content=\"@DarkaMaziLatini\" \/>\n<meta name=\"twitter:label1\" content=\"Written by\" \/>\n\t<meta name=\"twitter:data1\" content=\"darka mazi\" \/>\n\t<meta name=\"twitter:label2\" content=\"Est. reading time\" \/>\n\t<meta name=\"twitter:data2\" content=\"1 minute\" \/>\n<script type=\"application\/ld+json\" class=\"seo-schema-graph\">{\"@context\":\"https:\\\/\\\/schema.org\",\"@graph\":[{\"@type\":\"Article\",\"@id\":\"https:\\\/\\\/darkamazi.info\\\/archives\\\/1032458#article\",\"isPartOf\":{\"@id\":\"https:\\\/\\\/darkamazi.info\\\/archives\\\/1032458\"},\"author\":{\"name\":\"darka mazi\",\"@id\":\"https:\\\/\\\/darkamazi.info\\\/#\\\/schema\\\/person\\\/5ad3e24553a0567993fa8ed4bd0a776c\"},\"headline\":\"DAI\u015e\u00ea \u00eari\u015f\u00ee h\u00eaz\u00ean Asayi\u015fa R\u00eaveberiya Xweser kir\",\"datePublished\":\"2022-09-08T10:11:04+00:00\",\"mainEntityOfPage\":{\"@id\":\"https:\\\/\\\/darkamazi.info\\\/archives\\\/1032458\"},\"wordCount\":211,\"publisher\":{\"@id\":\"https:\\\/\\\/darkamazi.info\\\/#organization\"},\"image\":{\"@id\":\"https:\\\/\\\/darkamazi.info\\\/archives\\\/1032458#primaryimage\"},\"thumbnailUrl\":\"https:\\\/\\\/darkamazi.info\\\/darka-content\\\/uploads\\\/2022\\\/09\\\/Asayisa-Reveberiya-Xweser.jpg\",\"keywords\":[\"sereke\"],\"articleSection\":[\"Kurdistan\"],\"inLanguage\":\"en-US\"},{\"@type\":\"WebPage\",\"@id\":\"https:\\\/\\\/darkamazi.info\\\/archives\\\/1032458\",\"url\":\"https:\\\/\\\/darkamazi.info\\\/archives\\\/1032458\",\"name\":\"DAI\u015e\u00ea \u00eari\u015f\u00ee h\u00eaz\u00ean Asayi\u015fa R\u00eaveberiya Xweser kir - Darka Maz\u00ee\",\"isPartOf\":{\"@id\":\"https:\\\/\\\/darkamazi.info\\\/#website\"},\"primaryImageOfPage\":{\"@id\":\"https:\\\/\\\/darkamazi.info\\\/archives\\\/1032458#primaryimage\"},\"image\":{\"@id\":\"https:\\\/\\\/darkamazi.info\\\/archives\\\/1032458#primaryimage\"},\"thumbnailUrl\":\"https:\\\/\\\/darkamazi.info\\\/darka-content\\\/uploads\\\/2022\\\/09\\\/Asayisa-Reveberiya-Xweser.jpg\",\"datePublished\":\"2022-09-08T10:11:04+00:00\",\"breadcrumb\":{\"@id\":\"https:\\\/\\\/darkamazi.info\\\/archives\\\/1032458#breadcrumb\"},\"inLanguage\":\"en-US\",\"potentialAction\":[{\"@type\":\"ReadAction\",\"target\":[\"https:\\\/\\\/darkamazi.info\\\/archives\\\/1032458\"]}]},{\"@type\":\"ImageObject\",\"inLanguage\":\"en-US\",\"@id\":\"https:\\\/\\\/darkamazi.info\\\/archives\\\/1032458#primaryimage\",\"url\":\"https:\\\/\\\/darkamazi.info\\\/darka-content\\\/uploads\\\/2022\\\/09\\\/Asayisa-Reveberiya-Xweser.jpg\",\"contentUrl\":\"https:\\\/\\\/darkamazi.info\\\/darka-content\\\/uploads\\\/2022\\\/09\\\/Asayisa-Reveberiya-Xweser.jpg\",\"width\":900,\"height\":497,\"caption\":\"Asayi\u015fa-R\u00eaveberiya-Xweser\"},{\"@type\":\"BreadcrumbList\",\"@id\":\"https:\\\/\\\/darkamazi.info\\\/archives\\\/1032458#breadcrumb\",\"itemListElement\":[{\"@type\":\"ListItem\",\"position\":1,\"name\":\"Home\",\"item\":\"https:\\\/\\\/darkamazi.info\\\/\"},{\"@type\":\"ListItem\",\"position\":2,\"name\":\"DAI\u015e\u00ea \u00eari\u015f\u00ee h\u00eaz\u00ean Asayi\u015fa R\u00eaveberiya Xweser kir\"}]},{\"@type\":\"WebSite\",\"@id\":\"https:\\\/\\\/darkamazi.info\\\/#website\",\"url\":\"https:\\\/\\\/darkamazi.info\\\/\",\"name\":\"Darka Maz\u00ee\",\"description\":\"P\u00eageha Zanyariy\u00ean Nebih\u00eest\u00ee\",\"publisher\":{\"@id\":\"https:\\\/\\\/darkamazi.info\\\/#organization\"},\"potentialAction\":[{\"@type\":\"SearchAction\",\"target\":{\"@type\":\"EntryPoint\",\"urlTemplate\":\"https:\\\/\\\/darkamazi.info\\\/?s={search_term_string}\"},\"query-input\":{\"@type\":\"PropertyValueSpecification\",\"valueRequired\":true,\"valueName\":\"search_term_string\"}}],\"inLanguage\":\"en-US\"},{\"@type\":\"Organization\",\"@id\":\"https:\\\/\\\/darkamazi.info\\\/#organization\",\"name\":\"Darka Maz\u00ee\",\"url\":\"https:\\\/\\\/darkamazi.info\\\/\",\"logo\":{\"@type\":\"ImageObject\",\"inLanguage\":\"en-US\",\"@id\":\"https:\\\/\\\/darkamazi.info\\\/#\\\/schema\\\/logo\\\/image\\\/\",\"url\":\"https:\\\/\\\/darkamazi.info\\\/darka-content\\\/uploads\\\/2017\\\/12\\\/darka-mazi-logo.png\",\"contentUrl\":\"https:\\\/\\\/darkamazi.info\\\/darka-content\\\/uploads\\\/2017\\\/12\\\/darka-mazi-logo.png\",\"width\":151,\"height\":75,\"caption\":\"Darka Maz\u00ee\"},\"image\":{\"@id\":\"https:\\\/\\\/darkamazi.info\\\/#\\\/schema\\\/logo\\\/image\\\/\"},\"sameAs\":[\"https:\\\/\\\/www.facebook.com\\\/DarMaziKurmanci\",\"https:\\\/\\\/x.com\\\/DarkaMaziLatini\",\"https:\\\/\\\/www.instagram.com\\\/darkamazi.kurmanci\\\/\",\"https:\\\/\\\/www.youtube.com\\\/channel\\\/UCa5HkTdmI8U1qCUFuTw8B2g\"]},{\"@type\":\"Person\",\"@id\":\"https:\\\/\\\/darkamazi.info\\\/#\\\/schema\\\/person\\\/5ad3e24553a0567993fa8ed4bd0a776c\",\"name\":\"darka mazi\",\"sameAs\":[\"https:\\\/\\\/darkamazi.info\\\/\"],\"url\":\"https:\\\/\\\/darkamazi.info\\\/archives\\\/author\\\/kurdi\"}]}<\/script>\n<!-- \/ Yoast SEO plugin. -->","seo_head_json":{"title":"DAI\u015e\u00ea \u00eari\u015f\u00ee h\u00eaz\u00ean Asayi\u015fa R\u00eaveberiya Xweser kir - Darka Maz\u00ee","robots":{"index":"index","follow":"follow","max-snippet":"max-snippet:-1","max-image-preview":"max-image-preview:large","max-video-preview":"max-video-preview:-1"},"canonical":"https:\/\/darkamazi.info\/archives\/1032458","og_locale":"en_US","og_type":"article","og_title":"DAI\u015e\u00ea \u00eari\u015f\u00ee h\u00eaz\u00ean Asayi\u015fa R\u00eaveberiya Xweser kir - Darka Maz\u00ee","og_description":"Asayi\u015fa R\u00eaveberiya Xweser ragihand, duh bi \u015fev di dema bir\u00eave\u00e7\u00fbna operasyon\u00ea de li nav kampa Hol\u00ea, \u015faney\u00ean DAI\u015e\u00ea \u00ear\u00ee\u015f\u00ee h\u00eaz\u00ean wan kirine \u00fb di encama \u015fer \u00fb pev\u00e7\u00fbnan de \u00e7ekdarek\u00ee DAI\u015e\u00ea ku cil\u00ean jinan li xwe kirib\u00fb \u00fb hewl dab\u00fb bireve, hatiye ku\u015ftin \u00fb 6 \u00e7ekdar\u00ean din hatine girtin. Operasyona P\u00eangava Mirov\u00ee \u00fb Ewlehiy\u00ea ya [&hellip;]","og_url":"https:\/\/darkamazi.info\/archives\/1032458","og_site_name":"Darka Maz\u00ee","article_publisher":"https:\/\/www.facebook.com\/DarMaziKurmanci","article_published_time":"2022-09-08T10:11:04+00:00","og_image":[{"width":900,"height":497,"url":"https:\/\/darkamazi.info\/file\/2022\/09\/Asayisa-Reveberiya-Xweser.jpg","type":"image\/jpeg"}],"author":"darka mazi","twitter_card":"summary_large_image","twitter_creator":"@DarkaMaziLatini","twitter_site":"@DarkaMaziLatini","twitter_misc":{"Written by":"darka mazi","Est. reading time":"1 minute"},"schema":{"@context":"https:\/\/schema.org","@graph":[{"@type":"Article","@id":"https:\/\/darkamazi.info\/archives\/1032458#article","isPartOf":{"@id":"https:\/\/darkamazi.info\/archives\/1032458"},"author":{"name":"darka mazi","@id":"https:\/\/darkamazi.info\/#\/schema\/person\/5ad3e24553a0567993fa8ed4bd0a776c"},"headline":"DAI\u015e\u00ea \u00eari\u015f\u00ee h\u00eaz\u00ean Asayi\u015fa R\u00eaveberiya Xweser kir","datePublished":"2022-09-08T10:11:04+00:00","mainEntityOfPage":{"@id":"https:\/\/darkamazi.info\/archives\/1032458"},"wordCount":211,"publisher":{"@id":"https:\/\/darkamazi.info\/#organization"},"image":{"@id":"https:\/\/darkamazi.info\/archives\/1032458#primaryimage"},"thumbnailUrl":"https:\/\/darkamazi.info\/file\/2022\/09\/Asayisa-Reveberiya-Xweser.jpg","keywords":["sereke"],"articleSection":["Kurdistan"],"inLanguage":"en-US"},{"@type":"WebPage","@id":"https:\/\/darkamazi.info\/archives\/1032458","url":"https:\/\/darkamazi.info\/archives\/1032458","name":"DAI\u015e\u00ea \u00eari\u015f\u00ee h\u00eaz\u00ean Asayi\u015fa R\u00eaveberiya Xweser kir - Darka Maz\u00ee","isPartOf":{"@id":"https:\/\/darkamazi.info\/#website"},"primaryImageOfPage":{"@id":"https:\/\/darkamazi.info\/archives\/1032458#primaryimage"},"image":{"@id":"https:\/\/darkamazi.info\/archives\/1032458#primaryimage"},"thumbnailUrl":"https:\/\/darkamazi.info\/file\/2022\/09\/Asayisa-Reveberiya-Xweser.jpg","datePublished":"2022-09-08T10:11:04+00:00","breadcrumb":{"@id":"https:\/\/darkamazi.info\/archives\/1032458#breadcrumb"},"inLanguage":"en-US","potentialAction":[{"@type":"ReadAction","target":["https:\/\/darkamazi.info\/archives\/1032458"]}]},{"@type":"ImageObject","inLanguage":"en-US","@id":"https:\/\/darkamazi.info\/archives\/1032458#primaryimage","url":"https:\/\/darkamazi.info\/file\/2022\/09\/Asayisa-Reveberiya-Xweser.jpg","contentUrl":"https:\/\/darkamazi.info\/file\/2022\/09\/Asayisa-Reveberiya-Xweser.jpg","width":900,"height":497,"caption":"Asayi\u015fa-R\u00eaveberiya-Xweser"},{"@type":"BreadcrumbList","@id":"https:\/\/darkamazi.info\/archives\/1032458#breadcrumb","itemListElement":[{"@type":"ListItem","position":1,"name":"Home","item":"https:\/\/darkamazi.info\/"},{"@type":"ListItem","position":2,"name":"DAI\u015e\u00ea \u00eari\u015f\u00ee h\u00eaz\u00ean Asayi\u015fa R\u00eaveberiya Xweser kir"}]},{"@type":"WebSite","@id":"https:\/\/darkamazi.info\/#website","url":"https:\/\/darkamazi.info\/","name":"Darka Maz\u00ee","description":"P\u00eageha Zanyariy\u00ean Nebih\u00eest\u00ee","publisher":{"@id":"https:\/\/darkamazi.info\/#organization"},"potentialAction":[{"@type":"SearchAction","target":{"@type":"EntryPoint","urlTemplate":"https:\/\/darkamazi.info\/?s={search_term_string}"},"query-input":{"@type":"PropertyValueSpecification","valueRequired":true,"valueName":"search_term_string"}}],"inLanguage":"en-US"},{"@type":"Organization","@id":"https:\/\/darkamazi.info\/#organization","name":"Darka Maz\u00ee","url":"https:\/\/darkamazi.info\/","logo":{"@type":"ImageObject","inLanguage":"en-US","@id":"https:\/\/darkamazi.info\/#\/schema\/logo\/image\/","url":"https:\/\/darkamazi.info\/file\/2017\/12\/darka-mazi-logo.png","contentUrl":"https:\/\/darkamazi.info\/file\/2017\/12\/darka-mazi-logo.png","width":151,"height":75,"caption":"Darka Maz\u00ee"},"image":{"@id":"https:\/\/darkamazi.info\/#\/schema\/logo\/image\/"},"sameAs":["https:\/\/www.facebook.com\/DarMaziKurmanci","https:\/\/x.com\/DarkaMaziLatini","https:\/\/www.instagram.com\/darkamazi.kurmanci\/","https:\/\/www.youtube.com\/channel\/UCa5HkTdmI8U1qCUFuTw8B2g"]},{"@type":"Person","@id":"https:\/\/darkamazi.info\/#\/schema\/person\/5ad3e24553a0567993fa8ed4bd0a776c","name":"darka mazi","sameAs":["https:\/\/darkamazi.info\/"],"url":"https:\/\/darkamazi.info\/archives\/author\/kurdi"}]}},"_links":{"self":[{"href":"https:\/\/darkamazi.info\/funavuv\/wp\/v2\/posts\/1032458","targetHints":{"allow":["GET"]}}],"collection":[{"href":"https:\/\/darkamazi.info\/funavuv\/wp\/v2\/posts"}],"about":[{"href":"https:\/\/darkamazi.info\/funavuv\/wp\/v2\/types\/post"}],"author":[{"embeddable":true,"href":"https:\/\/darkamazi.info\/funavuv\/wp\/v2\/users\/2"}],"replies":[{"embeddable":true,"href":"https:\/\/darkamazi.info\/funavuv\/wp\/v2\/comments?post=1032458"}],"version-history":[{"count":0,"href":"https:\/\/darkamazi.info\/funavuv\/wp\/v2\/posts\/1032458\/revisions"}],"wp:featuredmedia":[{"embeddable":true,"href":"https:\/\/darkamazi.info\/funavuv\/wp\/v2\/media\/1032459"}],"wp:attachment":[{"href":"https:\/\/darkamazi.info\/funavuv\/wp\/v2\/media?parent=1032458"}],"wp:term":[{"taxonomy":"category","embeddable":true,"href":"https:\/\/darkamazi.info\/funavuv\/wp\/v2\/categories?post=1032458"},{"taxonomy":"post_tag","embeddable":true,"href":"https:\/\/darkamazi.info\/funavuv\/wp\/v2\/tags?post=1032458"}],"curies":[{"name":"wp","href":"https:\/\/api.w.org\/{rel}","templated":true}]}}