{"id":1032464,"date":"2022-09-08T16:27:38","date_gmt":"2022-09-08T13:27:38","guid":{"rendered":"https:\/\/darkamazi.info\/?p=1032464"},"modified":"2022-09-08T16:27:38","modified_gmt":"2022-09-08T13:27:38","slug":"di-encama-teqina-mineke-de-4-zaroken-kurd-bun-qurbani","status":"publish","type":"post","link":"https:\/\/darkamazi.info\/archives\/1032464","title":{"rendered":"Di encama teq\u00eena m\u00eenek\u00ea de 4 zarok\u00ean Kurd b\u00fbn qurban\u00ee"},"content":{"rendered":"<h3 style=\"text-align: justify\"><span style=\"font-family: 'arial black', sans-serif\">Li gundek\u00ee ser bi Koban\u00ea ve di encama teq\u00eena m\u00eenek\u00ea ji pa\u015fmay\u00ean \u015fer de, zarokek hat ku\u015ftin \u00fb 3 zarok\u00ean din bir\u00eendar b\u00fbn.<\/span><\/h3>\n<h3 style=\"text-align: justify\"><span style=\"font-family: arial, helvetica, sans-serif\">Rewangeha S\u00fbr\u00ee ya Maf\u00ean Mirovan ragihand, li gund\u00ea \u00cedaq \u00ea Koban\u00ea di encama teq\u00eena m\u00eenek\u00ea ji pa\u015fmay\u00ean \u015fer de, zarokek hat ku\u015ftin \u00fb 3 zarok\u00ean din bir\u00eendar b\u00fbn.<\/span><\/h3>\n<h3 style=\"text-align: justify\"><span style=\"font-family: arial, helvetica, sans-serif\">Li gor\u00ee amar\u00ean Rewangeh\u00ea, ji destp\u00eaka sala 2022an de 185 kes li seranser\u00ee S\u00fbriy\u00ea bi m\u00een, bombe \u00fb pa\u015fmay\u00ean \u015fer hatine ku\u015ftin \u00fb 258\u00a0j\u00ee bir\u00eendar b\u00fbne.<\/span><\/h3>\n<h3 style=\"text-align: justify\"><span style=\"font-family: arial, helvetica, sans-serif\">Di v\u00ea derbar\u00ea de Netew\u00ean Yekgirt\u00ee dib\u00eaje, S\u00fbriye yek ji welat\u00ean ku her\u00ee z\u00eade welat\u00ee dibin qurbaniy\u00ean m\u00een \u00fb bombeyan ku di navbera sal\u00ean 2016 \u2013 2021\u00ea de, her 10 xulekan b\u00fbyera teq\u00eena m\u00eenek\u00ea r\u00fb dab\u00fb.<\/span><\/h3>\n<h3 style=\"text-align: justify\"><span style=\"font-family: arial, helvetica, sans-serif\">Li gor\u00ee r\u00eaxistina Xaca Sor a Navdewlet\u00ee, ji sala 2011an \u00fb heya niha, 12 hezar kes b\u00fbne qurbaniy\u00ean m\u00een \u00fb bombeyan ku 35% ji wan hatine ku\u015ftin \u00fb 50% ji wan b\u00fbne xwed\u00ee p\u00eaw\u00eestiy\u00ean taybet.<\/span><\/h3>\n<h3 style=\"text-align: justify\"><span style=\"font-family: arial, helvetica, sans-serif\">Di raport\u00ean r\u00eaxistin\u00ean navdewlet\u00ee de ku beriya niha belav b\u00fbne hatiye e\u015fkere kirin, ji ber m\u00een \u00fb pa\u015fmay\u00ean \u015fer, jiyana 10 milyon kes\u00ee li hundir\u00ea S\u00fbriy\u00ea \u00fb bi taybet\u00ee li par\u00eazgeh\u00ean Reqa \u00fb Heleb\u00ea di metirsiy\u00ea de ye.<\/span><\/h3>\n","protected":false},"excerpt":{"rendered":"<p>Li gundek\u00ee ser bi Koban\u00ea ve di encama teq\u00eena m\u00eenek\u00ea ji pa\u015fmay\u00ean \u015fer de, zarokek hat ku\u015ftin \u00fb 3 zarok\u00ean din bir\u00eendar b\u00fbn. Rewangeha S\u00fbr\u00ee ya Maf\u00ean Mirovan ragihand, li gund\u00ea \u00cedaq \u00ea Koban\u00ea di encama teq\u00eena m\u00eenek\u00ea ji pa\u015fmay\u00ean \u015fer de, zarokek hat ku\u015ftin \u00fb 3 zarok\u00ean din bir\u00eendar b\u00fbn. Li gor\u00ee amar\u00ean Rewangeh\u00ea, [&hellip;]<\/p>\n","protected":false},"author":2,"featured_media":1032465,"comment_status":"closed","ping_status":"closed","sticky":false,"template":"","format":"standard","meta":{"footnotes":""},"categories":[29],"tags":[37],"class_list":["post-1032464","post","type-post","status-publish","format-standard","has-post-thumbnail","hentry","category-kurdistan","tag-sereke"],"blocksy_meta":[],"seo_head":"<!-- This site is optimized with the Yoast SEO plugin v27.5 - https:\/\/yoast.com\/product\/yoast-seo-wordpress\/ -->\n<title>Di encama teq\u00eena m\u00eenek\u00ea de 4 zarok\u00ean Kurd b\u00fbn qurban\u00ee - Darka Maz\u00ee<\/title>\n<meta name=\"robots\" content=\"index, follow, max-snippet:-1, max-image-preview:large, max-video-preview:-1\" \/>\n<link rel=\"canonical\" href=\"https:\/\/darkamazi.info\/archives\/1032464\" \/>\n<meta property=\"og:locale\" content=\"en_US\" \/>\n<meta property=\"og:type\" content=\"article\" \/>\n<meta property=\"og:title\" content=\"Di encama teq\u00eena m\u00eenek\u00ea de 4 zarok\u00ean Kurd b\u00fbn qurban\u00ee - Darka Maz\u00ee\" \/>\n<meta property=\"og:description\" content=\"Li gundek\u00ee ser bi Koban\u00ea ve di encama teq\u00eena m\u00eenek\u00ea ji pa\u015fmay\u00ean \u015fer de, zarokek hat ku\u015ftin \u00fb 3 zarok\u00ean din bir\u00eendar b\u00fbn. Rewangeha S\u00fbr\u00ee ya Maf\u00ean Mirovan ragihand, li gund\u00ea \u00cedaq \u00ea Koban\u00ea di encama teq\u00eena m\u00eenek\u00ea ji pa\u015fmay\u00ean \u015fer de, zarokek hat ku\u015ftin \u00fb 3 zarok\u00ean din bir\u00eendar b\u00fbn. Li gor\u00ee amar\u00ean Rewangeh\u00ea, [&hellip;]\" \/>\n<meta property=\"og:url\" content=\"https:\/\/darkamazi.info\/archives\/1032464\" \/>\n<meta property=\"og:site_name\" content=\"Darka Maz\u00ee\" \/>\n<meta property=\"article:publisher\" content=\"https:\/\/www.facebook.com\/DarMaziKurmanci\" \/>\n<meta property=\"article:published_time\" content=\"2022-09-08T13:27:38+00:00\" \/>\n<meta property=\"og:image\" content=\"https:\/\/darkamazi.info\/file\/2022\/09\/4-zaroken-Kurd-.jpg\" \/>\n\t<meta property=\"og:image:width\" content=\"900\" \/>\n\t<meta property=\"og:image:height\" content=\"497\" \/>\n\t<meta property=\"og:image:type\" content=\"image\/jpeg\" \/>\n<meta name=\"author\" content=\"darka mazi\" \/>\n<meta name=\"twitter:card\" content=\"summary_large_image\" \/>\n<meta name=\"twitter:creator\" content=\"@DarkaMaziLatini\" \/>\n<meta name=\"twitter:site\" content=\"@DarkaMaziLatini\" \/>\n<meta name=\"twitter:label1\" content=\"Written by\" \/>\n\t<meta name=\"twitter:data1\" content=\"darka mazi\" \/>\n\t<meta name=\"twitter:label2\" content=\"Est. reading time\" \/>\n\t<meta name=\"twitter:data2\" content=\"1 minute\" \/>\n<script type=\"application\/ld+json\" class=\"seo-schema-graph\">{\"@context\":\"https:\\\/\\\/schema.org\",\"@graph\":[{\"@type\":\"Article\",\"@id\":\"https:\\\/\\\/darkamazi.info\\\/archives\\\/1032464#article\",\"isPartOf\":{\"@id\":\"https:\\\/\\\/darkamazi.info\\\/archives\\\/1032464\"},\"author\":{\"name\":\"darka mazi\",\"@id\":\"https:\\\/\\\/darkamazi.info\\\/#\\\/schema\\\/person\\\/5ad3e24553a0567993fa8ed4bd0a776c\"},\"headline\":\"Di encama teq\u00eena m\u00eenek\u00ea de 4 zarok\u00ean Kurd b\u00fbn qurban\u00ee\",\"datePublished\":\"2022-09-08T13:27:38+00:00\",\"mainEntityOfPage\":{\"@id\":\"https:\\\/\\\/darkamazi.info\\\/archives\\\/1032464\"},\"wordCount\":234,\"publisher\":{\"@id\":\"https:\\\/\\\/darkamazi.info\\\/#organization\"},\"image\":{\"@id\":\"https:\\\/\\\/darkamazi.info\\\/archives\\\/1032464#primaryimage\"},\"thumbnailUrl\":\"https:\\\/\\\/darkamazi.info\\\/darka-content\\\/uploads\\\/2022\\\/09\\\/4-zaroken-Kurd-.jpg\",\"keywords\":[\"sereke\"],\"articleSection\":[\"Kurdistan\"],\"inLanguage\":\"en-US\"},{\"@type\":\"WebPage\",\"@id\":\"https:\\\/\\\/darkamazi.info\\\/archives\\\/1032464\",\"url\":\"https:\\\/\\\/darkamazi.info\\\/archives\\\/1032464\",\"name\":\"Di encama teq\u00eena m\u00eenek\u00ea de 4 zarok\u00ean Kurd b\u00fbn qurban\u00ee - Darka Maz\u00ee\",\"isPartOf\":{\"@id\":\"https:\\\/\\\/darkamazi.info\\\/#website\"},\"primaryImageOfPage\":{\"@id\":\"https:\\\/\\\/darkamazi.info\\\/archives\\\/1032464#primaryimage\"},\"image\":{\"@id\":\"https:\\\/\\\/darkamazi.info\\\/archives\\\/1032464#primaryimage\"},\"thumbnailUrl\":\"https:\\\/\\\/darkamazi.info\\\/darka-content\\\/uploads\\\/2022\\\/09\\\/4-zaroken-Kurd-.jpg\",\"datePublished\":\"2022-09-08T13:27:38+00:00\",\"breadcrumb\":{\"@id\":\"https:\\\/\\\/darkamazi.info\\\/archives\\\/1032464#breadcrumb\"},\"inLanguage\":\"en-US\",\"potentialAction\":[{\"@type\":\"ReadAction\",\"target\":[\"https:\\\/\\\/darkamazi.info\\\/archives\\\/1032464\"]}]},{\"@type\":\"ImageObject\",\"inLanguage\":\"en-US\",\"@id\":\"https:\\\/\\\/darkamazi.info\\\/archives\\\/1032464#primaryimage\",\"url\":\"https:\\\/\\\/darkamazi.info\\\/darka-content\\\/uploads\\\/2022\\\/09\\\/4-zaroken-Kurd-.jpg\",\"contentUrl\":\"https:\\\/\\\/darkamazi.info\\\/darka-content\\\/uploads\\\/2022\\\/09\\\/4-zaroken-Kurd-.jpg\",\"width\":900,\"height\":497,\"caption\":\"4 zarok\u00ean Kurd\"},{\"@type\":\"BreadcrumbList\",\"@id\":\"https:\\\/\\\/darkamazi.info\\\/archives\\\/1032464#breadcrumb\",\"itemListElement\":[{\"@type\":\"ListItem\",\"position\":1,\"name\":\"Home\",\"item\":\"https:\\\/\\\/darkamazi.info\\\/\"},{\"@type\":\"ListItem\",\"position\":2,\"name\":\"Di encama teq\u00eena m\u00eenek\u00ea de 4 zarok\u00ean Kurd b\u00fbn qurban\u00ee\"}]},{\"@type\":\"WebSite\",\"@id\":\"https:\\\/\\\/darkamazi.info\\\/#website\",\"url\":\"https:\\\/\\\/darkamazi.info\\\/\",\"name\":\"Darka Maz\u00ee\",\"description\":\"P\u00eageha Zanyariy\u00ean Nebih\u00eest\u00ee\",\"publisher\":{\"@id\":\"https:\\\/\\\/darkamazi.info\\\/#organization\"},\"potentialAction\":[{\"@type\":\"SearchAction\",\"target\":{\"@type\":\"EntryPoint\",\"urlTemplate\":\"https:\\\/\\\/darkamazi.info\\\/?s={search_term_string}\"},\"query-input\":{\"@type\":\"PropertyValueSpecification\",\"valueRequired\":true,\"valueName\":\"search_term_string\"}}],\"inLanguage\":\"en-US\"},{\"@type\":\"Organization\",\"@id\":\"https:\\\/\\\/darkamazi.info\\\/#organization\",\"name\":\"Darka Maz\u00ee\",\"url\":\"https:\\\/\\\/darkamazi.info\\\/\",\"logo\":{\"@type\":\"ImageObject\",\"inLanguage\":\"en-US\",\"@id\":\"https:\\\/\\\/darkamazi.info\\\/#\\\/schema\\\/logo\\\/image\\\/\",\"url\":\"https:\\\/\\\/darkamazi.info\\\/darka-content\\\/uploads\\\/2017\\\/12\\\/darka-mazi-logo.png\",\"contentUrl\":\"https:\\\/\\\/darkamazi.info\\\/darka-content\\\/uploads\\\/2017\\\/12\\\/darka-mazi-logo.png\",\"width\":151,\"height\":75,\"caption\":\"Darka Maz\u00ee\"},\"image\":{\"@id\":\"https:\\\/\\\/darkamazi.info\\\/#\\\/schema\\\/logo\\\/image\\\/\"},\"sameAs\":[\"https:\\\/\\\/www.facebook.com\\\/DarMaziKurmanci\",\"https:\\\/\\\/x.com\\\/DarkaMaziLatini\",\"https:\\\/\\\/www.instagram.com\\\/darkamazi.kurmanci\\\/\",\"https:\\\/\\\/www.youtube.com\\\/channel\\\/UCa5HkTdmI8U1qCUFuTw8B2g\"]},{\"@type\":\"Person\",\"@id\":\"https:\\\/\\\/darkamazi.info\\\/#\\\/schema\\\/person\\\/5ad3e24553a0567993fa8ed4bd0a776c\",\"name\":\"darka mazi\",\"sameAs\":[\"https:\\\/\\\/darkamazi.info\\\/\"],\"url\":\"https:\\\/\\\/darkamazi.info\\\/archives\\\/author\\\/kurdi\"}]}<\/script>\n<!-- \/ Yoast SEO plugin. -->","seo_head_json":{"title":"Di encama teq\u00eena m\u00eenek\u00ea de 4 zarok\u00ean Kurd b\u00fbn qurban\u00ee - Darka Maz\u00ee","robots":{"index":"index","follow":"follow","max-snippet":"max-snippet:-1","max-image-preview":"max-image-preview:large","max-video-preview":"max-video-preview:-1"},"canonical":"https:\/\/darkamazi.info\/archives\/1032464","og_locale":"en_US","og_type":"article","og_title":"Di encama teq\u00eena m\u00eenek\u00ea de 4 zarok\u00ean Kurd b\u00fbn qurban\u00ee - Darka Maz\u00ee","og_description":"Li gundek\u00ee ser bi Koban\u00ea ve di encama teq\u00eena m\u00eenek\u00ea ji pa\u015fmay\u00ean \u015fer de, zarokek hat ku\u015ftin \u00fb 3 zarok\u00ean din bir\u00eendar b\u00fbn. Rewangeha S\u00fbr\u00ee ya Maf\u00ean Mirovan ragihand, li gund\u00ea \u00cedaq \u00ea Koban\u00ea di encama teq\u00eena m\u00eenek\u00ea ji pa\u015fmay\u00ean \u015fer de, zarokek hat ku\u015ftin \u00fb 3 zarok\u00ean din bir\u00eendar b\u00fbn. Li gor\u00ee amar\u00ean Rewangeh\u00ea, [&hellip;]","og_url":"https:\/\/darkamazi.info\/archives\/1032464","og_site_name":"Darka Maz\u00ee","article_publisher":"https:\/\/www.facebook.com\/DarMaziKurmanci","article_published_time":"2022-09-08T13:27:38+00:00","og_image":[{"width":900,"height":497,"url":"https:\/\/darkamazi.info\/file\/2022\/09\/4-zaroken-Kurd-.jpg","type":"image\/jpeg"}],"author":"darka mazi","twitter_card":"summary_large_image","twitter_creator":"@DarkaMaziLatini","twitter_site":"@DarkaMaziLatini","twitter_misc":{"Written by":"darka mazi","Est. reading time":"1 minute"},"schema":{"@context":"https:\/\/schema.org","@graph":[{"@type":"Article","@id":"https:\/\/darkamazi.info\/archives\/1032464#article","isPartOf":{"@id":"https:\/\/darkamazi.info\/archives\/1032464"},"author":{"name":"darka mazi","@id":"https:\/\/darkamazi.info\/#\/schema\/person\/5ad3e24553a0567993fa8ed4bd0a776c"},"headline":"Di encama teq\u00eena m\u00eenek\u00ea de 4 zarok\u00ean Kurd b\u00fbn qurban\u00ee","datePublished":"2022-09-08T13:27:38+00:00","mainEntityOfPage":{"@id":"https:\/\/darkamazi.info\/archives\/1032464"},"wordCount":234,"publisher":{"@id":"https:\/\/darkamazi.info\/#organization"},"image":{"@id":"https:\/\/darkamazi.info\/archives\/1032464#primaryimage"},"thumbnailUrl":"https:\/\/darkamazi.info\/file\/2022\/09\/4-zaroken-Kurd-.jpg","keywords":["sereke"],"articleSection":["Kurdistan"],"inLanguage":"en-US"},{"@type":"WebPage","@id":"https:\/\/darkamazi.info\/archives\/1032464","url":"https:\/\/darkamazi.info\/archives\/1032464","name":"Di encama teq\u00eena m\u00eenek\u00ea de 4 zarok\u00ean Kurd b\u00fbn qurban\u00ee - Darka Maz\u00ee","isPartOf":{"@id":"https:\/\/darkamazi.info\/#website"},"primaryImageOfPage":{"@id":"https:\/\/darkamazi.info\/archives\/1032464#primaryimage"},"image":{"@id":"https:\/\/darkamazi.info\/archives\/1032464#primaryimage"},"thumbnailUrl":"https:\/\/darkamazi.info\/file\/2022\/09\/4-zaroken-Kurd-.jpg","datePublished":"2022-09-08T13:27:38+00:00","breadcrumb":{"@id":"https:\/\/darkamazi.info\/archives\/1032464#breadcrumb"},"inLanguage":"en-US","potentialAction":[{"@type":"ReadAction","target":["https:\/\/darkamazi.info\/archives\/1032464"]}]},{"@type":"ImageObject","inLanguage":"en-US","@id":"https:\/\/darkamazi.info\/archives\/1032464#primaryimage","url":"https:\/\/darkamazi.info\/file\/2022\/09\/4-zaroken-Kurd-.jpg","contentUrl":"https:\/\/darkamazi.info\/file\/2022\/09\/4-zaroken-Kurd-.jpg","width":900,"height":497,"caption":"4 zarok\u00ean Kurd"},{"@type":"BreadcrumbList","@id":"https:\/\/darkamazi.info\/archives\/1032464#breadcrumb","itemListElement":[{"@type":"ListItem","position":1,"name":"Home","item":"https:\/\/darkamazi.info\/"},{"@type":"ListItem","position":2,"name":"Di encama teq\u00eena m\u00eenek\u00ea de 4 zarok\u00ean Kurd b\u00fbn qurban\u00ee"}]},{"@type":"WebSite","@id":"https:\/\/darkamazi.info\/#website","url":"https:\/\/darkamazi.info\/","name":"Darka Maz\u00ee","description":"P\u00eageha Zanyariy\u00ean Nebih\u00eest\u00ee","publisher":{"@id":"https:\/\/darkamazi.info\/#organization"},"potentialAction":[{"@type":"SearchAction","target":{"@type":"EntryPoint","urlTemplate":"https:\/\/darkamazi.info\/?s={search_term_string}"},"query-input":{"@type":"PropertyValueSpecification","valueRequired":true,"valueName":"search_term_string"}}],"inLanguage":"en-US"},{"@type":"Organization","@id":"https:\/\/darkamazi.info\/#organization","name":"Darka Maz\u00ee","url":"https:\/\/darkamazi.info\/","logo":{"@type":"ImageObject","inLanguage":"en-US","@id":"https:\/\/darkamazi.info\/#\/schema\/logo\/image\/","url":"https:\/\/darkamazi.info\/file\/2017\/12\/darka-mazi-logo.png","contentUrl":"https:\/\/darkamazi.info\/file\/2017\/12\/darka-mazi-logo.png","width":151,"height":75,"caption":"Darka Maz\u00ee"},"image":{"@id":"https:\/\/darkamazi.info\/#\/schema\/logo\/image\/"},"sameAs":["https:\/\/www.facebook.com\/DarMaziKurmanci","https:\/\/x.com\/DarkaMaziLatini","https:\/\/www.instagram.com\/darkamazi.kurmanci\/","https:\/\/www.youtube.com\/channel\/UCa5HkTdmI8U1qCUFuTw8B2g"]},{"@type":"Person","@id":"https:\/\/darkamazi.info\/#\/schema\/person\/5ad3e24553a0567993fa8ed4bd0a776c","name":"darka mazi","sameAs":["https:\/\/darkamazi.info\/"],"url":"https:\/\/darkamazi.info\/archives\/author\/kurdi"}]}},"_links":{"self":[{"href":"https:\/\/darkamazi.info\/funavuv\/wp\/v2\/posts\/1032464","targetHints":{"allow":["GET"]}}],"collection":[{"href":"https:\/\/darkamazi.info\/funavuv\/wp\/v2\/posts"}],"about":[{"href":"https:\/\/darkamazi.info\/funavuv\/wp\/v2\/types\/post"}],"author":[{"embeddable":true,"href":"https:\/\/darkamazi.info\/funavuv\/wp\/v2\/users\/2"}],"replies":[{"embeddable":true,"href":"https:\/\/darkamazi.info\/funavuv\/wp\/v2\/comments?post=1032464"}],"version-history":[{"count":0,"href":"https:\/\/darkamazi.info\/funavuv\/wp\/v2\/posts\/1032464\/revisions"}],"wp:featuredmedia":[{"embeddable":true,"href":"https:\/\/darkamazi.info\/funavuv\/wp\/v2\/media\/1032465"}],"wp:attachment":[{"href":"https:\/\/darkamazi.info\/funavuv\/wp\/v2\/media?parent=1032464"}],"wp:term":[{"taxonomy":"category","embeddable":true,"href":"https:\/\/darkamazi.info\/funavuv\/wp\/v2\/categories?post=1032464"},{"taxonomy":"post_tag","embeddable":true,"href":"https:\/\/darkamazi.info\/funavuv\/wp\/v2\/tags?post=1032464"}],"curies":[{"name":"wp","href":"https:\/\/api.w.org\/{rel}","templated":true}]}}