{"id":1032473,"date":"2022-09-08T19:12:44","date_gmt":"2022-09-08T16:12:44","guid":{"rendered":"https:\/\/darkamazi.info\/?p=1032473"},"modified":"2022-09-08T19:12:44","modified_gmt":"2022-09-08T16:12:44","slug":"artesa-ukraynaye-azad-kirina-cend-navceyen-welate-xwe-ragehand","status":"publish","type":"post","link":"https:\/\/darkamazi.info\/archives\/1032473","title":{"rendered":"Art\u00ea\u015fa Ukraynay\u00ea azad kirina \u00e7end nav\u00e7ey\u00ean welat\u00ea xwe ragehand"},"content":{"rendered":"<h3 style=\"text-align: justify\"><span style=\"font-family: 'arial black', sans-serif\">Art\u00ea\u015fa Ukraynay\u00ea azad kirina \u00e7end nav\u00e7e \u00fb bajarok\u00ean li ba\u015f\u00fbr \u00fb rojhilat\u00ea welat\u00ea xwe ragihand, ku ji aliy\u00ea h\u00eaz\u00ean R\u00fbsyay\u00ea ve hatib\u00fbn dagirkirin.<\/span><\/h3>\n<h3 style=\"text-align: justify\">\u00cero p\u00eanc\u015fem\u00ea 8\u00ea \u00celona 2022yan, art\u00ea\u015fa Ukraynay\u00ea e\u015fkere kir, h\u00eaz\u00ean wan li ba\u015f\u00fbr\u00ea welat nav\u00e7ey\u00ean Donbas \u00fb Kharkiv, \u00e7end nav\u00e7e azad kirin.<\/h3>\n<h3 style=\"text-align: justify\">Olesky Gromov, efser\u00ea li serkirdetiya art\u00ea\u015fa Ukraynay\u00ea e\u015fkere kiriye, h\u00eaz\u00ean wan li ba\u015f\u00fbr\u00ea welat kar\u00eene r\u00eaz\u00ean art\u00ea\u015fa R\u00fbsyay\u00ea t\u00eak bibin, herwiha li rojhilat\u00ea welat j\u00ee li nav\u00e7eya Donbas, h\u00eaz\u00ean wan p\u00ea\u015fve\u00e7\u00fbn\u00ean ber\u00e7av tomar kirine.<\/h3>\n<h3 style=\"text-align: justify\">Ji 24\u00ea Sibata 2022yan ve art\u00ea\u015fa R\u00fbsyay\u00ea \u00ear\u00ee\u015f kiriye ser Ukraynay\u00ea \u00fb be\u015feke axa w\u00ee welat\u00ee dagir kiriye.<\/h3>\n<h3 style=\"text-align: justify\">Donbas ku ji herdu her\u00eam\u00ean Donetsk \u00fb Luhansk \u00ean li rojhilat\u00ea Ukraynay\u00ea p\u00eak t\u00ea, \u00e7ar sal (2014-2018) cih\u00ea milmilaniya navbera art\u00ea\u015fa Ukrayna \u00fb \u00e7ekdar\u00ean cudaxwaz \u00ean Ukraynay\u00ea b\u00fb, be\u015feke mezin a ni\u015fteciy\u00ean wan her\u00eaman bi ziman\u00ea R\u00fbs\u00ee diaxivin, ji sala 2014an ve R\u00fbsya h\u00eaz\u00ean li wan her\u00eaman li dij\u00ee hik\u00fbmeta Ukraynay\u00ea, xwed\u00ee \u00e7ek dike.<\/h3>\n","protected":false},"excerpt":{"rendered":"<p>Art\u00ea\u015fa Ukraynay\u00ea azad kirina \u00e7end nav\u00e7e \u00fb bajarok\u00ean li ba\u015f\u00fbr \u00fb rojhilat\u00ea welat\u00ea xwe ragihand, ku ji aliy\u00ea h\u00eaz\u00ean R\u00fbsyay\u00ea ve hatib\u00fbn dagirkirin. \u00cero p\u00eanc\u015fem\u00ea 8\u00ea \u00celona 2022yan, art\u00ea\u015fa Ukraynay\u00ea e\u015fkere kir, h\u00eaz\u00ean wan li ba\u015f\u00fbr\u00ea welat nav\u00e7ey\u00ean Donbas \u00fb Kharkiv, \u00e7end nav\u00e7e azad kirin. Olesky Gromov, efser\u00ea li serkirdetiya art\u00ea\u015fa Ukraynay\u00ea e\u015fkere kiriye, h\u00eaz\u00ean [&hellip;]<\/p>\n","protected":false},"author":2,"featured_media":1032474,"comment_status":"closed","ping_status":"closed","sticky":false,"template":"","format":"standard","meta":{"footnotes":""},"categories":[30],"tags":[37],"class_list":["post-1032473","post","type-post","status-publish","format-standard","has-post-thumbnail","hentry","category-cihan","tag-sereke"],"blocksy_meta":[],"seo_head":"<!-- This site is optimized with the Yoast SEO plugin v27.5 - https:\/\/yoast.com\/product\/yoast-seo-wordpress\/ -->\n<title>Art\u00ea\u015fa Ukraynay\u00ea azad kirina \u00e7end nav\u00e7ey\u00ean welat\u00ea xwe ragehand - Darka Maz\u00ee<\/title>\n<meta name=\"robots\" content=\"index, follow, max-snippet:-1, max-image-preview:large, max-video-preview:-1\" \/>\n<link rel=\"canonical\" href=\"https:\/\/darkamazi.info\/archives\/1032473\" \/>\n<meta property=\"og:locale\" content=\"en_US\" \/>\n<meta property=\"og:type\" content=\"article\" \/>\n<meta property=\"og:title\" content=\"Art\u00ea\u015fa Ukraynay\u00ea azad kirina \u00e7end nav\u00e7ey\u00ean welat\u00ea xwe ragehand - Darka Maz\u00ee\" \/>\n<meta property=\"og:description\" content=\"Art\u00ea\u015fa Ukraynay\u00ea azad kirina \u00e7end nav\u00e7e \u00fb bajarok\u00ean li ba\u015f\u00fbr \u00fb rojhilat\u00ea welat\u00ea xwe ragihand, ku ji aliy\u00ea h\u00eaz\u00ean R\u00fbsyay\u00ea ve hatib\u00fbn dagirkirin. \u00cero p\u00eanc\u015fem\u00ea 8\u00ea \u00celona 2022yan, art\u00ea\u015fa Ukraynay\u00ea e\u015fkere kir, h\u00eaz\u00ean wan li ba\u015f\u00fbr\u00ea welat nav\u00e7ey\u00ean Donbas \u00fb Kharkiv, \u00e7end nav\u00e7e azad kirin. Olesky Gromov, efser\u00ea li serkirdetiya art\u00ea\u015fa Ukraynay\u00ea e\u015fkere kiriye, h\u00eaz\u00ean [&hellip;]\" \/>\n<meta property=\"og:url\" content=\"https:\/\/darkamazi.info\/archives\/1032473\" \/>\n<meta property=\"og:site_name\" content=\"Darka Maz\u00ee\" \/>\n<meta property=\"article:publisher\" content=\"https:\/\/www.facebook.com\/DarMaziKurmanci\" \/>\n<meta property=\"article:published_time\" content=\"2022-09-08T16:12:44+00:00\" \/>\n<meta property=\"og:image\" content=\"https:\/\/darkamazi.info\/file\/2022\/09\/ukrayna.jpg\" \/>\n\t<meta property=\"og:image:width\" content=\"900\" \/>\n\t<meta property=\"og:image:height\" content=\"497\" \/>\n\t<meta property=\"og:image:type\" content=\"image\/jpeg\" \/>\n<meta name=\"author\" content=\"darka mazi\" \/>\n<meta name=\"twitter:card\" content=\"summary_large_image\" \/>\n<meta name=\"twitter:creator\" content=\"@DarkaMaziLatini\" \/>\n<meta name=\"twitter:site\" content=\"@DarkaMaziLatini\" \/>\n<meta name=\"twitter:label1\" content=\"Written by\" \/>\n\t<meta name=\"twitter:data1\" content=\"darka mazi\" \/>\n\t<meta name=\"twitter:label2\" content=\"Est. reading time\" \/>\n\t<meta name=\"twitter:data2\" content=\"1 minute\" \/>\n<script type=\"application\/ld+json\" class=\"seo-schema-graph\">{\"@context\":\"https:\\\/\\\/schema.org\",\"@graph\":[{\"@type\":\"Article\",\"@id\":\"https:\\\/\\\/darkamazi.info\\\/archives\\\/1032473#article\",\"isPartOf\":{\"@id\":\"https:\\\/\\\/darkamazi.info\\\/archives\\\/1032473\"},\"author\":{\"name\":\"darka mazi\",\"@id\":\"https:\\\/\\\/darkamazi.info\\\/#\\\/schema\\\/person\\\/5ad3e24553a0567993fa8ed4bd0a776c\"},\"headline\":\"Art\u00ea\u015fa Ukraynay\u00ea azad kirina \u00e7end nav\u00e7ey\u00ean welat\u00ea xwe ragehand\",\"datePublished\":\"2022-09-08T16:12:44+00:00\",\"mainEntityOfPage\":{\"@id\":\"https:\\\/\\\/darkamazi.info\\\/archives\\\/1032473\"},\"wordCount\":209,\"publisher\":{\"@id\":\"https:\\\/\\\/darkamazi.info\\\/#organization\"},\"image\":{\"@id\":\"https:\\\/\\\/darkamazi.info\\\/archives\\\/1032473#primaryimage\"},\"thumbnailUrl\":\"https:\\\/\\\/darkamazi.info\\\/darka-content\\\/uploads\\\/2022\\\/09\\\/ukrayna.jpg\",\"keywords\":[\"sereke\"],\"articleSection\":[\"C\u00eehan\"],\"inLanguage\":\"en-US\"},{\"@type\":\"WebPage\",\"@id\":\"https:\\\/\\\/darkamazi.info\\\/archives\\\/1032473\",\"url\":\"https:\\\/\\\/darkamazi.info\\\/archives\\\/1032473\",\"name\":\"Art\u00ea\u015fa Ukraynay\u00ea azad kirina \u00e7end nav\u00e7ey\u00ean welat\u00ea xwe ragehand - Darka Maz\u00ee\",\"isPartOf\":{\"@id\":\"https:\\\/\\\/darkamazi.info\\\/#website\"},\"primaryImageOfPage\":{\"@id\":\"https:\\\/\\\/darkamazi.info\\\/archives\\\/1032473#primaryimage\"},\"image\":{\"@id\":\"https:\\\/\\\/darkamazi.info\\\/archives\\\/1032473#primaryimage\"},\"thumbnailUrl\":\"https:\\\/\\\/darkamazi.info\\\/darka-content\\\/uploads\\\/2022\\\/09\\\/ukrayna.jpg\",\"datePublished\":\"2022-09-08T16:12:44+00:00\",\"breadcrumb\":{\"@id\":\"https:\\\/\\\/darkamazi.info\\\/archives\\\/1032473#breadcrumb\"},\"inLanguage\":\"en-US\",\"potentialAction\":[{\"@type\":\"ReadAction\",\"target\":[\"https:\\\/\\\/darkamazi.info\\\/archives\\\/1032473\"]}]},{\"@type\":\"ImageObject\",\"inLanguage\":\"en-US\",\"@id\":\"https:\\\/\\\/darkamazi.info\\\/archives\\\/1032473#primaryimage\",\"url\":\"https:\\\/\\\/darkamazi.info\\\/darka-content\\\/uploads\\\/2022\\\/09\\\/ukrayna.jpg\",\"contentUrl\":\"https:\\\/\\\/darkamazi.info\\\/darka-content\\\/uploads\\\/2022\\\/09\\\/ukrayna.jpg\",\"width\":900,\"height\":497,\"caption\":\"Art\u00ea\u015fa Ukraynay\u00ea azad kirina \u00e7end nav\u00e7ey\u00ean welat\u00ea xwe ragehand\"},{\"@type\":\"BreadcrumbList\",\"@id\":\"https:\\\/\\\/darkamazi.info\\\/archives\\\/1032473#breadcrumb\",\"itemListElement\":[{\"@type\":\"ListItem\",\"position\":1,\"name\":\"Home\",\"item\":\"https:\\\/\\\/darkamazi.info\\\/\"},{\"@type\":\"ListItem\",\"position\":2,\"name\":\"Art\u00ea\u015fa Ukraynay\u00ea azad kirina \u00e7end nav\u00e7ey\u00ean welat\u00ea xwe ragehand\"}]},{\"@type\":\"WebSite\",\"@id\":\"https:\\\/\\\/darkamazi.info\\\/#website\",\"url\":\"https:\\\/\\\/darkamazi.info\\\/\",\"name\":\"Darka Maz\u00ee\",\"description\":\"P\u00eageha Zanyariy\u00ean Nebih\u00eest\u00ee\",\"publisher\":{\"@id\":\"https:\\\/\\\/darkamazi.info\\\/#organization\"},\"potentialAction\":[{\"@type\":\"SearchAction\",\"target\":{\"@type\":\"EntryPoint\",\"urlTemplate\":\"https:\\\/\\\/darkamazi.info\\\/?s={search_term_string}\"},\"query-input\":{\"@type\":\"PropertyValueSpecification\",\"valueRequired\":true,\"valueName\":\"search_term_string\"}}],\"inLanguage\":\"en-US\"},{\"@type\":\"Organization\",\"@id\":\"https:\\\/\\\/darkamazi.info\\\/#organization\",\"name\":\"Darka Maz\u00ee\",\"url\":\"https:\\\/\\\/darkamazi.info\\\/\",\"logo\":{\"@type\":\"ImageObject\",\"inLanguage\":\"en-US\",\"@id\":\"https:\\\/\\\/darkamazi.info\\\/#\\\/schema\\\/logo\\\/image\\\/\",\"url\":\"https:\\\/\\\/darkamazi.info\\\/darka-content\\\/uploads\\\/2017\\\/12\\\/darka-mazi-logo.png\",\"contentUrl\":\"https:\\\/\\\/darkamazi.info\\\/darka-content\\\/uploads\\\/2017\\\/12\\\/darka-mazi-logo.png\",\"width\":151,\"height\":75,\"caption\":\"Darka Maz\u00ee\"},\"image\":{\"@id\":\"https:\\\/\\\/darkamazi.info\\\/#\\\/schema\\\/logo\\\/image\\\/\"},\"sameAs\":[\"https:\\\/\\\/www.facebook.com\\\/DarMaziKurmanci\",\"https:\\\/\\\/x.com\\\/DarkaMaziLatini\",\"https:\\\/\\\/www.instagram.com\\\/darkamazi.kurmanci\\\/\",\"https:\\\/\\\/www.youtube.com\\\/channel\\\/UCa5HkTdmI8U1qCUFuTw8B2g\"]},{\"@type\":\"Person\",\"@id\":\"https:\\\/\\\/darkamazi.info\\\/#\\\/schema\\\/person\\\/5ad3e24553a0567993fa8ed4bd0a776c\",\"name\":\"darka mazi\",\"sameAs\":[\"https:\\\/\\\/darkamazi.info\\\/\"],\"url\":\"https:\\\/\\\/darkamazi.info\\\/archives\\\/author\\\/kurdi\"}]}<\/script>\n<!-- \/ Yoast SEO plugin. -->","seo_head_json":{"title":"Art\u00ea\u015fa Ukraynay\u00ea azad kirina \u00e7end nav\u00e7ey\u00ean welat\u00ea xwe ragehand - Darka Maz\u00ee","robots":{"index":"index","follow":"follow","max-snippet":"max-snippet:-1","max-image-preview":"max-image-preview:large","max-video-preview":"max-video-preview:-1"},"canonical":"https:\/\/darkamazi.info\/archives\/1032473","og_locale":"en_US","og_type":"article","og_title":"Art\u00ea\u015fa Ukraynay\u00ea azad kirina \u00e7end nav\u00e7ey\u00ean welat\u00ea xwe ragehand - Darka Maz\u00ee","og_description":"Art\u00ea\u015fa Ukraynay\u00ea azad kirina \u00e7end nav\u00e7e \u00fb bajarok\u00ean li ba\u015f\u00fbr \u00fb rojhilat\u00ea welat\u00ea xwe ragihand, ku ji aliy\u00ea h\u00eaz\u00ean R\u00fbsyay\u00ea ve hatib\u00fbn dagirkirin. \u00cero p\u00eanc\u015fem\u00ea 8\u00ea \u00celona 2022yan, art\u00ea\u015fa Ukraynay\u00ea e\u015fkere kir, h\u00eaz\u00ean wan li ba\u015f\u00fbr\u00ea welat nav\u00e7ey\u00ean Donbas \u00fb Kharkiv, \u00e7end nav\u00e7e azad kirin. Olesky Gromov, efser\u00ea li serkirdetiya art\u00ea\u015fa Ukraynay\u00ea e\u015fkere kiriye, h\u00eaz\u00ean [&hellip;]","og_url":"https:\/\/darkamazi.info\/archives\/1032473","og_site_name":"Darka Maz\u00ee","article_publisher":"https:\/\/www.facebook.com\/DarMaziKurmanci","article_published_time":"2022-09-08T16:12:44+00:00","og_image":[{"width":900,"height":497,"url":"https:\/\/darkamazi.info\/file\/2022\/09\/ukrayna.jpg","type":"image\/jpeg"}],"author":"darka mazi","twitter_card":"summary_large_image","twitter_creator":"@DarkaMaziLatini","twitter_site":"@DarkaMaziLatini","twitter_misc":{"Written by":"darka mazi","Est. reading time":"1 minute"},"schema":{"@context":"https:\/\/schema.org","@graph":[{"@type":"Article","@id":"https:\/\/darkamazi.info\/archives\/1032473#article","isPartOf":{"@id":"https:\/\/darkamazi.info\/archives\/1032473"},"author":{"name":"darka mazi","@id":"https:\/\/darkamazi.info\/#\/schema\/person\/5ad3e24553a0567993fa8ed4bd0a776c"},"headline":"Art\u00ea\u015fa Ukraynay\u00ea azad kirina \u00e7end nav\u00e7ey\u00ean welat\u00ea xwe ragehand","datePublished":"2022-09-08T16:12:44+00:00","mainEntityOfPage":{"@id":"https:\/\/darkamazi.info\/archives\/1032473"},"wordCount":209,"publisher":{"@id":"https:\/\/darkamazi.info\/#organization"},"image":{"@id":"https:\/\/darkamazi.info\/archives\/1032473#primaryimage"},"thumbnailUrl":"https:\/\/darkamazi.info\/file\/2022\/09\/ukrayna.jpg","keywords":["sereke"],"articleSection":["C\u00eehan"],"inLanguage":"en-US"},{"@type":"WebPage","@id":"https:\/\/darkamazi.info\/archives\/1032473","url":"https:\/\/darkamazi.info\/archives\/1032473","name":"Art\u00ea\u015fa Ukraynay\u00ea azad kirina \u00e7end nav\u00e7ey\u00ean welat\u00ea xwe ragehand - Darka Maz\u00ee","isPartOf":{"@id":"https:\/\/darkamazi.info\/#website"},"primaryImageOfPage":{"@id":"https:\/\/darkamazi.info\/archives\/1032473#primaryimage"},"image":{"@id":"https:\/\/darkamazi.info\/archives\/1032473#primaryimage"},"thumbnailUrl":"https:\/\/darkamazi.info\/file\/2022\/09\/ukrayna.jpg","datePublished":"2022-09-08T16:12:44+00:00","breadcrumb":{"@id":"https:\/\/darkamazi.info\/archives\/1032473#breadcrumb"},"inLanguage":"en-US","potentialAction":[{"@type":"ReadAction","target":["https:\/\/darkamazi.info\/archives\/1032473"]}]},{"@type":"ImageObject","inLanguage":"en-US","@id":"https:\/\/darkamazi.info\/archives\/1032473#primaryimage","url":"https:\/\/darkamazi.info\/file\/2022\/09\/ukrayna.jpg","contentUrl":"https:\/\/darkamazi.info\/file\/2022\/09\/ukrayna.jpg","width":900,"height":497,"caption":"Art\u00ea\u015fa Ukraynay\u00ea azad kirina \u00e7end nav\u00e7ey\u00ean welat\u00ea xwe ragehand"},{"@type":"BreadcrumbList","@id":"https:\/\/darkamazi.info\/archives\/1032473#breadcrumb","itemListElement":[{"@type":"ListItem","position":1,"name":"Home","item":"https:\/\/darkamazi.info\/"},{"@type":"ListItem","position":2,"name":"Art\u00ea\u015fa Ukraynay\u00ea azad kirina \u00e7end nav\u00e7ey\u00ean welat\u00ea xwe ragehand"}]},{"@type":"WebSite","@id":"https:\/\/darkamazi.info\/#website","url":"https:\/\/darkamazi.info\/","name":"Darka Maz\u00ee","description":"P\u00eageha Zanyariy\u00ean Nebih\u00eest\u00ee","publisher":{"@id":"https:\/\/darkamazi.info\/#organization"},"potentialAction":[{"@type":"SearchAction","target":{"@type":"EntryPoint","urlTemplate":"https:\/\/darkamazi.info\/?s={search_term_string}"},"query-input":{"@type":"PropertyValueSpecification","valueRequired":true,"valueName":"search_term_string"}}],"inLanguage":"en-US"},{"@type":"Organization","@id":"https:\/\/darkamazi.info\/#organization","name":"Darka Maz\u00ee","url":"https:\/\/darkamazi.info\/","logo":{"@type":"ImageObject","inLanguage":"en-US","@id":"https:\/\/darkamazi.info\/#\/schema\/logo\/image\/","url":"https:\/\/darkamazi.info\/file\/2017\/12\/darka-mazi-logo.png","contentUrl":"https:\/\/darkamazi.info\/file\/2017\/12\/darka-mazi-logo.png","width":151,"height":75,"caption":"Darka Maz\u00ee"},"image":{"@id":"https:\/\/darkamazi.info\/#\/schema\/logo\/image\/"},"sameAs":["https:\/\/www.facebook.com\/DarMaziKurmanci","https:\/\/x.com\/DarkaMaziLatini","https:\/\/www.instagram.com\/darkamazi.kurmanci\/","https:\/\/www.youtube.com\/channel\/UCa5HkTdmI8U1qCUFuTw8B2g"]},{"@type":"Person","@id":"https:\/\/darkamazi.info\/#\/schema\/person\/5ad3e24553a0567993fa8ed4bd0a776c","name":"darka mazi","sameAs":["https:\/\/darkamazi.info\/"],"url":"https:\/\/darkamazi.info\/archives\/author\/kurdi"}]}},"_links":{"self":[{"href":"https:\/\/darkamazi.info\/funavuv\/wp\/v2\/posts\/1032473","targetHints":{"allow":["GET"]}}],"collection":[{"href":"https:\/\/darkamazi.info\/funavuv\/wp\/v2\/posts"}],"about":[{"href":"https:\/\/darkamazi.info\/funavuv\/wp\/v2\/types\/post"}],"author":[{"embeddable":true,"href":"https:\/\/darkamazi.info\/funavuv\/wp\/v2\/users\/2"}],"replies":[{"embeddable":true,"href":"https:\/\/darkamazi.info\/funavuv\/wp\/v2\/comments?post=1032473"}],"version-history":[{"count":0,"href":"https:\/\/darkamazi.info\/funavuv\/wp\/v2\/posts\/1032473\/revisions"}],"wp:featuredmedia":[{"embeddable":true,"href":"https:\/\/darkamazi.info\/funavuv\/wp\/v2\/media\/1032474"}],"wp:attachment":[{"href":"https:\/\/darkamazi.info\/funavuv\/wp\/v2\/media?parent=1032473"}],"wp:term":[{"taxonomy":"category","embeddable":true,"href":"https:\/\/darkamazi.info\/funavuv\/wp\/v2\/categories?post=1032473"},{"taxonomy":"post_tag","embeddable":true,"href":"https:\/\/darkamazi.info\/funavuv\/wp\/v2\/tags?post=1032473"}],"curies":[{"name":"wp","href":"https:\/\/api.w.org\/{rel}","templated":true}]}}