{"id":1032494,"date":"2022-09-11T12:09:27","date_gmt":"2022-09-11T09:09:27","guid":{"rendered":"https:\/\/darkamazi.info\/?p=1032494"},"modified":"2022-09-11T12:09:27","modified_gmt":"2022-09-11T09:09:27","slug":"soresa-ilone-soresa-irade-u-xwebaweriya-mirove-kurdistani-bu","status":"publish","type":"post","link":"https:\/\/darkamazi.info\/archives\/1032494","title":{"rendered":"\u201c\u015eore\u015fa \u00celon\u00ea \u015fore\u015fa \u00eerade \u00fb xwebaweriya mirov\u00ea Kurdistan\u00ee b\u00fb\u201d"},"content":{"rendered":"<h3 style=\"text-align: justify\"><span style=\"font-family: 'arial black', sans-serif\">Serok Mes\u00fbd Barzan\u00ee ji bo salvegera \u015eore\u015fa \u00celon\u00ea peyamek belav kir \u00fb ragihand ku ew \u015fore\u015fa \u00eerade \u00fb xwebaweriya mirov\u00ea Kurdistan\u00ee b\u00fb ku bingeheke bih\u00eaz \u00fb r\u00eakxist\u00ee ji bo berdewamiya t\u00eako\u015f\u00eena \u00fb rawestana gel\u00ea Kurdistan\u00ea li dij\u00ee zilm \u00fb zordariy\u00ea ava kir.<\/span><\/h3>\n<h3 style=\"text-align: justify\"><span style=\"font-family: arial, helvetica, sans-serif\">Serok Barzan\u00ee \u00eero Yek\u015fem\u00ea 11 \u00celona 2022an di 61em\u00een salvegera \u015eore\u015fa \u00celon\u00ea de\u00a0peyamek\u00a0belav kir.<\/span><\/h3>\n<h3 style=\"text-align: justify\"><span style=\"font-family: arial, helvetica, sans-serif\">Serok Barzan\u00ee di peyama xwe de \u015eore\u015fa \u00celon\u00ea weke t\u00eako\u015f\u00eena netewey\u00ee \u00fb demokrat\u00eek ya gel\u00ea Kurd bi nav kir \u00fb got, \u201cHem\u00fb p\u00eakhatey\u00ean etn\u00eek\u00ee \u00fb ol\u00ee y\u00ean Kurdistan\u00ea di bin serokatiya Nemir Barzan\u00ee de li dij\u00ee zulm \u00fb dagirkeriy\u00ea li k\u00ealeka Kurdan \u015fer kirin\u201d .<\/span><\/h3>\n<h3 style=\"text-align: justify\"><span style=\"font-family: arial, helvetica, sans-serif\">Serok Barzan\u00ee her wiha an\u00ee ziman, \u201cBi nirx\u00ean xwe y\u00ean bilind \u00fb israr \u00fb berxwedana serkirdayet\u00ee, P\u00ea\u015fmerge \u00fb gel, doza rewa ya gel\u00ea Kurdistan\u00ea kir ku p\u00eangaveke mezin biav\u00eaje \u00fb bibe \u00e7avkaniya h\u00eaz\u00ea ji bo qonax\u00ean din \u00ean t\u00eako\u015f\u00eena gel\u00ea Kurdistan\u00ea. Her wiha ji bo t\u00eako\u015fer\u00ean hem\u00fb par\u00e7ey\u00ean din \u00ean Kurdistan\u00ea j\u00ee \u00e7avkaniya \u00eelham\u00ea ye\u201d.<\/span><\/h3>\n","protected":false},"excerpt":{"rendered":"<p>Serok Mes\u00fbd Barzan\u00ee ji bo salvegera \u015eore\u015fa \u00celon\u00ea peyamek belav kir \u00fb ragihand ku ew \u015fore\u015fa \u00eerade \u00fb xwebaweriya mirov\u00ea Kurdistan\u00ee b\u00fb ku bingeheke bih\u00eaz \u00fb r\u00eakxist\u00ee ji bo berdewamiya t\u00eako\u015f\u00eena \u00fb rawestana gel\u00ea Kurdistan\u00ea li dij\u00ee zilm \u00fb zordariy\u00ea ava kir. Serok Barzan\u00ee \u00eero Yek\u015fem\u00ea 11 \u00celona 2022an di 61em\u00een salvegera \u015eore\u015fa \u00celon\u00ea de\u00a0peyamek\u00a0belav [&hellip;]<\/p>\n","protected":false},"author":2,"featured_media":1032495,"comment_status":"closed","ping_status":"closed","sticky":false,"template":"","format":"standard","meta":{"footnotes":""},"categories":[29],"tags":[37],"class_list":["post-1032494","post","type-post","status-publish","format-standard","has-post-thumbnail","hentry","category-kurdistan","tag-sereke"],"blocksy_meta":[],"seo_head":"<!-- This site is optimized with the Yoast SEO plugin v27.5 - https:\/\/yoast.com\/product\/yoast-seo-wordpress\/ -->\n<title>\u201c\u015eore\u015fa \u00celon\u00ea \u015fore\u015fa \u00eerade \u00fb xwebaweriya mirov\u00ea Kurdistan\u00ee b\u00fb\u201d - Darka Maz\u00ee<\/title>\n<meta name=\"robots\" content=\"index, follow, max-snippet:-1, max-image-preview:large, max-video-preview:-1\" \/>\n<link rel=\"canonical\" href=\"https:\/\/darkamazi.info\/archives\/1032494\" \/>\n<meta property=\"og:locale\" content=\"en_US\" \/>\n<meta property=\"og:type\" content=\"article\" \/>\n<meta property=\"og:title\" content=\"\u201c\u015eore\u015fa \u00celon\u00ea \u015fore\u015fa \u00eerade \u00fb xwebaweriya mirov\u00ea Kurdistan\u00ee b\u00fb\u201d - Darka Maz\u00ee\" \/>\n<meta property=\"og:description\" content=\"Serok Mes\u00fbd Barzan\u00ee ji bo salvegera \u015eore\u015fa \u00celon\u00ea peyamek belav kir \u00fb ragihand ku ew \u015fore\u015fa \u00eerade \u00fb xwebaweriya mirov\u00ea Kurdistan\u00ee b\u00fb ku bingeheke bih\u00eaz \u00fb r\u00eakxist\u00ee ji bo berdewamiya t\u00eako\u015f\u00eena \u00fb rawestana gel\u00ea Kurdistan\u00ea li dij\u00ee zilm \u00fb zordariy\u00ea ava kir. Serok Barzan\u00ee \u00eero Yek\u015fem\u00ea 11 \u00celona 2022an di 61em\u00een salvegera \u015eore\u015fa \u00celon\u00ea de\u00a0peyamek\u00a0belav [&hellip;]\" \/>\n<meta property=\"og:url\" content=\"https:\/\/darkamazi.info\/archives\/1032494\" \/>\n<meta property=\"og:site_name\" content=\"Darka Maz\u00ee\" \/>\n<meta property=\"article:publisher\" content=\"https:\/\/www.facebook.com\/DarMaziKurmanci\" \/>\n<meta property=\"article:published_time\" content=\"2022-09-11T09:09:27+00:00\" \/>\n<meta property=\"og:image\" content=\"https:\/\/darkamazi.info\/file\/2022\/09\/masoud-barzani-serok-kurd-kurdistan-ilon.jpg\" \/>\n\t<meta property=\"og:image:width\" content=\"900\" \/>\n\t<meta property=\"og:image:height\" content=\"497\" \/>\n\t<meta property=\"og:image:type\" content=\"image\/jpeg\" \/>\n<meta name=\"author\" content=\"darka mazi\" \/>\n<meta name=\"twitter:card\" content=\"summary_large_image\" \/>\n<meta name=\"twitter:creator\" content=\"@DarkaMaziLatini\" \/>\n<meta name=\"twitter:site\" content=\"@DarkaMaziLatini\" \/>\n<meta name=\"twitter:label1\" content=\"Written by\" \/>\n\t<meta name=\"twitter:data1\" content=\"darka mazi\" \/>\n\t<meta name=\"twitter:label2\" content=\"Est. reading time\" \/>\n\t<meta name=\"twitter:data2\" content=\"1 minute\" \/>\n<script type=\"application\/ld+json\" class=\"seo-schema-graph\">{\"@context\":\"https:\\\/\\\/schema.org\",\"@graph\":[{\"@type\":\"Article\",\"@id\":\"https:\\\/\\\/darkamazi.info\\\/archives\\\/1032494#article\",\"isPartOf\":{\"@id\":\"https:\\\/\\\/darkamazi.info\\\/archives\\\/1032494\"},\"author\":{\"name\":\"darka mazi\",\"@id\":\"https:\\\/\\\/darkamazi.info\\\/#\\\/schema\\\/person\\\/5ad3e24553a0567993fa8ed4bd0a776c\"},\"headline\":\"\u201c\u015eore\u015fa \u00celon\u00ea \u015fore\u015fa \u00eerade \u00fb xwebaweriya mirov\u00ea Kurdistan\u00ee b\u00fb\u201d\",\"datePublished\":\"2022-09-11T09:09:27+00:00\",\"mainEntityOfPage\":{\"@id\":\"https:\\\/\\\/darkamazi.info\\\/archives\\\/1032494\"},\"wordCount\":186,\"publisher\":{\"@id\":\"https:\\\/\\\/darkamazi.info\\\/#organization\"},\"image\":{\"@id\":\"https:\\\/\\\/darkamazi.info\\\/archives\\\/1032494#primaryimage\"},\"thumbnailUrl\":\"https:\\\/\\\/darkamazi.info\\\/darka-content\\\/uploads\\\/2022\\\/09\\\/masoud-barzani-serok-kurd-kurdistan-ilon.jpg\",\"keywords\":[\"sereke\"],\"articleSection\":[\"Kurdistan\"],\"inLanguage\":\"en-US\"},{\"@type\":\"WebPage\",\"@id\":\"https:\\\/\\\/darkamazi.info\\\/archives\\\/1032494\",\"url\":\"https:\\\/\\\/darkamazi.info\\\/archives\\\/1032494\",\"name\":\"\u201c\u015eore\u015fa \u00celon\u00ea \u015fore\u015fa \u00eerade \u00fb xwebaweriya mirov\u00ea Kurdistan\u00ee b\u00fb\u201d - Darka Maz\u00ee\",\"isPartOf\":{\"@id\":\"https:\\\/\\\/darkamazi.info\\\/#website\"},\"primaryImageOfPage\":{\"@id\":\"https:\\\/\\\/darkamazi.info\\\/archives\\\/1032494#primaryimage\"},\"image\":{\"@id\":\"https:\\\/\\\/darkamazi.info\\\/archives\\\/1032494#primaryimage\"},\"thumbnailUrl\":\"https:\\\/\\\/darkamazi.info\\\/darka-content\\\/uploads\\\/2022\\\/09\\\/masoud-barzani-serok-kurd-kurdistan-ilon.jpg\",\"datePublished\":\"2022-09-11T09:09:27+00:00\",\"breadcrumb\":{\"@id\":\"https:\\\/\\\/darkamazi.info\\\/archives\\\/1032494#breadcrumb\"},\"inLanguage\":\"en-US\",\"potentialAction\":[{\"@type\":\"ReadAction\",\"target\":[\"https:\\\/\\\/darkamazi.info\\\/archives\\\/1032494\"]}]},{\"@type\":\"ImageObject\",\"inLanguage\":\"en-US\",\"@id\":\"https:\\\/\\\/darkamazi.info\\\/archives\\\/1032494#primaryimage\",\"url\":\"https:\\\/\\\/darkamazi.info\\\/darka-content\\\/uploads\\\/2022\\\/09\\\/masoud-barzani-serok-kurd-kurdistan-ilon.jpg\",\"contentUrl\":\"https:\\\/\\\/darkamazi.info\\\/darka-content\\\/uploads\\\/2022\\\/09\\\/masoud-barzani-serok-kurd-kurdistan-ilon.jpg\",\"width\":900,\"height\":497,\"caption\":\"masoud-barzani-serok-kurd-kurdistan-ilon\"},{\"@type\":\"BreadcrumbList\",\"@id\":\"https:\\\/\\\/darkamazi.info\\\/archives\\\/1032494#breadcrumb\",\"itemListElement\":[{\"@type\":\"ListItem\",\"position\":1,\"name\":\"Home\",\"item\":\"https:\\\/\\\/darkamazi.info\\\/\"},{\"@type\":\"ListItem\",\"position\":2,\"name\":\"\u201c\u015eore\u015fa \u00celon\u00ea \u015fore\u015fa \u00eerade \u00fb xwebaweriya mirov\u00ea Kurdistan\u00ee b\u00fb\u201d\"}]},{\"@type\":\"WebSite\",\"@id\":\"https:\\\/\\\/darkamazi.info\\\/#website\",\"url\":\"https:\\\/\\\/darkamazi.info\\\/\",\"name\":\"Darka Maz\u00ee\",\"description\":\"P\u00eageha Zanyariy\u00ean Nebih\u00eest\u00ee\",\"publisher\":{\"@id\":\"https:\\\/\\\/darkamazi.info\\\/#organization\"},\"potentialAction\":[{\"@type\":\"SearchAction\",\"target\":{\"@type\":\"EntryPoint\",\"urlTemplate\":\"https:\\\/\\\/darkamazi.info\\\/?s={search_term_string}\"},\"query-input\":{\"@type\":\"PropertyValueSpecification\",\"valueRequired\":true,\"valueName\":\"search_term_string\"}}],\"inLanguage\":\"en-US\"},{\"@type\":\"Organization\",\"@id\":\"https:\\\/\\\/darkamazi.info\\\/#organization\",\"name\":\"Darka Maz\u00ee\",\"url\":\"https:\\\/\\\/darkamazi.info\\\/\",\"logo\":{\"@type\":\"ImageObject\",\"inLanguage\":\"en-US\",\"@id\":\"https:\\\/\\\/darkamazi.info\\\/#\\\/schema\\\/logo\\\/image\\\/\",\"url\":\"https:\\\/\\\/darkamazi.info\\\/darka-content\\\/uploads\\\/2017\\\/12\\\/darka-mazi-logo.png\",\"contentUrl\":\"https:\\\/\\\/darkamazi.info\\\/darka-content\\\/uploads\\\/2017\\\/12\\\/darka-mazi-logo.png\",\"width\":151,\"height\":75,\"caption\":\"Darka Maz\u00ee\"},\"image\":{\"@id\":\"https:\\\/\\\/darkamazi.info\\\/#\\\/schema\\\/logo\\\/image\\\/\"},\"sameAs\":[\"https:\\\/\\\/www.facebook.com\\\/DarMaziKurmanci\",\"https:\\\/\\\/x.com\\\/DarkaMaziLatini\",\"https:\\\/\\\/www.instagram.com\\\/darkamazi.kurmanci\\\/\",\"https:\\\/\\\/www.youtube.com\\\/channel\\\/UCa5HkTdmI8U1qCUFuTw8B2g\"]},{\"@type\":\"Person\",\"@id\":\"https:\\\/\\\/darkamazi.info\\\/#\\\/schema\\\/person\\\/5ad3e24553a0567993fa8ed4bd0a776c\",\"name\":\"darka mazi\",\"sameAs\":[\"https:\\\/\\\/darkamazi.info\\\/\"],\"url\":\"https:\\\/\\\/darkamazi.info\\\/archives\\\/author\\\/kurdi\"}]}<\/script>\n<!-- \/ Yoast SEO plugin. -->","seo_head_json":{"title":"\u201c\u015eore\u015fa \u00celon\u00ea \u015fore\u015fa \u00eerade \u00fb xwebaweriya mirov\u00ea Kurdistan\u00ee b\u00fb\u201d - Darka Maz\u00ee","robots":{"index":"index","follow":"follow","max-snippet":"max-snippet:-1","max-image-preview":"max-image-preview:large","max-video-preview":"max-video-preview:-1"},"canonical":"https:\/\/darkamazi.info\/archives\/1032494","og_locale":"en_US","og_type":"article","og_title":"\u201c\u015eore\u015fa \u00celon\u00ea \u015fore\u015fa \u00eerade \u00fb xwebaweriya mirov\u00ea Kurdistan\u00ee b\u00fb\u201d - Darka Maz\u00ee","og_description":"Serok Mes\u00fbd Barzan\u00ee ji bo salvegera \u015eore\u015fa \u00celon\u00ea peyamek belav kir \u00fb ragihand ku ew \u015fore\u015fa \u00eerade \u00fb xwebaweriya mirov\u00ea Kurdistan\u00ee b\u00fb ku bingeheke bih\u00eaz \u00fb r\u00eakxist\u00ee ji bo berdewamiya t\u00eako\u015f\u00eena \u00fb rawestana gel\u00ea Kurdistan\u00ea li dij\u00ee zilm \u00fb zordariy\u00ea ava kir. Serok Barzan\u00ee \u00eero Yek\u015fem\u00ea 11 \u00celona 2022an di 61em\u00een salvegera \u015eore\u015fa \u00celon\u00ea de\u00a0peyamek\u00a0belav [&hellip;]","og_url":"https:\/\/darkamazi.info\/archives\/1032494","og_site_name":"Darka Maz\u00ee","article_publisher":"https:\/\/www.facebook.com\/DarMaziKurmanci","article_published_time":"2022-09-11T09:09:27+00:00","og_image":[{"width":900,"height":497,"url":"https:\/\/darkamazi.info\/file\/2022\/09\/masoud-barzani-serok-kurd-kurdistan-ilon.jpg","type":"image\/jpeg"}],"author":"darka mazi","twitter_card":"summary_large_image","twitter_creator":"@DarkaMaziLatini","twitter_site":"@DarkaMaziLatini","twitter_misc":{"Written by":"darka mazi","Est. reading time":"1 minute"},"schema":{"@context":"https:\/\/schema.org","@graph":[{"@type":"Article","@id":"https:\/\/darkamazi.info\/archives\/1032494#article","isPartOf":{"@id":"https:\/\/darkamazi.info\/archives\/1032494"},"author":{"name":"darka mazi","@id":"https:\/\/darkamazi.info\/#\/schema\/person\/5ad3e24553a0567993fa8ed4bd0a776c"},"headline":"\u201c\u015eore\u015fa \u00celon\u00ea \u015fore\u015fa \u00eerade \u00fb xwebaweriya mirov\u00ea Kurdistan\u00ee b\u00fb\u201d","datePublished":"2022-09-11T09:09:27+00:00","mainEntityOfPage":{"@id":"https:\/\/darkamazi.info\/archives\/1032494"},"wordCount":186,"publisher":{"@id":"https:\/\/darkamazi.info\/#organization"},"image":{"@id":"https:\/\/darkamazi.info\/archives\/1032494#primaryimage"},"thumbnailUrl":"https:\/\/darkamazi.info\/file\/2022\/09\/masoud-barzani-serok-kurd-kurdistan-ilon.jpg","keywords":["sereke"],"articleSection":["Kurdistan"],"inLanguage":"en-US"},{"@type":"WebPage","@id":"https:\/\/darkamazi.info\/archives\/1032494","url":"https:\/\/darkamazi.info\/archives\/1032494","name":"\u201c\u015eore\u015fa \u00celon\u00ea \u015fore\u015fa \u00eerade \u00fb xwebaweriya mirov\u00ea Kurdistan\u00ee b\u00fb\u201d - Darka Maz\u00ee","isPartOf":{"@id":"https:\/\/darkamazi.info\/#website"},"primaryImageOfPage":{"@id":"https:\/\/darkamazi.info\/archives\/1032494#primaryimage"},"image":{"@id":"https:\/\/darkamazi.info\/archives\/1032494#primaryimage"},"thumbnailUrl":"https:\/\/darkamazi.info\/file\/2022\/09\/masoud-barzani-serok-kurd-kurdistan-ilon.jpg","datePublished":"2022-09-11T09:09:27+00:00","breadcrumb":{"@id":"https:\/\/darkamazi.info\/archives\/1032494#breadcrumb"},"inLanguage":"en-US","potentialAction":[{"@type":"ReadAction","target":["https:\/\/darkamazi.info\/archives\/1032494"]}]},{"@type":"ImageObject","inLanguage":"en-US","@id":"https:\/\/darkamazi.info\/archives\/1032494#primaryimage","url":"https:\/\/darkamazi.info\/file\/2022\/09\/masoud-barzani-serok-kurd-kurdistan-ilon.jpg","contentUrl":"https:\/\/darkamazi.info\/file\/2022\/09\/masoud-barzani-serok-kurd-kurdistan-ilon.jpg","width":900,"height":497,"caption":"masoud-barzani-serok-kurd-kurdistan-ilon"},{"@type":"BreadcrumbList","@id":"https:\/\/darkamazi.info\/archives\/1032494#breadcrumb","itemListElement":[{"@type":"ListItem","position":1,"name":"Home","item":"https:\/\/darkamazi.info\/"},{"@type":"ListItem","position":2,"name":"\u201c\u015eore\u015fa \u00celon\u00ea \u015fore\u015fa \u00eerade \u00fb xwebaweriya mirov\u00ea Kurdistan\u00ee b\u00fb\u201d"}]},{"@type":"WebSite","@id":"https:\/\/darkamazi.info\/#website","url":"https:\/\/darkamazi.info\/","name":"Darka Maz\u00ee","description":"P\u00eageha Zanyariy\u00ean Nebih\u00eest\u00ee","publisher":{"@id":"https:\/\/darkamazi.info\/#organization"},"potentialAction":[{"@type":"SearchAction","target":{"@type":"EntryPoint","urlTemplate":"https:\/\/darkamazi.info\/?s={search_term_string}"},"query-input":{"@type":"PropertyValueSpecification","valueRequired":true,"valueName":"search_term_string"}}],"inLanguage":"en-US"},{"@type":"Organization","@id":"https:\/\/darkamazi.info\/#organization","name":"Darka Maz\u00ee","url":"https:\/\/darkamazi.info\/","logo":{"@type":"ImageObject","inLanguage":"en-US","@id":"https:\/\/darkamazi.info\/#\/schema\/logo\/image\/","url":"https:\/\/darkamazi.info\/file\/2017\/12\/darka-mazi-logo.png","contentUrl":"https:\/\/darkamazi.info\/file\/2017\/12\/darka-mazi-logo.png","width":151,"height":75,"caption":"Darka Maz\u00ee"},"image":{"@id":"https:\/\/darkamazi.info\/#\/schema\/logo\/image\/"},"sameAs":["https:\/\/www.facebook.com\/DarMaziKurmanci","https:\/\/x.com\/DarkaMaziLatini","https:\/\/www.instagram.com\/darkamazi.kurmanci\/","https:\/\/www.youtube.com\/channel\/UCa5HkTdmI8U1qCUFuTw8B2g"]},{"@type":"Person","@id":"https:\/\/darkamazi.info\/#\/schema\/person\/5ad3e24553a0567993fa8ed4bd0a776c","name":"darka mazi","sameAs":["https:\/\/darkamazi.info\/"],"url":"https:\/\/darkamazi.info\/archives\/author\/kurdi"}]}},"_links":{"self":[{"href":"https:\/\/darkamazi.info\/funavuv\/wp\/v2\/posts\/1032494","targetHints":{"allow":["GET"]}}],"collection":[{"href":"https:\/\/darkamazi.info\/funavuv\/wp\/v2\/posts"}],"about":[{"href":"https:\/\/darkamazi.info\/funavuv\/wp\/v2\/types\/post"}],"author":[{"embeddable":true,"href":"https:\/\/darkamazi.info\/funavuv\/wp\/v2\/users\/2"}],"replies":[{"embeddable":true,"href":"https:\/\/darkamazi.info\/funavuv\/wp\/v2\/comments?post=1032494"}],"version-history":[{"count":0,"href":"https:\/\/darkamazi.info\/funavuv\/wp\/v2\/posts\/1032494\/revisions"}],"wp:featuredmedia":[{"embeddable":true,"href":"https:\/\/darkamazi.info\/funavuv\/wp\/v2\/media\/1032495"}],"wp:attachment":[{"href":"https:\/\/darkamazi.info\/funavuv\/wp\/v2\/media?parent=1032494"}],"wp:term":[{"taxonomy":"category","embeddable":true,"href":"https:\/\/darkamazi.info\/funavuv\/wp\/v2\/categories?post=1032494"},{"taxonomy":"post_tag","embeddable":true,"href":"https:\/\/darkamazi.info\/funavuv\/wp\/v2\/tags?post=1032494"}],"curies":[{"name":"wp","href":"https:\/\/api.w.org\/{rel}","templated":true}]}}