{"id":1032511,"date":"2022-09-12T12:32:02","date_gmt":"2022-09-12T09:32:02","guid":{"rendered":"https:\/\/darkamazi.info\/?p=1032511"},"modified":"2022-09-12T12:32:02","modified_gmt":"2022-09-12T09:32:02","slug":"hejmara-leskeren-tirkiye-yen-li-zape-hatine-kustin-zede-bu","status":"publish","type":"post","link":"https:\/\/darkamazi.info\/archives\/1032511","title":{"rendered":"Hejmara le\u015fker\u00ean Tirkiy\u00ea y\u00ean li Zap\u00ea hatine ku\u015ftin z\u00eade b\u00fb"},"content":{"rendered":"<h3 style=\"text-align: justify\"><span style=\"font-family: 'arial black', sans-serif\">\u00a0Hejmara le\u015fker\u00ean Tirkiy\u00ea y\u00ean duh\u00ee di \u015fer\u00ea Zap\u00ea de hatib\u00fbn ku\u015ftin, gihi\u015ft 4 le\u015fkeran.<\/span><\/h3>\n<h3 style=\"text-align: justify\"><span style=\"font-family: arial, helvetica, sans-serif\">Wezareta Berevaniy\u00ea ya Tirkiy\u00ea duh\u00ee Yek\u015fem\u00ea 11\\9\\2022 ragihandib, li her\u00eama Zap\u00ea di encama \u00ear\u00ee\u015feke ger\u00eelay\u00ean PKK\u00ea de du le\u015fker\u00ean wan hatib\u00fbn ku\u015ftin \u00fb 4 le\u015fker\u00ean din j\u00ee bir\u00eendar b\u00fbb\u00fbn.<\/span><\/h3>\n<h3 style=\"text-align: justify\"><span style=\"font-family: arial, helvetica, sans-serif\">Hat zan\u00een ku ji bir\u00eendaran du le\u015fker\u00ean din j\u00ee can\u00ea xwe ji dest dane. Bi v\u00ee away\u00ee hejmara le\u015fker\u00ean Tirkiy\u00ea y\u00ean duh\u00ee di \u015fer\u00ea Zap\u00ea de hatine ku\u015ftin gihi\u015ft 4 le\u015fkaran.<\/span><\/h3>\n<h3 style=\"text-align: justify\"><span style=\"font-family: arial, helvetica, sans-serif\">Art\u00ea\u015fa Tirkiyey\u00ea ji 18\u00ea N\u00eesan\u00ea ve li dij\u00ee PKK\u00ea li Zap\u00ea, Ava\u015f\u00een \u00fb Met\u00eenay\u00ea operasyoneke berfireh a bejah\u00ee \u00fb asiman\u00ee bi r\u00ea ve dibe.<\/span><\/h3>\n","protected":false},"excerpt":{"rendered":"<p>\u00a0Hejmara le\u015fker\u00ean Tirkiy\u00ea y\u00ean duh\u00ee di \u015fer\u00ea Zap\u00ea de hatib\u00fbn ku\u015ftin, gihi\u015ft 4 le\u015fkeran. Wezareta Berevaniy\u00ea ya Tirkiy\u00ea duh\u00ee Yek\u015fem\u00ea 11\\9\\2022 ragihandib, li her\u00eama Zap\u00ea di encama \u00ear\u00ee\u015feke ger\u00eelay\u00ean PKK\u00ea de du le\u015fker\u00ean wan hatib\u00fbn ku\u015ftin \u00fb 4 le\u015fker\u00ean din j\u00ee bir\u00eendar b\u00fbb\u00fbn. Hat zan\u00een ku ji bir\u00eendaran du le\u015fker\u00ean din j\u00ee can\u00ea xwe ji [&hellip;]<\/p>\n","protected":false},"author":2,"featured_media":1032512,"comment_status":"closed","ping_status":"closed","sticky":false,"template":"","format":"standard","meta":{"footnotes":""},"categories":[29],"tags":[37],"class_list":["post-1032511","post","type-post","status-publish","format-standard","has-post-thumbnail","hentry","category-kurdistan","tag-sereke"],"blocksy_meta":[],"seo_head":"<!-- This site is optimized with the Yoast SEO plugin v27.5 - https:\/\/yoast.com\/product\/yoast-seo-wordpress\/ -->\n<title>Hejmara le\u015fker\u00ean Tirkiy\u00ea y\u00ean li Zap\u00ea hatine ku\u015ftin z\u00eade b\u00fb - Darka Maz\u00ee<\/title>\n<meta name=\"robots\" content=\"index, follow, max-snippet:-1, max-image-preview:large, max-video-preview:-1\" \/>\n<link rel=\"canonical\" href=\"https:\/\/darkamazi.info\/archives\/1032511\" \/>\n<meta property=\"og:locale\" content=\"en_US\" \/>\n<meta property=\"og:type\" content=\"article\" \/>\n<meta property=\"og:title\" content=\"Hejmara le\u015fker\u00ean Tirkiy\u00ea y\u00ean li Zap\u00ea hatine ku\u015ftin z\u00eade b\u00fb - Darka Maz\u00ee\" \/>\n<meta property=\"og:description\" content=\"\u00a0Hejmara le\u015fker\u00ean Tirkiy\u00ea y\u00ean duh\u00ee di \u015fer\u00ea Zap\u00ea de hatib\u00fbn ku\u015ftin, gihi\u015ft 4 le\u015fkeran. Wezareta Berevaniy\u00ea ya Tirkiy\u00ea duh\u00ee Yek\u015fem\u00ea 1192022 ragihandib, li her\u00eama Zap\u00ea di encama \u00ear\u00ee\u015feke ger\u00eelay\u00ean PKK\u00ea de du le\u015fker\u00ean wan hatib\u00fbn ku\u015ftin \u00fb 4 le\u015fker\u00ean din j\u00ee bir\u00eendar b\u00fbb\u00fbn. Hat zan\u00een ku ji bir\u00eendaran du le\u015fker\u00ean din j\u00ee can\u00ea xwe ji [&hellip;]\" \/>\n<meta property=\"og:url\" content=\"https:\/\/darkamazi.info\/archives\/1032511\" \/>\n<meta property=\"og:site_name\" content=\"Darka Maz\u00ee\" \/>\n<meta property=\"article:publisher\" content=\"https:\/\/www.facebook.com\/DarMaziKurmanci\" \/>\n<meta property=\"article:published_time\" content=\"2022-09-12T09:32:02+00:00\" \/>\n<meta property=\"og:image\" content=\"https:\/\/darkamazi.info\/file\/2022\/09\/turkey-army-zap-pkk-kurdistan-info.jpg\" \/>\n\t<meta property=\"og:image:width\" content=\"900\" \/>\n\t<meta property=\"og:image:height\" content=\"497\" \/>\n\t<meta property=\"og:image:type\" content=\"image\/jpeg\" \/>\n<meta name=\"author\" content=\"darka mazi\" \/>\n<meta name=\"twitter:card\" content=\"summary_large_image\" \/>\n<meta name=\"twitter:creator\" content=\"@DarkaMaziLatini\" \/>\n<meta name=\"twitter:site\" content=\"@DarkaMaziLatini\" \/>\n<meta name=\"twitter:label1\" content=\"Written by\" \/>\n\t<meta name=\"twitter:data1\" content=\"darka mazi\" \/>\n\t<meta name=\"twitter:label2\" content=\"Est. reading time\" \/>\n\t<meta name=\"twitter:data2\" content=\"1 minute\" \/>\n<script type=\"application\/ld+json\" class=\"seo-schema-graph\">{\"@context\":\"https:\\\/\\\/schema.org\",\"@graph\":[{\"@type\":\"Article\",\"@id\":\"https:\\\/\\\/darkamazi.info\\\/archives\\\/1032511#article\",\"isPartOf\":{\"@id\":\"https:\\\/\\\/darkamazi.info\\\/archives\\\/1032511\"},\"author\":{\"name\":\"darka mazi\",\"@id\":\"https:\\\/\\\/darkamazi.info\\\/#\\\/schema\\\/person\\\/5ad3e24553a0567993fa8ed4bd0a776c\"},\"headline\":\"Hejmara le\u015fker\u00ean Tirkiy\u00ea y\u00ean li Zap\u00ea hatine ku\u015ftin z\u00eade b\u00fb\",\"datePublished\":\"2022-09-12T09:32:02+00:00\",\"mainEntityOfPage\":{\"@id\":\"https:\\\/\\\/darkamazi.info\\\/archives\\\/1032511\"},\"wordCount\":140,\"publisher\":{\"@id\":\"https:\\\/\\\/darkamazi.info\\\/#organization\"},\"image\":{\"@id\":\"https:\\\/\\\/darkamazi.info\\\/archives\\\/1032511#primaryimage\"},\"thumbnailUrl\":\"https:\\\/\\\/darkamazi.info\\\/darka-content\\\/uploads\\\/2022\\\/09\\\/turkey-army-zap-pkk-kurdistan-info.jpg\",\"keywords\":[\"sereke\"],\"articleSection\":[\"Kurdistan\"],\"inLanguage\":\"en-US\"},{\"@type\":\"WebPage\",\"@id\":\"https:\\\/\\\/darkamazi.info\\\/archives\\\/1032511\",\"url\":\"https:\\\/\\\/darkamazi.info\\\/archives\\\/1032511\",\"name\":\"Hejmara le\u015fker\u00ean Tirkiy\u00ea y\u00ean li Zap\u00ea hatine ku\u015ftin z\u00eade b\u00fb - Darka Maz\u00ee\",\"isPartOf\":{\"@id\":\"https:\\\/\\\/darkamazi.info\\\/#website\"},\"primaryImageOfPage\":{\"@id\":\"https:\\\/\\\/darkamazi.info\\\/archives\\\/1032511#primaryimage\"},\"image\":{\"@id\":\"https:\\\/\\\/darkamazi.info\\\/archives\\\/1032511#primaryimage\"},\"thumbnailUrl\":\"https:\\\/\\\/darkamazi.info\\\/darka-content\\\/uploads\\\/2022\\\/09\\\/turkey-army-zap-pkk-kurdistan-info.jpg\",\"datePublished\":\"2022-09-12T09:32:02+00:00\",\"breadcrumb\":{\"@id\":\"https:\\\/\\\/darkamazi.info\\\/archives\\\/1032511#breadcrumb\"},\"inLanguage\":\"en-US\",\"potentialAction\":[{\"@type\":\"ReadAction\",\"target\":[\"https:\\\/\\\/darkamazi.info\\\/archives\\\/1032511\"]}]},{\"@type\":\"ImageObject\",\"inLanguage\":\"en-US\",\"@id\":\"https:\\\/\\\/darkamazi.info\\\/archives\\\/1032511#primaryimage\",\"url\":\"https:\\\/\\\/darkamazi.info\\\/darka-content\\\/uploads\\\/2022\\\/09\\\/turkey-army-zap-pkk-kurdistan-info.jpg\",\"contentUrl\":\"https:\\\/\\\/darkamazi.info\\\/darka-content\\\/uploads\\\/2022\\\/09\\\/turkey-army-zap-pkk-kurdistan-info.jpg\",\"width\":900,\"height\":497,\"caption\":\"Hejmara le\u015fker\u00ean Tirkiy\u00ea y\u00ean li Zap\u00ea hatine ku\u015ftin z\u00eade b\u00fb Hejmara le\u015fker\u00ean Tirkiy\u00ea y\u00ean duh\u00ee di \u015fer\u00ea Zap\u00ea de hatib\u00fbn ku\u015ftin, gihi\u015ft 4 le\u015fkeran. Wezareta Berevaniy\u00ea ya Tirkiy\u00ea duh\u00ee Yek\u015fem\u00ea 11\\\\9\\\\2022 ragihandib, li her\u00eama Zap\u00ea di encama \u00ear\u00ee\u015feke ger\u00eelay\u00ean PKK\u00ea de du le\u015fker\u00ean wan hatib\u00fbn ku\u015ftin \u00fb 4 le\u015fker\u00ean din j\u00ee bir\u00eendar b\u00fbb\u00fbn. Hat zan\u00een ku ji bir\u00eendaran du le\u015fker\u00ean din j\u00ee can\u00ea xwe ji dest dane. Bi v\u00ee away\u00ee hejmara le\u015fker\u00ean Tirkiy\u00ea y\u00ean duh\u00ee di \u015fer\u00ea Zap\u00ea de hatine ku\u015ftin gihi\u015ft 4 le\u015fkaran. Art\u00ea\u015fa Tirkiyey\u00ea ji 18\u00ea N\u00eesan\u00ea ve li dij\u00ee PKK\u00ea li Zap\u00ea, Ava\u015f\u00een \u00fb Met\u00eenay\u00ea operasyoneke berfireh a bejah\u00ee \u00fb asiman\u00ee bi r\u00ea ve dibe.\"},{\"@type\":\"BreadcrumbList\",\"@id\":\"https:\\\/\\\/darkamazi.info\\\/archives\\\/1032511#breadcrumb\",\"itemListElement\":[{\"@type\":\"ListItem\",\"position\":1,\"name\":\"Home\",\"item\":\"https:\\\/\\\/darkamazi.info\\\/\"},{\"@type\":\"ListItem\",\"position\":2,\"name\":\"Hejmara le\u015fker\u00ean Tirkiy\u00ea y\u00ean li Zap\u00ea hatine ku\u015ftin z\u00eade b\u00fb\"}]},{\"@type\":\"WebSite\",\"@id\":\"https:\\\/\\\/darkamazi.info\\\/#website\",\"url\":\"https:\\\/\\\/darkamazi.info\\\/\",\"name\":\"Darka Maz\u00ee\",\"description\":\"P\u00eageha Zanyariy\u00ean Nebih\u00eest\u00ee\",\"publisher\":{\"@id\":\"https:\\\/\\\/darkamazi.info\\\/#organization\"},\"potentialAction\":[{\"@type\":\"SearchAction\",\"target\":{\"@type\":\"EntryPoint\",\"urlTemplate\":\"https:\\\/\\\/darkamazi.info\\\/?s={search_term_string}\"},\"query-input\":{\"@type\":\"PropertyValueSpecification\",\"valueRequired\":true,\"valueName\":\"search_term_string\"}}],\"inLanguage\":\"en-US\"},{\"@type\":\"Organization\",\"@id\":\"https:\\\/\\\/darkamazi.info\\\/#organization\",\"name\":\"Darka Maz\u00ee\",\"url\":\"https:\\\/\\\/darkamazi.info\\\/\",\"logo\":{\"@type\":\"ImageObject\",\"inLanguage\":\"en-US\",\"@id\":\"https:\\\/\\\/darkamazi.info\\\/#\\\/schema\\\/logo\\\/image\\\/\",\"url\":\"https:\\\/\\\/darkamazi.info\\\/darka-content\\\/uploads\\\/2017\\\/12\\\/darka-mazi-logo.png\",\"contentUrl\":\"https:\\\/\\\/darkamazi.info\\\/darka-content\\\/uploads\\\/2017\\\/12\\\/darka-mazi-logo.png\",\"width\":151,\"height\":75,\"caption\":\"Darka Maz\u00ee\"},\"image\":{\"@id\":\"https:\\\/\\\/darkamazi.info\\\/#\\\/schema\\\/logo\\\/image\\\/\"},\"sameAs\":[\"https:\\\/\\\/www.facebook.com\\\/DarMaziKurmanci\",\"https:\\\/\\\/x.com\\\/DarkaMaziLatini\",\"https:\\\/\\\/www.instagram.com\\\/darkamazi.kurmanci\\\/\",\"https:\\\/\\\/www.youtube.com\\\/channel\\\/UCa5HkTdmI8U1qCUFuTw8B2g\"]},{\"@type\":\"Person\",\"@id\":\"https:\\\/\\\/darkamazi.info\\\/#\\\/schema\\\/person\\\/5ad3e24553a0567993fa8ed4bd0a776c\",\"name\":\"darka mazi\",\"sameAs\":[\"https:\\\/\\\/darkamazi.info\\\/\"],\"url\":\"https:\\\/\\\/darkamazi.info\\\/archives\\\/author\\\/kurdi\"}]}<\/script>\n<!-- \/ Yoast SEO plugin. -->","seo_head_json":{"title":"Hejmara le\u015fker\u00ean Tirkiy\u00ea y\u00ean li Zap\u00ea hatine ku\u015ftin z\u00eade b\u00fb - Darka Maz\u00ee","robots":{"index":"index","follow":"follow","max-snippet":"max-snippet:-1","max-image-preview":"max-image-preview:large","max-video-preview":"max-video-preview:-1"},"canonical":"https:\/\/darkamazi.info\/archives\/1032511","og_locale":"en_US","og_type":"article","og_title":"Hejmara le\u015fker\u00ean Tirkiy\u00ea y\u00ean li Zap\u00ea hatine ku\u015ftin z\u00eade b\u00fb - Darka Maz\u00ee","og_description":"\u00a0Hejmara le\u015fker\u00ean Tirkiy\u00ea y\u00ean duh\u00ee di \u015fer\u00ea Zap\u00ea de hatib\u00fbn ku\u015ftin, gihi\u015ft 4 le\u015fkeran. Wezareta Berevaniy\u00ea ya Tirkiy\u00ea duh\u00ee Yek\u015fem\u00ea 1192022 ragihandib, li her\u00eama Zap\u00ea di encama \u00ear\u00ee\u015feke ger\u00eelay\u00ean PKK\u00ea de du le\u015fker\u00ean wan hatib\u00fbn ku\u015ftin \u00fb 4 le\u015fker\u00ean din j\u00ee bir\u00eendar b\u00fbb\u00fbn. Hat zan\u00een ku ji bir\u00eendaran du le\u015fker\u00ean din j\u00ee can\u00ea xwe ji [&hellip;]","og_url":"https:\/\/darkamazi.info\/archives\/1032511","og_site_name":"Darka Maz\u00ee","article_publisher":"https:\/\/www.facebook.com\/DarMaziKurmanci","article_published_time":"2022-09-12T09:32:02+00:00","og_image":[{"width":900,"height":497,"url":"https:\/\/darkamazi.info\/file\/2022\/09\/turkey-army-zap-pkk-kurdistan-info.jpg","type":"image\/jpeg"}],"author":"darka mazi","twitter_card":"summary_large_image","twitter_creator":"@DarkaMaziLatini","twitter_site":"@DarkaMaziLatini","twitter_misc":{"Written by":"darka mazi","Est. reading time":"1 minute"},"schema":{"@context":"https:\/\/schema.org","@graph":[{"@type":"Article","@id":"https:\/\/darkamazi.info\/archives\/1032511#article","isPartOf":{"@id":"https:\/\/darkamazi.info\/archives\/1032511"},"author":{"name":"darka mazi","@id":"https:\/\/darkamazi.info\/#\/schema\/person\/5ad3e24553a0567993fa8ed4bd0a776c"},"headline":"Hejmara le\u015fker\u00ean Tirkiy\u00ea y\u00ean li Zap\u00ea hatine ku\u015ftin z\u00eade b\u00fb","datePublished":"2022-09-12T09:32:02+00:00","mainEntityOfPage":{"@id":"https:\/\/darkamazi.info\/archives\/1032511"},"wordCount":140,"publisher":{"@id":"https:\/\/darkamazi.info\/#organization"},"image":{"@id":"https:\/\/darkamazi.info\/archives\/1032511#primaryimage"},"thumbnailUrl":"https:\/\/darkamazi.info\/file\/2022\/09\/turkey-army-zap-pkk-kurdistan-info.jpg","keywords":["sereke"],"articleSection":["Kurdistan"],"inLanguage":"en-US"},{"@type":"WebPage","@id":"https:\/\/darkamazi.info\/archives\/1032511","url":"https:\/\/darkamazi.info\/archives\/1032511","name":"Hejmara le\u015fker\u00ean Tirkiy\u00ea y\u00ean li Zap\u00ea hatine ku\u015ftin z\u00eade b\u00fb - Darka Maz\u00ee","isPartOf":{"@id":"https:\/\/darkamazi.info\/#website"},"primaryImageOfPage":{"@id":"https:\/\/darkamazi.info\/archives\/1032511#primaryimage"},"image":{"@id":"https:\/\/darkamazi.info\/archives\/1032511#primaryimage"},"thumbnailUrl":"https:\/\/darkamazi.info\/file\/2022\/09\/turkey-army-zap-pkk-kurdistan-info.jpg","datePublished":"2022-09-12T09:32:02+00:00","breadcrumb":{"@id":"https:\/\/darkamazi.info\/archives\/1032511#breadcrumb"},"inLanguage":"en-US","potentialAction":[{"@type":"ReadAction","target":["https:\/\/darkamazi.info\/archives\/1032511"]}]},{"@type":"ImageObject","inLanguage":"en-US","@id":"https:\/\/darkamazi.info\/archives\/1032511#primaryimage","url":"https:\/\/darkamazi.info\/file\/2022\/09\/turkey-army-zap-pkk-kurdistan-info.jpg","contentUrl":"https:\/\/darkamazi.info\/file\/2022\/09\/turkey-army-zap-pkk-kurdistan-info.jpg","width":900,"height":497,"caption":"Hejmara le\u015fker\u00ean Tirkiy\u00ea y\u00ean li Zap\u00ea hatine ku\u015ftin z\u00eade b\u00fb Hejmara le\u015fker\u00ean Tirkiy\u00ea y\u00ean duh\u00ee di \u015fer\u00ea Zap\u00ea de hatib\u00fbn ku\u015ftin, gihi\u015ft 4 le\u015fkeran. Wezareta Berevaniy\u00ea ya Tirkiy\u00ea duh\u00ee Yek\u015fem\u00ea 11\\9\\2022 ragihandib, li her\u00eama Zap\u00ea di encama \u00ear\u00ee\u015feke ger\u00eelay\u00ean PKK\u00ea de du le\u015fker\u00ean wan hatib\u00fbn ku\u015ftin \u00fb 4 le\u015fker\u00ean din j\u00ee bir\u00eendar b\u00fbb\u00fbn. Hat zan\u00een ku ji bir\u00eendaran du le\u015fker\u00ean din j\u00ee can\u00ea xwe ji dest dane. Bi v\u00ee away\u00ee hejmara le\u015fker\u00ean Tirkiy\u00ea y\u00ean duh\u00ee di \u015fer\u00ea Zap\u00ea de hatine ku\u015ftin gihi\u015ft 4 le\u015fkaran. Art\u00ea\u015fa Tirkiyey\u00ea ji 18\u00ea N\u00eesan\u00ea ve li dij\u00ee PKK\u00ea li Zap\u00ea, Ava\u015f\u00een \u00fb Met\u00eenay\u00ea operasyoneke berfireh a bejah\u00ee \u00fb asiman\u00ee bi r\u00ea ve dibe."},{"@type":"BreadcrumbList","@id":"https:\/\/darkamazi.info\/archives\/1032511#breadcrumb","itemListElement":[{"@type":"ListItem","position":1,"name":"Home","item":"https:\/\/darkamazi.info\/"},{"@type":"ListItem","position":2,"name":"Hejmara le\u015fker\u00ean Tirkiy\u00ea y\u00ean li Zap\u00ea hatine ku\u015ftin z\u00eade b\u00fb"}]},{"@type":"WebSite","@id":"https:\/\/darkamazi.info\/#website","url":"https:\/\/darkamazi.info\/","name":"Darka Maz\u00ee","description":"P\u00eageha Zanyariy\u00ean Nebih\u00eest\u00ee","publisher":{"@id":"https:\/\/darkamazi.info\/#organization"},"potentialAction":[{"@type":"SearchAction","target":{"@type":"EntryPoint","urlTemplate":"https:\/\/darkamazi.info\/?s={search_term_string}"},"query-input":{"@type":"PropertyValueSpecification","valueRequired":true,"valueName":"search_term_string"}}],"inLanguage":"en-US"},{"@type":"Organization","@id":"https:\/\/darkamazi.info\/#organization","name":"Darka Maz\u00ee","url":"https:\/\/darkamazi.info\/","logo":{"@type":"ImageObject","inLanguage":"en-US","@id":"https:\/\/darkamazi.info\/#\/schema\/logo\/image\/","url":"https:\/\/darkamazi.info\/file\/2017\/12\/darka-mazi-logo.png","contentUrl":"https:\/\/darkamazi.info\/file\/2017\/12\/darka-mazi-logo.png","width":151,"height":75,"caption":"Darka Maz\u00ee"},"image":{"@id":"https:\/\/darkamazi.info\/#\/schema\/logo\/image\/"},"sameAs":["https:\/\/www.facebook.com\/DarMaziKurmanci","https:\/\/x.com\/DarkaMaziLatini","https:\/\/www.instagram.com\/darkamazi.kurmanci\/","https:\/\/www.youtube.com\/channel\/UCa5HkTdmI8U1qCUFuTw8B2g"]},{"@type":"Person","@id":"https:\/\/darkamazi.info\/#\/schema\/person\/5ad3e24553a0567993fa8ed4bd0a776c","name":"darka mazi","sameAs":["https:\/\/darkamazi.info\/"],"url":"https:\/\/darkamazi.info\/archives\/author\/kurdi"}]}},"_links":{"self":[{"href":"https:\/\/darkamazi.info\/funavuv\/wp\/v2\/posts\/1032511","targetHints":{"allow":["GET"]}}],"collection":[{"href":"https:\/\/darkamazi.info\/funavuv\/wp\/v2\/posts"}],"about":[{"href":"https:\/\/darkamazi.info\/funavuv\/wp\/v2\/types\/post"}],"author":[{"embeddable":true,"href":"https:\/\/darkamazi.info\/funavuv\/wp\/v2\/users\/2"}],"replies":[{"embeddable":true,"href":"https:\/\/darkamazi.info\/funavuv\/wp\/v2\/comments?post=1032511"}],"version-history":[{"count":0,"href":"https:\/\/darkamazi.info\/funavuv\/wp\/v2\/posts\/1032511\/revisions"}],"wp:featuredmedia":[{"embeddable":true,"href":"https:\/\/darkamazi.info\/funavuv\/wp\/v2\/media\/1032512"}],"wp:attachment":[{"href":"https:\/\/darkamazi.info\/funavuv\/wp\/v2\/media?parent=1032511"}],"wp:term":[{"taxonomy":"category","embeddable":true,"href":"https:\/\/darkamazi.info\/funavuv\/wp\/v2\/categories?post=1032511"},{"taxonomy":"post_tag","embeddable":true,"href":"https:\/\/darkamazi.info\/funavuv\/wp\/v2\/tags?post=1032511"}],"curies":[{"name":"wp","href":"https:\/\/api.w.org\/{rel}","templated":true}]}}