{"id":1032517,"date":"2022-09-12T18:28:10","date_gmt":"2022-09-12T15:28:10","guid":{"rendered":"https:\/\/darkamazi.info\/?p=1032517"},"modified":"2022-09-12T18:30:10","modified_gmt":"2022-09-12T15:30:10","slug":"heval-ali-neriye-vileyen-same-yan-baze-ciyayen-kurdistane","status":"publish","type":"post","link":"https:\/\/darkamazi.info\/archives\/1032517","title":{"rendered":"Heval Ali.. N\u00ear\u00eey\u00ea v\u00eeley\u00ean \u015eam\u00ea yan Baz\u00ea \u00e7iyay\u00ean Kurdistan\u00ea?!"},"content":{"rendered":"<h3><span style=\"font-family: 'arial black', sans-serif;color: #0000ff\">Memet M\u00eard\u00een\u00ee<\/span><\/h3>\n<h3 style=\"text-align: justify\"><span style=\"font-family: 'arial black', sans-serif\">D\u00eeroka netew\u00ean bindest \u00eespat kiriye ku ger girtiyek\u00ee siyas\u00ee di zindan\u00ea de li ber xwe nede, ji bo raz\u00eekirina dijmin \u00fb parastina can\u00ea xwe d\u00ea gelek ti\u015ft\u00ean ne rast b\u00eaje \u00fb encam bide. Ocalan ku di sala 1973&#8217;an de 7 mehan di girt\u00eegeh\u00ean Tirkiy\u00ea de ma, diyar kir ku pi\u015ft\u00ee azadb\u00fbna xwe ew\u00ea hewl bide bi ti awa careke din nekeve zindan\u00ea, ev j\u00ee ne axaftineke ku kesek\u00ee niv\u00ees\u00eebe yan gotibe, belku Ocalan bi xwe di pirt\u00fbk\u00ean xwe de niv\u00eesandiye \u00fb bi \u015fanaz\u00eekirin vedib\u00eaje.<\/span><\/h3>\n<h3 style=\"text-align: justify\">Li virr ev pirs t\u00ea b\u00eera mirov, gelo ger kesek bizanibe rew\u015fa di zindanan de \u00e7i qas nexwe\u015f \u00fb dijware, \u00fb v\u00ea yek\u00ea lay\u00eeq\u00ea xwe neb\u00eene, \u00e7ima ber\u00ea bi hezaran wilatpar\u00eaz\u00ean kurd da zindan\u00ean Tirkiy\u00ea \u00fb pi\u015ftre li ser ked \u00fb xebata wan zindaniyan xwe kir leheng, bi awayek\u00ee ku niha partiya Ocalan berxwedana her z\u00eendaniyek\u00ee di zindan\u00ean Tirkiy\u00ea de, hetta zindaniy\u00ean destp\u00eak\u00ea j\u00ee bi Ocalan ve gir\u00ea dide \u00fb wusa n\u00ee\u015fan dide ku bi ruha berxwedana Ocalan li ber xwe didin! Di demek\u00ee de ku Ocalan ne li K\u00eenyay\u00ea li dema hatiye girtin, ne di balefr\u00ea de dema veger\u00een bo Tirkiy\u00ea \u00fb nej\u00ee li \u00cemraliy\u00ea ti berxwedan nekiriye, belku berevaj\u00ee bi tevah\u00ee tesl\u00eem\u00ee dewlet\u00ea b\u00fbye \u00fb b\u00fbye kesek \u00eet\u00eeraf\u00e7\u00ee \u00fb xizmeta dewleta Tirkiy\u00ea dike.<\/h3>\n<h3 style=\"text-align: justify\">Ocalan dikar\u00eeb\u00fb \u015f\u00fbna li hin dewletan bigere \u00fb pi\u015ft re bi zel\u00eel\u00ee vegere Tirkiyey\u00ea, bi\u00e7e \u00e7iyay\u00ean as\u00ea y\u00ean Kurdistan\u00ea \u00fb weke tev ger\u00eela \u00fb heval\u00ean xwe y\u00ean din di \u00e7iyay\u00ean as\u00ea \u00fb blind y\u00ean Kurdistan\u00ea xwe bipar\u00eaze, l\u00ea ji bo kesek\u00ee ku bi dev\u00ea xwe \u00eet\u00eeraf\u00ea dike dema 12 salan bi \u00eemkaniyat\u00ean m\u00eeta Tirkiyey\u00ea \u00fb bi derfet\u00ean dewleta tirk xwe p\u00eagihandiye, pirr zehmete bikare li \u00e7iyay\u00ean as\u00ea de jiyan bike. Ocalan ti car\u00ee f\u00ear\u00ee jiyana \u00e7iya neb\u00fbye, ew f\u00ear\u00ee jiyana loksa di nava v\u00eela \u00fb heb\u00fbna hin jin\u00ean bedew li derdora xwe b\u00fb, loma raz\u00ee neb\u00fb bi\u00e7e \u00e7iyay\u00ean Kurdistan\u00ea \u00fb li wir xebat\u00ea bike.<\/h3>\n<h3 style=\"text-align: justify\">Li ser v\u00ea yek\u00ea ku \u00c7ima Ocalan dema ji S\u00fbryay\u00ea derdikeve na\u00e7e \u00e7iyay\u00ean Kurdistan\u00ea, di pirt\u00fbka xwe ya bi nav\u00ea &#8220;Man\u00eefestoya \u015earistaniyeta Demokrat\u00eek&#8221; be\u015fa yek\u00ea, r\u00fbpela 49an de dib\u00eaje, &#8220;ger bihata \u00fb ez bi\u00e7\u00fbbam \u00e7iya, misoger w\u00ea dem\u00ea dewleta Tirkiy\u00ea da bi tev \u00e7ek\u00ean di dest\u00ea xwe de \u00ear\u00ee\u015f\u00ee w\u00ea der\u00ea bike, ev j\u00ee ji aliyek\u00ee da bibe sedem \u00ear\u00ee\u015f li ser Kurdistan\u00ea bihatiba kirin \u00fb ji aliyek\u00ee din j\u00ee da heval\u00ean me rast\u00ee z\u00eeyanek her\u00ee mezin werin&#8221;.<\/h3>\n<h3 style=\"text-align: justify\">Pirsa li virr j\u00ee ser hil dide eve, gelo ger Ocalan dizane li her dera ew \u00fb \u00e7ekdar\u00ean w\u00ee hebin, ew c\u00ee w\u00ea were w\u00earankirin, \u00e7ima pi\u015ft\u00ee hatiye girtin, ferman bi \u00e7ekdar\u00ean xwe da ku bi\u00e7in \u00e7iyay\u00ean Ba\u015f\u00fbr\u00ea Kurdistan\u00ea? Helbet berisva v\u00ea pirs\u00ea pirr h\u00easane, ji ber ku Ocalan dixwest Ba\u015f\u00fbr\u00ea Kurdistan\u00ea di demek\u00ee de ku ne qada xebata w\u00ee \u00fb partiya w\u00ee b\u00fb j\u00ee, bibe qada \u015ferek\u00ee sexte, bi awayek\u00ee ku pi\u015ft\u00ee azadkirina ba\u015f\u00fbr ji aliy\u00ea part\u00ee \u00fb gel\u00ea ba\u015f\u00fbr ve j\u00ee hertim ev per\u00e7eya azada Kurdistan\u00ea di \u015fer \u00fb aloziyan de bim\u00eene.<\/h3>\n<h3 style=\"text-align: justify\">Her weha Ocalan di v\u00ea pirt\u00fbk\u00ea de d\u00eesa dib\u00eaje, &#8220;ger bihata \u00fb ez bi\u00e7\u00fbbam \u00e7iya, w\u00ea dem\u00ea dewleta Tirkiy\u00ea da me li \u00e7iya dorp\u00ea\u00e7 bike \u00fb t\u00eakiliy\u00ean me y\u00ean bi c\u00eehana derve da h\u00ean s\u00eenordarkirin.&#8221; her kes dizane ev axaftina Ocalan ji xeyn\u00ee behaneyek b\u00ea wate ti ti\u015ftek din n\u00eene, bi dir\u00eajahiya d\u00eerok\u00ea piraniya \u015fore\u015fger\u00ean kurdan li \u00e7iya jiyan kirine, \u015fore\u015f\u00ean her\u00ee mezin bir\u00eave birine \u00fb hertim t\u00eakil\u00ee bi c\u00eehana derve j\u00ee heb\u00fbye. Ji boy derewandina v\u00ea axaftina Ocalan, mirov dikare v\u00ea pirs\u00ea bike, gelo ma tu bi awayek\u00ee azadane li \u00e7iyay\u00ean Kurdistan\u00ea bay, tev am\u00fbr\u00ean serdem y\u00ean p\u00eawendiy\u00ea di bin dest\u00ea te de ban, bi awayek\u00ee azadane tevgeriyabay \u00fb biryar dabane da p\u00eatir \u00fb h\u00easantir kar\u00ee t\u00eakiliyan bi c\u00eehana derve \u00e7\u00eak\u00ee yanj\u00ee di hotela bi nav\u00ea &#8220;zindana \u00cemraliy\u00ea de&#8221;?<\/h3>\n<h3 style=\"text-align: justify\">Ji boy kesek\u00ee ku bixwaze rastiy\u00ea f\u00eam bike, ji boy kesek\u00ee ku mej\u00eek\u00ea w\u00ee ji aliy\u00ea PKK\u2019\u00ea nehatbe \u015f\u00fb\u015ftin, ev \u00e7end r\u00eaz\u00ean niv\u00ees\u00ea besin ku f\u00eam bike, Ocalan \u00fb Partiya w\u00ee bi ten\u00ea ji boy yek armanc hatine \u00e7\u00eakirin, ew armanc j\u00ee jib\u00eer birina dewleta kurd\u00ee, dijat\u00eekirina kevne\u015fopiya Barzaniy\u00ea nemir, t\u00eakdana Kurdistana azad \u00fb bi ku\u015ftindana z\u00eadetir a wilatpar\u00eaz\u00ean kurd e.<\/h3>\n","protected":false},"excerpt":{"rendered":"<p>Memet M\u00eard\u00een\u00ee D\u00eeroka netew\u00ean bindest \u00eespat kiriye ku ger girtiyek\u00ee siyas\u00ee di zindan\u00ea de li ber xwe nede, ji bo raz\u00eekirina dijmin \u00fb parastina can\u00ea xwe d\u00ea gelek ti\u015ft\u00ean ne rast b\u00eaje \u00fb encam bide. Ocalan ku di sala 1973&#8217;an de 7 mehan di girt\u00eegeh\u00ean Tirkiy\u00ea de ma, diyar kir ku pi\u015ft\u00ee azadb\u00fbna xwe ew\u00ea [&hellip;]<\/p>\n","protected":false},"author":2,"featured_media":1032518,"comment_status":"closed","ping_status":"closed","sticky":false,"template":"","format":"standard","meta":{"footnotes":""},"categories":[28],"tags":[37],"class_list":["post-1032517","post","type-post","status-publish","format-standard","has-post-thumbnail","hentry","category-nerin","tag-sereke"],"blocksy_meta":[],"seo_head":"<!-- This site is optimized with the Yoast SEO plugin v27.5 - https:\/\/yoast.com\/product\/yoast-seo-wordpress\/ -->\n<title>Heval Ali.. N\u00ear\u00eey\u00ea v\u00eeley\u00ean \u015eam\u00ea yan Baz\u00ea \u00e7iyay\u00ean Kurdistan\u00ea?! - Darka Maz\u00ee<\/title>\n<meta name=\"robots\" content=\"index, follow, max-snippet:-1, max-image-preview:large, max-video-preview:-1\" \/>\n<link rel=\"canonical\" href=\"https:\/\/darkamazi.info\/archives\/1032517\" \/>\n<meta property=\"og:locale\" content=\"en_US\" \/>\n<meta property=\"og:type\" content=\"article\" \/>\n<meta property=\"og:title\" content=\"Heval Ali.. N\u00ear\u00eey\u00ea v\u00eeley\u00ean \u015eam\u00ea yan Baz\u00ea \u00e7iyay\u00ean Kurdistan\u00ea?! - Darka Maz\u00ee\" \/>\n<meta property=\"og:description\" content=\"Memet M\u00eard\u00een\u00ee D\u00eeroka netew\u00ean bindest \u00eespat kiriye ku ger girtiyek\u00ee siyas\u00ee di zindan\u00ea de li ber xwe nede, ji bo raz\u00eekirina dijmin \u00fb parastina can\u00ea xwe d\u00ea gelek ti\u015ft\u00ean ne rast b\u00eaje \u00fb encam bide. Ocalan ku di sala 1973&#8217;an de 7 mehan di girt\u00eegeh\u00ean Tirkiy\u00ea de ma, diyar kir ku pi\u015ft\u00ee azadb\u00fbna xwe ew\u00ea [&hellip;]\" \/>\n<meta property=\"og:url\" content=\"https:\/\/darkamazi.info\/archives\/1032517\" \/>\n<meta property=\"og:site_name\" content=\"Darka Maz\u00ee\" \/>\n<meta property=\"article:publisher\" content=\"https:\/\/www.facebook.com\/DarMaziKurmanci\" \/>\n<meta property=\"article:published_time\" content=\"2022-09-12T15:28:10+00:00\" \/>\n<meta property=\"article:modified_time\" content=\"2022-09-12T15:30:10+00:00\" \/>\n<meta property=\"og:image\" content=\"https:\/\/darkamazi.info\/file\/2022\/09\/info.jpg\" \/>\n\t<meta property=\"og:image:width\" content=\"900\" \/>\n\t<meta property=\"og:image:height\" content=\"497\" \/>\n\t<meta property=\"og:image:type\" content=\"image\/jpeg\" \/>\n<meta name=\"author\" content=\"darka mazi\" \/>\n<meta name=\"twitter:card\" content=\"summary_large_image\" \/>\n<meta name=\"twitter:creator\" content=\"@DarkaMaziLatini\" \/>\n<meta name=\"twitter:site\" content=\"@DarkaMaziLatini\" \/>\n<meta name=\"twitter:label1\" content=\"Written by\" \/>\n\t<meta name=\"twitter:data1\" content=\"darka mazi\" \/>\n\t<meta name=\"twitter:label2\" content=\"Est. reading time\" \/>\n\t<meta name=\"twitter:data2\" content=\"3 minutes\" \/>\n<script type=\"application\/ld+json\" class=\"seo-schema-graph\">{\"@context\":\"https:\\\/\\\/schema.org\",\"@graph\":[{\"@type\":\"Article\",\"@id\":\"https:\\\/\\\/darkamazi.info\\\/archives\\\/1032517#article\",\"isPartOf\":{\"@id\":\"https:\\\/\\\/darkamazi.info\\\/archives\\\/1032517\"},\"author\":{\"name\":\"darka mazi\",\"@id\":\"https:\\\/\\\/darkamazi.info\\\/#\\\/schema\\\/person\\\/5ad3e24553a0567993fa8ed4bd0a776c\"},\"headline\":\"Heval Ali.. N\u00ear\u00eey\u00ea v\u00eeley\u00ean \u015eam\u00ea yan Baz\u00ea \u00e7iyay\u00ean Kurdistan\u00ea?!\",\"datePublished\":\"2022-09-12T15:28:10+00:00\",\"dateModified\":\"2022-09-12T15:30:10+00:00\",\"mainEntityOfPage\":{\"@id\":\"https:\\\/\\\/darkamazi.info\\\/archives\\\/1032517\"},\"wordCount\":794,\"publisher\":{\"@id\":\"https:\\\/\\\/darkamazi.info\\\/#organization\"},\"image\":{\"@id\":\"https:\\\/\\\/darkamazi.info\\\/archives\\\/1032517#primaryimage\"},\"thumbnailUrl\":\"https:\\\/\\\/darkamazi.info\\\/darka-content\\\/uploads\\\/2022\\\/09\\\/info.jpg\",\"keywords\":[\"sereke\"],\"articleSection\":[\"Ner\u00een\"],\"inLanguage\":\"en-US\"},{\"@type\":\"WebPage\",\"@id\":\"https:\\\/\\\/darkamazi.info\\\/archives\\\/1032517\",\"url\":\"https:\\\/\\\/darkamazi.info\\\/archives\\\/1032517\",\"name\":\"Heval Ali.. N\u00ear\u00eey\u00ea v\u00eeley\u00ean \u015eam\u00ea yan Baz\u00ea \u00e7iyay\u00ean Kurdistan\u00ea?! - Darka Maz\u00ee\",\"isPartOf\":{\"@id\":\"https:\\\/\\\/darkamazi.info\\\/#website\"},\"primaryImageOfPage\":{\"@id\":\"https:\\\/\\\/darkamazi.info\\\/archives\\\/1032517#primaryimage\"},\"image\":{\"@id\":\"https:\\\/\\\/darkamazi.info\\\/archives\\\/1032517#primaryimage\"},\"thumbnailUrl\":\"https:\\\/\\\/darkamazi.info\\\/darka-content\\\/uploads\\\/2022\\\/09\\\/info.jpg\",\"datePublished\":\"2022-09-12T15:28:10+00:00\",\"dateModified\":\"2022-09-12T15:30:10+00:00\",\"breadcrumb\":{\"@id\":\"https:\\\/\\\/darkamazi.info\\\/archives\\\/1032517#breadcrumb\"},\"inLanguage\":\"en-US\",\"potentialAction\":[{\"@type\":\"ReadAction\",\"target\":[\"https:\\\/\\\/darkamazi.info\\\/archives\\\/1032517\"]}]},{\"@type\":\"ImageObject\",\"inLanguage\":\"en-US\",\"@id\":\"https:\\\/\\\/darkamazi.info\\\/archives\\\/1032517#primaryimage\",\"url\":\"https:\\\/\\\/darkamazi.info\\\/darka-content\\\/uploads\\\/2022\\\/09\\\/info.jpg\",\"contentUrl\":\"https:\\\/\\\/darkamazi.info\\\/darka-content\\\/uploads\\\/2022\\\/09\\\/info.jpg\",\"width\":900,\"height\":497,\"caption\":\"Heval Ali.. N\u00eariy\u00ea v\u00eeley\u00ean \u015eam\u00ea yan Baz\u00ea \u00e7iyay\u00ean Kurdistan\u00ea?!\"},{\"@type\":\"BreadcrumbList\",\"@id\":\"https:\\\/\\\/darkamazi.info\\\/archives\\\/1032517#breadcrumb\",\"itemListElement\":[{\"@type\":\"ListItem\",\"position\":1,\"name\":\"Home\",\"item\":\"https:\\\/\\\/darkamazi.info\\\/\"},{\"@type\":\"ListItem\",\"position\":2,\"name\":\"Heval Ali.. N\u00ear\u00eey\u00ea v\u00eeley\u00ean \u015eam\u00ea yan Baz\u00ea \u00e7iyay\u00ean Kurdistan\u00ea?!\"}]},{\"@type\":\"WebSite\",\"@id\":\"https:\\\/\\\/darkamazi.info\\\/#website\",\"url\":\"https:\\\/\\\/darkamazi.info\\\/\",\"name\":\"Darka Maz\u00ee\",\"description\":\"P\u00eageha Zanyariy\u00ean Nebih\u00eest\u00ee\",\"publisher\":{\"@id\":\"https:\\\/\\\/darkamazi.info\\\/#organization\"},\"potentialAction\":[{\"@type\":\"SearchAction\",\"target\":{\"@type\":\"EntryPoint\",\"urlTemplate\":\"https:\\\/\\\/darkamazi.info\\\/?s={search_term_string}\"},\"query-input\":{\"@type\":\"PropertyValueSpecification\",\"valueRequired\":true,\"valueName\":\"search_term_string\"}}],\"inLanguage\":\"en-US\"},{\"@type\":\"Organization\",\"@id\":\"https:\\\/\\\/darkamazi.info\\\/#organization\",\"name\":\"Darka Maz\u00ee\",\"url\":\"https:\\\/\\\/darkamazi.info\\\/\",\"logo\":{\"@type\":\"ImageObject\",\"inLanguage\":\"en-US\",\"@id\":\"https:\\\/\\\/darkamazi.info\\\/#\\\/schema\\\/logo\\\/image\\\/\",\"url\":\"https:\\\/\\\/darkamazi.info\\\/darka-content\\\/uploads\\\/2017\\\/12\\\/darka-mazi-logo.png\",\"contentUrl\":\"https:\\\/\\\/darkamazi.info\\\/darka-content\\\/uploads\\\/2017\\\/12\\\/darka-mazi-logo.png\",\"width\":151,\"height\":75,\"caption\":\"Darka Maz\u00ee\"},\"image\":{\"@id\":\"https:\\\/\\\/darkamazi.info\\\/#\\\/schema\\\/logo\\\/image\\\/\"},\"sameAs\":[\"https:\\\/\\\/www.facebook.com\\\/DarMaziKurmanci\",\"https:\\\/\\\/x.com\\\/DarkaMaziLatini\",\"https:\\\/\\\/www.instagram.com\\\/darkamazi.kurmanci\\\/\",\"https:\\\/\\\/www.youtube.com\\\/channel\\\/UCa5HkTdmI8U1qCUFuTw8B2g\"]},{\"@type\":\"Person\",\"@id\":\"https:\\\/\\\/darkamazi.info\\\/#\\\/schema\\\/person\\\/5ad3e24553a0567993fa8ed4bd0a776c\",\"name\":\"darka mazi\",\"sameAs\":[\"https:\\\/\\\/darkamazi.info\\\/\"],\"url\":\"https:\\\/\\\/darkamazi.info\\\/archives\\\/author\\\/kurdi\"}]}<\/script>\n<!-- \/ Yoast SEO plugin. -->","seo_head_json":{"title":"Heval Ali.. N\u00ear\u00eey\u00ea v\u00eeley\u00ean \u015eam\u00ea yan Baz\u00ea \u00e7iyay\u00ean Kurdistan\u00ea?! - Darka Maz\u00ee","robots":{"index":"index","follow":"follow","max-snippet":"max-snippet:-1","max-image-preview":"max-image-preview:large","max-video-preview":"max-video-preview:-1"},"canonical":"https:\/\/darkamazi.info\/archives\/1032517","og_locale":"en_US","og_type":"article","og_title":"Heval Ali.. N\u00ear\u00eey\u00ea v\u00eeley\u00ean \u015eam\u00ea yan Baz\u00ea \u00e7iyay\u00ean Kurdistan\u00ea?! - Darka Maz\u00ee","og_description":"Memet M\u00eard\u00een\u00ee D\u00eeroka netew\u00ean bindest \u00eespat kiriye ku ger girtiyek\u00ee siyas\u00ee di zindan\u00ea de li ber xwe nede, ji bo raz\u00eekirina dijmin \u00fb parastina can\u00ea xwe d\u00ea gelek ti\u015ft\u00ean ne rast b\u00eaje \u00fb encam bide. Ocalan ku di sala 1973&#8217;an de 7 mehan di girt\u00eegeh\u00ean Tirkiy\u00ea de ma, diyar kir ku pi\u015ft\u00ee azadb\u00fbna xwe ew\u00ea [&hellip;]","og_url":"https:\/\/darkamazi.info\/archives\/1032517","og_site_name":"Darka Maz\u00ee","article_publisher":"https:\/\/www.facebook.com\/DarMaziKurmanci","article_published_time":"2022-09-12T15:28:10+00:00","article_modified_time":"2022-09-12T15:30:10+00:00","og_image":[{"width":900,"height":497,"url":"https:\/\/darkamazi.info\/file\/2022\/09\/info.jpg","type":"image\/jpeg"}],"author":"darka mazi","twitter_card":"summary_large_image","twitter_creator":"@DarkaMaziLatini","twitter_site":"@DarkaMaziLatini","twitter_misc":{"Written by":"darka mazi","Est. reading time":"3 minutes"},"schema":{"@context":"https:\/\/schema.org","@graph":[{"@type":"Article","@id":"https:\/\/darkamazi.info\/archives\/1032517#article","isPartOf":{"@id":"https:\/\/darkamazi.info\/archives\/1032517"},"author":{"name":"darka mazi","@id":"https:\/\/darkamazi.info\/#\/schema\/person\/5ad3e24553a0567993fa8ed4bd0a776c"},"headline":"Heval Ali.. N\u00ear\u00eey\u00ea v\u00eeley\u00ean \u015eam\u00ea yan Baz\u00ea \u00e7iyay\u00ean Kurdistan\u00ea?!","datePublished":"2022-09-12T15:28:10+00:00","dateModified":"2022-09-12T15:30:10+00:00","mainEntityOfPage":{"@id":"https:\/\/darkamazi.info\/archives\/1032517"},"wordCount":794,"publisher":{"@id":"https:\/\/darkamazi.info\/#organization"},"image":{"@id":"https:\/\/darkamazi.info\/archives\/1032517#primaryimage"},"thumbnailUrl":"https:\/\/darkamazi.info\/file\/2022\/09\/info.jpg","keywords":["sereke"],"articleSection":["Ner\u00een"],"inLanguage":"en-US"},{"@type":"WebPage","@id":"https:\/\/darkamazi.info\/archives\/1032517","url":"https:\/\/darkamazi.info\/archives\/1032517","name":"Heval Ali.. N\u00ear\u00eey\u00ea v\u00eeley\u00ean \u015eam\u00ea yan Baz\u00ea \u00e7iyay\u00ean Kurdistan\u00ea?! - Darka Maz\u00ee","isPartOf":{"@id":"https:\/\/darkamazi.info\/#website"},"primaryImageOfPage":{"@id":"https:\/\/darkamazi.info\/archives\/1032517#primaryimage"},"image":{"@id":"https:\/\/darkamazi.info\/archives\/1032517#primaryimage"},"thumbnailUrl":"https:\/\/darkamazi.info\/file\/2022\/09\/info.jpg","datePublished":"2022-09-12T15:28:10+00:00","dateModified":"2022-09-12T15:30:10+00:00","breadcrumb":{"@id":"https:\/\/darkamazi.info\/archives\/1032517#breadcrumb"},"inLanguage":"en-US","potentialAction":[{"@type":"ReadAction","target":["https:\/\/darkamazi.info\/archives\/1032517"]}]},{"@type":"ImageObject","inLanguage":"en-US","@id":"https:\/\/darkamazi.info\/archives\/1032517#primaryimage","url":"https:\/\/darkamazi.info\/file\/2022\/09\/info.jpg","contentUrl":"https:\/\/darkamazi.info\/file\/2022\/09\/info.jpg","width":900,"height":497,"caption":"Heval Ali.. N\u00eariy\u00ea v\u00eeley\u00ean \u015eam\u00ea yan Baz\u00ea \u00e7iyay\u00ean Kurdistan\u00ea?!"},{"@type":"BreadcrumbList","@id":"https:\/\/darkamazi.info\/archives\/1032517#breadcrumb","itemListElement":[{"@type":"ListItem","position":1,"name":"Home","item":"https:\/\/darkamazi.info\/"},{"@type":"ListItem","position":2,"name":"Heval Ali.. N\u00ear\u00eey\u00ea v\u00eeley\u00ean \u015eam\u00ea yan Baz\u00ea \u00e7iyay\u00ean Kurdistan\u00ea?!"}]},{"@type":"WebSite","@id":"https:\/\/darkamazi.info\/#website","url":"https:\/\/darkamazi.info\/","name":"Darka Maz\u00ee","description":"P\u00eageha Zanyariy\u00ean Nebih\u00eest\u00ee","publisher":{"@id":"https:\/\/darkamazi.info\/#organization"},"potentialAction":[{"@type":"SearchAction","target":{"@type":"EntryPoint","urlTemplate":"https:\/\/darkamazi.info\/?s={search_term_string}"},"query-input":{"@type":"PropertyValueSpecification","valueRequired":true,"valueName":"search_term_string"}}],"inLanguage":"en-US"},{"@type":"Organization","@id":"https:\/\/darkamazi.info\/#organization","name":"Darka Maz\u00ee","url":"https:\/\/darkamazi.info\/","logo":{"@type":"ImageObject","inLanguage":"en-US","@id":"https:\/\/darkamazi.info\/#\/schema\/logo\/image\/","url":"https:\/\/darkamazi.info\/file\/2017\/12\/darka-mazi-logo.png","contentUrl":"https:\/\/darkamazi.info\/file\/2017\/12\/darka-mazi-logo.png","width":151,"height":75,"caption":"Darka Maz\u00ee"},"image":{"@id":"https:\/\/darkamazi.info\/#\/schema\/logo\/image\/"},"sameAs":["https:\/\/www.facebook.com\/DarMaziKurmanci","https:\/\/x.com\/DarkaMaziLatini","https:\/\/www.instagram.com\/darkamazi.kurmanci\/","https:\/\/www.youtube.com\/channel\/UCa5HkTdmI8U1qCUFuTw8B2g"]},{"@type":"Person","@id":"https:\/\/darkamazi.info\/#\/schema\/person\/5ad3e24553a0567993fa8ed4bd0a776c","name":"darka mazi","sameAs":["https:\/\/darkamazi.info\/"],"url":"https:\/\/darkamazi.info\/archives\/author\/kurdi"}]}},"_links":{"self":[{"href":"https:\/\/darkamazi.info\/funavuv\/wp\/v2\/posts\/1032517","targetHints":{"allow":["GET"]}}],"collection":[{"href":"https:\/\/darkamazi.info\/funavuv\/wp\/v2\/posts"}],"about":[{"href":"https:\/\/darkamazi.info\/funavuv\/wp\/v2\/types\/post"}],"author":[{"embeddable":true,"href":"https:\/\/darkamazi.info\/funavuv\/wp\/v2\/users\/2"}],"replies":[{"embeddable":true,"href":"https:\/\/darkamazi.info\/funavuv\/wp\/v2\/comments?post=1032517"}],"version-history":[{"count":0,"href":"https:\/\/darkamazi.info\/funavuv\/wp\/v2\/posts\/1032517\/revisions"}],"wp:featuredmedia":[{"embeddable":true,"href":"https:\/\/darkamazi.info\/funavuv\/wp\/v2\/media\/1032518"}],"wp:attachment":[{"href":"https:\/\/darkamazi.info\/funavuv\/wp\/v2\/media?parent=1032517"}],"wp:term":[{"taxonomy":"category","embeddable":true,"href":"https:\/\/darkamazi.info\/funavuv\/wp\/v2\/categories?post=1032517"},{"taxonomy":"post_tag","embeddable":true,"href":"https:\/\/darkamazi.info\/funavuv\/wp\/v2\/tags?post=1032517"}],"curies":[{"name":"wp","href":"https:\/\/api.w.org\/{rel}","templated":true}]}}