{"id":1032533,"date":"2022-09-13T12:03:09","date_gmt":"2022-09-13T09:03:09","guid":{"rendered":"https:\/\/darkamazi.info\/?p=1032533"},"modified":"2022-09-13T12:03:09","modified_gmt":"2022-09-13T09:03:09","slug":"li-sinore-azerbaycan-u-ermenistane-ser-destpe-kir","status":"publish","type":"post","link":"https:\/\/darkamazi.info\/archives\/1032533","title":{"rendered":"Li s\u00eenor\u00ea Azerbaycan \u00fb Ermen\u00eestan\u00ea \u015fer destp\u00ea kir"},"content":{"rendered":"<h3 style=\"text-align: justify\"><span style=\"font-family: 'arial black', sans-serif\">Hat ragehandin li s\u00eenor\u00ea Azerbaycan \u00fb Ermen\u00eestan\u00ea \u015fer di navbera h\u00eaz\u00ean le\u015fker\u00ee y\u00ean herdu dewletan de destp\u00ea kiriye. Herdu al\u00ee j\u00ee hevdu tewanbar dikin.<\/span><\/h3>\n<h3 style=\"text-align: justify\">\u00cero 13.09.2022y\u00ea Wezareta Berevaniya Azerbaycan\u00ea ragehand, di encama z\u00eadegav\u00ee \u00fb tehr\u00eek\u00ean Ermen\u00eestan\u00ea de li s\u00eenor \u015fer destp\u00ea kiriye. Wezareta Berevaniya Azerbaycan\u00ea derbar\u00ea \u00eeday\u00ean ku c\u00eeh\u00ean siv\u00eel \u00fb j\u00earxana Ermen\u00eestan\u00ea kirine armanc j\u00ee red kir.<\/h3>\n<h3 style=\"text-align: justify\">Ji aliy\u00ea din ve Serokwez\u00eer\u00ea Ermen\u00eestan\u00ea Nikol Pa\u015finyan j\u00ee li gel Serok\u00ea R\u00fbsyay\u00ea Vladimir Putin \u00fb Serokomar\u00ea Fransay\u00ea Emmanuel Macron p\u00eawendiyek\u00ee telefon\u00ee p\u00eakan\u00ee.<\/h3>\n<h3 style=\"text-align: justify\">Li s\u00eenor\u00ea Azerbaycan \u00fb Ermen\u00eestan\u00ea di navbera h\u00eaz\u00ean le\u015fker\u00ee y\u00ean herdu welatan de pev\u00e7\u00fbn\u00ean tund derketin \u00fb t\u00ea gotin pi\u015ft\u00ee \u015fer\u00ea duyem \u00ea Karabax\u00ea ev \u015fer di navbera Ermen\u00eestan \u00fb Azerbaycan\u00ea de \u015fer\u00ea her\u00ee mezin e.<\/h3>\n<h3 style=\"text-align: justify\">Wezareta Berevaniya Azerbaycan\u00ea ragehand, art\u00ea\u015fa Ermen\u00eestan\u00ea duh bi \u015fev ber bi nav\u00e7ey\u00ean Da\u015fkesen, Kelbej\u00ear \u00fb La\u00e7\u00een\u00ea ve hewldan\u00ean provakat\u00eef ango tehr\u00eek\u00ea p\u00eakan\u00eene.<\/h3>\n<h3 style=\"text-align: justify\">Wezareta Berevaniya Azerbaycan\u00ea got, h\u00eaz\u00ean \u00e7ekdar\u00ean Ermen\u00eestan\u00ea bi hin gruban ve di navbera \u00e7eper\u00ean art\u00ea\u015fa Azerbaycan\u00ea de m\u00een dan\u00eene \u00fb dema yek\u00eeney\u00ean Azerbaycan\u00ea j\u00ee hewl daye p\u00ea\u015f\u00ee li wan bigre pev\u00e7\u00fbn destp\u00ea kirine.<\/h3>\n<h3 style=\"text-align: justify\">Ji aliy\u00ea din ve Serokwez\u00eer\u00ea Ermen\u00eestan\u00ea Nikol Pa\u015f\u00eenyan, li gel Serok\u00ea R\u00fbsyay\u00ea Vladimir Put\u00een \u00fb Serokomar\u00ea Fransay\u00ea Emmanuel Macron p\u00eawendiyek\u00ee telefon\u00ee p\u00eakan\u00ee.<\/h3>\n<h3 style=\"text-align: justify\">Li gor daxuyaniya hik\u00fbmeta Ermen\u00eestan\u00ea Pa\u015f\u00eenyan li gel herdu serokan bi telefon\u00ea rew\u015fa pev\u00e7\u00fbn\u00ean daw\u00ee got\u00fbb\u00eaj kiriye \u00fb derbar\u00ea rew\u015f\u00ea de j\u00ee n\u00eegeraniy\u00ean xwe aniye ziman. Serokomar\u00ea Fransay\u00ea Macron j\u00ee ragehandiye, nabe tengezar\u00ee z\u00eade bibe \u00fb div\u00ea rew\u015f b\u00ea aram kirin.<\/h3>\n<h3 style=\"text-align: justify\">Herwaha \u00e7apemeniya Ermen\u00eestan\u00ea j\u00ee ragehand, Pa\u015f\u00eenyan bi \u015fev Konseya Ewlehiy\u00ea li avahiya hik\u00fbmet\u00ea kom kiriye \u00fb civ\u00eenek p\u00eakan\u00eene.<\/h3>\n<h3 style=\"text-align: justify\">Ji aliy\u00ea din ve Wez\u00eer\u00ea Derve y\u00ea Amer\u00eekay\u00ea Antonio Blinken j\u00ee ragehand: \u2018\u2019Amer\u00eeka, li hember c\u00eeh\u00ean siv\u00eel \u00fb \u00ear\u00ee\u015f\u00ean li ser j\u00earxana Ermen\u00eestan\u00ea p\u00eakt\u00ean j\u00ee di nav de, ji wan n\u00fb\u00e7ey\u00ean pev\u00e7\u00fbn\u00ean di navbera Ermen\u00eestan \u00fb Azerbaycan\u00ea n\u00eegeran \u00fb bifikar e. Wek demek\u00ee dir\u00eaje em dib\u00eajin \u00e7areser\u00ee bi r\u00eaya le\u015fkeri nabe. Em bang dikin div\u00ea her cure pev\u00e7\u00fbn\u00ean le\u015fker\u00ee daw\u00ee bibe.\u2019\u2019<\/h3>\n","protected":false},"excerpt":{"rendered":"<p>Hat ragehandin li s\u00eenor\u00ea Azerbaycan \u00fb Ermen\u00eestan\u00ea \u015fer di navbera h\u00eaz\u00ean le\u015fker\u00ee y\u00ean herdu dewletan de destp\u00ea kiriye. Herdu al\u00ee j\u00ee hevdu tewanbar dikin. \u00cero 13.09.2022y\u00ea Wezareta Berevaniya Azerbaycan\u00ea ragehand, di encama z\u00eadegav\u00ee \u00fb tehr\u00eek\u00ean Ermen\u00eestan\u00ea de li s\u00eenor \u015fer destp\u00ea kiriye. Wezareta Berevaniya Azerbaycan\u00ea derbar\u00ea \u00eeday\u00ean ku c\u00eeh\u00ean siv\u00eel \u00fb j\u00earxana Ermen\u00eestan\u00ea kirine armanc [&hellip;]<\/p>\n","protected":false},"author":2,"featured_media":1032534,"comment_status":"closed","ping_status":"closed","sticky":false,"template":"","format":"standard","meta":{"footnotes":""},"categories":[30],"tags":[37],"class_list":["post-1032533","post","type-post","status-publish","format-standard","has-post-thumbnail","hentry","category-cihan","tag-sereke"],"blocksy_meta":[],"seo_head":"<!-- This site is optimized with the Yoast SEO plugin v27.5 - https:\/\/yoast.com\/product\/yoast-seo-wordpress\/ -->\n<title>Li s\u00eenor\u00ea Azerbaycan \u00fb Ermen\u00eestan\u00ea \u015fer destp\u00ea kir - Darka Maz\u00ee<\/title>\n<meta name=\"robots\" content=\"index, follow, max-snippet:-1, max-image-preview:large, max-video-preview:-1\" \/>\n<link rel=\"canonical\" href=\"https:\/\/darkamazi.info\/archives\/1032533\" \/>\n<meta property=\"og:locale\" content=\"en_US\" \/>\n<meta property=\"og:type\" content=\"article\" \/>\n<meta property=\"og:title\" content=\"Li s\u00eenor\u00ea Azerbaycan \u00fb Ermen\u00eestan\u00ea \u015fer destp\u00ea kir - Darka Maz\u00ee\" \/>\n<meta property=\"og:description\" content=\"Hat ragehandin li s\u00eenor\u00ea Azerbaycan \u00fb Ermen\u00eestan\u00ea \u015fer di navbera h\u00eaz\u00ean le\u015fker\u00ee y\u00ean herdu dewletan de destp\u00ea kiriye. Herdu al\u00ee j\u00ee hevdu tewanbar dikin. \u00cero 13.09.2022y\u00ea Wezareta Berevaniya Azerbaycan\u00ea ragehand, di encama z\u00eadegav\u00ee \u00fb tehr\u00eek\u00ean Ermen\u00eestan\u00ea de li s\u00eenor \u015fer destp\u00ea kiriye. Wezareta Berevaniya Azerbaycan\u00ea derbar\u00ea \u00eeday\u00ean ku c\u00eeh\u00ean siv\u00eel \u00fb j\u00earxana Ermen\u00eestan\u00ea kirine armanc [&hellip;]\" \/>\n<meta property=\"og:url\" content=\"https:\/\/darkamazi.info\/archives\/1032533\" \/>\n<meta property=\"og:site_name\" content=\"Darka Maz\u00ee\" \/>\n<meta property=\"article:publisher\" content=\"https:\/\/www.facebook.com\/DarMaziKurmanci\" \/>\n<meta property=\"article:published_time\" content=\"2022-09-13T09:03:09+00:00\" \/>\n<meta property=\"og:image\" content=\"https:\/\/darkamazi.info\/file\/2022\/09\/azerbaican-armanistan.jpg\" \/>\n\t<meta property=\"og:image:width\" content=\"900\" \/>\n\t<meta property=\"og:image:height\" content=\"497\" \/>\n\t<meta property=\"og:image:type\" content=\"image\/jpeg\" \/>\n<meta name=\"author\" content=\"darka mazi\" \/>\n<meta name=\"twitter:card\" content=\"summary_large_image\" \/>\n<meta name=\"twitter:creator\" content=\"@DarkaMaziLatini\" \/>\n<meta name=\"twitter:site\" content=\"@DarkaMaziLatini\" \/>\n<meta name=\"twitter:label1\" content=\"Written by\" \/>\n\t<meta name=\"twitter:data1\" content=\"darka mazi\" \/>\n\t<meta name=\"twitter:label2\" content=\"Est. reading time\" \/>\n\t<meta name=\"twitter:data2\" content=\"2 minutes\" \/>\n<script type=\"application\/ld+json\" class=\"seo-schema-graph\">{\"@context\":\"https:\\\/\\\/schema.org\",\"@graph\":[{\"@type\":\"Article\",\"@id\":\"https:\\\/\\\/darkamazi.info\\\/archives\\\/1032533#article\",\"isPartOf\":{\"@id\":\"https:\\\/\\\/darkamazi.info\\\/archives\\\/1032533\"},\"author\":{\"name\":\"darka mazi\",\"@id\":\"https:\\\/\\\/darkamazi.info\\\/#\\\/schema\\\/person\\\/5ad3e24553a0567993fa8ed4bd0a776c\"},\"headline\":\"Li s\u00eenor\u00ea Azerbaycan \u00fb Ermen\u00eestan\u00ea \u015fer destp\u00ea kir\",\"datePublished\":\"2022-09-13T09:03:09+00:00\",\"mainEntityOfPage\":{\"@id\":\"https:\\\/\\\/darkamazi.info\\\/archives\\\/1032533\"},\"wordCount\":410,\"publisher\":{\"@id\":\"https:\\\/\\\/darkamazi.info\\\/#organization\"},\"image\":{\"@id\":\"https:\\\/\\\/darkamazi.info\\\/archives\\\/1032533#primaryimage\"},\"thumbnailUrl\":\"https:\\\/\\\/darkamazi.info\\\/darka-content\\\/uploads\\\/2022\\\/09\\\/azerbaican-armanistan.jpg\",\"keywords\":[\"sereke\"],\"articleSection\":[\"C\u00eehan\"],\"inLanguage\":\"en-US\"},{\"@type\":\"WebPage\",\"@id\":\"https:\\\/\\\/darkamazi.info\\\/archives\\\/1032533\",\"url\":\"https:\\\/\\\/darkamazi.info\\\/archives\\\/1032533\",\"name\":\"Li s\u00eenor\u00ea Azerbaycan \u00fb Ermen\u00eestan\u00ea \u015fer destp\u00ea kir - Darka Maz\u00ee\",\"isPartOf\":{\"@id\":\"https:\\\/\\\/darkamazi.info\\\/#website\"},\"primaryImageOfPage\":{\"@id\":\"https:\\\/\\\/darkamazi.info\\\/archives\\\/1032533#primaryimage\"},\"image\":{\"@id\":\"https:\\\/\\\/darkamazi.info\\\/archives\\\/1032533#primaryimage\"},\"thumbnailUrl\":\"https:\\\/\\\/darkamazi.info\\\/darka-content\\\/uploads\\\/2022\\\/09\\\/azerbaican-armanistan.jpg\",\"datePublished\":\"2022-09-13T09:03:09+00:00\",\"breadcrumb\":{\"@id\":\"https:\\\/\\\/darkamazi.info\\\/archives\\\/1032533#breadcrumb\"},\"inLanguage\":\"en-US\",\"potentialAction\":[{\"@type\":\"ReadAction\",\"target\":[\"https:\\\/\\\/darkamazi.info\\\/archives\\\/1032533\"]}]},{\"@type\":\"ImageObject\",\"inLanguage\":\"en-US\",\"@id\":\"https:\\\/\\\/darkamazi.info\\\/archives\\\/1032533#primaryimage\",\"url\":\"https:\\\/\\\/darkamazi.info\\\/darka-content\\\/uploads\\\/2022\\\/09\\\/azerbaican-armanistan.jpg\",\"contentUrl\":\"https:\\\/\\\/darkamazi.info\\\/darka-content\\\/uploads\\\/2022\\\/09\\\/azerbaican-armanistan.jpg\",\"width\":900,\"height\":497,\"caption\":\"Li s\u00eenor\u00ea Azerbaycan \u00fb Ermen\u00eestan\u00ea \u015fer destp\u00ea kir\"},{\"@type\":\"BreadcrumbList\",\"@id\":\"https:\\\/\\\/darkamazi.info\\\/archives\\\/1032533#breadcrumb\",\"itemListElement\":[{\"@type\":\"ListItem\",\"position\":1,\"name\":\"Home\",\"item\":\"https:\\\/\\\/darkamazi.info\\\/\"},{\"@type\":\"ListItem\",\"position\":2,\"name\":\"Li s\u00eenor\u00ea Azerbaycan \u00fb Ermen\u00eestan\u00ea \u015fer destp\u00ea kir\"}]},{\"@type\":\"WebSite\",\"@id\":\"https:\\\/\\\/darkamazi.info\\\/#website\",\"url\":\"https:\\\/\\\/darkamazi.info\\\/\",\"name\":\"Darka Maz\u00ee\",\"description\":\"P\u00eageha Zanyariy\u00ean Nebih\u00eest\u00ee\",\"publisher\":{\"@id\":\"https:\\\/\\\/darkamazi.info\\\/#organization\"},\"potentialAction\":[{\"@type\":\"SearchAction\",\"target\":{\"@type\":\"EntryPoint\",\"urlTemplate\":\"https:\\\/\\\/darkamazi.info\\\/?s={search_term_string}\"},\"query-input\":{\"@type\":\"PropertyValueSpecification\",\"valueRequired\":true,\"valueName\":\"search_term_string\"}}],\"inLanguage\":\"en-US\"},{\"@type\":\"Organization\",\"@id\":\"https:\\\/\\\/darkamazi.info\\\/#organization\",\"name\":\"Darka Maz\u00ee\",\"url\":\"https:\\\/\\\/darkamazi.info\\\/\",\"logo\":{\"@type\":\"ImageObject\",\"inLanguage\":\"en-US\",\"@id\":\"https:\\\/\\\/darkamazi.info\\\/#\\\/schema\\\/logo\\\/image\\\/\",\"url\":\"https:\\\/\\\/darkamazi.info\\\/darka-content\\\/uploads\\\/2017\\\/12\\\/darka-mazi-logo.png\",\"contentUrl\":\"https:\\\/\\\/darkamazi.info\\\/darka-content\\\/uploads\\\/2017\\\/12\\\/darka-mazi-logo.png\",\"width\":151,\"height\":75,\"caption\":\"Darka Maz\u00ee\"},\"image\":{\"@id\":\"https:\\\/\\\/darkamazi.info\\\/#\\\/schema\\\/logo\\\/image\\\/\"},\"sameAs\":[\"https:\\\/\\\/www.facebook.com\\\/DarMaziKurmanci\",\"https:\\\/\\\/x.com\\\/DarkaMaziLatini\",\"https:\\\/\\\/www.instagram.com\\\/darkamazi.kurmanci\\\/\",\"https:\\\/\\\/www.youtube.com\\\/channel\\\/UCa5HkTdmI8U1qCUFuTw8B2g\"]},{\"@type\":\"Person\",\"@id\":\"https:\\\/\\\/darkamazi.info\\\/#\\\/schema\\\/person\\\/5ad3e24553a0567993fa8ed4bd0a776c\",\"name\":\"darka mazi\",\"sameAs\":[\"https:\\\/\\\/darkamazi.info\\\/\"],\"url\":\"https:\\\/\\\/darkamazi.info\\\/archives\\\/author\\\/kurdi\"}]}<\/script>\n<!-- \/ Yoast SEO plugin. -->","seo_head_json":{"title":"Li s\u00eenor\u00ea Azerbaycan \u00fb Ermen\u00eestan\u00ea \u015fer destp\u00ea kir - Darka Maz\u00ee","robots":{"index":"index","follow":"follow","max-snippet":"max-snippet:-1","max-image-preview":"max-image-preview:large","max-video-preview":"max-video-preview:-1"},"canonical":"https:\/\/darkamazi.info\/archives\/1032533","og_locale":"en_US","og_type":"article","og_title":"Li s\u00eenor\u00ea Azerbaycan \u00fb Ermen\u00eestan\u00ea \u015fer destp\u00ea kir - Darka Maz\u00ee","og_description":"Hat ragehandin li s\u00eenor\u00ea Azerbaycan \u00fb Ermen\u00eestan\u00ea \u015fer di navbera h\u00eaz\u00ean le\u015fker\u00ee y\u00ean herdu dewletan de destp\u00ea kiriye. Herdu al\u00ee j\u00ee hevdu tewanbar dikin. \u00cero 13.09.2022y\u00ea Wezareta Berevaniya Azerbaycan\u00ea ragehand, di encama z\u00eadegav\u00ee \u00fb tehr\u00eek\u00ean Ermen\u00eestan\u00ea de li s\u00eenor \u015fer destp\u00ea kiriye. Wezareta Berevaniya Azerbaycan\u00ea derbar\u00ea \u00eeday\u00ean ku c\u00eeh\u00ean siv\u00eel \u00fb j\u00earxana Ermen\u00eestan\u00ea kirine armanc [&hellip;]","og_url":"https:\/\/darkamazi.info\/archives\/1032533","og_site_name":"Darka Maz\u00ee","article_publisher":"https:\/\/www.facebook.com\/DarMaziKurmanci","article_published_time":"2022-09-13T09:03:09+00:00","og_image":[{"width":900,"height":497,"url":"https:\/\/darkamazi.info\/file\/2022\/09\/azerbaican-armanistan.jpg","type":"image\/jpeg"}],"author":"darka mazi","twitter_card":"summary_large_image","twitter_creator":"@DarkaMaziLatini","twitter_site":"@DarkaMaziLatini","twitter_misc":{"Written by":"darka mazi","Est. reading time":"2 minutes"},"schema":{"@context":"https:\/\/schema.org","@graph":[{"@type":"Article","@id":"https:\/\/darkamazi.info\/archives\/1032533#article","isPartOf":{"@id":"https:\/\/darkamazi.info\/archives\/1032533"},"author":{"name":"darka mazi","@id":"https:\/\/darkamazi.info\/#\/schema\/person\/5ad3e24553a0567993fa8ed4bd0a776c"},"headline":"Li s\u00eenor\u00ea Azerbaycan \u00fb Ermen\u00eestan\u00ea \u015fer destp\u00ea kir","datePublished":"2022-09-13T09:03:09+00:00","mainEntityOfPage":{"@id":"https:\/\/darkamazi.info\/archives\/1032533"},"wordCount":410,"publisher":{"@id":"https:\/\/darkamazi.info\/#organization"},"image":{"@id":"https:\/\/darkamazi.info\/archives\/1032533#primaryimage"},"thumbnailUrl":"https:\/\/darkamazi.info\/file\/2022\/09\/azerbaican-armanistan.jpg","keywords":["sereke"],"articleSection":["C\u00eehan"],"inLanguage":"en-US"},{"@type":"WebPage","@id":"https:\/\/darkamazi.info\/archives\/1032533","url":"https:\/\/darkamazi.info\/archives\/1032533","name":"Li s\u00eenor\u00ea Azerbaycan \u00fb Ermen\u00eestan\u00ea \u015fer destp\u00ea kir - Darka Maz\u00ee","isPartOf":{"@id":"https:\/\/darkamazi.info\/#website"},"primaryImageOfPage":{"@id":"https:\/\/darkamazi.info\/archives\/1032533#primaryimage"},"image":{"@id":"https:\/\/darkamazi.info\/archives\/1032533#primaryimage"},"thumbnailUrl":"https:\/\/darkamazi.info\/file\/2022\/09\/azerbaican-armanistan.jpg","datePublished":"2022-09-13T09:03:09+00:00","breadcrumb":{"@id":"https:\/\/darkamazi.info\/archives\/1032533#breadcrumb"},"inLanguage":"en-US","potentialAction":[{"@type":"ReadAction","target":["https:\/\/darkamazi.info\/archives\/1032533"]}]},{"@type":"ImageObject","inLanguage":"en-US","@id":"https:\/\/darkamazi.info\/archives\/1032533#primaryimage","url":"https:\/\/darkamazi.info\/file\/2022\/09\/azerbaican-armanistan.jpg","contentUrl":"https:\/\/darkamazi.info\/file\/2022\/09\/azerbaican-armanistan.jpg","width":900,"height":497,"caption":"Li s\u00eenor\u00ea Azerbaycan \u00fb Ermen\u00eestan\u00ea \u015fer destp\u00ea kir"},{"@type":"BreadcrumbList","@id":"https:\/\/darkamazi.info\/archives\/1032533#breadcrumb","itemListElement":[{"@type":"ListItem","position":1,"name":"Home","item":"https:\/\/darkamazi.info\/"},{"@type":"ListItem","position":2,"name":"Li s\u00eenor\u00ea Azerbaycan \u00fb Ermen\u00eestan\u00ea \u015fer destp\u00ea kir"}]},{"@type":"WebSite","@id":"https:\/\/darkamazi.info\/#website","url":"https:\/\/darkamazi.info\/","name":"Darka Maz\u00ee","description":"P\u00eageha Zanyariy\u00ean Nebih\u00eest\u00ee","publisher":{"@id":"https:\/\/darkamazi.info\/#organization"},"potentialAction":[{"@type":"SearchAction","target":{"@type":"EntryPoint","urlTemplate":"https:\/\/darkamazi.info\/?s={search_term_string}"},"query-input":{"@type":"PropertyValueSpecification","valueRequired":true,"valueName":"search_term_string"}}],"inLanguage":"en-US"},{"@type":"Organization","@id":"https:\/\/darkamazi.info\/#organization","name":"Darka Maz\u00ee","url":"https:\/\/darkamazi.info\/","logo":{"@type":"ImageObject","inLanguage":"en-US","@id":"https:\/\/darkamazi.info\/#\/schema\/logo\/image\/","url":"https:\/\/darkamazi.info\/file\/2017\/12\/darka-mazi-logo.png","contentUrl":"https:\/\/darkamazi.info\/file\/2017\/12\/darka-mazi-logo.png","width":151,"height":75,"caption":"Darka Maz\u00ee"},"image":{"@id":"https:\/\/darkamazi.info\/#\/schema\/logo\/image\/"},"sameAs":["https:\/\/www.facebook.com\/DarMaziKurmanci","https:\/\/x.com\/DarkaMaziLatini","https:\/\/www.instagram.com\/darkamazi.kurmanci\/","https:\/\/www.youtube.com\/channel\/UCa5HkTdmI8U1qCUFuTw8B2g"]},{"@type":"Person","@id":"https:\/\/darkamazi.info\/#\/schema\/person\/5ad3e24553a0567993fa8ed4bd0a776c","name":"darka mazi","sameAs":["https:\/\/darkamazi.info\/"],"url":"https:\/\/darkamazi.info\/archives\/author\/kurdi"}]}},"_links":{"self":[{"href":"https:\/\/darkamazi.info\/funavuv\/wp\/v2\/posts\/1032533","targetHints":{"allow":["GET"]}}],"collection":[{"href":"https:\/\/darkamazi.info\/funavuv\/wp\/v2\/posts"}],"about":[{"href":"https:\/\/darkamazi.info\/funavuv\/wp\/v2\/types\/post"}],"author":[{"embeddable":true,"href":"https:\/\/darkamazi.info\/funavuv\/wp\/v2\/users\/2"}],"replies":[{"embeddable":true,"href":"https:\/\/darkamazi.info\/funavuv\/wp\/v2\/comments?post=1032533"}],"version-history":[{"count":0,"href":"https:\/\/darkamazi.info\/funavuv\/wp\/v2\/posts\/1032533\/revisions"}],"wp:featuredmedia":[{"embeddable":true,"href":"https:\/\/darkamazi.info\/funavuv\/wp\/v2\/media\/1032534"}],"wp:attachment":[{"href":"https:\/\/darkamazi.info\/funavuv\/wp\/v2\/media?parent=1032533"}],"wp:term":[{"taxonomy":"category","embeddable":true,"href":"https:\/\/darkamazi.info\/funavuv\/wp\/v2\/categories?post=1032533"},{"taxonomy":"post_tag","embeddable":true,"href":"https:\/\/darkamazi.info\/funavuv\/wp\/v2\/tags?post=1032533"}],"curies":[{"name":"wp","href":"https:\/\/api.w.org\/{rel}","templated":true}]}}