{"id":1032542,"date":"2022-09-13T16:05:52","date_gmt":"2022-09-13T13:05:52","guid":{"rendered":"https:\/\/darkamazi.info\/?p=1032542"},"modified":"2022-09-13T16:10:15","modified_gmt":"2022-09-13T13:10:15","slug":"erisa-nijadperesta-li-aydine-ji-rojhilatin-nikarn-bikevin-gund","status":"publish","type":"post","link":"https:\/\/darkamazi.info\/archives\/1032542","title":{"rendered":"\u00cari\u015fa n\u00eejadperesta li Aydin\u00ea: &#8220;ji rojhilatin, nikarin bikevin gund&#8221;"},"content":{"rendered":"<h3 style=\"text-align: justify\"><span style=\"font-family: 'arial black', sans-serif\">Ceng\u00eez Turkan\u00ea ji \u00cedir\u00ea li gund\u00ea Arpaderey\u00ea nav\u00e7eya \u00cenc\u00eerl\u00eeovay\u00ea\u00a0Aydin\u00ea xaniyek kir\u00ee. Ceng\u00eez Turkan\u00ea ku ji bo d\u00eetina mala ku kir\u00ee bi malbata xwe re \u00e7\u00fb gund\u00ea Arpaderey\u00ea, p\u00ea\u015f\u00ee ji aliy\u00ea gundiyan ve rast\u00ee gefan hat \u00fb pi\u015ftre j\u00ee rast\u00ee \u00ear\u00ee\u015f\u00ea hat.<\/span><\/h3>\n<h3 style=\"text-align: justify\">Li gor n\u00fb\u00e7eya ajansa &#8220;Bianet&#8221;; di \u00ear\u00ee\u015fa ku bi dar, hesin \u00fb \u00e7ekan hat kirin de jin \u00fb zarok j\u00ee di nav de 4 kes bi tund\u00ee hatin derbkirin. Ji malbata ku rast\u00ee \u00eari\u015f\u00ea hatiye Semra Turkan li ser bernameya pi\u015ftgirya jinan (KADES) li pol\u00ees \u00fb cendirmeyan al\u00eekar\u00ee xwestiye l\u00ea tu t\u00eem\u00ean al\u00eekariy\u00ea nehatine cih\u00ea \u00eari\u015f\u00ea.<\/h3>\n<h3 style=\"text-align: justify\">Malbat\u00ean ku \u00ear\u00ee\u015f li wan hat kirin serp\u00eahatiy\u00ean xwe ji ajansa Mezopotamyay\u00ea re vegotin.<\/h3>\n<h3 style=\"text-align: center\"><span style=\"font-family: 'arial black', sans-serif;color: #8c0707\">&#8220;Ev rojhilat\u00ee ne, nikarin bikevin gund&#8221;<\/span><\/h3>\n<h3 style=\"text-align: justify\">Emrah \u00c7akmaz\u00ea ku ji ser\u00ea xwe \u00fb gelek cih\u00ean la\u015f\u00ea xwe bi giran\u00ee bir\u00eendar b\u00fb derbar\u00ea \u00ear\u00ee\u015f\u00ea de wiha got: \u201cBer\u00ee niha li \u00eezm\u00eer\u00ea r\u00fbdini\u015ftim. Ev 2 sale li nav\u00e7eya Efeler\u00ea dij\u00eem. Di \u00een\u015featan de dixebitim. Zavay\u00ea me Ceng\u00eez Turkan ji gund\u00ea Arpadereya nav\u00e7eya \u00cenc\u00eerl\u00eeovay\u00ea\u00a0xaniyek kir\u00ee. Me xan\u00ee ji pol\u00eesek teqaw\u00eetb\u00fby\u00ee kir\u00ee \u00fb bi pol\u00ees re em \u00e7\u00fbn ku xan\u00ee bib\u00eenin. Dema ku gund\u00ee em d\u00eetin biray\u00ea min gaz\u00ee kirin \u00fb li qehwexaneya gund j\u00ea re gotin ku \u2018h\u00fbn \u00e7ima hatin vir&#8217;. Ji bo ku mal\u00ea bib\u00eenin em j\u00ee \u00e7\u00fbn ber xan\u00ee. Xan\u00ee 2 qat\u00ee b\u00fb \u00fb tap\u00fbya w\u00ea j\u00ee ya m\u00fb\u015fterek b\u00fb. Me qata yekem kir\u00ee. Biray\u00ea xwediy\u00ea li qata jor dijiya li qata yekem di kir\u00ea de r\u00fbdini\u015ft. Biray\u00ea xwediy\u00ea mal\u00ea ji pol\u00ees\u00ea teqaw\u00eetb\u00fby\u00ee re got, \u2018te \u00e7ima ev xan\u00ee firot, tu xan\u00ee bifro\u015f\u00ee vana ev nikarin bikevin nava gund&#8217;. Pol\u00ees j\u00ee ji wan re wiha got, \u2018kacar der\u00ee vekin bila xwediy\u00ea n\u00fb xan\u00ee bib\u00eene.&#8217; dema pol\u00ees wisa got xwediy\u00ea xaniy\u00ea y\u00ea din bi dest\u00ea xwe \u00ee\u015fareta \u00e7ek\u00ea kir \u00fb da ber enya pol\u00ees.\u201d<\/h3>\n<h3 style=\"text-align: center\"><span style=\"color: #8c0707;font-family: 'arial black', sans-serif\">&#8220;Wan r\u00eaya me girtin&#8221;<\/span><\/h3>\n<h3 style=\"text-align: justify\">\u00c7akmaz, an\u00ee ziman ku pi\u015ft\u00ee ew ji mal\u00ea derketin ew \u00e7\u00fbn qehwexaneya gund \u00fb an\u00ee ziman ku li vir j\u00ee ji aliy\u00ea gundiyan ve hatine tehd\u00eetkirin. \u00c7akmaz an\u00ee ziman ku dema ber bi Efeler\u00ea ve \u00e7\u00fbn gundiyan r\u00eaya wan qut kir \u00fb wiha got: \u201cbi daran \u00fb hesinan hatin. H\u00ea ku ti\u015ftek negotin yek\u00ee bi hesin li dest\u00ea min, yek\u00ee din bi daran li ser\u00ea min xist. Dema ku min ser\u00ea xwe rakir min d\u00eet ku li biray\u00ea min dixin. Pi\u015ft re tiraktorek din ji pi\u015ft me ve hat \u00fb t\u00ea de jin \u00fb m\u00ear heb\u00fbn. Jinek\u00ea \u00eari\u015f\u00ee min kir, kiras\u00ea min qetand \u00fb got, \u2018van ne\u015f\u00eenin cihek\u00ea, bila li vir bin, gund\u00ee di r\u00ea de \u00fb t\u00ean.&#8217; min got ku \u2018xw\u00een ji min di\u00e7e, ez\u00ea bimirim.&#8217; gund\u00eeyan ev yek pi\u015ftguh kirin. Yek\u00ea kevrek av\u00eate min, kevir li stuy\u00ea min ket.\u201d<\/h3>\n<h3 style=\"text-align: center\"><span style=\"color: #8c0808;font-family: 'arial black', sans-serif\">&#8220;Wan fikir\u00een ku ew mir\u00eeye \u00fb reviyane&#8221;<\/span><\/h3>\n<h3 style=\"text-align: justify\">\u00c7akmaz, an\u00ee ziman ku telefon\u00ee zavay\u00ea xwe Ceng\u00eez Turkan kiriye \u00fb al\u00eekar\u00ee xwestiye \u00fb wiha got: \u201cCeng\u00eez ji bo ku min bigeh\u00eene nexwe\u015fxaney\u00ea ez revandim. Dema ku em bi erebey\u00ea di\u00e7\u00fbn nexwe\u015fxaney\u00ea min d\u00eet ku gelek gund\u00ee bi erebey\u00ean xwe dihatin. Di w\u00ea k\u00ealiy\u00ea de ez li cendirmeyan geriyam \u00fb min al\u00eekar\u00ee xwest. Cendirme ji min re got \u2018here nexwe\u015fxaney\u00ea rapora derpkirin\u00ea bist\u00eene pi\u015ft re j\u00ee hem\u00fbyan gil\u00ee bike \u00fb telefon li ser min girt. Dema ku em giha\u015ftin nexwe\u015fxaney\u00ea bav\u00ea min li min geriya \u00fb min j\u00ea re wiha got: \u2018rew\u015fa me hem\u00fbyan neba\u015fe. Rew\u015fa biray\u00ea min Hasan neba\u015fe, ser\u00ea w\u00ee \u015fikandin. Gule berdan piy\u00ea dayika min. Ji bo ku xwe xelas bikim ez ber bi daristan\u00ea ve reviyam. Dibe ku dayik \u00fb biray\u00ea min miribin j\u00ee.&#8217; dema ku malbata min li cih\u00ea b\u00fbyer\u00ea ji ser hi\u015f\u00ea xwe ve di\u00e7in gund\u00ee dib\u00eajin qey mirine \u00fb ji wir direvin di\u00e7in.\u201d<\/h3>\n","protected":false},"excerpt":{"rendered":"<p>Ceng\u00eez Turkan\u00ea ji \u00cedir\u00ea li gund\u00ea Arpaderey\u00ea nav\u00e7eya \u00cenc\u00eerl\u00eeovay\u00ea\u00a0Aydin\u00ea xaniyek kir\u00ee. Ceng\u00eez Turkan\u00ea ku ji bo d\u00eetina mala ku kir\u00ee bi malbata xwe re \u00e7\u00fb gund\u00ea Arpaderey\u00ea, p\u00ea\u015f\u00ee ji aliy\u00ea gundiyan ve rast\u00ee gefan hat \u00fb pi\u015ftre j\u00ee rast\u00ee \u00ear\u00ee\u015f\u00ea hat. Li gor n\u00fb\u00e7eya ajansa &#8220;Bianet&#8221;; di \u00ear\u00ee\u015fa ku bi dar, hesin \u00fb \u00e7ekan hat [&hellip;]<\/p>\n","protected":false},"author":2,"featured_media":1032543,"comment_status":"closed","ping_status":"closed","sticky":false,"template":"","format":"standard","meta":{"footnotes":""},"categories":[29],"tags":[37],"class_list":["post-1032542","post","type-post","status-publish","format-standard","has-post-thumbnail","hentry","category-kurdistan","tag-sereke"],"blocksy_meta":[],"seo_head":"<!-- This site is optimized with the Yoast SEO plugin v27.5 - https:\/\/yoast.com\/product\/yoast-seo-wordpress\/ -->\n<title>\u00cari\u015fa n\u00eejadperesta li Aydin\u00ea: &quot;ji rojhilatin, nikarin bikevin gund&quot; - Darka Maz\u00ee<\/title>\n<meta name=\"robots\" content=\"index, follow, max-snippet:-1, max-image-preview:large, max-video-preview:-1\" \/>\n<link rel=\"canonical\" href=\"https:\/\/darkamazi.info\/archives\/1032542\" \/>\n<meta property=\"og:locale\" content=\"en_US\" \/>\n<meta property=\"og:type\" content=\"article\" \/>\n<meta property=\"og:title\" content=\"\u00cari\u015fa n\u00eejadperesta li Aydin\u00ea: &quot;ji rojhilatin, nikarin bikevin gund&quot; - Darka Maz\u00ee\" \/>\n<meta property=\"og:description\" content=\"Ceng\u00eez Turkan\u00ea ji \u00cedir\u00ea li gund\u00ea Arpaderey\u00ea nav\u00e7eya \u00cenc\u00eerl\u00eeovay\u00ea\u00a0Aydin\u00ea xaniyek kir\u00ee. Ceng\u00eez Turkan\u00ea ku ji bo d\u00eetina mala ku kir\u00ee bi malbata xwe re \u00e7\u00fb gund\u00ea Arpaderey\u00ea, p\u00ea\u015f\u00ee ji aliy\u00ea gundiyan ve rast\u00ee gefan hat \u00fb pi\u015ftre j\u00ee rast\u00ee \u00ear\u00ee\u015f\u00ea hat. Li gor n\u00fb\u00e7eya ajansa &#8220;Bianet&#8221;; di \u00ear\u00ee\u015fa ku bi dar, hesin \u00fb \u00e7ekan hat [&hellip;]\" \/>\n<meta property=\"og:url\" content=\"https:\/\/darkamazi.info\/archives\/1032542\" \/>\n<meta property=\"og:site_name\" content=\"Darka Maz\u00ee\" \/>\n<meta property=\"article:publisher\" content=\"https:\/\/www.facebook.com\/DarMaziKurmanci\" \/>\n<meta property=\"article:published_time\" content=\"2022-09-13T13:05:52+00:00\" \/>\n<meta property=\"article:modified_time\" content=\"2022-09-13T13:10:15+00:00\" \/>\n<meta property=\"og:image\" content=\"https:\/\/darkamazi.info\/file\/2022\/09\/bakur-kurdistan-rojhilat-kurd.jpg\" \/>\n\t<meta property=\"og:image:width\" content=\"900\" \/>\n\t<meta property=\"og:image:height\" content=\"497\" \/>\n\t<meta property=\"og:image:type\" content=\"image\/jpeg\" \/>\n<meta name=\"author\" content=\"darka mazi\" \/>\n<meta name=\"twitter:card\" content=\"summary_large_image\" \/>\n<meta name=\"twitter:creator\" content=\"@DarkaMaziLatini\" \/>\n<meta name=\"twitter:site\" content=\"@DarkaMaziLatini\" \/>\n<meta name=\"twitter:label1\" content=\"Written by\" \/>\n\t<meta name=\"twitter:data1\" content=\"darka mazi\" \/>\n\t<meta name=\"twitter:label2\" content=\"Est. reading time\" \/>\n\t<meta name=\"twitter:data2\" content=\"3 minutes\" \/>\n<script type=\"application\/ld+json\" class=\"seo-schema-graph\">{\"@context\":\"https:\\\/\\\/schema.org\",\"@graph\":[{\"@type\":\"Article\",\"@id\":\"https:\\\/\\\/darkamazi.info\\\/archives\\\/1032542#article\",\"isPartOf\":{\"@id\":\"https:\\\/\\\/darkamazi.info\\\/archives\\\/1032542\"},\"author\":{\"name\":\"darka mazi\",\"@id\":\"https:\\\/\\\/darkamazi.info\\\/#\\\/schema\\\/person\\\/5ad3e24553a0567993fa8ed4bd0a776c\"},\"headline\":\"\u00cari\u015fa n\u00eejadperesta li Aydin\u00ea: &#8220;ji rojhilatin, nikarin bikevin gund&#8221;\",\"datePublished\":\"2022-09-13T13:05:52+00:00\",\"dateModified\":\"2022-09-13T13:10:15+00:00\",\"mainEntityOfPage\":{\"@id\":\"https:\\\/\\\/darkamazi.info\\\/archives\\\/1032542\"},\"wordCount\":674,\"publisher\":{\"@id\":\"https:\\\/\\\/darkamazi.info\\\/#organization\"},\"image\":{\"@id\":\"https:\\\/\\\/darkamazi.info\\\/archives\\\/1032542#primaryimage\"},\"thumbnailUrl\":\"https:\\\/\\\/darkamazi.info\\\/darka-content\\\/uploads\\\/2022\\\/09\\\/bakur-kurdistan-rojhilat-kurd.jpg\",\"keywords\":[\"sereke\"],\"articleSection\":[\"Kurdistan\"],\"inLanguage\":\"en-US\"},{\"@type\":\"WebPage\",\"@id\":\"https:\\\/\\\/darkamazi.info\\\/archives\\\/1032542\",\"url\":\"https:\\\/\\\/darkamazi.info\\\/archives\\\/1032542\",\"name\":\"\u00cari\u015fa n\u00eejadperesta li Aydin\u00ea: \\\"ji rojhilatin, nikarin bikevin gund\\\" - Darka Maz\u00ee\",\"isPartOf\":{\"@id\":\"https:\\\/\\\/darkamazi.info\\\/#website\"},\"primaryImageOfPage\":{\"@id\":\"https:\\\/\\\/darkamazi.info\\\/archives\\\/1032542#primaryimage\"},\"image\":{\"@id\":\"https:\\\/\\\/darkamazi.info\\\/archives\\\/1032542#primaryimage\"},\"thumbnailUrl\":\"https:\\\/\\\/darkamazi.info\\\/darka-content\\\/uploads\\\/2022\\\/09\\\/bakur-kurdistan-rojhilat-kurd.jpg\",\"datePublished\":\"2022-09-13T13:05:52+00:00\",\"dateModified\":\"2022-09-13T13:10:15+00:00\",\"breadcrumb\":{\"@id\":\"https:\\\/\\\/darkamazi.info\\\/archives\\\/1032542#breadcrumb\"},\"inLanguage\":\"en-US\",\"potentialAction\":[{\"@type\":\"ReadAction\",\"target\":[\"https:\\\/\\\/darkamazi.info\\\/archives\\\/1032542\"]}]},{\"@type\":\"ImageObject\",\"inLanguage\":\"en-US\",\"@id\":\"https:\\\/\\\/darkamazi.info\\\/archives\\\/1032542#primaryimage\",\"url\":\"https:\\\/\\\/darkamazi.info\\\/darka-content\\\/uploads\\\/2022\\\/09\\\/bakur-kurdistan-rojhilat-kurd.jpg\",\"contentUrl\":\"https:\\\/\\\/darkamazi.info\\\/darka-content\\\/uploads\\\/2022\\\/09\\\/bakur-kurdistan-rojhilat-kurd.jpg\",\"width\":900,\"height\":497,\"caption\":\"\u00cari\u015fa n\u00eejadperesta li Aydin\u00ea: \\\"ji rojhilatin, nikarn bikevin gund\\\"\"},{\"@type\":\"BreadcrumbList\",\"@id\":\"https:\\\/\\\/darkamazi.info\\\/archives\\\/1032542#breadcrumb\",\"itemListElement\":[{\"@type\":\"ListItem\",\"position\":1,\"name\":\"Home\",\"item\":\"https:\\\/\\\/darkamazi.info\\\/\"},{\"@type\":\"ListItem\",\"position\":2,\"name\":\"\u00cari\u015fa n\u00eejadperesta li Aydin\u00ea: &#8220;ji rojhilatin, nikarin bikevin gund&#8221;\"}]},{\"@type\":\"WebSite\",\"@id\":\"https:\\\/\\\/darkamazi.info\\\/#website\",\"url\":\"https:\\\/\\\/darkamazi.info\\\/\",\"name\":\"Darka Maz\u00ee\",\"description\":\"P\u00eageha Zanyariy\u00ean Nebih\u00eest\u00ee\",\"publisher\":{\"@id\":\"https:\\\/\\\/darkamazi.info\\\/#organization\"},\"potentialAction\":[{\"@type\":\"SearchAction\",\"target\":{\"@type\":\"EntryPoint\",\"urlTemplate\":\"https:\\\/\\\/darkamazi.info\\\/?s={search_term_string}\"},\"query-input\":{\"@type\":\"PropertyValueSpecification\",\"valueRequired\":true,\"valueName\":\"search_term_string\"}}],\"inLanguage\":\"en-US\"},{\"@type\":\"Organization\",\"@id\":\"https:\\\/\\\/darkamazi.info\\\/#organization\",\"name\":\"Darka Maz\u00ee\",\"url\":\"https:\\\/\\\/darkamazi.info\\\/\",\"logo\":{\"@type\":\"ImageObject\",\"inLanguage\":\"en-US\",\"@id\":\"https:\\\/\\\/darkamazi.info\\\/#\\\/schema\\\/logo\\\/image\\\/\",\"url\":\"https:\\\/\\\/darkamazi.info\\\/darka-content\\\/uploads\\\/2017\\\/12\\\/darka-mazi-logo.png\",\"contentUrl\":\"https:\\\/\\\/darkamazi.info\\\/darka-content\\\/uploads\\\/2017\\\/12\\\/darka-mazi-logo.png\",\"width\":151,\"height\":75,\"caption\":\"Darka Maz\u00ee\"},\"image\":{\"@id\":\"https:\\\/\\\/darkamazi.info\\\/#\\\/schema\\\/logo\\\/image\\\/\"},\"sameAs\":[\"https:\\\/\\\/www.facebook.com\\\/DarMaziKurmanci\",\"https:\\\/\\\/x.com\\\/DarkaMaziLatini\",\"https:\\\/\\\/www.instagram.com\\\/darkamazi.kurmanci\\\/\",\"https:\\\/\\\/www.youtube.com\\\/channel\\\/UCa5HkTdmI8U1qCUFuTw8B2g\"]},{\"@type\":\"Person\",\"@id\":\"https:\\\/\\\/darkamazi.info\\\/#\\\/schema\\\/person\\\/5ad3e24553a0567993fa8ed4bd0a776c\",\"name\":\"darka mazi\",\"sameAs\":[\"https:\\\/\\\/darkamazi.info\\\/\"],\"url\":\"https:\\\/\\\/darkamazi.info\\\/archives\\\/author\\\/kurdi\"}]}<\/script>\n<!-- \/ Yoast SEO plugin. -->","seo_head_json":{"title":"\u00cari\u015fa n\u00eejadperesta li Aydin\u00ea: \"ji rojhilatin, nikarin bikevin gund\" - Darka Maz\u00ee","robots":{"index":"index","follow":"follow","max-snippet":"max-snippet:-1","max-image-preview":"max-image-preview:large","max-video-preview":"max-video-preview:-1"},"canonical":"https:\/\/darkamazi.info\/archives\/1032542","og_locale":"en_US","og_type":"article","og_title":"\u00cari\u015fa n\u00eejadperesta li Aydin\u00ea: \"ji rojhilatin, nikarin bikevin gund\" - Darka Maz\u00ee","og_description":"Ceng\u00eez Turkan\u00ea ji \u00cedir\u00ea li gund\u00ea Arpaderey\u00ea nav\u00e7eya \u00cenc\u00eerl\u00eeovay\u00ea\u00a0Aydin\u00ea xaniyek kir\u00ee. Ceng\u00eez Turkan\u00ea ku ji bo d\u00eetina mala ku kir\u00ee bi malbata xwe re \u00e7\u00fb gund\u00ea Arpaderey\u00ea, p\u00ea\u015f\u00ee ji aliy\u00ea gundiyan ve rast\u00ee gefan hat \u00fb pi\u015ftre j\u00ee rast\u00ee \u00ear\u00ee\u015f\u00ea hat. Li gor n\u00fb\u00e7eya ajansa &#8220;Bianet&#8221;; di \u00ear\u00ee\u015fa ku bi dar, hesin \u00fb \u00e7ekan hat [&hellip;]","og_url":"https:\/\/darkamazi.info\/archives\/1032542","og_site_name":"Darka Maz\u00ee","article_publisher":"https:\/\/www.facebook.com\/DarMaziKurmanci","article_published_time":"2022-09-13T13:05:52+00:00","article_modified_time":"2022-09-13T13:10:15+00:00","og_image":[{"width":900,"height":497,"url":"https:\/\/darkamazi.info\/file\/2022\/09\/bakur-kurdistan-rojhilat-kurd.jpg","type":"image\/jpeg"}],"author":"darka mazi","twitter_card":"summary_large_image","twitter_creator":"@DarkaMaziLatini","twitter_site":"@DarkaMaziLatini","twitter_misc":{"Written by":"darka mazi","Est. reading time":"3 minutes"},"schema":{"@context":"https:\/\/schema.org","@graph":[{"@type":"Article","@id":"https:\/\/darkamazi.info\/archives\/1032542#article","isPartOf":{"@id":"https:\/\/darkamazi.info\/archives\/1032542"},"author":{"name":"darka mazi","@id":"https:\/\/darkamazi.info\/#\/schema\/person\/5ad3e24553a0567993fa8ed4bd0a776c"},"headline":"\u00cari\u015fa n\u00eejadperesta li Aydin\u00ea: &#8220;ji rojhilatin, nikarin bikevin gund&#8221;","datePublished":"2022-09-13T13:05:52+00:00","dateModified":"2022-09-13T13:10:15+00:00","mainEntityOfPage":{"@id":"https:\/\/darkamazi.info\/archives\/1032542"},"wordCount":674,"publisher":{"@id":"https:\/\/darkamazi.info\/#organization"},"image":{"@id":"https:\/\/darkamazi.info\/archives\/1032542#primaryimage"},"thumbnailUrl":"https:\/\/darkamazi.info\/file\/2022\/09\/bakur-kurdistan-rojhilat-kurd.jpg","keywords":["sereke"],"articleSection":["Kurdistan"],"inLanguage":"en-US"},{"@type":"WebPage","@id":"https:\/\/darkamazi.info\/archives\/1032542","url":"https:\/\/darkamazi.info\/archives\/1032542","name":"\u00cari\u015fa n\u00eejadperesta li Aydin\u00ea: \"ji rojhilatin, nikarin bikevin gund\" - Darka Maz\u00ee","isPartOf":{"@id":"https:\/\/darkamazi.info\/#website"},"primaryImageOfPage":{"@id":"https:\/\/darkamazi.info\/archives\/1032542#primaryimage"},"image":{"@id":"https:\/\/darkamazi.info\/archives\/1032542#primaryimage"},"thumbnailUrl":"https:\/\/darkamazi.info\/file\/2022\/09\/bakur-kurdistan-rojhilat-kurd.jpg","datePublished":"2022-09-13T13:05:52+00:00","dateModified":"2022-09-13T13:10:15+00:00","breadcrumb":{"@id":"https:\/\/darkamazi.info\/archives\/1032542#breadcrumb"},"inLanguage":"en-US","potentialAction":[{"@type":"ReadAction","target":["https:\/\/darkamazi.info\/archives\/1032542"]}]},{"@type":"ImageObject","inLanguage":"en-US","@id":"https:\/\/darkamazi.info\/archives\/1032542#primaryimage","url":"https:\/\/darkamazi.info\/file\/2022\/09\/bakur-kurdistan-rojhilat-kurd.jpg","contentUrl":"https:\/\/darkamazi.info\/file\/2022\/09\/bakur-kurdistan-rojhilat-kurd.jpg","width":900,"height":497,"caption":"\u00cari\u015fa n\u00eejadperesta li Aydin\u00ea: \"ji rojhilatin, nikarn bikevin gund\""},{"@type":"BreadcrumbList","@id":"https:\/\/darkamazi.info\/archives\/1032542#breadcrumb","itemListElement":[{"@type":"ListItem","position":1,"name":"Home","item":"https:\/\/darkamazi.info\/"},{"@type":"ListItem","position":2,"name":"\u00cari\u015fa n\u00eejadperesta li Aydin\u00ea: &#8220;ji rojhilatin, nikarin bikevin gund&#8221;"}]},{"@type":"WebSite","@id":"https:\/\/darkamazi.info\/#website","url":"https:\/\/darkamazi.info\/","name":"Darka Maz\u00ee","description":"P\u00eageha Zanyariy\u00ean Nebih\u00eest\u00ee","publisher":{"@id":"https:\/\/darkamazi.info\/#organization"},"potentialAction":[{"@type":"SearchAction","target":{"@type":"EntryPoint","urlTemplate":"https:\/\/darkamazi.info\/?s={search_term_string}"},"query-input":{"@type":"PropertyValueSpecification","valueRequired":true,"valueName":"search_term_string"}}],"inLanguage":"en-US"},{"@type":"Organization","@id":"https:\/\/darkamazi.info\/#organization","name":"Darka Maz\u00ee","url":"https:\/\/darkamazi.info\/","logo":{"@type":"ImageObject","inLanguage":"en-US","@id":"https:\/\/darkamazi.info\/#\/schema\/logo\/image\/","url":"https:\/\/darkamazi.info\/file\/2017\/12\/darka-mazi-logo.png","contentUrl":"https:\/\/darkamazi.info\/file\/2017\/12\/darka-mazi-logo.png","width":151,"height":75,"caption":"Darka Maz\u00ee"},"image":{"@id":"https:\/\/darkamazi.info\/#\/schema\/logo\/image\/"},"sameAs":["https:\/\/www.facebook.com\/DarMaziKurmanci","https:\/\/x.com\/DarkaMaziLatini","https:\/\/www.instagram.com\/darkamazi.kurmanci\/","https:\/\/www.youtube.com\/channel\/UCa5HkTdmI8U1qCUFuTw8B2g"]},{"@type":"Person","@id":"https:\/\/darkamazi.info\/#\/schema\/person\/5ad3e24553a0567993fa8ed4bd0a776c","name":"darka mazi","sameAs":["https:\/\/darkamazi.info\/"],"url":"https:\/\/darkamazi.info\/archives\/author\/kurdi"}]}},"_links":{"self":[{"href":"https:\/\/darkamazi.info\/funavuv\/wp\/v2\/posts\/1032542","targetHints":{"allow":["GET"]}}],"collection":[{"href":"https:\/\/darkamazi.info\/funavuv\/wp\/v2\/posts"}],"about":[{"href":"https:\/\/darkamazi.info\/funavuv\/wp\/v2\/types\/post"}],"author":[{"embeddable":true,"href":"https:\/\/darkamazi.info\/funavuv\/wp\/v2\/users\/2"}],"replies":[{"embeddable":true,"href":"https:\/\/darkamazi.info\/funavuv\/wp\/v2\/comments?post=1032542"}],"version-history":[{"count":0,"href":"https:\/\/darkamazi.info\/funavuv\/wp\/v2\/posts\/1032542\/revisions"}],"wp:featuredmedia":[{"embeddable":true,"href":"https:\/\/darkamazi.info\/funavuv\/wp\/v2\/media\/1032543"}],"wp:attachment":[{"href":"https:\/\/darkamazi.info\/funavuv\/wp\/v2\/media?parent=1032542"}],"wp:term":[{"taxonomy":"category","embeddable":true,"href":"https:\/\/darkamazi.info\/funavuv\/wp\/v2\/categories?post=1032542"},{"taxonomy":"post_tag","embeddable":true,"href":"https:\/\/darkamazi.info\/funavuv\/wp\/v2\/tags?post=1032542"}],"curies":[{"name":"wp","href":"https:\/\/api.w.org\/{rel}","templated":true}]}}