{"id":1032561,"date":"2022-09-15T10:32:27","date_gmt":"2022-09-15T07:32:27","guid":{"rendered":"https:\/\/darkamazi.info\/?p=1032561"},"modified":"2022-09-15T10:32:27","modified_gmt":"2022-09-15T07:32:27","slug":"pkke-mirina-van-3-ciwanan-ji-vesarti-ye","status":"publish","type":"post","link":"https:\/\/darkamazi.info\/archives\/1032561","title":{"rendered":"PKK\u00ea mirina van 3 ciwanan j\u00ee ve\u015fart\u00ee ye"},"content":{"rendered":"<h3 style=\"text-align: justify\"><span style=\"font-family: 'arial black', sans-serif\">R\u00eaxistina PKK\u00ea, nasnameya 3 \u015fervan\u00ean xwe e\u015fkere kir y\u00ean ku beriya 2 mehan di Berxwedana xwe ya Saxte de feda kir\u00een \u00fb ji n\u00fb ve mirina wan ragihand.<\/span><\/h3>\n<h3 style=\"text-align: justify\"><span style=\"font-family: arial, helvetica, sans-serif\">HPG\u00ea bask\u00ea le\u015fker\u00ee y\u00ea PKK\u00ea, weke hertim duh roja \u00e7ar\u015fem\u00ee 14\\9\\2022\u00ea j\u00ee, nasnameya 3 Ger\u00eelay\u00ean xwe e\u015fkere kir y\u00ean ku li 27 t\u00eermeha \u00eesal 2022\u00ea li s\u00eenor\u00ea M\u00eard\u00een\u00ea ya Bakur\u00ea Kurdistan\u00ea, bi dest\u00ea art\u00ea\u015fa Tirkiy\u00ea dane ku\u015ftin \u00fb pa\u015f derbasb\u00fbna 50 rojan ji n\u00fb ve mirina wan ragihand.<\/span><\/h3>\n<h3 style=\"text-align: justify\"><span style=\"font-family: arial, helvetica, sans-serif\">R\u00eaxistina PKK\u00ea, her roj w\u00eaney\u00ean kom\u00ean zarok, ke\u00e7 \u00fb ciwan\u00ean Kurdan di medyaya xwe de belav dike, y\u00ean ku di sal\u00ean ber\u00ea de di berxwedana xwe ya saxte \u00fb b\u00ea \u00eancam de li Bakur \u00fb Ba\u015f\u00fbr\u00ea Kurdistan\u00ea, feda kir\u00een.<\/span><\/h3>\n<h3 style=\"text-align: justify\"><span style=\"font-family: arial, helvetica, sans-serif\">PKKe mirina zarok\u00ean Kurdan ved\u015f\u00eare \u00fb bi hezaran ke\u00e7 \u00fb ciwan mane ku h\u00eajan malbat\u00ean wan tu agah\u00ee derbar\u00ea wan negirtine, ji ber ku r\u00eaxistin\u00ea mirina wan \u00eelan nekiriye.<\/span><\/h3>\n<h3 style=\"text-align: justify\"><span style=\"font-family: arial, helvetica, sans-serif\">PKK\u00ea zarok\u00ean Kurdan weke sotemeniya berxwedana xwe ya saxte dib\u00eene, wan direv\u00eene \u00fb bi dar\u00ea zor\u00ea k\u00ea\u015f\u00ee \u00e7iya dike pi\u015ftre ber\u00ea wan dide mirin\u00ea \u00fb di mirin\u00ea j\u00ee de wan b\u00ea wate dike \u00fb mirina wan ved\u015f\u00eare.<\/span><\/h3>\n","protected":false},"excerpt":{"rendered":"<p>R\u00eaxistina PKK\u00ea, nasnameya 3 \u015fervan\u00ean xwe e\u015fkere kir y\u00ean ku beriya 2 mehan di Berxwedana xwe ya Saxte de feda kir\u00een \u00fb ji n\u00fb ve mirina wan ragihand. HPG\u00ea bask\u00ea le\u015fker\u00ee y\u00ea PKK\u00ea, weke hertim duh roja \u00e7ar\u015fem\u00ee 14\\9\\2022\u00ea j\u00ee, nasnameya 3 Ger\u00eelay\u00ean xwe e\u015fkere kir y\u00ean ku li 27 t\u00eermeha \u00eesal 2022\u00ea li s\u00eenor\u00ea [&hellip;]<\/p>\n","protected":false},"author":2,"featured_media":1032562,"comment_status":"closed","ping_status":"closed","sticky":false,"template":"","format":"standard","meta":{"footnotes":""},"categories":[29],"tags":[37],"class_list":["post-1032561","post","type-post","status-publish","format-standard","has-post-thumbnail","hentry","category-kurdistan","tag-sereke"],"blocksy_meta":[],"seo_head":"<!-- This site is optimized with the Yoast SEO plugin v27.5 - https:\/\/yoast.com\/product\/yoast-seo-wordpress\/ -->\n<title>PKK\u00ea mirina van 3 ciwanan j\u00ee ve\u015fart\u00ee ye - Darka Maz\u00ee<\/title>\n<meta name=\"robots\" content=\"index, follow, max-snippet:-1, max-image-preview:large, max-video-preview:-1\" \/>\n<link rel=\"canonical\" href=\"https:\/\/darkamazi.info\/archives\/1032561\" \/>\n<meta property=\"og:locale\" content=\"en_US\" \/>\n<meta property=\"og:type\" content=\"article\" \/>\n<meta property=\"og:title\" content=\"PKK\u00ea mirina van 3 ciwanan j\u00ee ve\u015fart\u00ee ye - Darka Maz\u00ee\" \/>\n<meta property=\"og:description\" content=\"R\u00eaxistina PKK\u00ea, nasnameya 3 \u015fervan\u00ean xwe e\u015fkere kir y\u00ean ku beriya 2 mehan di Berxwedana xwe ya Saxte de feda kir\u00een \u00fb ji n\u00fb ve mirina wan ragihand. HPG\u00ea bask\u00ea le\u015fker\u00ee y\u00ea PKK\u00ea, weke hertim duh roja \u00e7ar\u015fem\u00ee 1492022\u00ea j\u00ee, nasnameya 3 Ger\u00eelay\u00ean xwe e\u015fkere kir y\u00ean ku li 27 t\u00eermeha \u00eesal 2022\u00ea li s\u00eenor\u00ea [&hellip;]\" \/>\n<meta property=\"og:url\" content=\"https:\/\/darkamazi.info\/archives\/1032561\" \/>\n<meta property=\"og:site_name\" content=\"Darka Maz\u00ee\" \/>\n<meta property=\"article:publisher\" content=\"https:\/\/www.facebook.com\/DarMaziKurmanci\" \/>\n<meta property=\"article:published_time\" content=\"2022-09-15T07:32:27+00:00\" \/>\n<meta property=\"og:image\" content=\"https:\/\/darkamazi.info\/file\/2022\/09\/pkk-hpg-kck-npg-mardin-turkey-kurdistan-kurd-info.jpg\" \/>\n\t<meta property=\"og:image:width\" content=\"900\" \/>\n\t<meta property=\"og:image:height\" content=\"497\" \/>\n\t<meta property=\"og:image:type\" content=\"image\/jpeg\" \/>\n<meta name=\"author\" content=\"darka mazi\" \/>\n<meta name=\"twitter:card\" content=\"summary_large_image\" \/>\n<meta name=\"twitter:creator\" content=\"@DarkaMaziLatini\" \/>\n<meta name=\"twitter:site\" content=\"@DarkaMaziLatini\" \/>\n<meta name=\"twitter:label1\" content=\"Written by\" \/>\n\t<meta name=\"twitter:data1\" content=\"darka mazi\" \/>\n\t<meta name=\"twitter:label2\" content=\"Est. reading time\" \/>\n\t<meta name=\"twitter:data2\" content=\"1 minute\" \/>\n<script type=\"application\/ld+json\" class=\"seo-schema-graph\">{\"@context\":\"https:\\\/\\\/schema.org\",\"@graph\":[{\"@type\":\"Article\",\"@id\":\"https:\\\/\\\/darkamazi.info\\\/archives\\\/1032561#article\",\"isPartOf\":{\"@id\":\"https:\\\/\\\/darkamazi.info\\\/archives\\\/1032561\"},\"author\":{\"name\":\"darka mazi\",\"@id\":\"https:\\\/\\\/darkamazi.info\\\/#\\\/schema\\\/person\\\/5ad3e24553a0567993fa8ed4bd0a776c\"},\"headline\":\"PKK\u00ea mirina van 3 ciwanan j\u00ee ve\u015fart\u00ee ye\",\"datePublished\":\"2022-09-15T07:32:27+00:00\",\"mainEntityOfPage\":{\"@id\":\"https:\\\/\\\/darkamazi.info\\\/archives\\\/1032561\"},\"wordCount\":209,\"publisher\":{\"@id\":\"https:\\\/\\\/darkamazi.info\\\/#organization\"},\"image\":{\"@id\":\"https:\\\/\\\/darkamazi.info\\\/archives\\\/1032561#primaryimage\"},\"thumbnailUrl\":\"https:\\\/\\\/darkamazi.info\\\/darka-content\\\/uploads\\\/2022\\\/09\\\/pkk-hpg-kck-npg-mardin-turkey-kurdistan-kurd-info.jpg\",\"keywords\":[\"sereke\"],\"articleSection\":[\"Kurdistan\"],\"inLanguage\":\"en-US\"},{\"@type\":\"WebPage\",\"@id\":\"https:\\\/\\\/darkamazi.info\\\/archives\\\/1032561\",\"url\":\"https:\\\/\\\/darkamazi.info\\\/archives\\\/1032561\",\"name\":\"PKK\u00ea mirina van 3 ciwanan j\u00ee ve\u015fart\u00ee ye - Darka Maz\u00ee\",\"isPartOf\":{\"@id\":\"https:\\\/\\\/darkamazi.info\\\/#website\"},\"primaryImageOfPage\":{\"@id\":\"https:\\\/\\\/darkamazi.info\\\/archives\\\/1032561#primaryimage\"},\"image\":{\"@id\":\"https:\\\/\\\/darkamazi.info\\\/archives\\\/1032561#primaryimage\"},\"thumbnailUrl\":\"https:\\\/\\\/darkamazi.info\\\/darka-content\\\/uploads\\\/2022\\\/09\\\/pkk-hpg-kck-npg-mardin-turkey-kurdistan-kurd-info.jpg\",\"datePublished\":\"2022-09-15T07:32:27+00:00\",\"breadcrumb\":{\"@id\":\"https:\\\/\\\/darkamazi.info\\\/archives\\\/1032561#breadcrumb\"},\"inLanguage\":\"en-US\",\"potentialAction\":[{\"@type\":\"ReadAction\",\"target\":[\"https:\\\/\\\/darkamazi.info\\\/archives\\\/1032561\"]}]},{\"@type\":\"ImageObject\",\"inLanguage\":\"en-US\",\"@id\":\"https:\\\/\\\/darkamazi.info\\\/archives\\\/1032561#primaryimage\",\"url\":\"https:\\\/\\\/darkamazi.info\\\/darka-content\\\/uploads\\\/2022\\\/09\\\/pkk-hpg-kck-npg-mardin-turkey-kurdistan-kurd-info.jpg\",\"contentUrl\":\"https:\\\/\\\/darkamazi.info\\\/darka-content\\\/uploads\\\/2022\\\/09\\\/pkk-hpg-kck-npg-mardin-turkey-kurdistan-kurd-info.jpg\",\"width\":900,\"height\":497,\"caption\":\"PKK\u00ea mirina van 3 ciwanan j\u00ee ve\u015fart\u00ee ye\"},{\"@type\":\"BreadcrumbList\",\"@id\":\"https:\\\/\\\/darkamazi.info\\\/archives\\\/1032561#breadcrumb\",\"itemListElement\":[{\"@type\":\"ListItem\",\"position\":1,\"name\":\"Home\",\"item\":\"https:\\\/\\\/darkamazi.info\\\/\"},{\"@type\":\"ListItem\",\"position\":2,\"name\":\"PKK\u00ea mirina van 3 ciwanan j\u00ee ve\u015fart\u00ee ye\"}]},{\"@type\":\"WebSite\",\"@id\":\"https:\\\/\\\/darkamazi.info\\\/#website\",\"url\":\"https:\\\/\\\/darkamazi.info\\\/\",\"name\":\"Darka Maz\u00ee\",\"description\":\"P\u00eageha Zanyariy\u00ean Nebih\u00eest\u00ee\",\"publisher\":{\"@id\":\"https:\\\/\\\/darkamazi.info\\\/#organization\"},\"potentialAction\":[{\"@type\":\"SearchAction\",\"target\":{\"@type\":\"EntryPoint\",\"urlTemplate\":\"https:\\\/\\\/darkamazi.info\\\/?s={search_term_string}\"},\"query-input\":{\"@type\":\"PropertyValueSpecification\",\"valueRequired\":true,\"valueName\":\"search_term_string\"}}],\"inLanguage\":\"en-US\"},{\"@type\":\"Organization\",\"@id\":\"https:\\\/\\\/darkamazi.info\\\/#organization\",\"name\":\"Darka Maz\u00ee\",\"url\":\"https:\\\/\\\/darkamazi.info\\\/\",\"logo\":{\"@type\":\"ImageObject\",\"inLanguage\":\"en-US\",\"@id\":\"https:\\\/\\\/darkamazi.info\\\/#\\\/schema\\\/logo\\\/image\\\/\",\"url\":\"https:\\\/\\\/darkamazi.info\\\/darka-content\\\/uploads\\\/2017\\\/12\\\/darka-mazi-logo.png\",\"contentUrl\":\"https:\\\/\\\/darkamazi.info\\\/darka-content\\\/uploads\\\/2017\\\/12\\\/darka-mazi-logo.png\",\"width\":151,\"height\":75,\"caption\":\"Darka Maz\u00ee\"},\"image\":{\"@id\":\"https:\\\/\\\/darkamazi.info\\\/#\\\/schema\\\/logo\\\/image\\\/\"},\"sameAs\":[\"https:\\\/\\\/www.facebook.com\\\/DarMaziKurmanci\",\"https:\\\/\\\/x.com\\\/DarkaMaziLatini\",\"https:\\\/\\\/www.instagram.com\\\/darkamazi.kurmanci\\\/\",\"https:\\\/\\\/www.youtube.com\\\/channel\\\/UCa5HkTdmI8U1qCUFuTw8B2g\"]},{\"@type\":\"Person\",\"@id\":\"https:\\\/\\\/darkamazi.info\\\/#\\\/schema\\\/person\\\/5ad3e24553a0567993fa8ed4bd0a776c\",\"name\":\"darka mazi\",\"sameAs\":[\"https:\\\/\\\/darkamazi.info\\\/\"],\"url\":\"https:\\\/\\\/darkamazi.info\\\/archives\\\/author\\\/kurdi\"}]}<\/script>\n<!-- \/ Yoast SEO plugin. -->","seo_head_json":{"title":"PKK\u00ea mirina van 3 ciwanan j\u00ee ve\u015fart\u00ee ye - Darka Maz\u00ee","robots":{"index":"index","follow":"follow","max-snippet":"max-snippet:-1","max-image-preview":"max-image-preview:large","max-video-preview":"max-video-preview:-1"},"canonical":"https:\/\/darkamazi.info\/archives\/1032561","og_locale":"en_US","og_type":"article","og_title":"PKK\u00ea mirina van 3 ciwanan j\u00ee ve\u015fart\u00ee ye - Darka Maz\u00ee","og_description":"R\u00eaxistina PKK\u00ea, nasnameya 3 \u015fervan\u00ean xwe e\u015fkere kir y\u00ean ku beriya 2 mehan di Berxwedana xwe ya Saxte de feda kir\u00een \u00fb ji n\u00fb ve mirina wan ragihand. HPG\u00ea bask\u00ea le\u015fker\u00ee y\u00ea PKK\u00ea, weke hertim duh roja \u00e7ar\u015fem\u00ee 1492022\u00ea j\u00ee, nasnameya 3 Ger\u00eelay\u00ean xwe e\u015fkere kir y\u00ean ku li 27 t\u00eermeha \u00eesal 2022\u00ea li s\u00eenor\u00ea [&hellip;]","og_url":"https:\/\/darkamazi.info\/archives\/1032561","og_site_name":"Darka Maz\u00ee","article_publisher":"https:\/\/www.facebook.com\/DarMaziKurmanci","article_published_time":"2022-09-15T07:32:27+00:00","og_image":[{"width":900,"height":497,"url":"https:\/\/darkamazi.info\/file\/2022\/09\/pkk-hpg-kck-npg-mardin-turkey-kurdistan-kurd-info.jpg","type":"image\/jpeg"}],"author":"darka mazi","twitter_card":"summary_large_image","twitter_creator":"@DarkaMaziLatini","twitter_site":"@DarkaMaziLatini","twitter_misc":{"Written by":"darka mazi","Est. reading time":"1 minute"},"schema":{"@context":"https:\/\/schema.org","@graph":[{"@type":"Article","@id":"https:\/\/darkamazi.info\/archives\/1032561#article","isPartOf":{"@id":"https:\/\/darkamazi.info\/archives\/1032561"},"author":{"name":"darka mazi","@id":"https:\/\/darkamazi.info\/#\/schema\/person\/5ad3e24553a0567993fa8ed4bd0a776c"},"headline":"PKK\u00ea mirina van 3 ciwanan j\u00ee ve\u015fart\u00ee ye","datePublished":"2022-09-15T07:32:27+00:00","mainEntityOfPage":{"@id":"https:\/\/darkamazi.info\/archives\/1032561"},"wordCount":209,"publisher":{"@id":"https:\/\/darkamazi.info\/#organization"},"image":{"@id":"https:\/\/darkamazi.info\/archives\/1032561#primaryimage"},"thumbnailUrl":"https:\/\/darkamazi.info\/file\/2022\/09\/pkk-hpg-kck-npg-mardin-turkey-kurdistan-kurd-info.jpg","keywords":["sereke"],"articleSection":["Kurdistan"],"inLanguage":"en-US"},{"@type":"WebPage","@id":"https:\/\/darkamazi.info\/archives\/1032561","url":"https:\/\/darkamazi.info\/archives\/1032561","name":"PKK\u00ea mirina van 3 ciwanan j\u00ee ve\u015fart\u00ee ye - Darka Maz\u00ee","isPartOf":{"@id":"https:\/\/darkamazi.info\/#website"},"primaryImageOfPage":{"@id":"https:\/\/darkamazi.info\/archives\/1032561#primaryimage"},"image":{"@id":"https:\/\/darkamazi.info\/archives\/1032561#primaryimage"},"thumbnailUrl":"https:\/\/darkamazi.info\/file\/2022\/09\/pkk-hpg-kck-npg-mardin-turkey-kurdistan-kurd-info.jpg","datePublished":"2022-09-15T07:32:27+00:00","breadcrumb":{"@id":"https:\/\/darkamazi.info\/archives\/1032561#breadcrumb"},"inLanguage":"en-US","potentialAction":[{"@type":"ReadAction","target":["https:\/\/darkamazi.info\/archives\/1032561"]}]},{"@type":"ImageObject","inLanguage":"en-US","@id":"https:\/\/darkamazi.info\/archives\/1032561#primaryimage","url":"https:\/\/darkamazi.info\/file\/2022\/09\/pkk-hpg-kck-npg-mardin-turkey-kurdistan-kurd-info.jpg","contentUrl":"https:\/\/darkamazi.info\/file\/2022\/09\/pkk-hpg-kck-npg-mardin-turkey-kurdistan-kurd-info.jpg","width":900,"height":497,"caption":"PKK\u00ea mirina van 3 ciwanan j\u00ee ve\u015fart\u00ee ye"},{"@type":"BreadcrumbList","@id":"https:\/\/darkamazi.info\/archives\/1032561#breadcrumb","itemListElement":[{"@type":"ListItem","position":1,"name":"Home","item":"https:\/\/darkamazi.info\/"},{"@type":"ListItem","position":2,"name":"PKK\u00ea mirina van 3 ciwanan j\u00ee ve\u015fart\u00ee ye"}]},{"@type":"WebSite","@id":"https:\/\/darkamazi.info\/#website","url":"https:\/\/darkamazi.info\/","name":"Darka Maz\u00ee","description":"P\u00eageha Zanyariy\u00ean Nebih\u00eest\u00ee","publisher":{"@id":"https:\/\/darkamazi.info\/#organization"},"potentialAction":[{"@type":"SearchAction","target":{"@type":"EntryPoint","urlTemplate":"https:\/\/darkamazi.info\/?s={search_term_string}"},"query-input":{"@type":"PropertyValueSpecification","valueRequired":true,"valueName":"search_term_string"}}],"inLanguage":"en-US"},{"@type":"Organization","@id":"https:\/\/darkamazi.info\/#organization","name":"Darka Maz\u00ee","url":"https:\/\/darkamazi.info\/","logo":{"@type":"ImageObject","inLanguage":"en-US","@id":"https:\/\/darkamazi.info\/#\/schema\/logo\/image\/","url":"https:\/\/darkamazi.info\/file\/2017\/12\/darka-mazi-logo.png","contentUrl":"https:\/\/darkamazi.info\/file\/2017\/12\/darka-mazi-logo.png","width":151,"height":75,"caption":"Darka Maz\u00ee"},"image":{"@id":"https:\/\/darkamazi.info\/#\/schema\/logo\/image\/"},"sameAs":["https:\/\/www.facebook.com\/DarMaziKurmanci","https:\/\/x.com\/DarkaMaziLatini","https:\/\/www.instagram.com\/darkamazi.kurmanci\/","https:\/\/www.youtube.com\/channel\/UCa5HkTdmI8U1qCUFuTw8B2g"]},{"@type":"Person","@id":"https:\/\/darkamazi.info\/#\/schema\/person\/5ad3e24553a0567993fa8ed4bd0a776c","name":"darka mazi","sameAs":["https:\/\/darkamazi.info\/"],"url":"https:\/\/darkamazi.info\/archives\/author\/kurdi"}]}},"_links":{"self":[{"href":"https:\/\/darkamazi.info\/funavuv\/wp\/v2\/posts\/1032561","targetHints":{"allow":["GET"]}}],"collection":[{"href":"https:\/\/darkamazi.info\/funavuv\/wp\/v2\/posts"}],"about":[{"href":"https:\/\/darkamazi.info\/funavuv\/wp\/v2\/types\/post"}],"author":[{"embeddable":true,"href":"https:\/\/darkamazi.info\/funavuv\/wp\/v2\/users\/2"}],"replies":[{"embeddable":true,"href":"https:\/\/darkamazi.info\/funavuv\/wp\/v2\/comments?post=1032561"}],"version-history":[{"count":0,"href":"https:\/\/darkamazi.info\/funavuv\/wp\/v2\/posts\/1032561\/revisions"}],"wp:featuredmedia":[{"embeddable":true,"href":"https:\/\/darkamazi.info\/funavuv\/wp\/v2\/media\/1032562"}],"wp:attachment":[{"href":"https:\/\/darkamazi.info\/funavuv\/wp\/v2\/media?parent=1032561"}],"wp:term":[{"taxonomy":"category","embeddable":true,"href":"https:\/\/darkamazi.info\/funavuv\/wp\/v2\/categories?post=1032561"},{"taxonomy":"post_tag","embeddable":true,"href":"https:\/\/darkamazi.info\/funavuv\/wp\/v2\/tags?post=1032561"}],"curies":[{"name":"wp","href":"https:\/\/api.w.org\/{rel}","templated":true}]}}