{"id":1032573,"date":"2022-09-15T21:28:58","date_gmt":"2022-09-15T18:28:58","guid":{"rendered":"https:\/\/darkamazi.info\/?p=1032573"},"modified":"2023-09-10T15:29:45","modified_gmt":"2023-09-10T12:29:45","slug":"diroka-tekiliyen-pkke-u-akpe-u-qedera-bakure-kurdistane-3","status":"publish","type":"post","link":"https:\/\/darkamazi.info\/archives\/1032573","title":{"rendered":"D\u00eeroka t\u00eakil\u00eey\u00ean PKK\u2019\u00ea \u00fb AKP\u2019\u00ea \u00fb Qedera Bakur\u00ea Kurdistan\u00ea \u2013 \u00ab3\u00bb"},"content":{"rendered":"<div class=\"wpb-content-wrapper\"><p>[darkamazi_row][darkamazi_column][darkamazi_column_text]<\/p>\n<h3 style=\"text-align: center;\"><span style=\"font-family: 'arial black', sans-serif; color: #8c0808;\">PKK \u00fb AKP hember dewleta paralel mil bi mil\u00ea hev teko\u015f\u00een\u00ea dikin<\/span><\/h3>\n<h3 style=\"text-align: justify;\"><span style=\"font-family: 'arial black', sans-serif;\">AKP; weke h\u00eaza motor\u00ea ya serdema ku j\u00ea re \u201cKomara Duyem\u00een\u201d j\u00ee t\u00ea gotin, di encama kr\u00eeza r\u00eaj\u00eema Kemal\u00eest a dewleta Tirk jiyab\u00fb, xwuliq\u00ee \u00fb di d\u00eeroka dewleta Tirk de cih\u00ea xwe girt. Dema ku di hilbijartin\u00ean 3 \u00ea Mijdara 2002an de bi ser ket, kes\u00ee texm\u00een nedikir ku AKP w\u00ea bibe sedema veguhertineke bi v\u00ee reng\u00ee ya s\u00eestema desthilatdar.<\/span><\/h3>\n<h3 style=\"text-align: justify;\">AKP bi xwe j\u00ee b\u00eay\u00ee ku bizane d\u00ea p\u00eavajo ber bi ku ve bi\u00e7e, ten\u00ea ji ti\u015ft\u00ean di ketin p\u00ea\u015fya w\u00ea derbas dib\u00fb \u00fb dime\u015fiya. L\u00ea dema ku ev kar dikirin, hevr\u00eay\u00ean xwe heb\u00fbn \u00fb ew hevr\u00ea pir xurt b\u00fbn.<\/h3>\n<h3 style=\"text-align: justify;\">Y\u00ean ku dixwestin komara yekem b\u00ea guher\u00een ango L\u00eeberal, bizava Fethillah G\u00fblen \u00fb helbet PKK li palpi\u015ft\u00ee v\u00ea proja guhertin\u00ea b\u00fbn.<\/h3>\n<h3 style=\"text-align: center;\"><span style=\"color: #8c0808; font-family: 'arial black', sans-serif;\">PKK \u00ea di siyaseta navxwey\u00ee de palpi\u015ft\u00ea AKP\u00ea b\u00fb<\/span><\/h3>\n<h3 style=\"text-align: justify;\">Ji sala 2004 an heta 2014 an PKK \u00ea defakto pi\u015ftgir\u00ee da her gava ku AKP \u00ea dixwest bav\u00eaje. Di p\u00eavajoya hilbijartina serokomariy\u00ea ya Evdilla G\u00fbl de PKK \u00ea bi \u00eelankirina agirbestan pi\u015ftgir\u00ee da AKP \u00ea. Dema ku Serdozgeriya Komar\u00ea ya Dadgeha Bilind di 14 \u00ea Adara 2008 an de li dij\u00ee AKP \u00ea doz vekir, PKK \u00ea careke din pi\u015ftgir\u00ee yek t\u00fbnd da AKP \u00ea. Di p\u00eavajoya referand\u00fbma Dest\u00fbra Bingeh\u00een a 12 \u00ea \u00celona 2010 an de d\u00eesa bi e\u015fkere ji AKP \u00ea re li dengan diger\u00eeya. D\u00eesa li dij\u00ee Kemal\u00eest\u00ean bi nav\u00ea Ergenekon\u00ea y\u00ean li Tirkiyey\u00ea pi\u015ftgir\u00ea AKP \u00ea b\u00fb.<\/h3>\n<h3 style=\"text-align: justify;\">PKK bi v\u00ea j\u00ee t\u00ear neb\u00fb, hem\u00fb dijber\u00ean AKP \u00ea weke hevrik\u00ea xwe d\u00eet \u00fb bi AKP \u00ea re ji bo tasfiyekirina wan h\u00eazan xebit\u00ee. M\u00eenak Cemaata G\u00fblen yek ji wan b\u00fb.<\/h3>\n<h3 style=\"text-align: center;\"><span style=\"color: #8c0808; font-family: 'arial black', sans-serif;\">Evdila Ocalan: Cemaet dewleta d\u00fbber\u00een dime\u015f\u00eene<\/span><\/h3>\n<h3 style=\"text-align: justify;\">Pi\u015ft\u00ee p\u00eavajoya referand\u00fbma AKP \u00ea ya dest\u00fbra Bingeh\u00een a 2010 an p\u00eavajoya kontrolkirina dewlet\u00ea lez \u00fb bez tir b\u00fb. Hema di w\u00ea deraz\u00eenk\u00ea de di navbera wan \u00fb \u015fir\u00eek\u00ean wan de \u015fikestin\u00ea desp\u00ea kir. Di navbera Tevgera G\u00fblen \u00fb AKP \u00ea de nakok\u00ee dijwar b\u00fbn. Bi girtina dibistan\u00ean taybet \u00ean cemaeta G\u00fblen ji aliy\u00ea AKP \u00ea ve p\u00eawend\u00eey\u00ean van her du \u015fir\u00eekan ba\u015f hat tavizandin. Li ser dezgeh\u00ean ragehandin\u00ea \u015fer\u00ea wan e\u015fkere dime\u015f\u00ee ya.<\/h3>\n<h3 style=\"text-align: center;\"><span style=\"color: #8c0808; font-family: 'arial black', sans-serif;\">Di v\u00ea p\u00eavajoy\u00ea de \u00e7apemeniya PKK \u00ea li dij\u00ee \u201cG\u00fblenc\u00eeyan\u201d palpi\u015ft\u00eeya AKP \u00ea kir.<\/span><\/h3>\n<h3 style=\"text-align: justify;\">Li Amed\u00ea saziy\u00ean cemaata G\u00fblen hatin te\u015fh\u00eerkirin \u00fb hin endam j\u00ee hatin \u00eef\u015fa kirin. Di \u00e7apemeniy\u00ea de Cemaat weke \u00e7avkaniya hem\u00fb xerabiy\u00ean dij\u00ee dewleta Tirk hate n\u00ee\u015fandan. Telev\u00eezyon\u00ean PKK \u00ea y\u00ean li Ewropay\u00ea we\u015fan\u00ea dikin li dij\u00ee Fethullah G\u00fblen \u00e7alak\u00ee li dar xistin.<\/h3>\n<h3 style=\"text-align: justify;\">Di v\u00ee war\u00ee de Ocalan weke \u015f\u00eawirmend\u00ea ve\u015fart\u00ee y\u00ea AKP \u00ea dixebit\u00ee. Bi rast\u00ee j\u00ee Evdila Ocalan yekem kes b\u00fb ku ji G\u00fbleniyan re got\u00ee ev \u201cdewleta d\u00fbber\u00een\u201de. Erdogan j\u00ee 3 meh pi\u015ft\u00ee Ocalan digot di nava dewlet\u00ea \u201cdewleta d\u00fbber\u00een\u201d heye. Ocalan digot, &#8220;Dewleta d\u00fbber\u00een ji aliy\u00ea cemaata G\u00fblen ve t\u00ea bir\u00eavebirin \u00fb dixwazin Tirk\u00eey\u00ea ka\u015f\u00ee nava aloz\u00eeyan bikin.&#8221; Bi rast\u00ee j\u00ee Ocalan giliy\u00ean xwe di derbar\u00ea Mid\u00fbr\u00ean Emniyet\u00ea y\u00ean Kurdistan\u00ea j\u00ee ji dewleta Tirk kirin. Ocalan wiha got: \u201cCemaat bi awayek\u00ee b\u00eatirs dixebite. Piraniya fermanber\u00ean pol\u00eesan di nava Cemaat\u00ea de ne. Mid\u00fbr\u00ea Emniyeta Amed \u00fb S\u00eart\u00ea bi bernameyeke taybet hatine waz\u00eefedar kirin.\u201d<\/h3>\n<h3 style=\"text-align: center;\"><span style=\"color: #8c0808; font-family: 'arial black', sans-serif;\">\u00c7avkaniya hem\u00fb xerabiyan w\u00ea dem\u00ea Cemaata G\u00fblen b\u00fb, niha j\u00ee AKP ye<\/span><\/h3>\n<h3 style=\"text-align: justify;\">Pi\u015ft\u00ee sala 2010 an Ocalan \u00fb PKK \u00ea hem\u00fb p\u00eakan\u00een\u00ean dewleta Tirk li ser Kurdan me\u015fand\u00ee,\u00a0 xistin sit\u00fby\u00ea cemaata G\u00fblen. \u00c7awa ku \u00eero PKK hem\u00fb dijminah\u00eeya dewleta Tirk a li ser Kurdistan\u00ea dime\u015f\u00eene dixe sit\u00fby\u00ea desthilata AKP-MHP \u00ea de w\u00ea deme j\u00ee bi heman \u015f\u00eawaz\u00ee Cemaaeta g\u00fblen tewanbar dikir . W\u00ea dem\u00ea ji kurdan re dihat gotin ku &#8220;eger em dewleta duber\u00ee \u00fb pol\u00ees\u00ean w\u00ea t\u00eak bibin, w\u00ea demokras\u00ee were w\u00ea k\u00ea\u015fa Kurd \u00e7areser bibe&#8221;.<\/h3>\n<h3 style=\"text-align: justify;\">R\u00eaveber\u00ean KCK \u00ea y\u00ean weke Mistefa Qaras\u00fb j\u00ee \u00eedia kir ku \u201c cemaate G\u00fblen dixwaze AKP \u00ea bike h\u00eazek fa\u015fist\u201d \u00fb wiha berdewam dikir: &#8220;AKP \u00fb Cemaata Fetullah hevkar\u00ean hev b\u00fbn: Loma j\u00ee fethullah\u00e7\u00ee pir p\u00ees in, xwed\u00ee karakterek\u00ee fa\u015f\u00eest in, dixwazin Ergenekoneke kesk bi away\u00ea xwe ava bikin\u201d(17\/12\/2014)<\/h3>\n<h3 style=\"text-align: center;\"><span style=\"color: #8c0808; font-family: 'arial black', sans-serif;\">Xo\u015few\u00eest\u00eeya Hakan F\u00eedan \u00fb PKK<\/span><\/h3>\n<h3 style=\"text-align: justify;\">Ocalan \u00fb tevgera w\u00ee PKK tu car\u00ee saziy\u00ean sereke y\u00ean dewleta kolonyalist wek art\u00ea\u015f, \u00eest\u00eexbarat \u00fb hwd ji xwere nekirin arman\u00e7. PKK \u00ea bi Kurd\u00ean Bakur da qeb\u00fbl kirin ku dijmin ne dewleta Tirk e, kes\u00ean r\u00eaveber in. Ji Tans\u00fb \u00c7\u00eeller heta niha PKK kes\u00ean ku dijmin dib\u00eene hene. L\u00ea hevaltiya PKK \u00ea \u00fb Ocelan bi saziy\u00ean dewlet\u00eare berdewam e. \u00cestixbarata dewleta Tirk M\u00eet yek ji wan saziy\u00ean p\u00ea\u015feng \u00ean ku Ocelan bi berdewam\u00ee t\u00eakildar e. Bi rast\u00ee j\u00ee ne \u015fa\u015f e Ocalan \u00ea ku bi pi\u015ftgir\u00eeya xwez\u00fbr\u00ea xwe y\u00ea\u00a0 r\u00eaveber\u00ea M\u00eet \u00ea dest bi siyaset\u00ea kir\u00ee, p\u00eawend\u00eey\u00ean xwe weke deyn\u00ea dilsoziya bi M\u00eet \u00ea re bib\u00eene. L\u00ea bel\u00ea Hakan F\u00eedan ku h\u00een j\u00ee miste\u015far\u00ea M\u00eet \u00ea ye, weke desteya bilind a KCK \u00ea tevdigere.<\/h3>\n<h3 style=\"text-align: justify;\">Rola Muste\u015far\u00ea M\u00eet \u00ea Hakan F\u00eedan di desthilatdariya AKP \u00ea ya li ser dewlet\u00ea de ba\u015f t\u00ea zan\u00een. Hakan F\u00eedan \u00eero hem li hundir hem j\u00ee li derve kesek e ku AKP \u00ea li ser lingan dih\u00eale. \u015e\u00eawirmendiya ve\u015fart\u00ee ya Evdila Ocelan ya ji bo AKP \u00ea dike j\u00ee bi piran\u00ee bi r\u00eaya Hakan F\u00eedan p\u00eak t\u00ea.<\/h3>\n<h3 style=\"text-align: justify;\">Di p\u00eavajoya desthilat b\u00fbna AKP \u00ea de Hakan F\u00eedan j\u00ee bo hedefa hinek layenan \u00fb di 7 \u00ea Sibata 2012 an de ji bo \u00eefadey\u00ea ji aliy\u00ea Serdozgeriya Komar\u00ea ya Stenbol\u00ea ve hatib\u00fb gaz\u00eekirin. Ev hewldane metirs\u00eeyek mezin bo AKP \u00ea \u00e7\u00eakir. w\u00ea dem\u00ea j\u00ee muzakerey\u00ean li \u00cemraliy\u00ea b\u00eanavber berdewam dikirin. Ocalan li \u00cemraliy\u00ea bang li PKK \u00ea kir ku dest\u00ea AKP \u00ea li hember\u00ee Cemaet\u00ea xurt bikin \u00fb parastina Hikmet F\u00eedan were kirin.<\/h3>\n<h3 style=\"text-align: justify;\">Bi rast\u00ee j\u00ee Ocalan ji bo w\u00ea serdem\u00ea wiha dib\u00eaje: \u201cEger min z\u00fb hi\u015fyar\u00ee nedaba AKP \u00ea, hem da Hakan F\u00eedan \u00fb hem j\u00ee serokwez\u00eer Erdogan da jinav ben\u201d.<\/h3>\n<h3 style=\"text-align: justify;\">Bi rast\u00ee ev qenc\u00ee ya ewil\u00ee neb\u00fb ku PKK \u00ea li AKP \u00ea dikir. Ji bo f\u00eamkirina van, div\u00ea mirov li hevd\u00eetin\u00ean Oslo bin\u00eare.<\/h3>\n<h3 style=\"text-align: center;\"><span style=\"color: #8c0808; font-family: 'arial black', sans-serif;\">L\u00fbtkeya hevd\u00eetin\u00ean AKP-PKK-M\u00eet \u00ea: OSLO<\/span><\/h3>\n<h3 style=\"text-align: justify;\">Hevd\u00eetin\u00ean Osloy\u00ea ku di 3\u00ea t\u00eermeha 2008an de dest p\u00ea kirib\u00fbn, bi qas\u00ee ku bi ferm\u00ee hat ragihandin ji 11 r\u00fbni\u015ftinan p\u00eak hatib\u00fb. R\u00eaveber\u00ean PKK \u00ea Sozdar Avesta \u00fb Mistafa Qarasu ji Hewler\u00ea bi balafireke taybet birin Osloy\u00ea \u00fb bi rayedar\u00ean M\u00eet \u00ea re hevd\u00eetin kirin.<\/h3>\n<h3 style=\"text-align: justify;\">Hinek h\u00eaz\u00ean rojavay\u00ee heb\u00fbn ku navbeynkariya van hevd\u00eetinan dikirin. Di hevd\u00eetin\u00ean Osloy\u00ea de li ser xeta Qend\u00eel-Oslo-Enqere-\u00cemraliy\u00ea bi dehan name hatin \u00fb \u00e7\u00fbn. Naverok \u00fb encam\u00ean hevd\u00eetin\u00ean Osloy\u00ea bi ser\u00ea xwe mijareke l\u00eakol\u00een\u00ea ye. L\u00ea di navber\u00ea de \u00e7end ti\u015ft hene.<\/h3>\n<h3 style=\"text-align: justify;\">Tev\u00ee ku PKK \u00fb AKP hewl didin ku wisa xuya bikin p\u00eavajoya Oslo qet p\u00eaknehat\u00ee ye, l\u00ea bel\u00ea demek\u00ea li Osloy\u00ea gelek ti\u015ft bi hev re hatin plan kirin. \u00db dema ku ev plan dihatin \u00e7\u00eakirin, haja kes\u00ee j\u00ea neb\u00fb. Fethullah G\u00fblen w\u00ea dem\u00ea hevd\u00eetin\u00ean PKK \u00ea \u00fb M\u00eet \u00ea de\u015f\u00eefre kir. Eger de\u015f\u00eefre neb\u00fbya, belk\u00ee haya niha j\u00ee raya gi\u015ft\u00ee ya Tirk \u00fb Kurd \u00e7i ti\u015ft nezan\u00ee ba. Encama ku ji v\u00ea b\u00ea derxistin ev e: T\u00eakiliya PKK \u00ea ya beriya AKP \u00ea \u00fb pi\u015ft\u00ee AKP \u00ea bi dewleta Tirk re qet qut neb\u00fb. Her \u00e7iqas niha PKK \u00fb AKP gelek\u00ee li dij\u00ee hev xuya dikin j\u00ee hevd\u00eetin\u00ean Qend\u00eel-\u00cemral\u00ee-Enqere her tim berdewam b\u00fbne.<\/h3>\n<h3 style=\"text-align: center;\"><span style=\"color: #8c0808; font-family: 'arial black', sans-serif;\">T\u00eagihi\u015ftina ku PKK dixwaze biafir\u00eene<\/span><\/h3>\n<h3 style=\"text-align: justify;\">Ji ber ku PKK ne saziyek e, her gav dikare her gotin\u00ea bib\u00eaje \u00fb pa\u015f\u00ea j\u00ee w\u00ea gotina xwe \u00eenkar bike \u00fb l\u00ea xwed\u00ee dernekeve. Loma j\u00ee ew dikare di her mijar\u00ea de t\u00eagihi\u015ftin\u00ea biafir\u00eene. Di mijara Oslo de j\u00ee heman ti\u015ft r\u00fb dide. Ji ber ku PKK \u00ea dizanib\u00fb dewleta Tirk w\u00ea muzakereyan ragih\u00eene, bi senaryoya p\u00eavajoya Osloy\u00ea her ti\u015ft li gor\u00ee berjewendiy\u00ean xwe dizayn kir \u00fb ragehand. Li ser nav\u00ea r\u00eaxistina xwe ev yek nekir. Ev yek rasterast li ser nav\u00ea xwe nekir bi r\u00eeya xebatkarek\u00ee xwe y\u00ea \u00e7apemen\u00eey\u00ea\u00a0 Amed D\u00eecle pirt\u00fbkek bi nav\u00ea \u201cHevd\u00eetin\u00ean Tirkiye-PKK \u00ea y\u00ean 2005-2015 an\u201d hate we\u015fandin. Ji ber ku PKK naxwaze di pa\u015feroj\u00ea de ti\u015ft\u00ean ku di pirt\u00fbk\u00ea de hatine niv\u00eesandin bipar\u00eaze, lewma j\u00ee ev r\u00eabaz terc\u00eeh kir.<\/h3>\n<h3 style=\"text-align: justify;\">Li gor\u00ee pirt\u00fbka Amed D\u00eecle, &#8220;PKK\u00a0 her tim bi niyeta ba\u015f \u00fb bi mesafe hereket kir\u00eeye&#8221;. L\u00ea bele PKK \u00ea p\u00eawend\u00eey\u00ean xwe y\u00ean li gel \u00ceran \u00fb Tirkiy\u00ea \u00fb peyman\u00ean xwe y\u00ean s\u00eeyas\u00ee\u00a0 vedi\u015fart.<\/h3>\n<h3 style=\"text-align: center;\"><span style=\"color: #8c0808; font-family: 'arial black', sans-serif;\">Sabr\u00ee Ok cara duyem\u00een \u00e7\u00fb \u00cemraliy\u00ea ye<\/span><\/h3>\n<h3 style=\"text-align: justify;\">Di be\u015fa ber\u00ea de me behsa serdana Sabr\u00ee Ok, Y\u00fbksel Gen\u00e7 \u00fb Ehmet Tirk a sala 2006 an a \u00cemraliy\u00ea kirib\u00fb. Di r\u00fbni\u015ftina 10 m\u00een ya hevd\u00eetin\u00ean Osloy\u00ea de biryar t\u00ea girtin ku kadroy\u00ean PKK \u00ea du m\u00ear \u00fb du jin ji \u00e7iy\u00ea bi\u00e7in \u00cemral\u00eey\u00ea \u00fb bi Ocalan re hevd\u00eetin\u00ea bikin. KCK j\u00ee navan diyar dike \u00fb ji M\u00eet \u00ea re di\u015f\u00eene. L\u00ea Ocalan dixwaze navek\u00ee din der bixe p\u00ea\u015fiya wan: ew nav j\u00ee Sabr\u00ee Ok b\u00fb.<\/h3>\n<h3 style=\"text-align: justify;\">L\u00ea v\u00ea car\u00ea nav\u00ean ku \u00e7\u00fbb\u00fbn hevd\u00eetina ber\u00ea nehatib\u00fbn. Sabr\u00ee Ok cara duyem\u00een di bin \u00e7avd\u00eariya dewlet\u00ean garantor de, bi balafira taybet a ku M\u00eet \u00ea ji Bruksel\u00ea amade kiriye, di\u00e7e \u00cemraliy\u00ea \u00fb bi heman away\u00ee vedigere Bruksel\u00ea.<\/h3>\n<p>[\/darkamazi_column_text][\/darkamazi_column][\/darkamazi_row][darkamazi_row css=&#8221;.darkamazi_custom_1623771386013{padding-bottom: 10px !important;}&#8221;][darkamazi_column][mpc_alert preset=&#8221;mpc_preset_24&#8243; icon=&#8221;eti eti_link&#8221; icon_color=&#8221;#ffffff&#8221; icon_size=&#8221;30&#8243; icon_background_color=&#8221;#df5461&#8243; icon_padding_divider=&#8221;true&#8221; icon_padding_css=&#8221;padding-top:25px;padding-right:25px;padding-bottom:25px;padding-left:25px;&#8221; font_preset=&#8221;mpc_preset_13&#8243; font_color=&#8221;#ffffff&#8221; font_size=&#8221;20&#8243; font_transform=&#8221;none&#8221; font_align=&#8221;center&#8221; content_padding_divider=&#8221;true&#8221; content_padding_css=&#8221;padding-top:10px;padding-right:15px;padding-bottom:0px;padding-left:15px;&#8221; background_type=&#8221;gradient&#8221; background_gradient=&#8221;#d14945||#e5825e||0;100||90||linear&#8221; border_divider=&#8221;true&#8221; border_css=&#8221;border-top:0px;border-right:0px;border-bottom:3px;border-left:0px;border-color:#bc3a5d;border-style:solid;border-radius:5px;&#8221; padding_divider=&#8221;true&#8221; margin_divider=&#8221;true&#8221; margin_css=&#8221;margin-bottom:10px;&#8221;]<\/p>\n<h4 style=\"direction: rtl; text-align: center;\"><span style=\"font-size: 18pt;\"><a href=\"https:\/\/darkamazi.info\/archives\/1032073\"><span style=\"font-family: 'arial black', sans-serif; color: #ffffff;\">Ji bo xwendina be\u015fa 1 kil\u00eek bike<\/span><\/a><\/span><\/h4>\n<p>[\/mpc_alert][mpc_alert preset=&#8221;mpc_preset_24&#8243; icon=&#8221;eti eti_link&#8221; icon_color=&#8221;#ffffff&#8221; icon_size=&#8221;30&#8243; icon_background_color=&#8221;#df5461&#8243; icon_padding_divider=&#8221;true&#8221; icon_padding_css=&#8221;padding-top:25px;padding-right:25px;padding-bottom:25px;padding-left:25px;&#8221; font_preset=&#8221;mpc_preset_13&#8243; font_color=&#8221;#ffffff&#8221; font_size=&#8221;20&#8243; font_transform=&#8221;none&#8221; font_align=&#8221;center&#8221; content_padding_divider=&#8221;true&#8221; content_padding_css=&#8221;padding-top:10px;padding-right:15px;padding-bottom:0px;padding-left:15px;&#8221; background_type=&#8221;gradient&#8221; background_gradient=&#8221;#d14945||#e5825e||0;100||90||linear&#8221; border_divider=&#8221;true&#8221; border_css=&#8221;border-top:0px;border-right:0px;border-bottom:3px;border-left:0px;border-color:#bc3a5d;border-style:solid;border-radius:5px;&#8221; padding_divider=&#8221;true&#8221; margin_divider=&#8221;true&#8221; margin_css=&#8221;margin-bottom:10px;&#8221;]<\/p>\n<h4 style=\"direction: rtl; text-align: center;\"><span style=\"font-size: 18pt;\"><a href=\"https:\/\/darkamazi.info\/archives\/1032315\"><span style=\"font-family: 'arial black', sans-serif; color: #ffffff;\">Ji bo xwendina be\u015fa 2 kil\u00eek bike<\/span><\/a><\/span><\/h4>\n<p>[\/mpc_alert][\/darkamazi_column][\/darkamazi_row]<\/p>\n<\/div>","protected":false},"excerpt":{"rendered":"<p>[darkamazi_row][darkamazi_column][darkamazi_column_text] PKK \u00fb AKP hember dewleta paralel mil bi mil\u00ea hev teko\u015f\u00een\u00ea dikin AKP; weke h\u00eaza motor\u00ea ya serdema ku j\u00ea re \u201cKomara Duyem\u00een\u201d j\u00ee t\u00ea gotin, di encama kr\u00eeza r\u00eaj\u00eema Kemal\u00eest a dewleta Tirk jiyab\u00fb, xwuliq\u00ee \u00fb di d\u00eeroka dewleta Tirk de cih\u00ea xwe girt. Dema ku di hilbijartin\u00ean 3 \u00ea Mijdara 2002an de [&hellip;]<\/p>\n","protected":false},"author":2,"featured_media":1032574,"comment_status":"closed","ping_status":"closed","sticky":false,"template":"","format":"standard","meta":{"footnotes":""},"categories":[68],"tags":[37],"class_list":["post-1032573","post","type-post","status-publish","format-standard","has-post-thumbnail","hentry","category-analiz","tag-sereke"],"blocksy_meta":[],"seo_head":"<!-- This site is optimized with the Yoast SEO plugin v27.5 - https:\/\/yoast.com\/product\/yoast-seo-wordpress\/ -->\n<title>D\u00eeroka t\u00eakil\u00eey\u00ean PKK\u2019\u00ea \u00fb AKP\u2019\u00ea \u00fb Qedera Bakur\u00ea Kurdistan\u00ea \u2013 \u00ab3\u00bb - Darka Maz\u00ee<\/title>\n<meta name=\"robots\" content=\"index, follow, max-snippet:-1, max-image-preview:large, max-video-preview:-1\" \/>\n<link rel=\"canonical\" href=\"https:\/\/darkamazi.info\/archives\/1032573\" \/>\n<meta property=\"og:locale\" content=\"en_US\" \/>\n<meta property=\"og:type\" content=\"article\" \/>\n<meta property=\"og:title\" content=\"D\u00eeroka t\u00eakil\u00eey\u00ean PKK\u2019\u00ea \u00fb AKP\u2019\u00ea \u00fb Qedera Bakur\u00ea Kurdistan\u00ea \u2013 \u00ab3\u00bb - Darka Maz\u00ee\" \/>\n<meta property=\"og:description\" content=\"[darkamazi_row][darkamazi_column][darkamazi_column_text] PKK \u00fb AKP hember dewleta paralel mil bi mil\u00ea hev teko\u015f\u00een\u00ea dikin AKP; weke h\u00eaza motor\u00ea ya serdema ku j\u00ea re \u201cKomara Duyem\u00een\u201d j\u00ee t\u00ea gotin, di encama kr\u00eeza r\u00eaj\u00eema Kemal\u00eest a dewleta Tirk jiyab\u00fb, xwuliq\u00ee \u00fb di d\u00eeroka dewleta Tirk de cih\u00ea xwe girt. Dema ku di hilbijartin\u00ean 3 \u00ea Mijdara 2002an de [&hellip;]\" \/>\n<meta property=\"og:url\" content=\"https:\/\/darkamazi.info\/archives\/1032573\" \/>\n<meta property=\"og:site_name\" content=\"Darka Maz\u00ee\" \/>\n<meta property=\"article:publisher\" content=\"https:\/\/www.facebook.com\/DarMaziKurmanci\" \/>\n<meta property=\"article:published_time\" content=\"2022-09-15T18:28:58+00:00\" \/>\n<meta property=\"article:modified_time\" content=\"2023-09-10T12:29:45+00:00\" \/>\n<meta property=\"og:image\" content=\"https:\/\/darkamazi.info\/file\/2022\/09\/pkk-akp-3.jpg\" \/>\n\t<meta property=\"og:image:width\" content=\"900\" \/>\n\t<meta property=\"og:image:height\" content=\"497\" \/>\n\t<meta property=\"og:image:type\" content=\"image\/jpeg\" \/>\n<meta name=\"author\" content=\"darka mazi\" \/>\n<meta name=\"twitter:card\" content=\"summary_large_image\" \/>\n<meta name=\"twitter:creator\" content=\"@DarkaMaziLatini\" \/>\n<meta name=\"twitter:site\" content=\"@DarkaMaziLatini\" \/>\n<meta name=\"twitter:label1\" content=\"Written by\" \/>\n\t<meta name=\"twitter:data1\" content=\"darka mazi\" \/>\n\t<meta name=\"twitter:label2\" content=\"Est. reading time\" \/>\n\t<meta name=\"twitter:data2\" content=\"7 minutes\" \/>\n<script type=\"application\/ld+json\" class=\"seo-schema-graph\">{\"@context\":\"https:\\\/\\\/schema.org\",\"@graph\":[{\"@type\":\"Article\",\"@id\":\"https:\\\/\\\/darkamazi.info\\\/archives\\\/1032573#article\",\"isPartOf\":{\"@id\":\"https:\\\/\\\/darkamazi.info\\\/archives\\\/1032573\"},\"author\":{\"name\":\"darka mazi\",\"@id\":\"https:\\\/\\\/darkamazi.info\\\/#\\\/schema\\\/person\\\/5ad3e24553a0567993fa8ed4bd0a776c\"},\"headline\":\"D\u00eeroka t\u00eakil\u00eey\u00ean PKK\u2019\u00ea \u00fb AKP\u2019\u00ea \u00fb Qedera Bakur\u00ea Kurdistan\u00ea \u2013 \u00ab3\u00bb\",\"datePublished\":\"2022-09-15T18:28:58+00:00\",\"dateModified\":\"2023-09-10T12:29:45+00:00\",\"mainEntityOfPage\":{\"@id\":\"https:\\\/\\\/darkamazi.info\\\/archives\\\/1032573\"},\"wordCount\":1919,\"publisher\":{\"@id\":\"https:\\\/\\\/darkamazi.info\\\/#organization\"},\"image\":{\"@id\":\"https:\\\/\\\/darkamazi.info\\\/archives\\\/1032573#primaryimage\"},\"thumbnailUrl\":\"https:\\\/\\\/darkamazi.info\\\/darka-content\\\/uploads\\\/2022\\\/09\\\/pkk-akp-3.jpg\",\"keywords\":[\"sereke\"],\"articleSection\":[\"Anal\u00eez\"],\"inLanguage\":\"en-US\"},{\"@type\":\"WebPage\",\"@id\":\"https:\\\/\\\/darkamazi.info\\\/archives\\\/1032573\",\"url\":\"https:\\\/\\\/darkamazi.info\\\/archives\\\/1032573\",\"name\":\"D\u00eeroka t\u00eakil\u00eey\u00ean PKK\u2019\u00ea \u00fb AKP\u2019\u00ea \u00fb Qedera Bakur\u00ea Kurdistan\u00ea \u2013 \u00ab3\u00bb - Darka Maz\u00ee\",\"isPartOf\":{\"@id\":\"https:\\\/\\\/darkamazi.info\\\/#website\"},\"primaryImageOfPage\":{\"@id\":\"https:\\\/\\\/darkamazi.info\\\/archives\\\/1032573#primaryimage\"},\"image\":{\"@id\":\"https:\\\/\\\/darkamazi.info\\\/archives\\\/1032573#primaryimage\"},\"thumbnailUrl\":\"https:\\\/\\\/darkamazi.info\\\/darka-content\\\/uploads\\\/2022\\\/09\\\/pkk-akp-3.jpg\",\"datePublished\":\"2022-09-15T18:28:58+00:00\",\"dateModified\":\"2023-09-10T12:29:45+00:00\",\"breadcrumb\":{\"@id\":\"https:\\\/\\\/darkamazi.info\\\/archives\\\/1032573#breadcrumb\"},\"inLanguage\":\"en-US\",\"potentialAction\":[{\"@type\":\"ReadAction\",\"target\":[\"https:\\\/\\\/darkamazi.info\\\/archives\\\/1032573\"]}]},{\"@type\":\"ImageObject\",\"inLanguage\":\"en-US\",\"@id\":\"https:\\\/\\\/darkamazi.info\\\/archives\\\/1032573#primaryimage\",\"url\":\"https:\\\/\\\/darkamazi.info\\\/darka-content\\\/uploads\\\/2022\\\/09\\\/pkk-akp-3.jpg\",\"contentUrl\":\"https:\\\/\\\/darkamazi.info\\\/darka-content\\\/uploads\\\/2022\\\/09\\\/pkk-akp-3.jpg\",\"width\":900,\"height\":497,\"caption\":\"D\u00eeroka t\u00eakil\u00eey\u00ean PKK\u2019\u00ea \u00fb AKP\u2019\u00ea \u00fb Qedera Bakur\u00ea Kurdistan\u00ea \u2013 \u00ab3\u00bb\"},{\"@type\":\"BreadcrumbList\",\"@id\":\"https:\\\/\\\/darkamazi.info\\\/archives\\\/1032573#breadcrumb\",\"itemListElement\":[{\"@type\":\"ListItem\",\"position\":1,\"name\":\"Home\",\"item\":\"https:\\\/\\\/darkamazi.info\\\/\"},{\"@type\":\"ListItem\",\"position\":2,\"name\":\"D\u00eeroka t\u00eakil\u00eey\u00ean PKK\u2019\u00ea \u00fb AKP\u2019\u00ea \u00fb Qedera Bakur\u00ea Kurdistan\u00ea \u2013 \u00ab3\u00bb\"}]},{\"@type\":\"WebSite\",\"@id\":\"https:\\\/\\\/darkamazi.info\\\/#website\",\"url\":\"https:\\\/\\\/darkamazi.info\\\/\",\"name\":\"Darka Maz\u00ee\",\"description\":\"P\u00eageha Zanyariy\u00ean Nebih\u00eest\u00ee\",\"publisher\":{\"@id\":\"https:\\\/\\\/darkamazi.info\\\/#organization\"},\"potentialAction\":[{\"@type\":\"SearchAction\",\"target\":{\"@type\":\"EntryPoint\",\"urlTemplate\":\"https:\\\/\\\/darkamazi.info\\\/?s={search_term_string}\"},\"query-input\":{\"@type\":\"PropertyValueSpecification\",\"valueRequired\":true,\"valueName\":\"search_term_string\"}}],\"inLanguage\":\"en-US\"},{\"@type\":\"Organization\",\"@id\":\"https:\\\/\\\/darkamazi.info\\\/#organization\",\"name\":\"Darka Maz\u00ee\",\"url\":\"https:\\\/\\\/darkamazi.info\\\/\",\"logo\":{\"@type\":\"ImageObject\",\"inLanguage\":\"en-US\",\"@id\":\"https:\\\/\\\/darkamazi.info\\\/#\\\/schema\\\/logo\\\/image\\\/\",\"url\":\"https:\\\/\\\/darkamazi.info\\\/darka-content\\\/uploads\\\/2017\\\/12\\\/darka-mazi-logo.png\",\"contentUrl\":\"https:\\\/\\\/darkamazi.info\\\/darka-content\\\/uploads\\\/2017\\\/12\\\/darka-mazi-logo.png\",\"width\":151,\"height\":75,\"caption\":\"Darka Maz\u00ee\"},\"image\":{\"@id\":\"https:\\\/\\\/darkamazi.info\\\/#\\\/schema\\\/logo\\\/image\\\/\"},\"sameAs\":[\"https:\\\/\\\/www.facebook.com\\\/DarMaziKurmanci\",\"https:\\\/\\\/x.com\\\/DarkaMaziLatini\",\"https:\\\/\\\/www.instagram.com\\\/darkamazi.kurmanci\\\/\",\"https:\\\/\\\/www.youtube.com\\\/channel\\\/UCa5HkTdmI8U1qCUFuTw8B2g\"]},{\"@type\":\"Person\",\"@id\":\"https:\\\/\\\/darkamazi.info\\\/#\\\/schema\\\/person\\\/5ad3e24553a0567993fa8ed4bd0a776c\",\"name\":\"darka mazi\",\"sameAs\":[\"https:\\\/\\\/darkamazi.info\\\/\"],\"url\":\"https:\\\/\\\/darkamazi.info\\\/archives\\\/author\\\/kurdi\"}]}<\/script>\n<!-- \/ Yoast SEO plugin. -->","seo_head_json":{"title":"D\u00eeroka t\u00eakil\u00eey\u00ean PKK\u2019\u00ea \u00fb AKP\u2019\u00ea \u00fb Qedera Bakur\u00ea Kurdistan\u00ea \u2013 \u00ab3\u00bb - Darka Maz\u00ee","robots":{"index":"index","follow":"follow","max-snippet":"max-snippet:-1","max-image-preview":"max-image-preview:large","max-video-preview":"max-video-preview:-1"},"canonical":"https:\/\/darkamazi.info\/archives\/1032573","og_locale":"en_US","og_type":"article","og_title":"D\u00eeroka t\u00eakil\u00eey\u00ean PKK\u2019\u00ea \u00fb AKP\u2019\u00ea \u00fb Qedera Bakur\u00ea Kurdistan\u00ea \u2013 \u00ab3\u00bb - Darka Maz\u00ee","og_description":"[darkamazi_row][darkamazi_column][darkamazi_column_text] PKK \u00fb AKP hember dewleta paralel mil bi mil\u00ea hev teko\u015f\u00een\u00ea dikin AKP; weke h\u00eaza motor\u00ea ya serdema ku j\u00ea re \u201cKomara Duyem\u00een\u201d j\u00ee t\u00ea gotin, di encama kr\u00eeza r\u00eaj\u00eema Kemal\u00eest a dewleta Tirk jiyab\u00fb, xwuliq\u00ee \u00fb di d\u00eeroka dewleta Tirk de cih\u00ea xwe girt. Dema ku di hilbijartin\u00ean 3 \u00ea Mijdara 2002an de [&hellip;]","og_url":"https:\/\/darkamazi.info\/archives\/1032573","og_site_name":"Darka Maz\u00ee","article_publisher":"https:\/\/www.facebook.com\/DarMaziKurmanci","article_published_time":"2022-09-15T18:28:58+00:00","article_modified_time":"2023-09-10T12:29:45+00:00","og_image":[{"width":900,"height":497,"url":"https:\/\/darkamazi.info\/file\/2022\/09\/pkk-akp-3.jpg","type":"image\/jpeg"}],"author":"darka mazi","twitter_card":"summary_large_image","twitter_creator":"@DarkaMaziLatini","twitter_site":"@DarkaMaziLatini","twitter_misc":{"Written by":"darka mazi","Est. reading time":"7 minutes"},"schema":{"@context":"https:\/\/schema.org","@graph":[{"@type":"Article","@id":"https:\/\/darkamazi.info\/archives\/1032573#article","isPartOf":{"@id":"https:\/\/darkamazi.info\/archives\/1032573"},"author":{"name":"darka mazi","@id":"https:\/\/darkamazi.info\/#\/schema\/person\/5ad3e24553a0567993fa8ed4bd0a776c"},"headline":"D\u00eeroka t\u00eakil\u00eey\u00ean PKK\u2019\u00ea \u00fb AKP\u2019\u00ea \u00fb Qedera Bakur\u00ea Kurdistan\u00ea \u2013 \u00ab3\u00bb","datePublished":"2022-09-15T18:28:58+00:00","dateModified":"2023-09-10T12:29:45+00:00","mainEntityOfPage":{"@id":"https:\/\/darkamazi.info\/archives\/1032573"},"wordCount":1919,"publisher":{"@id":"https:\/\/darkamazi.info\/#organization"},"image":{"@id":"https:\/\/darkamazi.info\/archives\/1032573#primaryimage"},"thumbnailUrl":"https:\/\/darkamazi.info\/file\/2022\/09\/pkk-akp-3.jpg","keywords":["sereke"],"articleSection":["Anal\u00eez"],"inLanguage":"en-US"},{"@type":"WebPage","@id":"https:\/\/darkamazi.info\/archives\/1032573","url":"https:\/\/darkamazi.info\/archives\/1032573","name":"D\u00eeroka t\u00eakil\u00eey\u00ean PKK\u2019\u00ea \u00fb AKP\u2019\u00ea \u00fb Qedera Bakur\u00ea Kurdistan\u00ea \u2013 \u00ab3\u00bb - Darka Maz\u00ee","isPartOf":{"@id":"https:\/\/darkamazi.info\/#website"},"primaryImageOfPage":{"@id":"https:\/\/darkamazi.info\/archives\/1032573#primaryimage"},"image":{"@id":"https:\/\/darkamazi.info\/archives\/1032573#primaryimage"},"thumbnailUrl":"https:\/\/darkamazi.info\/file\/2022\/09\/pkk-akp-3.jpg","datePublished":"2022-09-15T18:28:58+00:00","dateModified":"2023-09-10T12:29:45+00:00","breadcrumb":{"@id":"https:\/\/darkamazi.info\/archives\/1032573#breadcrumb"},"inLanguage":"en-US","potentialAction":[{"@type":"ReadAction","target":["https:\/\/darkamazi.info\/archives\/1032573"]}]},{"@type":"ImageObject","inLanguage":"en-US","@id":"https:\/\/darkamazi.info\/archives\/1032573#primaryimage","url":"https:\/\/darkamazi.info\/file\/2022\/09\/pkk-akp-3.jpg","contentUrl":"https:\/\/darkamazi.info\/file\/2022\/09\/pkk-akp-3.jpg","width":900,"height":497,"caption":"D\u00eeroka t\u00eakil\u00eey\u00ean PKK\u2019\u00ea \u00fb AKP\u2019\u00ea \u00fb Qedera Bakur\u00ea Kurdistan\u00ea \u2013 \u00ab3\u00bb"},{"@type":"BreadcrumbList","@id":"https:\/\/darkamazi.info\/archives\/1032573#breadcrumb","itemListElement":[{"@type":"ListItem","position":1,"name":"Home","item":"https:\/\/darkamazi.info\/"},{"@type":"ListItem","position":2,"name":"D\u00eeroka t\u00eakil\u00eey\u00ean PKK\u2019\u00ea \u00fb AKP\u2019\u00ea \u00fb Qedera Bakur\u00ea Kurdistan\u00ea \u2013 \u00ab3\u00bb"}]},{"@type":"WebSite","@id":"https:\/\/darkamazi.info\/#website","url":"https:\/\/darkamazi.info\/","name":"Darka Maz\u00ee","description":"P\u00eageha Zanyariy\u00ean Nebih\u00eest\u00ee","publisher":{"@id":"https:\/\/darkamazi.info\/#organization"},"potentialAction":[{"@type":"SearchAction","target":{"@type":"EntryPoint","urlTemplate":"https:\/\/darkamazi.info\/?s={search_term_string}"},"query-input":{"@type":"PropertyValueSpecification","valueRequired":true,"valueName":"search_term_string"}}],"inLanguage":"en-US"},{"@type":"Organization","@id":"https:\/\/darkamazi.info\/#organization","name":"Darka Maz\u00ee","url":"https:\/\/darkamazi.info\/","logo":{"@type":"ImageObject","inLanguage":"en-US","@id":"https:\/\/darkamazi.info\/#\/schema\/logo\/image\/","url":"https:\/\/darkamazi.info\/file\/2017\/12\/darka-mazi-logo.png","contentUrl":"https:\/\/darkamazi.info\/file\/2017\/12\/darka-mazi-logo.png","width":151,"height":75,"caption":"Darka Maz\u00ee"},"image":{"@id":"https:\/\/darkamazi.info\/#\/schema\/logo\/image\/"},"sameAs":["https:\/\/www.facebook.com\/DarMaziKurmanci","https:\/\/x.com\/DarkaMaziLatini","https:\/\/www.instagram.com\/darkamazi.kurmanci\/","https:\/\/www.youtube.com\/channel\/UCa5HkTdmI8U1qCUFuTw8B2g"]},{"@type":"Person","@id":"https:\/\/darkamazi.info\/#\/schema\/person\/5ad3e24553a0567993fa8ed4bd0a776c","name":"darka mazi","sameAs":["https:\/\/darkamazi.info\/"],"url":"https:\/\/darkamazi.info\/archives\/author\/kurdi"}]}},"_links":{"self":[{"href":"https:\/\/darkamazi.info\/funavuv\/wp\/v2\/posts\/1032573","targetHints":{"allow":["GET"]}}],"collection":[{"href":"https:\/\/darkamazi.info\/funavuv\/wp\/v2\/posts"}],"about":[{"href":"https:\/\/darkamazi.info\/funavuv\/wp\/v2\/types\/post"}],"author":[{"embeddable":true,"href":"https:\/\/darkamazi.info\/funavuv\/wp\/v2\/users\/2"}],"replies":[{"embeddable":true,"href":"https:\/\/darkamazi.info\/funavuv\/wp\/v2\/comments?post=1032573"}],"version-history":[{"count":0,"href":"https:\/\/darkamazi.info\/funavuv\/wp\/v2\/posts\/1032573\/revisions"}],"wp:featuredmedia":[{"embeddable":true,"href":"https:\/\/darkamazi.info\/funavuv\/wp\/v2\/media\/1032574"}],"wp:attachment":[{"href":"https:\/\/darkamazi.info\/funavuv\/wp\/v2\/media?parent=1032573"}],"wp:term":[{"taxonomy":"category","embeddable":true,"href":"https:\/\/darkamazi.info\/funavuv\/wp\/v2\/categories?post=1032573"},{"taxonomy":"post_tag","embeddable":true,"href":"https:\/\/darkamazi.info\/funavuv\/wp\/v2\/tags?post=1032573"}],"curies":[{"name":"wp","href":"https:\/\/api.w.org\/{rel}","templated":true}]}}