{"id":1032590,"date":"2022-09-18T12:36:20","date_gmt":"2022-09-18T09:36:20","guid":{"rendered":"https:\/\/darkamazi.info\/?p=1032590"},"modified":"2022-09-18T12:39:35","modified_gmt":"2022-09-18T09:39:35","slug":"tirkiye-berpirseki-dine-pkke-bi-nave-mehmet-gurbuz-kust","status":"publish","type":"post","link":"https:\/\/darkamazi.info\/archives\/1032590","title":{"rendered":"Tirkiy\u00ea berpirsek\u00ee din\u00ea PKK\u00ea bi nav\u00ea Mehmet Gurbuz ku\u015ft"},"content":{"rendered":"<h3 style=\"text-align: justify\"><span style=\"font-family: 'arial black', sans-serif\">Dezgeha Hewalgiriya Tirkiy\u00ea (M\u00ceT) ku\u015ftina 5 \u00e7ekdar\u00ean YPG \u00fb PKK li Rojavay\u00ea Kurdistan ragihand ku berpirs\u00ea di nava PKK\u00ea de Mehmed Gurbuz heye.<\/span><\/h3>\n<h3 style=\"text-align: justify\"><span style=\"font-family: arial, helvetica, sans-serif\">Ajansa \u201cAA\u201d a Tirkiy\u00ea belav kir, M\u00ceT\u00ea 2 operasyon\u00ean taybet \u00ean bi dronan li dij\u00ee \u00e7ekdar\u00ean YPG \u00fb PKK\u00ea li Eyn \u00cesay\u00ea p\u00eak an\u00eene \u00fb di encam\u00ea de 5 \u00e7ekdar\u00ean YPG \u00fb PKK\u00ea hatine ku\u015ftin.<\/span><\/h3>\n<h3 style=\"text-align: justify\"><span style=\"font-family: arial, helvetica, sans-serif\">Hat ragihandin ku ew operasyon roja 16\u00ea \u00celon\u00ea hatine kirin \u00fb di nava ku\u015ftiyan de berpirs\u00ea PKK\u00ea y\u00ea li her\u00eama Firat\u00ea Mehmed Gurbuz \u201cRojhat Karako\u00e7an\u201d heye.<\/span><\/h3>\n<h3 style=\"text-align: justify\"><span style=\"font-family: arial, helvetica, sans-serif\">Ev yek di demek\u00ea de ye, pi\u015ft\u00ee gefa Tirkiy\u00ea ya destp\u00eakirina operasyoneke le\u015fker\u00ee li Rojavay\u00ea Kurdistan\u00ea \u00fb bakur\u00ea S\u00fbriy\u00ea, \u00ear\u00ee\u015f\u00ean art\u00ea\u015fa Tirkiy\u00ea y\u00ean bi riya dronan li ser Rojavay\u00ea Kurdistan\u00ea \u00fb dever\u00ean di dest\u00ea HSD\u00ea de z\u00eade b\u00fbne.<\/span><\/h3>\n<h3 style=\"text-align: justify\"><span style=\"font-family: arial, helvetica, sans-serif\">Ji aliyek\u00ee din ve, Wez\u00eer\u00ea Navxwe y\u00ea Tirkiy\u00ea Suleyman Soylu li Twittera xwe belav kir, li Gever\u00ea di \u015fer\u00ea bi ger\u00eelay\u00ean PKK\u00ea re, 2 \u00e7ekdar\u00ean PKK\u00ea hatine ku\u015ftin \u00fb \u00e7ekdarek\u00ee din \u00ea PKK\u00ea hatiye desteserkirin.<\/span><\/h3>\n<h3 style=\"text-align: justify\"><span style=\"font-family: arial, helvetica, sans-serif\">PKK\u00ea j\u00ee ragihand, di nava du roj\u00ean bor\u00ee, wan 25 caran \u00ear\u00ee\u015f\u00ee h\u00eaz\u00ean Tirkiy\u00ea kirine \u00fb her\u00ee k\u00eam 19 le\u015fker\u00ean Tirk hatine ku\u015ftin.<\/span><\/h3>\n","protected":false},"excerpt":{"rendered":"<p>Dezgeha Hewalgiriya Tirkiy\u00ea (M\u00ceT) ku\u015ftina 5 \u00e7ekdar\u00ean YPG \u00fb PKK li Rojavay\u00ea Kurdistan ragihand ku berpirs\u00ea di nava PKK\u00ea de Mehmed Gurbuz heye. Ajansa \u201cAA\u201d a Tirkiy\u00ea belav kir, M\u00ceT\u00ea 2 operasyon\u00ean taybet \u00ean bi dronan li dij\u00ee \u00e7ekdar\u00ean YPG \u00fb PKK\u00ea li Eyn \u00cesay\u00ea p\u00eak an\u00eene \u00fb di encam\u00ea de 5 \u00e7ekdar\u00ean YPG \u00fb [&hellip;]<\/p>\n","protected":false},"author":2,"featured_media":1032591,"comment_status":"closed","ping_status":"closed","sticky":false,"template":"","format":"standard","meta":{"footnotes":""},"categories":[29],"tags":[37],"class_list":["post-1032590","post","type-post","status-publish","format-standard","has-post-thumbnail","hentry","category-kurdistan","tag-sereke"],"blocksy_meta":[],"seo_head":"<!-- This site is optimized with the Yoast SEO plugin v27.5 - https:\/\/yoast.com\/product\/yoast-seo-wordpress\/ -->\n<title>Tirkiy\u00ea berpirsek\u00ee din\u00ea PKK\u00ea bi nav\u00ea Mehmet Gurbuz ku\u015ft - Darka Maz\u00ee<\/title>\n<meta name=\"robots\" content=\"index, follow, max-snippet:-1, max-image-preview:large, max-video-preview:-1\" \/>\n<link rel=\"canonical\" href=\"https:\/\/darkamazi.info\/archives\/1032590\" \/>\n<meta property=\"og:locale\" content=\"en_US\" \/>\n<meta property=\"og:type\" content=\"article\" \/>\n<meta property=\"og:title\" content=\"Tirkiy\u00ea berpirsek\u00ee din\u00ea PKK\u00ea bi nav\u00ea Mehmet Gurbuz ku\u015ft - Darka Maz\u00ee\" \/>\n<meta property=\"og:description\" content=\"Dezgeha Hewalgiriya Tirkiy\u00ea (M\u00ceT) ku\u015ftina 5 \u00e7ekdar\u00ean YPG \u00fb PKK li Rojavay\u00ea Kurdistan ragihand ku berpirs\u00ea di nava PKK\u00ea de Mehmed Gurbuz heye. Ajansa \u201cAA\u201d a Tirkiy\u00ea belav kir, M\u00ceT\u00ea 2 operasyon\u00ean taybet \u00ean bi dronan li dij\u00ee \u00e7ekdar\u00ean YPG \u00fb PKK\u00ea li Eyn \u00cesay\u00ea p\u00eak an\u00eene \u00fb di encam\u00ea de 5 \u00e7ekdar\u00ean YPG \u00fb [&hellip;]\" \/>\n<meta property=\"og:url\" content=\"https:\/\/darkamazi.info\/archives\/1032590\" \/>\n<meta property=\"og:site_name\" content=\"Darka Maz\u00ee\" \/>\n<meta property=\"article:publisher\" content=\"https:\/\/www.facebook.com\/DarMaziKurmanci\" \/>\n<meta property=\"article:published_time\" content=\"2022-09-18T09:36:20+00:00\" \/>\n<meta property=\"article:modified_time\" content=\"2022-09-18T09:39:35+00:00\" \/>\n<meta property=\"og:image\" content=\"https:\/\/darkamazi.info\/file\/2022\/09\/Mehmet-Gurbuz-pkk-ypg-rojava-kurdistan-turkey-drone-1.jpg\" \/>\n\t<meta property=\"og:image:width\" content=\"900\" \/>\n\t<meta property=\"og:image:height\" content=\"497\" \/>\n\t<meta property=\"og:image:type\" content=\"image\/jpeg\" \/>\n<meta name=\"author\" content=\"darka mazi\" \/>\n<meta name=\"twitter:card\" content=\"summary_large_image\" \/>\n<meta name=\"twitter:creator\" content=\"@DarkaMaziLatini\" \/>\n<meta name=\"twitter:site\" content=\"@DarkaMaziLatini\" \/>\n<meta name=\"twitter:label1\" content=\"Written by\" \/>\n\t<meta name=\"twitter:data1\" content=\"darka mazi\" \/>\n\t<meta name=\"twitter:label2\" content=\"Est. reading time\" \/>\n\t<meta name=\"twitter:data2\" content=\"1 minute\" \/>\n<script type=\"application\/ld+json\" class=\"seo-schema-graph\">{\"@context\":\"https:\\\/\\\/schema.org\",\"@graph\":[{\"@type\":\"Article\",\"@id\":\"https:\\\/\\\/darkamazi.info\\\/archives\\\/1032590#article\",\"isPartOf\":{\"@id\":\"https:\\\/\\\/darkamazi.info\\\/archives\\\/1032590\"},\"author\":{\"name\":\"darka mazi\",\"@id\":\"https:\\\/\\\/darkamazi.info\\\/#\\\/schema\\\/person\\\/5ad3e24553a0567993fa8ed4bd0a776c\"},\"headline\":\"Tirkiy\u00ea berpirsek\u00ee din\u00ea PKK\u00ea bi nav\u00ea Mehmet Gurbuz ku\u015ft\",\"datePublished\":\"2022-09-18T09:36:20+00:00\",\"dateModified\":\"2022-09-18T09:39:35+00:00\",\"mainEntityOfPage\":{\"@id\":\"https:\\\/\\\/darkamazi.info\\\/archives\\\/1032590\"},\"wordCount\":208,\"publisher\":{\"@id\":\"https:\\\/\\\/darkamazi.info\\\/#organization\"},\"image\":{\"@id\":\"https:\\\/\\\/darkamazi.info\\\/archives\\\/1032590#primaryimage\"},\"thumbnailUrl\":\"https:\\\/\\\/darkamazi.info\\\/darka-content\\\/uploads\\\/2022\\\/09\\\/Mehmet-Gurbuz-pkk-ypg-rojava-kurdistan-turkey-drone-1.jpg\",\"keywords\":[\"sereke\"],\"articleSection\":[\"Kurdistan\"],\"inLanguage\":\"en-US\"},{\"@type\":\"WebPage\",\"@id\":\"https:\\\/\\\/darkamazi.info\\\/archives\\\/1032590\",\"url\":\"https:\\\/\\\/darkamazi.info\\\/archives\\\/1032590\",\"name\":\"Tirkiy\u00ea berpirsek\u00ee din\u00ea PKK\u00ea bi nav\u00ea Mehmet Gurbuz ku\u015ft - Darka Maz\u00ee\",\"isPartOf\":{\"@id\":\"https:\\\/\\\/darkamazi.info\\\/#website\"},\"primaryImageOfPage\":{\"@id\":\"https:\\\/\\\/darkamazi.info\\\/archives\\\/1032590#primaryimage\"},\"image\":{\"@id\":\"https:\\\/\\\/darkamazi.info\\\/archives\\\/1032590#primaryimage\"},\"thumbnailUrl\":\"https:\\\/\\\/darkamazi.info\\\/darka-content\\\/uploads\\\/2022\\\/09\\\/Mehmet-Gurbuz-pkk-ypg-rojava-kurdistan-turkey-drone-1.jpg\",\"datePublished\":\"2022-09-18T09:36:20+00:00\",\"dateModified\":\"2022-09-18T09:39:35+00:00\",\"breadcrumb\":{\"@id\":\"https:\\\/\\\/darkamazi.info\\\/archives\\\/1032590#breadcrumb\"},\"inLanguage\":\"en-US\",\"potentialAction\":[{\"@type\":\"ReadAction\",\"target\":[\"https:\\\/\\\/darkamazi.info\\\/archives\\\/1032590\"]}]},{\"@type\":\"ImageObject\",\"inLanguage\":\"en-US\",\"@id\":\"https:\\\/\\\/darkamazi.info\\\/archives\\\/1032590#primaryimage\",\"url\":\"https:\\\/\\\/darkamazi.info\\\/darka-content\\\/uploads\\\/2022\\\/09\\\/Mehmet-Gurbuz-pkk-ypg-rojava-kurdistan-turkey-drone-1.jpg\",\"contentUrl\":\"https:\\\/\\\/darkamazi.info\\\/darka-content\\\/uploads\\\/2022\\\/09\\\/Mehmet-Gurbuz-pkk-ypg-rojava-kurdistan-turkey-drone-1.jpg\",\"width\":900,\"height\":497,\"caption\":\"Tirkiy\u00ea berpirsek\u00ee din\u00ea PKK\u00ea bi nav\u00ea Mehmet Gurbuz ku\u015ft\"},{\"@type\":\"BreadcrumbList\",\"@id\":\"https:\\\/\\\/darkamazi.info\\\/archives\\\/1032590#breadcrumb\",\"itemListElement\":[{\"@type\":\"ListItem\",\"position\":1,\"name\":\"Home\",\"item\":\"https:\\\/\\\/darkamazi.info\\\/\"},{\"@type\":\"ListItem\",\"position\":2,\"name\":\"Tirkiy\u00ea berpirsek\u00ee din\u00ea PKK\u00ea bi nav\u00ea Mehmet Gurbuz ku\u015ft\"}]},{\"@type\":\"WebSite\",\"@id\":\"https:\\\/\\\/darkamazi.info\\\/#website\",\"url\":\"https:\\\/\\\/darkamazi.info\\\/\",\"name\":\"Darka Maz\u00ee\",\"description\":\"P\u00eageha Zanyariy\u00ean Nebih\u00eest\u00ee\",\"publisher\":{\"@id\":\"https:\\\/\\\/darkamazi.info\\\/#organization\"},\"potentialAction\":[{\"@type\":\"SearchAction\",\"target\":{\"@type\":\"EntryPoint\",\"urlTemplate\":\"https:\\\/\\\/darkamazi.info\\\/?s={search_term_string}\"},\"query-input\":{\"@type\":\"PropertyValueSpecification\",\"valueRequired\":true,\"valueName\":\"search_term_string\"}}],\"inLanguage\":\"en-US\"},{\"@type\":\"Organization\",\"@id\":\"https:\\\/\\\/darkamazi.info\\\/#organization\",\"name\":\"Darka Maz\u00ee\",\"url\":\"https:\\\/\\\/darkamazi.info\\\/\",\"logo\":{\"@type\":\"ImageObject\",\"inLanguage\":\"en-US\",\"@id\":\"https:\\\/\\\/darkamazi.info\\\/#\\\/schema\\\/logo\\\/image\\\/\",\"url\":\"https:\\\/\\\/darkamazi.info\\\/darka-content\\\/uploads\\\/2017\\\/12\\\/darka-mazi-logo.png\",\"contentUrl\":\"https:\\\/\\\/darkamazi.info\\\/darka-content\\\/uploads\\\/2017\\\/12\\\/darka-mazi-logo.png\",\"width\":151,\"height\":75,\"caption\":\"Darka Maz\u00ee\"},\"image\":{\"@id\":\"https:\\\/\\\/darkamazi.info\\\/#\\\/schema\\\/logo\\\/image\\\/\"},\"sameAs\":[\"https:\\\/\\\/www.facebook.com\\\/DarMaziKurmanci\",\"https:\\\/\\\/x.com\\\/DarkaMaziLatini\",\"https:\\\/\\\/www.instagram.com\\\/darkamazi.kurmanci\\\/\",\"https:\\\/\\\/www.youtube.com\\\/channel\\\/UCa5HkTdmI8U1qCUFuTw8B2g\"]},{\"@type\":\"Person\",\"@id\":\"https:\\\/\\\/darkamazi.info\\\/#\\\/schema\\\/person\\\/5ad3e24553a0567993fa8ed4bd0a776c\",\"name\":\"darka mazi\",\"sameAs\":[\"https:\\\/\\\/darkamazi.info\\\/\"],\"url\":\"https:\\\/\\\/darkamazi.info\\\/archives\\\/author\\\/kurdi\"}]}<\/script>\n<!-- \/ Yoast SEO plugin. -->","seo_head_json":{"title":"Tirkiy\u00ea berpirsek\u00ee din\u00ea PKK\u00ea bi nav\u00ea Mehmet Gurbuz ku\u015ft - Darka Maz\u00ee","robots":{"index":"index","follow":"follow","max-snippet":"max-snippet:-1","max-image-preview":"max-image-preview:large","max-video-preview":"max-video-preview:-1"},"canonical":"https:\/\/darkamazi.info\/archives\/1032590","og_locale":"en_US","og_type":"article","og_title":"Tirkiy\u00ea berpirsek\u00ee din\u00ea PKK\u00ea bi nav\u00ea Mehmet Gurbuz ku\u015ft - Darka Maz\u00ee","og_description":"Dezgeha Hewalgiriya Tirkiy\u00ea (M\u00ceT) ku\u015ftina 5 \u00e7ekdar\u00ean YPG \u00fb PKK li Rojavay\u00ea Kurdistan ragihand ku berpirs\u00ea di nava PKK\u00ea de Mehmed Gurbuz heye. Ajansa \u201cAA\u201d a Tirkiy\u00ea belav kir, M\u00ceT\u00ea 2 operasyon\u00ean taybet \u00ean bi dronan li dij\u00ee \u00e7ekdar\u00ean YPG \u00fb PKK\u00ea li Eyn \u00cesay\u00ea p\u00eak an\u00eene \u00fb di encam\u00ea de 5 \u00e7ekdar\u00ean YPG \u00fb [&hellip;]","og_url":"https:\/\/darkamazi.info\/archives\/1032590","og_site_name":"Darka Maz\u00ee","article_publisher":"https:\/\/www.facebook.com\/DarMaziKurmanci","article_published_time":"2022-09-18T09:36:20+00:00","article_modified_time":"2022-09-18T09:39:35+00:00","og_image":[{"width":900,"height":497,"url":"https:\/\/darkamazi.info\/file\/2022\/09\/Mehmet-Gurbuz-pkk-ypg-rojava-kurdistan-turkey-drone-1.jpg","type":"image\/jpeg"}],"author":"darka mazi","twitter_card":"summary_large_image","twitter_creator":"@DarkaMaziLatini","twitter_site":"@DarkaMaziLatini","twitter_misc":{"Written by":"darka mazi","Est. reading time":"1 minute"},"schema":{"@context":"https:\/\/schema.org","@graph":[{"@type":"Article","@id":"https:\/\/darkamazi.info\/archives\/1032590#article","isPartOf":{"@id":"https:\/\/darkamazi.info\/archives\/1032590"},"author":{"name":"darka mazi","@id":"https:\/\/darkamazi.info\/#\/schema\/person\/5ad3e24553a0567993fa8ed4bd0a776c"},"headline":"Tirkiy\u00ea berpirsek\u00ee din\u00ea PKK\u00ea bi nav\u00ea Mehmet Gurbuz ku\u015ft","datePublished":"2022-09-18T09:36:20+00:00","dateModified":"2022-09-18T09:39:35+00:00","mainEntityOfPage":{"@id":"https:\/\/darkamazi.info\/archives\/1032590"},"wordCount":208,"publisher":{"@id":"https:\/\/darkamazi.info\/#organization"},"image":{"@id":"https:\/\/darkamazi.info\/archives\/1032590#primaryimage"},"thumbnailUrl":"https:\/\/darkamazi.info\/file\/2022\/09\/Mehmet-Gurbuz-pkk-ypg-rojava-kurdistan-turkey-drone-1.jpg","keywords":["sereke"],"articleSection":["Kurdistan"],"inLanguage":"en-US"},{"@type":"WebPage","@id":"https:\/\/darkamazi.info\/archives\/1032590","url":"https:\/\/darkamazi.info\/archives\/1032590","name":"Tirkiy\u00ea berpirsek\u00ee din\u00ea PKK\u00ea bi nav\u00ea Mehmet Gurbuz ku\u015ft - Darka Maz\u00ee","isPartOf":{"@id":"https:\/\/darkamazi.info\/#website"},"primaryImageOfPage":{"@id":"https:\/\/darkamazi.info\/archives\/1032590#primaryimage"},"image":{"@id":"https:\/\/darkamazi.info\/archives\/1032590#primaryimage"},"thumbnailUrl":"https:\/\/darkamazi.info\/file\/2022\/09\/Mehmet-Gurbuz-pkk-ypg-rojava-kurdistan-turkey-drone-1.jpg","datePublished":"2022-09-18T09:36:20+00:00","dateModified":"2022-09-18T09:39:35+00:00","breadcrumb":{"@id":"https:\/\/darkamazi.info\/archives\/1032590#breadcrumb"},"inLanguage":"en-US","potentialAction":[{"@type":"ReadAction","target":["https:\/\/darkamazi.info\/archives\/1032590"]}]},{"@type":"ImageObject","inLanguage":"en-US","@id":"https:\/\/darkamazi.info\/archives\/1032590#primaryimage","url":"https:\/\/darkamazi.info\/file\/2022\/09\/Mehmet-Gurbuz-pkk-ypg-rojava-kurdistan-turkey-drone-1.jpg","contentUrl":"https:\/\/darkamazi.info\/file\/2022\/09\/Mehmet-Gurbuz-pkk-ypg-rojava-kurdistan-turkey-drone-1.jpg","width":900,"height":497,"caption":"Tirkiy\u00ea berpirsek\u00ee din\u00ea PKK\u00ea bi nav\u00ea Mehmet Gurbuz ku\u015ft"},{"@type":"BreadcrumbList","@id":"https:\/\/darkamazi.info\/archives\/1032590#breadcrumb","itemListElement":[{"@type":"ListItem","position":1,"name":"Home","item":"https:\/\/darkamazi.info\/"},{"@type":"ListItem","position":2,"name":"Tirkiy\u00ea berpirsek\u00ee din\u00ea PKK\u00ea bi nav\u00ea Mehmet Gurbuz ku\u015ft"}]},{"@type":"WebSite","@id":"https:\/\/darkamazi.info\/#website","url":"https:\/\/darkamazi.info\/","name":"Darka Maz\u00ee","description":"P\u00eageha Zanyariy\u00ean Nebih\u00eest\u00ee","publisher":{"@id":"https:\/\/darkamazi.info\/#organization"},"potentialAction":[{"@type":"SearchAction","target":{"@type":"EntryPoint","urlTemplate":"https:\/\/darkamazi.info\/?s={search_term_string}"},"query-input":{"@type":"PropertyValueSpecification","valueRequired":true,"valueName":"search_term_string"}}],"inLanguage":"en-US"},{"@type":"Organization","@id":"https:\/\/darkamazi.info\/#organization","name":"Darka Maz\u00ee","url":"https:\/\/darkamazi.info\/","logo":{"@type":"ImageObject","inLanguage":"en-US","@id":"https:\/\/darkamazi.info\/#\/schema\/logo\/image\/","url":"https:\/\/darkamazi.info\/file\/2017\/12\/darka-mazi-logo.png","contentUrl":"https:\/\/darkamazi.info\/file\/2017\/12\/darka-mazi-logo.png","width":151,"height":75,"caption":"Darka Maz\u00ee"},"image":{"@id":"https:\/\/darkamazi.info\/#\/schema\/logo\/image\/"},"sameAs":["https:\/\/www.facebook.com\/DarMaziKurmanci","https:\/\/x.com\/DarkaMaziLatini","https:\/\/www.instagram.com\/darkamazi.kurmanci\/","https:\/\/www.youtube.com\/channel\/UCa5HkTdmI8U1qCUFuTw8B2g"]},{"@type":"Person","@id":"https:\/\/darkamazi.info\/#\/schema\/person\/5ad3e24553a0567993fa8ed4bd0a776c","name":"darka mazi","sameAs":["https:\/\/darkamazi.info\/"],"url":"https:\/\/darkamazi.info\/archives\/author\/kurdi"}]}},"_links":{"self":[{"href":"https:\/\/darkamazi.info\/funavuv\/wp\/v2\/posts\/1032590","targetHints":{"allow":["GET"]}}],"collection":[{"href":"https:\/\/darkamazi.info\/funavuv\/wp\/v2\/posts"}],"about":[{"href":"https:\/\/darkamazi.info\/funavuv\/wp\/v2\/types\/post"}],"author":[{"embeddable":true,"href":"https:\/\/darkamazi.info\/funavuv\/wp\/v2\/users\/2"}],"replies":[{"embeddable":true,"href":"https:\/\/darkamazi.info\/funavuv\/wp\/v2\/comments?post=1032590"}],"version-history":[{"count":0,"href":"https:\/\/darkamazi.info\/funavuv\/wp\/v2\/posts\/1032590\/revisions"}],"wp:featuredmedia":[{"embeddable":true,"href":"https:\/\/darkamazi.info\/funavuv\/wp\/v2\/media\/1032591"}],"wp:attachment":[{"href":"https:\/\/darkamazi.info\/funavuv\/wp\/v2\/media?parent=1032590"}],"wp:term":[{"taxonomy":"category","embeddable":true,"href":"https:\/\/darkamazi.info\/funavuv\/wp\/v2\/categories?post=1032590"},{"taxonomy":"post_tag","embeddable":true,"href":"https:\/\/darkamazi.info\/funavuv\/wp\/v2\/tags?post=1032590"}],"curies":[{"name":"wp","href":"https:\/\/api.w.org\/{rel}","templated":true}]}}