{"id":1032602,"date":"2022-09-18T17:17:48","date_gmt":"2022-09-18T14:17:48","guid":{"rendered":"https:\/\/darkamazi.info\/?p=1032602"},"modified":"2022-09-18T17:17:48","modified_gmt":"2022-09-18T14:17:48","slug":"hak-par-kustina-jina-emini-bi-tundi-sermezar-dike","status":"publish","type":"post","link":"https:\/\/darkamazi.info\/archives\/1032602","title":{"rendered":"Hak-Par ku\u015ftina J\u00eena Em\u00een\u00ee bi tund\u00ee \u015fermezar dike"},"content":{"rendered":"<h3 style=\"text-align: justify\"><span style=\"font-family: 'arial black', sans-serif\">Partiya Maf \u00fb Azadiyan (Hak-Par) derbar\u00ea ku\u015ftina ke\u00e7a Kurd Mehsa Em\u00een\u00ee (J\u00eena Em\u00een\u00ee) ya ji aliy\u00ea pol\u00ees\u00ean \u00ceran\u00ea ve civ\u00eenek \u00e7apemeniy\u00ea li dar \u00fb qetilkirina ke\u00e7a kurd bi tund\u00ee \u015fermezar kir.<\/span><\/h3>\n<h3 style=\"text-align: justify\">R\u00eaxistina Bajar\u00ea Diyarbekir a Partiya Maf \u00fb Azadiyan (Hak-Par) bi civ\u00eeneke \u00e7apemeniy\u00ea daxuyaniyek derbar\u00ea ku\u015ftina ke\u00e7a Kurd Mehsa Em\u00een\u00ee ya de ji raya gi\u015ft\u00ee re parve kir.<\/h3>\n<h3 style=\"text-align: justify\">Daxuyan\u00ee ji aliy\u00ea Serok\u00ea Hak-Par\u00ea y\u00ea Diyarbekir Vasif Kahraman ve hat xwendin.<\/h3>\n<h3 style=\"text-align: justify\">Di daxuyaniy\u00ea de hat amajekirin ku Hak-Par bi tund\u00ee rejima pa\u015fver\u00fb ya mollayan a \u00ceran\u00ea \u015fermezar dike. Bal hate k\u00ea\u015fan ku \u00ceran bi salane darvekirin, \u00ee\u015feknce \u00fb binp\u00eakirin\u00ean maf\u00ean mirovan p\u00eak t\u00eene \u00fb bang li welat\u00ean nujen \u00fb p\u00ea\u015fver\u00fb hat kirin ku hember kiryar\u00ean hovane y\u00ean \u00ceran\u00ea helwest n\u00ee\u015fan bidin.<\/h3>\n<h3 style=\"text-align: justify\">Bang li gel\u00ea \u00ceran\u00ea j\u00ee hat kirin ku hember ku\u015ftina Mahsa Em\u00een\u00ee Bertek n\u00ee\u015fan bidin.<\/h3>\n<h3 style=\"text-align: justify\">Mahsa Em\u00een\u00ee ya 22 sal\u00ee ji bajar\u00ea Seqiz a Rojhilat\u00ea Kurdistan\u00ea b\u00fb \u00fb roja 13\u00ea \u00celon\u00ea ji bo serdana xizm\u00ean xwe li Tehran\u00ea b\u00fb \u00fb di metroy\u00ea de bi h\u00eancet\u00ea sernegirt\u00ee b\u00fb ji aliy\u00ea pol\u00ees\u00ean \u00ceran\u00ea ve hatib\u00fb bin\u00e7avkirin \u00fb rast\u00ee \u00ea\u015feknecey\u00ea hatib\u00fb \u00fb di encam\u00ea de j\u00ee jiyana xwe ji dest dab\u00fb.<\/h3>\n","protected":false},"excerpt":{"rendered":"<p>Partiya Maf \u00fb Azadiyan (Hak-Par) derbar\u00ea ku\u015ftina ke\u00e7a Kurd Mehsa Em\u00een\u00ee (J\u00eena Em\u00een\u00ee) ya ji aliy\u00ea pol\u00ees\u00ean \u00ceran\u00ea ve civ\u00eenek \u00e7apemeniy\u00ea li dar \u00fb qetilkirina ke\u00e7a kurd bi tund\u00ee \u015fermezar kir. R\u00eaxistina Bajar\u00ea Diyarbekir a Partiya Maf \u00fb Azadiyan (Hak-Par) bi civ\u00eeneke \u00e7apemeniy\u00ea daxuyaniyek derbar\u00ea ku\u015ftina ke\u00e7a Kurd Mehsa Em\u00een\u00ee ya de ji raya gi\u015ft\u00ee [&hellip;]<\/p>\n","protected":false},"author":2,"featured_media":1032603,"comment_status":"closed","ping_status":"closed","sticky":false,"template":"","format":"standard","meta":{"footnotes":""},"categories":[29],"tags":[37],"class_list":["post-1032602","post","type-post","status-publish","format-standard","has-post-thumbnail","hentry","category-kurdistan","tag-sereke"],"blocksy_meta":[],"seo_head":"<!-- This site is optimized with the Yoast SEO plugin v27.5 - https:\/\/yoast.com\/product\/yoast-seo-wordpress\/ -->\n<title>Hak-Par ku\u015ftina J\u00eena Em\u00een\u00ee bi tund\u00ee \u015fermezar dike - Darka Maz\u00ee<\/title>\n<meta name=\"robots\" content=\"index, follow, max-snippet:-1, max-image-preview:large, max-video-preview:-1\" \/>\n<link rel=\"canonical\" href=\"https:\/\/darkamazi.info\/archives\/1032602\" \/>\n<meta property=\"og:locale\" content=\"en_US\" \/>\n<meta property=\"og:type\" content=\"article\" \/>\n<meta property=\"og:title\" content=\"Hak-Par ku\u015ftina J\u00eena Em\u00een\u00ee bi tund\u00ee \u015fermezar dike - Darka Maz\u00ee\" \/>\n<meta property=\"og:description\" content=\"Partiya Maf \u00fb Azadiyan (Hak-Par) derbar\u00ea ku\u015ftina ke\u00e7a Kurd Mehsa Em\u00een\u00ee (J\u00eena Em\u00een\u00ee) ya ji aliy\u00ea pol\u00ees\u00ean \u00ceran\u00ea ve civ\u00eenek \u00e7apemeniy\u00ea li dar \u00fb qetilkirina ke\u00e7a kurd bi tund\u00ee \u015fermezar kir. R\u00eaxistina Bajar\u00ea Diyarbekir a Partiya Maf \u00fb Azadiyan (Hak-Par) bi civ\u00eeneke \u00e7apemeniy\u00ea daxuyaniyek derbar\u00ea ku\u015ftina ke\u00e7a Kurd Mehsa Em\u00een\u00ee ya de ji raya gi\u015ft\u00ee [&hellip;]\" \/>\n<meta property=\"og:url\" content=\"https:\/\/darkamazi.info\/archives\/1032602\" \/>\n<meta property=\"og:site_name\" content=\"Darka Maz\u00ee\" \/>\n<meta property=\"article:publisher\" content=\"https:\/\/www.facebook.com\/DarMaziKurmanci\" \/>\n<meta property=\"article:published_time\" content=\"2022-09-18T14:17:48+00:00\" \/>\n<meta property=\"og:image\" content=\"https:\/\/darkamazi.info\/file\/2022\/09\/hakpar.jpg\" \/>\n\t<meta property=\"og:image:width\" content=\"781\" \/>\n\t<meta property=\"og:image:height\" content=\"439\" \/>\n\t<meta property=\"og:image:type\" content=\"image\/jpeg\" \/>\n<meta name=\"author\" content=\"darka mazi\" \/>\n<meta name=\"twitter:card\" content=\"summary_large_image\" \/>\n<meta name=\"twitter:creator\" content=\"@DarkaMaziLatini\" \/>\n<meta name=\"twitter:site\" content=\"@DarkaMaziLatini\" \/>\n<meta name=\"twitter:label1\" content=\"Written by\" \/>\n\t<meta name=\"twitter:data1\" content=\"darka mazi\" \/>\n\t<meta name=\"twitter:label2\" content=\"Est. reading time\" \/>\n\t<meta name=\"twitter:data2\" content=\"1 minute\" \/>\n<script type=\"application\/ld+json\" class=\"seo-schema-graph\">{\"@context\":\"https:\\\/\\\/schema.org\",\"@graph\":[{\"@type\":\"Article\",\"@id\":\"https:\\\/\\\/darkamazi.info\\\/archives\\\/1032602#article\",\"isPartOf\":{\"@id\":\"https:\\\/\\\/darkamazi.info\\\/archives\\\/1032602\"},\"author\":{\"name\":\"darka mazi\",\"@id\":\"https:\\\/\\\/darkamazi.info\\\/#\\\/schema\\\/person\\\/5ad3e24553a0567993fa8ed4bd0a776c\"},\"headline\":\"Hak-Par ku\u015ftina J\u00eena Em\u00een\u00ee bi tund\u00ee \u015fermezar dike\",\"datePublished\":\"2022-09-18T14:17:48+00:00\",\"mainEntityOfPage\":{\"@id\":\"https:\\\/\\\/darkamazi.info\\\/archives\\\/1032602\"},\"wordCount\":223,\"publisher\":{\"@id\":\"https:\\\/\\\/darkamazi.info\\\/#organization\"},\"image\":{\"@id\":\"https:\\\/\\\/darkamazi.info\\\/archives\\\/1032602#primaryimage\"},\"thumbnailUrl\":\"https:\\\/\\\/darkamazi.info\\\/darka-content\\\/uploads\\\/2022\\\/09\\\/hakpar.jpg\",\"keywords\":[\"sereke\"],\"articleSection\":[\"Kurdistan\"],\"inLanguage\":\"en-US\"},{\"@type\":\"WebPage\",\"@id\":\"https:\\\/\\\/darkamazi.info\\\/archives\\\/1032602\",\"url\":\"https:\\\/\\\/darkamazi.info\\\/archives\\\/1032602\",\"name\":\"Hak-Par ku\u015ftina J\u00eena Em\u00een\u00ee bi tund\u00ee \u015fermezar dike - Darka Maz\u00ee\",\"isPartOf\":{\"@id\":\"https:\\\/\\\/darkamazi.info\\\/#website\"},\"primaryImageOfPage\":{\"@id\":\"https:\\\/\\\/darkamazi.info\\\/archives\\\/1032602#primaryimage\"},\"image\":{\"@id\":\"https:\\\/\\\/darkamazi.info\\\/archives\\\/1032602#primaryimage\"},\"thumbnailUrl\":\"https:\\\/\\\/darkamazi.info\\\/darka-content\\\/uploads\\\/2022\\\/09\\\/hakpar.jpg\",\"datePublished\":\"2022-09-18T14:17:48+00:00\",\"breadcrumb\":{\"@id\":\"https:\\\/\\\/darkamazi.info\\\/archives\\\/1032602#breadcrumb\"},\"inLanguage\":\"en-US\",\"potentialAction\":[{\"@type\":\"ReadAction\",\"target\":[\"https:\\\/\\\/darkamazi.info\\\/archives\\\/1032602\"]}]},{\"@type\":\"ImageObject\",\"inLanguage\":\"en-US\",\"@id\":\"https:\\\/\\\/darkamazi.info\\\/archives\\\/1032602#primaryimage\",\"url\":\"https:\\\/\\\/darkamazi.info\\\/darka-content\\\/uploads\\\/2022\\\/09\\\/hakpar.jpg\",\"contentUrl\":\"https:\\\/\\\/darkamazi.info\\\/darka-content\\\/uploads\\\/2022\\\/09\\\/hakpar.jpg\",\"width\":781,\"height\":439,\"caption\":\"Hak-Par ku\u015ftina J\u00eena Em\u00een\u00ee bi tund\u00ee \u015fermezar dike\"},{\"@type\":\"BreadcrumbList\",\"@id\":\"https:\\\/\\\/darkamazi.info\\\/archives\\\/1032602#breadcrumb\",\"itemListElement\":[{\"@type\":\"ListItem\",\"position\":1,\"name\":\"Home\",\"item\":\"https:\\\/\\\/darkamazi.info\\\/\"},{\"@type\":\"ListItem\",\"position\":2,\"name\":\"Hak-Par ku\u015ftina J\u00eena Em\u00een\u00ee bi tund\u00ee \u015fermezar dike\"}]},{\"@type\":\"WebSite\",\"@id\":\"https:\\\/\\\/darkamazi.info\\\/#website\",\"url\":\"https:\\\/\\\/darkamazi.info\\\/\",\"name\":\"Darka Maz\u00ee\",\"description\":\"P\u00eageha Zanyariy\u00ean Nebih\u00eest\u00ee\",\"publisher\":{\"@id\":\"https:\\\/\\\/darkamazi.info\\\/#organization\"},\"potentialAction\":[{\"@type\":\"SearchAction\",\"target\":{\"@type\":\"EntryPoint\",\"urlTemplate\":\"https:\\\/\\\/darkamazi.info\\\/?s={search_term_string}\"},\"query-input\":{\"@type\":\"PropertyValueSpecification\",\"valueRequired\":true,\"valueName\":\"search_term_string\"}}],\"inLanguage\":\"en-US\"},{\"@type\":\"Organization\",\"@id\":\"https:\\\/\\\/darkamazi.info\\\/#organization\",\"name\":\"Darka Maz\u00ee\",\"url\":\"https:\\\/\\\/darkamazi.info\\\/\",\"logo\":{\"@type\":\"ImageObject\",\"inLanguage\":\"en-US\",\"@id\":\"https:\\\/\\\/darkamazi.info\\\/#\\\/schema\\\/logo\\\/image\\\/\",\"url\":\"https:\\\/\\\/darkamazi.info\\\/darka-content\\\/uploads\\\/2017\\\/12\\\/darka-mazi-logo.png\",\"contentUrl\":\"https:\\\/\\\/darkamazi.info\\\/darka-content\\\/uploads\\\/2017\\\/12\\\/darka-mazi-logo.png\",\"width\":151,\"height\":75,\"caption\":\"Darka Maz\u00ee\"},\"image\":{\"@id\":\"https:\\\/\\\/darkamazi.info\\\/#\\\/schema\\\/logo\\\/image\\\/\"},\"sameAs\":[\"https:\\\/\\\/www.facebook.com\\\/DarMaziKurmanci\",\"https:\\\/\\\/x.com\\\/DarkaMaziLatini\",\"https:\\\/\\\/www.instagram.com\\\/darkamazi.kurmanci\\\/\",\"https:\\\/\\\/www.youtube.com\\\/channel\\\/UCa5HkTdmI8U1qCUFuTw8B2g\"]},{\"@type\":\"Person\",\"@id\":\"https:\\\/\\\/darkamazi.info\\\/#\\\/schema\\\/person\\\/5ad3e24553a0567993fa8ed4bd0a776c\",\"name\":\"darka mazi\",\"sameAs\":[\"https:\\\/\\\/darkamazi.info\\\/\"],\"url\":\"https:\\\/\\\/darkamazi.info\\\/archives\\\/author\\\/kurdi\"}]}<\/script>\n<!-- \/ Yoast SEO plugin. -->","seo_head_json":{"title":"Hak-Par ku\u015ftina J\u00eena Em\u00een\u00ee bi tund\u00ee \u015fermezar dike - Darka Maz\u00ee","robots":{"index":"index","follow":"follow","max-snippet":"max-snippet:-1","max-image-preview":"max-image-preview:large","max-video-preview":"max-video-preview:-1"},"canonical":"https:\/\/darkamazi.info\/archives\/1032602","og_locale":"en_US","og_type":"article","og_title":"Hak-Par ku\u015ftina J\u00eena Em\u00een\u00ee bi tund\u00ee \u015fermezar dike - Darka Maz\u00ee","og_description":"Partiya Maf \u00fb Azadiyan (Hak-Par) derbar\u00ea ku\u015ftina ke\u00e7a Kurd Mehsa Em\u00een\u00ee (J\u00eena Em\u00een\u00ee) ya ji aliy\u00ea pol\u00ees\u00ean \u00ceran\u00ea ve civ\u00eenek \u00e7apemeniy\u00ea li dar \u00fb qetilkirina ke\u00e7a kurd bi tund\u00ee \u015fermezar kir. R\u00eaxistina Bajar\u00ea Diyarbekir a Partiya Maf \u00fb Azadiyan (Hak-Par) bi civ\u00eeneke \u00e7apemeniy\u00ea daxuyaniyek derbar\u00ea ku\u015ftina ke\u00e7a Kurd Mehsa Em\u00een\u00ee ya de ji raya gi\u015ft\u00ee [&hellip;]","og_url":"https:\/\/darkamazi.info\/archives\/1032602","og_site_name":"Darka Maz\u00ee","article_publisher":"https:\/\/www.facebook.com\/DarMaziKurmanci","article_published_time":"2022-09-18T14:17:48+00:00","og_image":[{"width":781,"height":439,"url":"https:\/\/darkamazi.info\/file\/2022\/09\/hakpar.jpg","type":"image\/jpeg"}],"author":"darka mazi","twitter_card":"summary_large_image","twitter_creator":"@DarkaMaziLatini","twitter_site":"@DarkaMaziLatini","twitter_misc":{"Written by":"darka mazi","Est. reading time":"1 minute"},"schema":{"@context":"https:\/\/schema.org","@graph":[{"@type":"Article","@id":"https:\/\/darkamazi.info\/archives\/1032602#article","isPartOf":{"@id":"https:\/\/darkamazi.info\/archives\/1032602"},"author":{"name":"darka mazi","@id":"https:\/\/darkamazi.info\/#\/schema\/person\/5ad3e24553a0567993fa8ed4bd0a776c"},"headline":"Hak-Par ku\u015ftina J\u00eena Em\u00een\u00ee bi tund\u00ee \u015fermezar dike","datePublished":"2022-09-18T14:17:48+00:00","mainEntityOfPage":{"@id":"https:\/\/darkamazi.info\/archives\/1032602"},"wordCount":223,"publisher":{"@id":"https:\/\/darkamazi.info\/#organization"},"image":{"@id":"https:\/\/darkamazi.info\/archives\/1032602#primaryimage"},"thumbnailUrl":"https:\/\/darkamazi.info\/file\/2022\/09\/hakpar.jpg","keywords":["sereke"],"articleSection":["Kurdistan"],"inLanguage":"en-US"},{"@type":"WebPage","@id":"https:\/\/darkamazi.info\/archives\/1032602","url":"https:\/\/darkamazi.info\/archives\/1032602","name":"Hak-Par ku\u015ftina J\u00eena Em\u00een\u00ee bi tund\u00ee \u015fermezar dike - Darka Maz\u00ee","isPartOf":{"@id":"https:\/\/darkamazi.info\/#website"},"primaryImageOfPage":{"@id":"https:\/\/darkamazi.info\/archives\/1032602#primaryimage"},"image":{"@id":"https:\/\/darkamazi.info\/archives\/1032602#primaryimage"},"thumbnailUrl":"https:\/\/darkamazi.info\/file\/2022\/09\/hakpar.jpg","datePublished":"2022-09-18T14:17:48+00:00","breadcrumb":{"@id":"https:\/\/darkamazi.info\/archives\/1032602#breadcrumb"},"inLanguage":"en-US","potentialAction":[{"@type":"ReadAction","target":["https:\/\/darkamazi.info\/archives\/1032602"]}]},{"@type":"ImageObject","inLanguage":"en-US","@id":"https:\/\/darkamazi.info\/archives\/1032602#primaryimage","url":"https:\/\/darkamazi.info\/file\/2022\/09\/hakpar.jpg","contentUrl":"https:\/\/darkamazi.info\/file\/2022\/09\/hakpar.jpg","width":781,"height":439,"caption":"Hak-Par ku\u015ftina J\u00eena Em\u00een\u00ee bi tund\u00ee \u015fermezar dike"},{"@type":"BreadcrumbList","@id":"https:\/\/darkamazi.info\/archives\/1032602#breadcrumb","itemListElement":[{"@type":"ListItem","position":1,"name":"Home","item":"https:\/\/darkamazi.info\/"},{"@type":"ListItem","position":2,"name":"Hak-Par ku\u015ftina J\u00eena Em\u00een\u00ee bi tund\u00ee \u015fermezar dike"}]},{"@type":"WebSite","@id":"https:\/\/darkamazi.info\/#website","url":"https:\/\/darkamazi.info\/","name":"Darka Maz\u00ee","description":"P\u00eageha Zanyariy\u00ean Nebih\u00eest\u00ee","publisher":{"@id":"https:\/\/darkamazi.info\/#organization"},"potentialAction":[{"@type":"SearchAction","target":{"@type":"EntryPoint","urlTemplate":"https:\/\/darkamazi.info\/?s={search_term_string}"},"query-input":{"@type":"PropertyValueSpecification","valueRequired":true,"valueName":"search_term_string"}}],"inLanguage":"en-US"},{"@type":"Organization","@id":"https:\/\/darkamazi.info\/#organization","name":"Darka Maz\u00ee","url":"https:\/\/darkamazi.info\/","logo":{"@type":"ImageObject","inLanguage":"en-US","@id":"https:\/\/darkamazi.info\/#\/schema\/logo\/image\/","url":"https:\/\/darkamazi.info\/file\/2017\/12\/darka-mazi-logo.png","contentUrl":"https:\/\/darkamazi.info\/file\/2017\/12\/darka-mazi-logo.png","width":151,"height":75,"caption":"Darka Maz\u00ee"},"image":{"@id":"https:\/\/darkamazi.info\/#\/schema\/logo\/image\/"},"sameAs":["https:\/\/www.facebook.com\/DarMaziKurmanci","https:\/\/x.com\/DarkaMaziLatini","https:\/\/www.instagram.com\/darkamazi.kurmanci\/","https:\/\/www.youtube.com\/channel\/UCa5HkTdmI8U1qCUFuTw8B2g"]},{"@type":"Person","@id":"https:\/\/darkamazi.info\/#\/schema\/person\/5ad3e24553a0567993fa8ed4bd0a776c","name":"darka mazi","sameAs":["https:\/\/darkamazi.info\/"],"url":"https:\/\/darkamazi.info\/archives\/author\/kurdi"}]}},"_links":{"self":[{"href":"https:\/\/darkamazi.info\/funavuv\/wp\/v2\/posts\/1032602","targetHints":{"allow":["GET"]}}],"collection":[{"href":"https:\/\/darkamazi.info\/funavuv\/wp\/v2\/posts"}],"about":[{"href":"https:\/\/darkamazi.info\/funavuv\/wp\/v2\/types\/post"}],"author":[{"embeddable":true,"href":"https:\/\/darkamazi.info\/funavuv\/wp\/v2\/users\/2"}],"replies":[{"embeddable":true,"href":"https:\/\/darkamazi.info\/funavuv\/wp\/v2\/comments?post=1032602"}],"version-history":[{"count":0,"href":"https:\/\/darkamazi.info\/funavuv\/wp\/v2\/posts\/1032602\/revisions"}],"wp:featuredmedia":[{"embeddable":true,"href":"https:\/\/darkamazi.info\/funavuv\/wp\/v2\/media\/1032603"}],"wp:attachment":[{"href":"https:\/\/darkamazi.info\/funavuv\/wp\/v2\/media?parent=1032602"}],"wp:term":[{"taxonomy":"category","embeddable":true,"href":"https:\/\/darkamazi.info\/funavuv\/wp\/v2\/categories?post=1032602"},{"taxonomy":"post_tag","embeddable":true,"href":"https:\/\/darkamazi.info\/funavuv\/wp\/v2\/tags?post=1032602"}],"curies":[{"name":"wp","href":"https:\/\/api.w.org\/{rel}","templated":true}]}}