{"id":1032653,"date":"2022-09-21T12:05:59","date_gmt":"2022-09-21T09:05:59","guid":{"rendered":"https:\/\/darkamazi.info\/?p=1032653"},"modified":"2022-09-21T12:06:30","modified_gmt":"2022-09-21T09:06:30","slug":"li-rojhilate-kurdistane-se-welatiyen-din-en-kurd-hatin-kustin","status":"publish","type":"post","link":"https:\/\/darkamazi.info\/archives\/1032653","title":{"rendered":"Li Rojhilat\u00ea Kurdistan\u00ea s\u00ea welatiy\u00ean din \u00ean Kurd hatin ku\u015ftin"},"content":{"rendered":"<h3 style=\"text-align: justify\"><span style=\"font-family: 'arial black', sans-serif\">Li bajar\u00ean Urmiye, Mehabad \u00fb P\u00eeran\u015far \u00ean Rojhilat\u00ea Kurdistan\u00ea s\u00ea kes\u00ean din bi teqey\u00ean rasterast \u00ean h\u00eaz\u00ean \u00e7ekdar \u00ean \u00ceran\u00ea hatin ku\u015ftin \u00fb Par\u00eazgar\u00ea Siney\u00ea j\u00ee ku\u015ftina s\u00ea welatiy\u00ean Kurd pi\u015ftrast kir.<\/span><\/h3>\n<h3 style=\"text-align: justify\"><span style=\"font-family: arial, helvetica, sans-serif\">\u00cavara 20\u00ea \u00celona 2022yan, jineke 65 sal\u00ee ya bi nav\u00ea Hacer Ebas\u00ee ku roja du\u015fem\u00ea bi teqeya rasterast a h\u00eaz\u00ean \u00e7ekdar \u00ean \u00ceran\u00ea bir\u00eendar b\u00fbb\u00fb, ji ber giraniya bir\u00een\u00ean xwe, can\u00ea xwe ji dest da.<\/span><\/h3>\n<h3 style=\"text-align: justify\"><span style=\"font-family: arial, helvetica, sans-serif\">Li bajar\u00ea Urmiy\u00ea teqe li xwep\u00ea\u015fanderan hat kirin \u00fb di encam\u00ea de xortek\u00ee 23 sal\u00ee y\u00ea bi nav\u00ea Ferhad Derw\u00ea\u015f\u00ee, ji ber ku gulle li ser\u00ea w\u00ee ket, can\u00ea xwe ji dest da.<\/span><\/h3>\n<h3 style=\"text-align: justify\"><span style=\"font-family: arial, helvetica, sans-serif\">Li bajar\u00ea P\u00eeran\u015far j\u00ee, ciwanek\u00ee 16 sal\u00ee y\u00ea bi nav\u00ea Zekeriya Xeyal pi\u015ft\u00ee bir\u00eendarb\u00fbna bi teqeya rasterast a h\u00eaz\u00ean \u00e7ekdar, can\u00ea xwe ji dest da.<\/span><\/h3>\n<h3 style=\"text-align: justify\"><span style=\"font-family: arial, helvetica, sans-serif\">Par\u00eazgar\u00ea Siney\u00ea \u00cesma\u00eel Zari\u00ee K\u00fb\u015fa, ku\u015ftina s\u00ea xwep\u00ea\u015fnaderan pi\u015ftrast kir, l\u00ea bel\u00ea got ku ew kes bi \u00e7ekek\u00ee hatine ku\u015ftin ku di dest\u00ea h\u00eaz\u00ean ewlehiya \u00ceran\u00ea de n\u00eene.<\/span><\/h3>\n<h3 style=\"text-align: justify\"><span style=\"font-family: arial, helvetica, sans-serif\">Medyaya \u00ceran\u00ea j\u00ee ragihandiye, li bajar\u00ea Kirman a li navenda \u00ceran\u00ea, jinek bi teqeya rasterast a h\u00eaz\u00ean \u00e7ekdar \u00ean \u00ceran\u00ea hat ku\u015ftin.<\/span><\/h3>\n<h3 style=\"text-align: justify\"><span style=\"font-family: arial, helvetica, sans-serif\">Mehsa \u201cJ\u00eena\u201c Em\u00een\u00ee ke\u00e7eke Kurd a 22 sal\u00ee b\u00fb, roja 13\u00ea \u00celona 2022an bi biray\u00ea xwe re ji bajar\u00ea Seqiz\u00ea serdana Tehran\u00ea kirib\u00fb \u00fb ji ber ku h\u00eecaba xwe bi awayek\u00ee r\u00eak\u00fbp\u00eak gir\u00ea nedaye ji aliy\u00ea pol\u00eesan ve hate bin\u00e7avkirin \u00fb pi\u015ft\u00ee du demjim\u00earan ji bo nexwe\u015fxaney\u00ea hat birin \u00fb roja 16\u00ea meh\u00ea li nexwe\u015fxaney\u00ea can\u00ea xwe ji dest da.<\/span><\/h3>\n<h3 style=\"text-align: justify\"><span style=\"font-family: arial, helvetica, sans-serif\">Malbata J\u00eena \u00fb \u00e7alakvan\u00ean Rojhilat\u00ea Kurdistan\u00ea dib\u00eajin, J\u00eena di bin e\u015fkencey\u00ea de hatiye ku\u015ftin. L\u00ea pol\u00ees j\u00ee dib\u00eaje, J\u00eena ji ber celteya dil can\u00ea xwe ji dest daye.<\/span><\/h3>\n<h3 style=\"text-align: justify\"><span style=\"font-family: arial, helvetica, sans-serif\">Ku\u015ftina J\u00eena Em\u00een\u00ee gelek karvedan\u00ean berfireh y\u00ean li ser asta navxwe \u00fb navdewlet\u00ee li pi\u015ft\u00ee xwe an\u00een \u00fb xwep\u00ea\u015fandan li bajar\u00ea Seqiz\u00ee \u00fb \u00e7end bajar\u00ean din \u00ean Rojhilata Kurdistan\u00ea derketin.<\/span><\/h3>\n<h3 style=\"text-align: justify\"><span style=\"font-family: arial, helvetica, sans-serif\">Di xwep\u00ea\u015fandan\u00ean roja Du\u015fem\u00ea 19\u00ea \u00celon\u00ea y\u00ean li bajar\u00ean Rojhilat\u00ea Kurdistan\u00ea de 4 kes hatin ku\u015ftin \u00fb bi sedan kes bir\u00eendar b\u00fbn, herwiha z\u00eadetir\u00ee 250 kes j\u00ee hatin desteserkirin.<\/span><\/h3>\n<h3 style=\"text-align: justify\"><\/h3>\n","protected":false},"excerpt":{"rendered":"<p>Li bajar\u00ean Urmiye, Mehabad \u00fb P\u00eeran\u015far \u00ean Rojhilat\u00ea Kurdistan\u00ea s\u00ea kes\u00ean din bi teqey\u00ean rasterast \u00ean h\u00eaz\u00ean \u00e7ekdar \u00ean \u00ceran\u00ea hatin ku\u015ftin \u00fb Par\u00eazgar\u00ea Siney\u00ea j\u00ee ku\u015ftina s\u00ea welatiy\u00ean Kurd pi\u015ftrast kir. \u00cavara 20\u00ea \u00celona 2022yan, jineke 65 sal\u00ee ya bi nav\u00ea Hacer Ebas\u00ee ku roja du\u015fem\u00ea bi teqeya rasterast a h\u00eaz\u00ean \u00e7ekdar \u00ean \u00ceran\u00ea [&hellip;]<\/p>\n","protected":false},"author":2,"featured_media":1032654,"comment_status":"closed","ping_status":"closed","sticky":false,"template":"","format":"standard","meta":{"footnotes":""},"categories":[29],"tags":[37],"class_list":["post-1032653","post","type-post","status-publish","format-standard","has-post-thumbnail","hentry","category-kurdistan","tag-sereke"],"blocksy_meta":[],"seo_head":"<!-- This site is optimized with the Yoast SEO plugin v27.5 - https:\/\/yoast.com\/product\/yoast-seo-wordpress\/ -->\n<title>Li Rojhilat\u00ea Kurdistan\u00ea s\u00ea welatiy\u00ean din \u00ean Kurd hatin ku\u015ftin - Darka Maz\u00ee<\/title>\n<meta name=\"robots\" content=\"index, follow, max-snippet:-1, max-image-preview:large, max-video-preview:-1\" \/>\n<link rel=\"canonical\" href=\"https:\/\/darkamazi.info\/archives\/1032653\" \/>\n<meta property=\"og:locale\" content=\"en_US\" \/>\n<meta property=\"og:type\" content=\"article\" \/>\n<meta property=\"og:title\" content=\"Li Rojhilat\u00ea Kurdistan\u00ea s\u00ea welatiy\u00ean din \u00ean Kurd hatin ku\u015ftin - Darka Maz\u00ee\" \/>\n<meta property=\"og:description\" content=\"Li bajar\u00ean Urmiye, Mehabad \u00fb P\u00eeran\u015far \u00ean Rojhilat\u00ea Kurdistan\u00ea s\u00ea kes\u00ean din bi teqey\u00ean rasterast \u00ean h\u00eaz\u00ean \u00e7ekdar \u00ean \u00ceran\u00ea hatin ku\u015ftin \u00fb Par\u00eazgar\u00ea Siney\u00ea j\u00ee ku\u015ftina s\u00ea welatiy\u00ean Kurd pi\u015ftrast kir. \u00cavara 20\u00ea \u00celona 2022yan, jineke 65 sal\u00ee ya bi nav\u00ea Hacer Ebas\u00ee ku roja du\u015fem\u00ea bi teqeya rasterast a h\u00eaz\u00ean \u00e7ekdar \u00ean \u00ceran\u00ea [&hellip;]\" \/>\n<meta property=\"og:url\" content=\"https:\/\/darkamazi.info\/archives\/1032653\" \/>\n<meta property=\"og:site_name\" content=\"Darka Maz\u00ee\" \/>\n<meta property=\"article:publisher\" content=\"https:\/\/www.facebook.com\/DarMaziKurmanci\" \/>\n<meta property=\"article:published_time\" content=\"2022-09-21T09:05:59+00:00\" \/>\n<meta property=\"article:modified_time\" content=\"2022-09-21T09:06:30+00:00\" \/>\n<meta property=\"og:image\" content=\"https:\/\/darkamazi.info\/file\/2022\/09\/iran-kurd-kurdistan-east-.jpg\" \/>\n\t<meta property=\"og:image:width\" content=\"781\" \/>\n\t<meta property=\"og:image:height\" content=\"439\" \/>\n\t<meta property=\"og:image:type\" content=\"image\/jpeg\" \/>\n<meta name=\"author\" content=\"darka mazi\" \/>\n<meta name=\"twitter:card\" content=\"summary_large_image\" \/>\n<meta name=\"twitter:creator\" content=\"@DarkaMaziLatini\" \/>\n<meta name=\"twitter:site\" content=\"@DarkaMaziLatini\" \/>\n<meta name=\"twitter:label1\" content=\"Written by\" \/>\n\t<meta name=\"twitter:data1\" content=\"darka mazi\" \/>\n\t<meta name=\"twitter:label2\" content=\"Est. reading time\" \/>\n\t<meta name=\"twitter:data2\" content=\"2 minutes\" \/>\n<script type=\"application\/ld+json\" class=\"seo-schema-graph\">{\"@context\":\"https:\\\/\\\/schema.org\",\"@graph\":[{\"@type\":\"Article\",\"@id\":\"https:\\\/\\\/darkamazi.info\\\/archives\\\/1032653#article\",\"isPartOf\":{\"@id\":\"https:\\\/\\\/darkamazi.info\\\/archives\\\/1032653\"},\"author\":{\"name\":\"darka mazi\",\"@id\":\"https:\\\/\\\/darkamazi.info\\\/#\\\/schema\\\/person\\\/5ad3e24553a0567993fa8ed4bd0a776c\"},\"headline\":\"Li Rojhilat\u00ea Kurdistan\u00ea s\u00ea welatiy\u00ean din \u00ean Kurd hatin ku\u015ftin\",\"datePublished\":\"2022-09-21T09:05:59+00:00\",\"dateModified\":\"2022-09-21T09:06:30+00:00\",\"mainEntityOfPage\":{\"@id\":\"https:\\\/\\\/darkamazi.info\\\/archives\\\/1032653\"},\"wordCount\":393,\"publisher\":{\"@id\":\"https:\\\/\\\/darkamazi.info\\\/#organization\"},\"image\":{\"@id\":\"https:\\\/\\\/darkamazi.info\\\/archives\\\/1032653#primaryimage\"},\"thumbnailUrl\":\"https:\\\/\\\/darkamazi.info\\\/darka-content\\\/uploads\\\/2022\\\/09\\\/iran-kurd-kurdistan-east-.jpg\",\"keywords\":[\"sereke\"],\"articleSection\":[\"Kurdistan\"],\"inLanguage\":\"en-US\"},{\"@type\":\"WebPage\",\"@id\":\"https:\\\/\\\/darkamazi.info\\\/archives\\\/1032653\",\"url\":\"https:\\\/\\\/darkamazi.info\\\/archives\\\/1032653\",\"name\":\"Li Rojhilat\u00ea Kurdistan\u00ea s\u00ea welatiy\u00ean din \u00ean Kurd hatin ku\u015ftin - Darka Maz\u00ee\",\"isPartOf\":{\"@id\":\"https:\\\/\\\/darkamazi.info\\\/#website\"},\"primaryImageOfPage\":{\"@id\":\"https:\\\/\\\/darkamazi.info\\\/archives\\\/1032653#primaryimage\"},\"image\":{\"@id\":\"https:\\\/\\\/darkamazi.info\\\/archives\\\/1032653#primaryimage\"},\"thumbnailUrl\":\"https:\\\/\\\/darkamazi.info\\\/darka-content\\\/uploads\\\/2022\\\/09\\\/iran-kurd-kurdistan-east-.jpg\",\"datePublished\":\"2022-09-21T09:05:59+00:00\",\"dateModified\":\"2022-09-21T09:06:30+00:00\",\"breadcrumb\":{\"@id\":\"https:\\\/\\\/darkamazi.info\\\/archives\\\/1032653#breadcrumb\"},\"inLanguage\":\"en-US\",\"potentialAction\":[{\"@type\":\"ReadAction\",\"target\":[\"https:\\\/\\\/darkamazi.info\\\/archives\\\/1032653\"]}]},{\"@type\":\"ImageObject\",\"inLanguage\":\"en-US\",\"@id\":\"https:\\\/\\\/darkamazi.info\\\/archives\\\/1032653#primaryimage\",\"url\":\"https:\\\/\\\/darkamazi.info\\\/darka-content\\\/uploads\\\/2022\\\/09\\\/iran-kurd-kurdistan-east-.jpg\",\"contentUrl\":\"https:\\\/\\\/darkamazi.info\\\/darka-content\\\/uploads\\\/2022\\\/09\\\/iran-kurd-kurdistan-east-.jpg\",\"width\":781,\"height\":439,\"caption\":\"Li Rojhilat\u00ea Kurdistan\u00ea s\u00ea welatiy\u00ean din \u00ean Kurd hatin ku\u015ftin\"},{\"@type\":\"BreadcrumbList\",\"@id\":\"https:\\\/\\\/darkamazi.info\\\/archives\\\/1032653#breadcrumb\",\"itemListElement\":[{\"@type\":\"ListItem\",\"position\":1,\"name\":\"Home\",\"item\":\"https:\\\/\\\/darkamazi.info\\\/\"},{\"@type\":\"ListItem\",\"position\":2,\"name\":\"Li Rojhilat\u00ea Kurdistan\u00ea s\u00ea welatiy\u00ean din \u00ean Kurd hatin ku\u015ftin\"}]},{\"@type\":\"WebSite\",\"@id\":\"https:\\\/\\\/darkamazi.info\\\/#website\",\"url\":\"https:\\\/\\\/darkamazi.info\\\/\",\"name\":\"Darka Maz\u00ee\",\"description\":\"P\u00eageha Zanyariy\u00ean Nebih\u00eest\u00ee\",\"publisher\":{\"@id\":\"https:\\\/\\\/darkamazi.info\\\/#organization\"},\"potentialAction\":[{\"@type\":\"SearchAction\",\"target\":{\"@type\":\"EntryPoint\",\"urlTemplate\":\"https:\\\/\\\/darkamazi.info\\\/?s={search_term_string}\"},\"query-input\":{\"@type\":\"PropertyValueSpecification\",\"valueRequired\":true,\"valueName\":\"search_term_string\"}}],\"inLanguage\":\"en-US\"},{\"@type\":\"Organization\",\"@id\":\"https:\\\/\\\/darkamazi.info\\\/#organization\",\"name\":\"Darka Maz\u00ee\",\"url\":\"https:\\\/\\\/darkamazi.info\\\/\",\"logo\":{\"@type\":\"ImageObject\",\"inLanguage\":\"en-US\",\"@id\":\"https:\\\/\\\/darkamazi.info\\\/#\\\/schema\\\/logo\\\/image\\\/\",\"url\":\"https:\\\/\\\/darkamazi.info\\\/darka-content\\\/uploads\\\/2017\\\/12\\\/darka-mazi-logo.png\",\"contentUrl\":\"https:\\\/\\\/darkamazi.info\\\/darka-content\\\/uploads\\\/2017\\\/12\\\/darka-mazi-logo.png\",\"width\":151,\"height\":75,\"caption\":\"Darka Maz\u00ee\"},\"image\":{\"@id\":\"https:\\\/\\\/darkamazi.info\\\/#\\\/schema\\\/logo\\\/image\\\/\"},\"sameAs\":[\"https:\\\/\\\/www.facebook.com\\\/DarMaziKurmanci\",\"https:\\\/\\\/x.com\\\/DarkaMaziLatini\",\"https:\\\/\\\/www.instagram.com\\\/darkamazi.kurmanci\\\/\",\"https:\\\/\\\/www.youtube.com\\\/channel\\\/UCa5HkTdmI8U1qCUFuTw8B2g\"]},{\"@type\":\"Person\",\"@id\":\"https:\\\/\\\/darkamazi.info\\\/#\\\/schema\\\/person\\\/5ad3e24553a0567993fa8ed4bd0a776c\",\"name\":\"darka mazi\",\"sameAs\":[\"https:\\\/\\\/darkamazi.info\\\/\"],\"url\":\"https:\\\/\\\/darkamazi.info\\\/archives\\\/author\\\/kurdi\"}]}<\/script>\n<!-- \/ Yoast SEO plugin. -->","seo_head_json":{"title":"Li Rojhilat\u00ea Kurdistan\u00ea s\u00ea welatiy\u00ean din \u00ean Kurd hatin ku\u015ftin - Darka Maz\u00ee","robots":{"index":"index","follow":"follow","max-snippet":"max-snippet:-1","max-image-preview":"max-image-preview:large","max-video-preview":"max-video-preview:-1"},"canonical":"https:\/\/darkamazi.info\/archives\/1032653","og_locale":"en_US","og_type":"article","og_title":"Li Rojhilat\u00ea Kurdistan\u00ea s\u00ea welatiy\u00ean din \u00ean Kurd hatin ku\u015ftin - Darka Maz\u00ee","og_description":"Li bajar\u00ean Urmiye, Mehabad \u00fb P\u00eeran\u015far \u00ean Rojhilat\u00ea Kurdistan\u00ea s\u00ea kes\u00ean din bi teqey\u00ean rasterast \u00ean h\u00eaz\u00ean \u00e7ekdar \u00ean \u00ceran\u00ea hatin ku\u015ftin \u00fb Par\u00eazgar\u00ea Siney\u00ea j\u00ee ku\u015ftina s\u00ea welatiy\u00ean Kurd pi\u015ftrast kir. \u00cavara 20\u00ea \u00celona 2022yan, jineke 65 sal\u00ee ya bi nav\u00ea Hacer Ebas\u00ee ku roja du\u015fem\u00ea bi teqeya rasterast a h\u00eaz\u00ean \u00e7ekdar \u00ean \u00ceran\u00ea [&hellip;]","og_url":"https:\/\/darkamazi.info\/archives\/1032653","og_site_name":"Darka Maz\u00ee","article_publisher":"https:\/\/www.facebook.com\/DarMaziKurmanci","article_published_time":"2022-09-21T09:05:59+00:00","article_modified_time":"2022-09-21T09:06:30+00:00","og_image":[{"width":781,"height":439,"url":"https:\/\/darkamazi.info\/file\/2022\/09\/iran-kurd-kurdistan-east-.jpg","type":"image\/jpeg"}],"author":"darka mazi","twitter_card":"summary_large_image","twitter_creator":"@DarkaMaziLatini","twitter_site":"@DarkaMaziLatini","twitter_misc":{"Written by":"darka mazi","Est. reading time":"2 minutes"},"schema":{"@context":"https:\/\/schema.org","@graph":[{"@type":"Article","@id":"https:\/\/darkamazi.info\/archives\/1032653#article","isPartOf":{"@id":"https:\/\/darkamazi.info\/archives\/1032653"},"author":{"name":"darka mazi","@id":"https:\/\/darkamazi.info\/#\/schema\/person\/5ad3e24553a0567993fa8ed4bd0a776c"},"headline":"Li Rojhilat\u00ea Kurdistan\u00ea s\u00ea welatiy\u00ean din \u00ean Kurd hatin ku\u015ftin","datePublished":"2022-09-21T09:05:59+00:00","dateModified":"2022-09-21T09:06:30+00:00","mainEntityOfPage":{"@id":"https:\/\/darkamazi.info\/archives\/1032653"},"wordCount":393,"publisher":{"@id":"https:\/\/darkamazi.info\/#organization"},"image":{"@id":"https:\/\/darkamazi.info\/archives\/1032653#primaryimage"},"thumbnailUrl":"https:\/\/darkamazi.info\/file\/2022\/09\/iran-kurd-kurdistan-east-.jpg","keywords":["sereke"],"articleSection":["Kurdistan"],"inLanguage":"en-US"},{"@type":"WebPage","@id":"https:\/\/darkamazi.info\/archives\/1032653","url":"https:\/\/darkamazi.info\/archives\/1032653","name":"Li Rojhilat\u00ea Kurdistan\u00ea s\u00ea welatiy\u00ean din \u00ean Kurd hatin ku\u015ftin - Darka Maz\u00ee","isPartOf":{"@id":"https:\/\/darkamazi.info\/#website"},"primaryImageOfPage":{"@id":"https:\/\/darkamazi.info\/archives\/1032653#primaryimage"},"image":{"@id":"https:\/\/darkamazi.info\/archives\/1032653#primaryimage"},"thumbnailUrl":"https:\/\/darkamazi.info\/file\/2022\/09\/iran-kurd-kurdistan-east-.jpg","datePublished":"2022-09-21T09:05:59+00:00","dateModified":"2022-09-21T09:06:30+00:00","breadcrumb":{"@id":"https:\/\/darkamazi.info\/archives\/1032653#breadcrumb"},"inLanguage":"en-US","potentialAction":[{"@type":"ReadAction","target":["https:\/\/darkamazi.info\/archives\/1032653"]}]},{"@type":"ImageObject","inLanguage":"en-US","@id":"https:\/\/darkamazi.info\/archives\/1032653#primaryimage","url":"https:\/\/darkamazi.info\/file\/2022\/09\/iran-kurd-kurdistan-east-.jpg","contentUrl":"https:\/\/darkamazi.info\/file\/2022\/09\/iran-kurd-kurdistan-east-.jpg","width":781,"height":439,"caption":"Li Rojhilat\u00ea Kurdistan\u00ea s\u00ea welatiy\u00ean din \u00ean Kurd hatin ku\u015ftin"},{"@type":"BreadcrumbList","@id":"https:\/\/darkamazi.info\/archives\/1032653#breadcrumb","itemListElement":[{"@type":"ListItem","position":1,"name":"Home","item":"https:\/\/darkamazi.info\/"},{"@type":"ListItem","position":2,"name":"Li Rojhilat\u00ea Kurdistan\u00ea s\u00ea welatiy\u00ean din \u00ean Kurd hatin ku\u015ftin"}]},{"@type":"WebSite","@id":"https:\/\/darkamazi.info\/#website","url":"https:\/\/darkamazi.info\/","name":"Darka Maz\u00ee","description":"P\u00eageha Zanyariy\u00ean Nebih\u00eest\u00ee","publisher":{"@id":"https:\/\/darkamazi.info\/#organization"},"potentialAction":[{"@type":"SearchAction","target":{"@type":"EntryPoint","urlTemplate":"https:\/\/darkamazi.info\/?s={search_term_string}"},"query-input":{"@type":"PropertyValueSpecification","valueRequired":true,"valueName":"search_term_string"}}],"inLanguage":"en-US"},{"@type":"Organization","@id":"https:\/\/darkamazi.info\/#organization","name":"Darka Maz\u00ee","url":"https:\/\/darkamazi.info\/","logo":{"@type":"ImageObject","inLanguage":"en-US","@id":"https:\/\/darkamazi.info\/#\/schema\/logo\/image\/","url":"https:\/\/darkamazi.info\/file\/2017\/12\/darka-mazi-logo.png","contentUrl":"https:\/\/darkamazi.info\/file\/2017\/12\/darka-mazi-logo.png","width":151,"height":75,"caption":"Darka Maz\u00ee"},"image":{"@id":"https:\/\/darkamazi.info\/#\/schema\/logo\/image\/"},"sameAs":["https:\/\/www.facebook.com\/DarMaziKurmanci","https:\/\/x.com\/DarkaMaziLatini","https:\/\/www.instagram.com\/darkamazi.kurmanci\/","https:\/\/www.youtube.com\/channel\/UCa5HkTdmI8U1qCUFuTw8B2g"]},{"@type":"Person","@id":"https:\/\/darkamazi.info\/#\/schema\/person\/5ad3e24553a0567993fa8ed4bd0a776c","name":"darka mazi","sameAs":["https:\/\/darkamazi.info\/"],"url":"https:\/\/darkamazi.info\/archives\/author\/kurdi"}]}},"_links":{"self":[{"href":"https:\/\/darkamazi.info\/funavuv\/wp\/v2\/posts\/1032653","targetHints":{"allow":["GET"]}}],"collection":[{"href":"https:\/\/darkamazi.info\/funavuv\/wp\/v2\/posts"}],"about":[{"href":"https:\/\/darkamazi.info\/funavuv\/wp\/v2\/types\/post"}],"author":[{"embeddable":true,"href":"https:\/\/darkamazi.info\/funavuv\/wp\/v2\/users\/2"}],"replies":[{"embeddable":true,"href":"https:\/\/darkamazi.info\/funavuv\/wp\/v2\/comments?post=1032653"}],"version-history":[{"count":0,"href":"https:\/\/darkamazi.info\/funavuv\/wp\/v2\/posts\/1032653\/revisions"}],"wp:featuredmedia":[{"embeddable":true,"href":"https:\/\/darkamazi.info\/funavuv\/wp\/v2\/media\/1032654"}],"wp:attachment":[{"href":"https:\/\/darkamazi.info\/funavuv\/wp\/v2\/media?parent=1032653"}],"wp:term":[{"taxonomy":"category","embeddable":true,"href":"https:\/\/darkamazi.info\/funavuv\/wp\/v2\/categories?post=1032653"},{"taxonomy":"post_tag","embeddable":true,"href":"https:\/\/darkamazi.info\/funavuv\/wp\/v2\/tags?post=1032653"}],"curies":[{"name":"wp","href":"https:\/\/api.w.org\/{rel}","templated":true}]}}