{"id":1032675,"date":"2022-09-22T11:20:31","date_gmt":"2022-09-22T08:20:31","guid":{"rendered":"https:\/\/darkamazi.info\/?p=1032675"},"modified":"2022-09-22T11:20:31","modified_gmt":"2022-09-22T08:20:31","slug":"hpge-u-tirkiye-amaren-pevcunan-belav-kirin","status":"publish","type":"post","link":"https:\/\/darkamazi.info\/archives\/1032675","title":{"rendered":"HPG\u00ea \u00fb Tirkiy\u00ea amar\u00ean pev\u00e7\u00fbnan belav kirin"},"content":{"rendered":"<h3 style=\"text-align: justify\"><span style=\"font-family: 'arial black', sans-serif\">Her y\u00eak ji wezareta bergiriy\u00ea ya Tirkiy\u00ea \u00fb HPG\u00ea bask\u00ea le\u015fker\u00ee y\u00ea PKK\u00ea amar\u00ean pev\u00e7\u00fbn\u00ean xwe y\u00ean dawiy\u00ea belav kirin, li gor\u00ee PKK\u00ea 8 le\u015fker \u00fb li gor\u00ee Tirkiy\u00ea y\u00eak le\u015fker hatiye ku\u015ftin.<\/span><\/h3>\n<h3 style=\"text-align: justify\"><span style=\"font-family: arial, helvetica, sans-serif\">HPG\u00ea di daxuyaniyek\u00ea de dib\u00eaje, li her\u00eama Zap\u00ea, Xak\u00fbrk\u00ea \u00fb Amediy\u00ea di \u00e7alakiy\u00ean cuda de g\u00ear\u00eelay\u00ean wan 8 le\u015fker\u00ean Tirkiy\u00ea Ku\u015ftine. Herwiha Wezareta bergiriy\u00ea ya Tirkiy\u00ea j\u00ee ragihand ku le\u015fkerek\u00ee wan li her\u00eama oparasyona Pen\u00e7e Kil\u00eet ji aliy\u00ea PKK\u00ea ve hatiye ku\u015ftin.<\/span><\/h3>\n<h3 style=\"text-align: justify\"><span style=\"font-family: arial, helvetica, sans-serif\">HPG\u00ea duh 21\u00ea \u00eelon\u00ea ragihandiye ku ji 18 \u00celon\u00ea ve di \u00e7alakiy\u00ean cuda de li her\u00eam\u00ean Zap\u00ea, Xak\u00fbrk\u00ea \u00fb Am\u00eadiy\u00ea y\u00ean ku dikevin nav axa Her\u00eama Kurdistan\u00ea wan 8 le\u015fker\u00ean Tikriy\u00ea ku\u015ftine.<\/span><\/h3>\n<h3 style=\"text-align: justify\"><span style=\"font-family: arial, helvetica, sans-serif\">Wezareta bergiriy\u00ea ya Tirkiy\u00ea her j\u00ee ragihand ku li Ba\u015f\u00fbr\u00ea Kurdistan\u00ea di \u00e7ar\u00e7oveya operasyona art\u00ea\u015fa w\u00ee welat\u00ee ya bi nav\u00ea \u201cPen\u00e7e-Kil\u00eed\u201d de \u00e7awi\u015fek\u00ee pispor \u00ea bi nav\u00ea Muhammed Kara\u00e7am hatiye ku\u015ftin \u00fb du le\u015fker\u00ean wan j\u00ee bir\u00eendar b\u00fbne.<\/span><\/h3>\n<h3 style=\"text-align: justify\"><span style=\"font-family: arial, helvetica, sans-serif\">Art\u00ea\u015fa Tirkiy\u00ea \u00fb r\u00eaxistina PKK\u00ea her li navbera \u00e7end rojan amar\u00ean \u015fer belav dikin, her y\u00eak dib\u00eaj me ewqas ku\u015ftine, l\u00ea bel\u00ea her du al\u00ee rast nab\u00eajin \u00fb v\u00ea weke \u015ferek\u00ee taybet li dij\u00ee hev di me\u015f\u00eenin \u00fb y\u00ea ku zirara rast\u00een ya \u015fer dib\u00eene, ten\u00ea gel\u00ea Ba\u015f\u00fbr\u00ea Kurdistan\u00ea ye.<\/span><\/h3>\n","protected":false},"excerpt":{"rendered":"<p>Her y\u00eak ji wezareta bergiriy\u00ea ya Tirkiy\u00ea \u00fb HPG\u00ea bask\u00ea le\u015fker\u00ee y\u00ea PKK\u00ea amar\u00ean pev\u00e7\u00fbn\u00ean xwe y\u00ean dawiy\u00ea belav kirin, li gor\u00ee PKK\u00ea 8 le\u015fker \u00fb li gor\u00ee Tirkiy\u00ea y\u00eak le\u015fker hatiye ku\u015ftin. HPG\u00ea di daxuyaniyek\u00ea de dib\u00eaje, li her\u00eama Zap\u00ea, Xak\u00fbrk\u00ea \u00fb Amediy\u00ea di \u00e7alakiy\u00ean cuda de g\u00ear\u00eelay\u00ean wan 8 le\u015fker\u00ean Tirkiy\u00ea Ku\u015ftine. Herwiha [&hellip;]<\/p>\n","protected":false},"author":2,"featured_media":1032677,"comment_status":"closed","ping_status":"closed","sticky":false,"template":"","format":"standard","meta":{"footnotes":""},"categories":[29],"tags":[37],"class_list":["post-1032675","post","type-post","status-publish","format-standard","has-post-thumbnail","hentry","category-kurdistan","tag-sereke"],"blocksy_meta":[],"seo_head":"<!-- This site is optimized with the Yoast SEO plugin v27.5 - https:\/\/yoast.com\/product\/yoast-seo-wordpress\/ -->\n<title>HPG\u00ea \u00fb Tirkiy\u00ea amar\u00ean pev\u00e7\u00fbnan belav kirin - Darka Maz\u00ee<\/title>\n<meta name=\"robots\" content=\"index, follow, max-snippet:-1, max-image-preview:large, max-video-preview:-1\" \/>\n<link rel=\"canonical\" href=\"https:\/\/darkamazi.info\/archives\/1032675\" \/>\n<meta property=\"og:locale\" content=\"en_US\" \/>\n<meta property=\"og:type\" content=\"article\" \/>\n<meta property=\"og:title\" content=\"HPG\u00ea \u00fb Tirkiy\u00ea amar\u00ean pev\u00e7\u00fbnan belav kirin - Darka Maz\u00ee\" \/>\n<meta property=\"og:description\" content=\"Her y\u00eak ji wezareta bergiriy\u00ea ya Tirkiy\u00ea \u00fb HPG\u00ea bask\u00ea le\u015fker\u00ee y\u00ea PKK\u00ea amar\u00ean pev\u00e7\u00fbn\u00ean xwe y\u00ean dawiy\u00ea belav kirin, li gor\u00ee PKK\u00ea 8 le\u015fker \u00fb li gor\u00ee Tirkiy\u00ea y\u00eak le\u015fker hatiye ku\u015ftin. HPG\u00ea di daxuyaniyek\u00ea de dib\u00eaje, li her\u00eama Zap\u00ea, Xak\u00fbrk\u00ea \u00fb Amediy\u00ea di \u00e7alakiy\u00ean cuda de g\u00ear\u00eelay\u00ean wan 8 le\u015fker\u00ean Tirkiy\u00ea Ku\u015ftine. Herwiha [&hellip;]\" \/>\n<meta property=\"og:url\" content=\"https:\/\/darkamazi.info\/archives\/1032675\" \/>\n<meta property=\"og:site_name\" content=\"Darka Maz\u00ee\" \/>\n<meta property=\"article:publisher\" content=\"https:\/\/www.facebook.com\/DarMaziKurmanci\" \/>\n<meta property=\"article:published_time\" content=\"2022-09-22T08:20:31+00:00\" \/>\n<meta property=\"og:image\" content=\"https:\/\/darkamazi.info\/file\/2022\/09\/HPG-u-Tirkiye-kurdistan.jpg\" \/>\n\t<meta property=\"og:image:width\" content=\"900\" \/>\n\t<meta property=\"og:image:height\" content=\"497\" \/>\n\t<meta property=\"og:image:type\" content=\"image\/jpeg\" \/>\n<meta name=\"author\" content=\"darka mazi\" \/>\n<meta name=\"twitter:card\" content=\"summary_large_image\" \/>\n<meta name=\"twitter:creator\" content=\"@DarkaMaziLatini\" \/>\n<meta name=\"twitter:site\" content=\"@DarkaMaziLatini\" \/>\n<meta name=\"twitter:label1\" content=\"Written by\" \/>\n\t<meta name=\"twitter:data1\" content=\"darka mazi\" \/>\n\t<meta name=\"twitter:label2\" content=\"Est. reading time\" \/>\n\t<meta name=\"twitter:data2\" content=\"1 minute\" \/>\n<script type=\"application\/ld+json\" class=\"seo-schema-graph\">{\"@context\":\"https:\\\/\\\/schema.org\",\"@graph\":[{\"@type\":\"Article\",\"@id\":\"https:\\\/\\\/darkamazi.info\\\/archives\\\/1032675#article\",\"isPartOf\":{\"@id\":\"https:\\\/\\\/darkamazi.info\\\/archives\\\/1032675\"},\"author\":{\"name\":\"darka mazi\",\"@id\":\"https:\\\/\\\/darkamazi.info\\\/#\\\/schema\\\/person\\\/5ad3e24553a0567993fa8ed4bd0a776c\"},\"headline\":\"HPG\u00ea \u00fb Tirkiy\u00ea amar\u00ean pev\u00e7\u00fbnan belav kirin\",\"datePublished\":\"2022-09-22T08:20:31+00:00\",\"mainEntityOfPage\":{\"@id\":\"https:\\\/\\\/darkamazi.info\\\/archives\\\/1032675\"},\"wordCount\":247,\"publisher\":{\"@id\":\"https:\\\/\\\/darkamazi.info\\\/#organization\"},\"image\":{\"@id\":\"https:\\\/\\\/darkamazi.info\\\/archives\\\/1032675#primaryimage\"},\"thumbnailUrl\":\"https:\\\/\\\/darkamazi.info\\\/darka-content\\\/uploads\\\/2022\\\/09\\\/HPG-u-Tirkiye-kurdistan.jpg\",\"keywords\":[\"sereke\"],\"articleSection\":[\"Kurdistan\"],\"inLanguage\":\"en-US\"},{\"@type\":\"WebPage\",\"@id\":\"https:\\\/\\\/darkamazi.info\\\/archives\\\/1032675\",\"url\":\"https:\\\/\\\/darkamazi.info\\\/archives\\\/1032675\",\"name\":\"HPG\u00ea \u00fb Tirkiy\u00ea amar\u00ean pev\u00e7\u00fbnan belav kirin - Darka Maz\u00ee\",\"isPartOf\":{\"@id\":\"https:\\\/\\\/darkamazi.info\\\/#website\"},\"primaryImageOfPage\":{\"@id\":\"https:\\\/\\\/darkamazi.info\\\/archives\\\/1032675#primaryimage\"},\"image\":{\"@id\":\"https:\\\/\\\/darkamazi.info\\\/archives\\\/1032675#primaryimage\"},\"thumbnailUrl\":\"https:\\\/\\\/darkamazi.info\\\/darka-content\\\/uploads\\\/2022\\\/09\\\/HPG-u-Tirkiye-kurdistan.jpg\",\"datePublished\":\"2022-09-22T08:20:31+00:00\",\"breadcrumb\":{\"@id\":\"https:\\\/\\\/darkamazi.info\\\/archives\\\/1032675#breadcrumb\"},\"inLanguage\":\"en-US\",\"potentialAction\":[{\"@type\":\"ReadAction\",\"target\":[\"https:\\\/\\\/darkamazi.info\\\/archives\\\/1032675\"]}]},{\"@type\":\"ImageObject\",\"inLanguage\":\"en-US\",\"@id\":\"https:\\\/\\\/darkamazi.info\\\/archives\\\/1032675#primaryimage\",\"url\":\"https:\\\/\\\/darkamazi.info\\\/darka-content\\\/uploads\\\/2022\\\/09\\\/HPG-u-Tirkiye-kurdistan.jpg\",\"contentUrl\":\"https:\\\/\\\/darkamazi.info\\\/darka-content\\\/uploads\\\/2022\\\/09\\\/HPG-u-Tirkiye-kurdistan.jpg\",\"width\":900,\"height\":497,\"caption\":\"HPG\u00ea \u00fb Tirkiy\u00ea amar\u00ean pev\u00e7\u00fbnan belav kirin\"},{\"@type\":\"BreadcrumbList\",\"@id\":\"https:\\\/\\\/darkamazi.info\\\/archives\\\/1032675#breadcrumb\",\"itemListElement\":[{\"@type\":\"ListItem\",\"position\":1,\"name\":\"Home\",\"item\":\"https:\\\/\\\/darkamazi.info\\\/\"},{\"@type\":\"ListItem\",\"position\":2,\"name\":\"HPG\u00ea \u00fb Tirkiy\u00ea amar\u00ean pev\u00e7\u00fbnan belav kirin\"}]},{\"@type\":\"WebSite\",\"@id\":\"https:\\\/\\\/darkamazi.info\\\/#website\",\"url\":\"https:\\\/\\\/darkamazi.info\\\/\",\"name\":\"Darka Maz\u00ee\",\"description\":\"P\u00eageha Zanyariy\u00ean Nebih\u00eest\u00ee\",\"publisher\":{\"@id\":\"https:\\\/\\\/darkamazi.info\\\/#organization\"},\"potentialAction\":[{\"@type\":\"SearchAction\",\"target\":{\"@type\":\"EntryPoint\",\"urlTemplate\":\"https:\\\/\\\/darkamazi.info\\\/?s={search_term_string}\"},\"query-input\":{\"@type\":\"PropertyValueSpecification\",\"valueRequired\":true,\"valueName\":\"search_term_string\"}}],\"inLanguage\":\"en-US\"},{\"@type\":\"Organization\",\"@id\":\"https:\\\/\\\/darkamazi.info\\\/#organization\",\"name\":\"Darka Maz\u00ee\",\"url\":\"https:\\\/\\\/darkamazi.info\\\/\",\"logo\":{\"@type\":\"ImageObject\",\"inLanguage\":\"en-US\",\"@id\":\"https:\\\/\\\/darkamazi.info\\\/#\\\/schema\\\/logo\\\/image\\\/\",\"url\":\"https:\\\/\\\/darkamazi.info\\\/darka-content\\\/uploads\\\/2017\\\/12\\\/darka-mazi-logo.png\",\"contentUrl\":\"https:\\\/\\\/darkamazi.info\\\/darka-content\\\/uploads\\\/2017\\\/12\\\/darka-mazi-logo.png\",\"width\":151,\"height\":75,\"caption\":\"Darka Maz\u00ee\"},\"image\":{\"@id\":\"https:\\\/\\\/darkamazi.info\\\/#\\\/schema\\\/logo\\\/image\\\/\"},\"sameAs\":[\"https:\\\/\\\/www.facebook.com\\\/DarMaziKurmanci\",\"https:\\\/\\\/x.com\\\/DarkaMaziLatini\",\"https:\\\/\\\/www.instagram.com\\\/darkamazi.kurmanci\\\/\",\"https:\\\/\\\/www.youtube.com\\\/channel\\\/UCa5HkTdmI8U1qCUFuTw8B2g\"]},{\"@type\":\"Person\",\"@id\":\"https:\\\/\\\/darkamazi.info\\\/#\\\/schema\\\/person\\\/5ad3e24553a0567993fa8ed4bd0a776c\",\"name\":\"darka mazi\",\"sameAs\":[\"https:\\\/\\\/darkamazi.info\\\/\"],\"url\":\"https:\\\/\\\/darkamazi.info\\\/archives\\\/author\\\/kurdi\"}]}<\/script>\n<!-- \/ Yoast SEO plugin. -->","seo_head_json":{"title":"HPG\u00ea \u00fb Tirkiy\u00ea amar\u00ean pev\u00e7\u00fbnan belav kirin - Darka Maz\u00ee","robots":{"index":"index","follow":"follow","max-snippet":"max-snippet:-1","max-image-preview":"max-image-preview:large","max-video-preview":"max-video-preview:-1"},"canonical":"https:\/\/darkamazi.info\/archives\/1032675","og_locale":"en_US","og_type":"article","og_title":"HPG\u00ea \u00fb Tirkiy\u00ea amar\u00ean pev\u00e7\u00fbnan belav kirin - Darka Maz\u00ee","og_description":"Her y\u00eak ji wezareta bergiriy\u00ea ya Tirkiy\u00ea \u00fb HPG\u00ea bask\u00ea le\u015fker\u00ee y\u00ea PKK\u00ea amar\u00ean pev\u00e7\u00fbn\u00ean xwe y\u00ean dawiy\u00ea belav kirin, li gor\u00ee PKK\u00ea 8 le\u015fker \u00fb li gor\u00ee Tirkiy\u00ea y\u00eak le\u015fker hatiye ku\u015ftin. HPG\u00ea di daxuyaniyek\u00ea de dib\u00eaje, li her\u00eama Zap\u00ea, Xak\u00fbrk\u00ea \u00fb Amediy\u00ea di \u00e7alakiy\u00ean cuda de g\u00ear\u00eelay\u00ean wan 8 le\u015fker\u00ean Tirkiy\u00ea Ku\u015ftine. Herwiha [&hellip;]","og_url":"https:\/\/darkamazi.info\/archives\/1032675","og_site_name":"Darka Maz\u00ee","article_publisher":"https:\/\/www.facebook.com\/DarMaziKurmanci","article_published_time":"2022-09-22T08:20:31+00:00","og_image":[{"width":900,"height":497,"url":"https:\/\/darkamazi.info\/file\/2022\/09\/HPG-u-Tirkiye-kurdistan.jpg","type":"image\/jpeg"}],"author":"darka mazi","twitter_card":"summary_large_image","twitter_creator":"@DarkaMaziLatini","twitter_site":"@DarkaMaziLatini","twitter_misc":{"Written by":"darka mazi","Est. reading time":"1 minute"},"schema":{"@context":"https:\/\/schema.org","@graph":[{"@type":"Article","@id":"https:\/\/darkamazi.info\/archives\/1032675#article","isPartOf":{"@id":"https:\/\/darkamazi.info\/archives\/1032675"},"author":{"name":"darka mazi","@id":"https:\/\/darkamazi.info\/#\/schema\/person\/5ad3e24553a0567993fa8ed4bd0a776c"},"headline":"HPG\u00ea \u00fb Tirkiy\u00ea amar\u00ean pev\u00e7\u00fbnan belav kirin","datePublished":"2022-09-22T08:20:31+00:00","mainEntityOfPage":{"@id":"https:\/\/darkamazi.info\/archives\/1032675"},"wordCount":247,"publisher":{"@id":"https:\/\/darkamazi.info\/#organization"},"image":{"@id":"https:\/\/darkamazi.info\/archives\/1032675#primaryimage"},"thumbnailUrl":"https:\/\/darkamazi.info\/file\/2022\/09\/HPG-u-Tirkiye-kurdistan.jpg","keywords":["sereke"],"articleSection":["Kurdistan"],"inLanguage":"en-US"},{"@type":"WebPage","@id":"https:\/\/darkamazi.info\/archives\/1032675","url":"https:\/\/darkamazi.info\/archives\/1032675","name":"HPG\u00ea \u00fb Tirkiy\u00ea amar\u00ean pev\u00e7\u00fbnan belav kirin - Darka Maz\u00ee","isPartOf":{"@id":"https:\/\/darkamazi.info\/#website"},"primaryImageOfPage":{"@id":"https:\/\/darkamazi.info\/archives\/1032675#primaryimage"},"image":{"@id":"https:\/\/darkamazi.info\/archives\/1032675#primaryimage"},"thumbnailUrl":"https:\/\/darkamazi.info\/file\/2022\/09\/HPG-u-Tirkiye-kurdistan.jpg","datePublished":"2022-09-22T08:20:31+00:00","breadcrumb":{"@id":"https:\/\/darkamazi.info\/archives\/1032675#breadcrumb"},"inLanguage":"en-US","potentialAction":[{"@type":"ReadAction","target":["https:\/\/darkamazi.info\/archives\/1032675"]}]},{"@type":"ImageObject","inLanguage":"en-US","@id":"https:\/\/darkamazi.info\/archives\/1032675#primaryimage","url":"https:\/\/darkamazi.info\/file\/2022\/09\/HPG-u-Tirkiye-kurdistan.jpg","contentUrl":"https:\/\/darkamazi.info\/file\/2022\/09\/HPG-u-Tirkiye-kurdistan.jpg","width":900,"height":497,"caption":"HPG\u00ea \u00fb Tirkiy\u00ea amar\u00ean pev\u00e7\u00fbnan belav kirin"},{"@type":"BreadcrumbList","@id":"https:\/\/darkamazi.info\/archives\/1032675#breadcrumb","itemListElement":[{"@type":"ListItem","position":1,"name":"Home","item":"https:\/\/darkamazi.info\/"},{"@type":"ListItem","position":2,"name":"HPG\u00ea \u00fb Tirkiy\u00ea amar\u00ean pev\u00e7\u00fbnan belav kirin"}]},{"@type":"WebSite","@id":"https:\/\/darkamazi.info\/#website","url":"https:\/\/darkamazi.info\/","name":"Darka Maz\u00ee","description":"P\u00eageha Zanyariy\u00ean Nebih\u00eest\u00ee","publisher":{"@id":"https:\/\/darkamazi.info\/#organization"},"potentialAction":[{"@type":"SearchAction","target":{"@type":"EntryPoint","urlTemplate":"https:\/\/darkamazi.info\/?s={search_term_string}"},"query-input":{"@type":"PropertyValueSpecification","valueRequired":true,"valueName":"search_term_string"}}],"inLanguage":"en-US"},{"@type":"Organization","@id":"https:\/\/darkamazi.info\/#organization","name":"Darka Maz\u00ee","url":"https:\/\/darkamazi.info\/","logo":{"@type":"ImageObject","inLanguage":"en-US","@id":"https:\/\/darkamazi.info\/#\/schema\/logo\/image\/","url":"https:\/\/darkamazi.info\/file\/2017\/12\/darka-mazi-logo.png","contentUrl":"https:\/\/darkamazi.info\/file\/2017\/12\/darka-mazi-logo.png","width":151,"height":75,"caption":"Darka Maz\u00ee"},"image":{"@id":"https:\/\/darkamazi.info\/#\/schema\/logo\/image\/"},"sameAs":["https:\/\/www.facebook.com\/DarMaziKurmanci","https:\/\/x.com\/DarkaMaziLatini","https:\/\/www.instagram.com\/darkamazi.kurmanci\/","https:\/\/www.youtube.com\/channel\/UCa5HkTdmI8U1qCUFuTw8B2g"]},{"@type":"Person","@id":"https:\/\/darkamazi.info\/#\/schema\/person\/5ad3e24553a0567993fa8ed4bd0a776c","name":"darka mazi","sameAs":["https:\/\/darkamazi.info\/"],"url":"https:\/\/darkamazi.info\/archives\/author\/kurdi"}]}},"_links":{"self":[{"href":"https:\/\/darkamazi.info\/funavuv\/wp\/v2\/posts\/1032675","targetHints":{"allow":["GET"]}}],"collection":[{"href":"https:\/\/darkamazi.info\/funavuv\/wp\/v2\/posts"}],"about":[{"href":"https:\/\/darkamazi.info\/funavuv\/wp\/v2\/types\/post"}],"author":[{"embeddable":true,"href":"https:\/\/darkamazi.info\/funavuv\/wp\/v2\/users\/2"}],"replies":[{"embeddable":true,"href":"https:\/\/darkamazi.info\/funavuv\/wp\/v2\/comments?post=1032675"}],"version-history":[{"count":0,"href":"https:\/\/darkamazi.info\/funavuv\/wp\/v2\/posts\/1032675\/revisions"}],"wp:featuredmedia":[{"embeddable":true,"href":"https:\/\/darkamazi.info\/funavuv\/wp\/v2\/media\/1032677"}],"wp:attachment":[{"href":"https:\/\/darkamazi.info\/funavuv\/wp\/v2\/media?parent=1032675"}],"wp:term":[{"taxonomy":"category","embeddable":true,"href":"https:\/\/darkamazi.info\/funavuv\/wp\/v2\/categories?post=1032675"},{"taxonomy":"post_tag","embeddable":true,"href":"https:\/\/darkamazi.info\/funavuv\/wp\/v2\/tags?post=1032675"}],"curies":[{"name":"wp","href":"https:\/\/api.w.org\/{rel}","templated":true}]}}