{"id":1032694,"date":"2022-09-22T19:26:18","date_gmt":"2022-09-22T16:26:18","guid":{"rendered":"https:\/\/darkamazi.info\/?p=1032694"},"modified":"2022-09-22T19:26:18","modified_gmt":"2022-09-22T16:26:18","slug":"amaren-qurbaniyen-rojhilate-kurdistane-22-kusti-u-733-birindar","status":"publish","type":"post","link":"https:\/\/darkamazi.info\/archives\/1032694","title":{"rendered":"Amar\u00ean qurbaniy\u00ean Rojhilat\u00ea Kurdistan\u00ea: 22 ku\u015ft\u00ee \u00fb 733 bir\u00eendar"},"content":{"rendered":"<h3 style=\"text-align: justify\"><span style=\"font-family: 'arial black', sans-serif\">\u00a0Ji roja yekem a xwep\u00ea\u015fandan\u00ean Rojhilat\u00ea Kurdistan\u00ea heta niha, 22 kesan can\u00ea xwe ji dest dane, ku ji wan nav\u00ean 15 kesan e\u015fkere b\u00fbne, herwiha 733 kes j\u00ee bir\u00eendar b\u00fbne.<\/span><\/h3>\n<h3 style=\"text-align: justify\">Xwep\u00ea\u015fandan \u00fb n\u00ee\u015fandana neraz\u00eeb\u00fbn\u00ea li Rojhilat\u00ea Kurdistan\u00ea \u00fb bi dehan bajar\u00ean \u00ceran\u00ea \u00fb bi taybet\u00ee j\u00ee li bajar\u00ean mezin didomin, hejmara qurbaniyan j\u00ee li Rojhilat\u00ea Kurdistan\u00ea z\u00eade dibe.<\/h3>\n<h3 style=\"text-align: justify\">N\u00ee\u015fandana neraz\u00eeb\u00fbn\u00ea pi\u015ft\u00ee ku\u015ftina J\u00eena Em\u00een\u00ee ji aliy\u00ea pol\u00ees\u00ean Tehran\u00ea ve ser\u00ee hilda, Navenda Hevkariya Partiy\u00ean Kurdistana \u00ceran\u00ea ji welatiyan daxwaz kir ku roja du\u015fem\u00ea 19\u00ea \u00celon\u00ea greva gi\u015ft\u00ee bir\u00eave bibin \u00fb ne\u00e7in ser kar\u00ean xwe.<\/h3>\n<h3 style=\"text-align: justify\">Pi\u015ft\u00ee w\u00ea bangewaziya roja du\u015fem\u00ea, li 24 bajar\u00ean Rojhilat\u00ea Kurdistan\u00ea grev hatin kirin. \u00cavara w\u00ea roj\u00ea li 13 bajaran xwep\u00ea\u015fandan hatin kirin \u00fb di encama midaxeleya h\u00eaz\u00ean ewlehiy\u00ea ve li 12 bajaran xwep\u00ea\u015fandan ber bi tund\u00fbt\u00fbjiy\u00ea ve \u00e7\u00fbn.<\/h3>\n<h3 style=\"text-align: justify\">Roja din j\u00ee xwep\u00ea\u015fandan li 14 bajar\u00ean Rojhilat\u00ea Kurdistan\u00ea berdewam b\u00fbn \u00fb li 8 bajaran h\u00eaz\u00ean ewlehiy\u00ea teqe li xelk\u00ea kirin.<\/h3>\n<h3 style=\"text-align: justify\">Li ser banga \u00e7alakvan \u00fb r\u00eaxistin\u00ean siv\u00eel, xwep\u00ea\u015fandan \u00eavara \u00e7ar\u015fem\u00ea j\u00ee li 14 bajaran berdewam b\u00fbn \u00fb li 12 bajaran h\u00eaz\u00ean ewlehiy\u00ea r\u00fbbir\u00fby\u00ee xelk\u00ea b\u00fbn.<\/h3>\n<h3 style=\"text-align: justify\">Di encama xwep\u00ea\u015fandan\u00ean van \u00e7end rojan de heta niha her\u00ee k\u00eam 22 kes ku nav\u00ean 15 kesan e\u015fkere b\u00fbne, li Rojhilat\u00ea Kurdistan\u00ea bi teqey\u00ean rasterast \u00ean h\u00eaz\u00ean ewlehiy\u00ea ve hatin ku\u015ftin. Herwiha di nava van \u00e7end rojan de her\u00ee k\u00eam 733 kes j\u00ee bir\u00eendar b\u00fbn \u00fb n\u00eaz\u00eek\u00ee hezar kes j\u00ee hatin desteserkirin.<\/h3>\n","protected":false},"excerpt":{"rendered":"<p>\u00a0Ji roja yekem a xwep\u00ea\u015fandan\u00ean Rojhilat\u00ea Kurdistan\u00ea heta niha, 22 kesan can\u00ea xwe ji dest dane, ku ji wan nav\u00ean 15 kesan e\u015fkere b\u00fbne, herwiha 733 kes j\u00ee bir\u00eendar b\u00fbne. Xwep\u00ea\u015fandan \u00fb n\u00ee\u015fandana neraz\u00eeb\u00fbn\u00ea li Rojhilat\u00ea Kurdistan\u00ea \u00fb bi dehan bajar\u00ean \u00ceran\u00ea \u00fb bi taybet\u00ee j\u00ee li bajar\u00ean mezin didomin, hejmara qurbaniyan j\u00ee li Rojhilat\u00ea [&hellip;]<\/p>\n","protected":false},"author":2,"featured_media":1032695,"comment_status":"closed","ping_status":"closed","sticky":false,"template":"","format":"standard","meta":{"footnotes":""},"categories":[29],"tags":[37],"class_list":["post-1032694","post","type-post","status-publish","format-standard","has-post-thumbnail","hentry","category-kurdistan","tag-sereke"],"blocksy_meta":[],"seo_head":"<!-- This site is optimized with the Yoast SEO plugin v27.5 - https:\/\/yoast.com\/product\/yoast-seo-wordpress\/ -->\n<title>Amar\u00ean qurbaniy\u00ean Rojhilat\u00ea Kurdistan\u00ea: 22 ku\u015ft\u00ee \u00fb 733 bir\u00eendar - Darka Maz\u00ee<\/title>\n<meta name=\"robots\" content=\"index, follow, max-snippet:-1, max-image-preview:large, max-video-preview:-1\" \/>\n<link rel=\"canonical\" href=\"https:\/\/darkamazi.info\/archives\/1032694\" \/>\n<meta property=\"og:locale\" content=\"en_US\" \/>\n<meta property=\"og:type\" content=\"article\" \/>\n<meta property=\"og:title\" content=\"Amar\u00ean qurbaniy\u00ean Rojhilat\u00ea Kurdistan\u00ea: 22 ku\u015ft\u00ee \u00fb 733 bir\u00eendar - Darka Maz\u00ee\" \/>\n<meta property=\"og:description\" content=\"\u00a0Ji roja yekem a xwep\u00ea\u015fandan\u00ean Rojhilat\u00ea Kurdistan\u00ea heta niha, 22 kesan can\u00ea xwe ji dest dane, ku ji wan nav\u00ean 15 kesan e\u015fkere b\u00fbne, herwiha 733 kes j\u00ee bir\u00eendar b\u00fbne. Xwep\u00ea\u015fandan \u00fb n\u00ee\u015fandana neraz\u00eeb\u00fbn\u00ea li Rojhilat\u00ea Kurdistan\u00ea \u00fb bi dehan bajar\u00ean \u00ceran\u00ea \u00fb bi taybet\u00ee j\u00ee li bajar\u00ean mezin didomin, hejmara qurbaniyan j\u00ee li Rojhilat\u00ea [&hellip;]\" \/>\n<meta property=\"og:url\" content=\"https:\/\/darkamazi.info\/archives\/1032694\" \/>\n<meta property=\"og:site_name\" content=\"Darka Maz\u00ee\" \/>\n<meta property=\"article:publisher\" content=\"https:\/\/www.facebook.com\/DarMaziKurmanci\" \/>\n<meta property=\"article:published_time\" content=\"2022-09-22T16:26:18+00:00\" \/>\n<meta property=\"og:image\" content=\"https:\/\/darkamazi.info\/file\/2022\/09\/rojhilat-kurdistan.jpg\" \/>\n\t<meta property=\"og:image:width\" content=\"900\" \/>\n\t<meta property=\"og:image:height\" content=\"497\" \/>\n\t<meta property=\"og:image:type\" content=\"image\/jpeg\" \/>\n<meta name=\"author\" content=\"darka mazi\" \/>\n<meta name=\"twitter:card\" content=\"summary_large_image\" \/>\n<meta name=\"twitter:creator\" content=\"@DarkaMaziLatini\" \/>\n<meta name=\"twitter:site\" content=\"@DarkaMaziLatini\" \/>\n<meta name=\"twitter:label1\" content=\"Written by\" \/>\n\t<meta name=\"twitter:data1\" content=\"darka mazi\" \/>\n\t<meta name=\"twitter:label2\" content=\"Est. reading time\" \/>\n\t<meta name=\"twitter:data2\" content=\"2 minutes\" \/>\n<script type=\"application\/ld+json\" class=\"seo-schema-graph\">{\"@context\":\"https:\\\/\\\/schema.org\",\"@graph\":[{\"@type\":\"Article\",\"@id\":\"https:\\\/\\\/darkamazi.info\\\/archives\\\/1032694#article\",\"isPartOf\":{\"@id\":\"https:\\\/\\\/darkamazi.info\\\/archives\\\/1032694\"},\"author\":{\"name\":\"darka mazi\",\"@id\":\"https:\\\/\\\/darkamazi.info\\\/#\\\/schema\\\/person\\\/5ad3e24553a0567993fa8ed4bd0a776c\"},\"headline\":\"Amar\u00ean qurbaniy\u00ean Rojhilat\u00ea Kurdistan\u00ea: 22 ku\u015ft\u00ee \u00fb 733 bir\u00eendar\",\"datePublished\":\"2022-09-22T16:26:18+00:00\",\"mainEntityOfPage\":{\"@id\":\"https:\\\/\\\/darkamazi.info\\\/archives\\\/1032694\"},\"wordCount\":286,\"publisher\":{\"@id\":\"https:\\\/\\\/darkamazi.info\\\/#organization\"},\"image\":{\"@id\":\"https:\\\/\\\/darkamazi.info\\\/archives\\\/1032694#primaryimage\"},\"thumbnailUrl\":\"https:\\\/\\\/darkamazi.info\\\/darka-content\\\/uploads\\\/2022\\\/09\\\/rojhilat-kurdistan.jpg\",\"keywords\":[\"sereke\"],\"articleSection\":[\"Kurdistan\"],\"inLanguage\":\"en-US\"},{\"@type\":\"WebPage\",\"@id\":\"https:\\\/\\\/darkamazi.info\\\/archives\\\/1032694\",\"url\":\"https:\\\/\\\/darkamazi.info\\\/archives\\\/1032694\",\"name\":\"Amar\u00ean qurbaniy\u00ean Rojhilat\u00ea Kurdistan\u00ea: 22 ku\u015ft\u00ee \u00fb 733 bir\u00eendar - Darka Maz\u00ee\",\"isPartOf\":{\"@id\":\"https:\\\/\\\/darkamazi.info\\\/#website\"},\"primaryImageOfPage\":{\"@id\":\"https:\\\/\\\/darkamazi.info\\\/archives\\\/1032694#primaryimage\"},\"image\":{\"@id\":\"https:\\\/\\\/darkamazi.info\\\/archives\\\/1032694#primaryimage\"},\"thumbnailUrl\":\"https:\\\/\\\/darkamazi.info\\\/darka-content\\\/uploads\\\/2022\\\/09\\\/rojhilat-kurdistan.jpg\",\"datePublished\":\"2022-09-22T16:26:18+00:00\",\"breadcrumb\":{\"@id\":\"https:\\\/\\\/darkamazi.info\\\/archives\\\/1032694#breadcrumb\"},\"inLanguage\":\"en-US\",\"potentialAction\":[{\"@type\":\"ReadAction\",\"target\":[\"https:\\\/\\\/darkamazi.info\\\/archives\\\/1032694\"]}]},{\"@type\":\"ImageObject\",\"inLanguage\":\"en-US\",\"@id\":\"https:\\\/\\\/darkamazi.info\\\/archives\\\/1032694#primaryimage\",\"url\":\"https:\\\/\\\/darkamazi.info\\\/darka-content\\\/uploads\\\/2022\\\/09\\\/rojhilat-kurdistan.jpg\",\"contentUrl\":\"https:\\\/\\\/darkamazi.info\\\/darka-content\\\/uploads\\\/2022\\\/09\\\/rojhilat-kurdistan.jpg\",\"width\":900,\"height\":497,\"caption\":\"Amar\u00ean qurbaniy\u00ean Rojhilat\u00ea Kurdistan\u00ea: 22 ku\u015ft\u00ee \u00fb 733 bir\u00eendar\"},{\"@type\":\"BreadcrumbList\",\"@id\":\"https:\\\/\\\/darkamazi.info\\\/archives\\\/1032694#breadcrumb\",\"itemListElement\":[{\"@type\":\"ListItem\",\"position\":1,\"name\":\"Home\",\"item\":\"https:\\\/\\\/darkamazi.info\\\/\"},{\"@type\":\"ListItem\",\"position\":2,\"name\":\"Amar\u00ean qurbaniy\u00ean Rojhilat\u00ea Kurdistan\u00ea: 22 ku\u015ft\u00ee \u00fb 733 bir\u00eendar\"}]},{\"@type\":\"WebSite\",\"@id\":\"https:\\\/\\\/darkamazi.info\\\/#website\",\"url\":\"https:\\\/\\\/darkamazi.info\\\/\",\"name\":\"Darka Maz\u00ee\",\"description\":\"P\u00eageha Zanyariy\u00ean Nebih\u00eest\u00ee\",\"publisher\":{\"@id\":\"https:\\\/\\\/darkamazi.info\\\/#organization\"},\"potentialAction\":[{\"@type\":\"SearchAction\",\"target\":{\"@type\":\"EntryPoint\",\"urlTemplate\":\"https:\\\/\\\/darkamazi.info\\\/?s={search_term_string}\"},\"query-input\":{\"@type\":\"PropertyValueSpecification\",\"valueRequired\":true,\"valueName\":\"search_term_string\"}}],\"inLanguage\":\"en-US\"},{\"@type\":\"Organization\",\"@id\":\"https:\\\/\\\/darkamazi.info\\\/#organization\",\"name\":\"Darka Maz\u00ee\",\"url\":\"https:\\\/\\\/darkamazi.info\\\/\",\"logo\":{\"@type\":\"ImageObject\",\"inLanguage\":\"en-US\",\"@id\":\"https:\\\/\\\/darkamazi.info\\\/#\\\/schema\\\/logo\\\/image\\\/\",\"url\":\"https:\\\/\\\/darkamazi.info\\\/darka-content\\\/uploads\\\/2017\\\/12\\\/darka-mazi-logo.png\",\"contentUrl\":\"https:\\\/\\\/darkamazi.info\\\/darka-content\\\/uploads\\\/2017\\\/12\\\/darka-mazi-logo.png\",\"width\":151,\"height\":75,\"caption\":\"Darka Maz\u00ee\"},\"image\":{\"@id\":\"https:\\\/\\\/darkamazi.info\\\/#\\\/schema\\\/logo\\\/image\\\/\"},\"sameAs\":[\"https:\\\/\\\/www.facebook.com\\\/DarMaziKurmanci\",\"https:\\\/\\\/x.com\\\/DarkaMaziLatini\",\"https:\\\/\\\/www.instagram.com\\\/darkamazi.kurmanci\\\/\",\"https:\\\/\\\/www.youtube.com\\\/channel\\\/UCa5HkTdmI8U1qCUFuTw8B2g\"]},{\"@type\":\"Person\",\"@id\":\"https:\\\/\\\/darkamazi.info\\\/#\\\/schema\\\/person\\\/5ad3e24553a0567993fa8ed4bd0a776c\",\"name\":\"darka mazi\",\"sameAs\":[\"https:\\\/\\\/darkamazi.info\\\/\"],\"url\":\"https:\\\/\\\/darkamazi.info\\\/archives\\\/author\\\/kurdi\"}]}<\/script>\n<!-- \/ Yoast SEO plugin. -->","seo_head_json":{"title":"Amar\u00ean qurbaniy\u00ean Rojhilat\u00ea Kurdistan\u00ea: 22 ku\u015ft\u00ee \u00fb 733 bir\u00eendar - Darka Maz\u00ee","robots":{"index":"index","follow":"follow","max-snippet":"max-snippet:-1","max-image-preview":"max-image-preview:large","max-video-preview":"max-video-preview:-1"},"canonical":"https:\/\/darkamazi.info\/archives\/1032694","og_locale":"en_US","og_type":"article","og_title":"Amar\u00ean qurbaniy\u00ean Rojhilat\u00ea Kurdistan\u00ea: 22 ku\u015ft\u00ee \u00fb 733 bir\u00eendar - Darka Maz\u00ee","og_description":"\u00a0Ji roja yekem a xwep\u00ea\u015fandan\u00ean Rojhilat\u00ea Kurdistan\u00ea heta niha, 22 kesan can\u00ea xwe ji dest dane, ku ji wan nav\u00ean 15 kesan e\u015fkere b\u00fbne, herwiha 733 kes j\u00ee bir\u00eendar b\u00fbne. Xwep\u00ea\u015fandan \u00fb n\u00ee\u015fandana neraz\u00eeb\u00fbn\u00ea li Rojhilat\u00ea Kurdistan\u00ea \u00fb bi dehan bajar\u00ean \u00ceran\u00ea \u00fb bi taybet\u00ee j\u00ee li bajar\u00ean mezin didomin, hejmara qurbaniyan j\u00ee li Rojhilat\u00ea [&hellip;]","og_url":"https:\/\/darkamazi.info\/archives\/1032694","og_site_name":"Darka Maz\u00ee","article_publisher":"https:\/\/www.facebook.com\/DarMaziKurmanci","article_published_time":"2022-09-22T16:26:18+00:00","og_image":[{"width":900,"height":497,"url":"https:\/\/darkamazi.info\/file\/2022\/09\/rojhilat-kurdistan.jpg","type":"image\/jpeg"}],"author":"darka mazi","twitter_card":"summary_large_image","twitter_creator":"@DarkaMaziLatini","twitter_site":"@DarkaMaziLatini","twitter_misc":{"Written by":"darka mazi","Est. reading time":"2 minutes"},"schema":{"@context":"https:\/\/schema.org","@graph":[{"@type":"Article","@id":"https:\/\/darkamazi.info\/archives\/1032694#article","isPartOf":{"@id":"https:\/\/darkamazi.info\/archives\/1032694"},"author":{"name":"darka mazi","@id":"https:\/\/darkamazi.info\/#\/schema\/person\/5ad3e24553a0567993fa8ed4bd0a776c"},"headline":"Amar\u00ean qurbaniy\u00ean Rojhilat\u00ea Kurdistan\u00ea: 22 ku\u015ft\u00ee \u00fb 733 bir\u00eendar","datePublished":"2022-09-22T16:26:18+00:00","mainEntityOfPage":{"@id":"https:\/\/darkamazi.info\/archives\/1032694"},"wordCount":286,"publisher":{"@id":"https:\/\/darkamazi.info\/#organization"},"image":{"@id":"https:\/\/darkamazi.info\/archives\/1032694#primaryimage"},"thumbnailUrl":"https:\/\/darkamazi.info\/file\/2022\/09\/rojhilat-kurdistan.jpg","keywords":["sereke"],"articleSection":["Kurdistan"],"inLanguage":"en-US"},{"@type":"WebPage","@id":"https:\/\/darkamazi.info\/archives\/1032694","url":"https:\/\/darkamazi.info\/archives\/1032694","name":"Amar\u00ean qurbaniy\u00ean Rojhilat\u00ea Kurdistan\u00ea: 22 ku\u015ft\u00ee \u00fb 733 bir\u00eendar - Darka Maz\u00ee","isPartOf":{"@id":"https:\/\/darkamazi.info\/#website"},"primaryImageOfPage":{"@id":"https:\/\/darkamazi.info\/archives\/1032694#primaryimage"},"image":{"@id":"https:\/\/darkamazi.info\/archives\/1032694#primaryimage"},"thumbnailUrl":"https:\/\/darkamazi.info\/file\/2022\/09\/rojhilat-kurdistan.jpg","datePublished":"2022-09-22T16:26:18+00:00","breadcrumb":{"@id":"https:\/\/darkamazi.info\/archives\/1032694#breadcrumb"},"inLanguage":"en-US","potentialAction":[{"@type":"ReadAction","target":["https:\/\/darkamazi.info\/archives\/1032694"]}]},{"@type":"ImageObject","inLanguage":"en-US","@id":"https:\/\/darkamazi.info\/archives\/1032694#primaryimage","url":"https:\/\/darkamazi.info\/file\/2022\/09\/rojhilat-kurdistan.jpg","contentUrl":"https:\/\/darkamazi.info\/file\/2022\/09\/rojhilat-kurdistan.jpg","width":900,"height":497,"caption":"Amar\u00ean qurbaniy\u00ean Rojhilat\u00ea Kurdistan\u00ea: 22 ku\u015ft\u00ee \u00fb 733 bir\u00eendar"},{"@type":"BreadcrumbList","@id":"https:\/\/darkamazi.info\/archives\/1032694#breadcrumb","itemListElement":[{"@type":"ListItem","position":1,"name":"Home","item":"https:\/\/darkamazi.info\/"},{"@type":"ListItem","position":2,"name":"Amar\u00ean qurbaniy\u00ean Rojhilat\u00ea Kurdistan\u00ea: 22 ku\u015ft\u00ee \u00fb 733 bir\u00eendar"}]},{"@type":"WebSite","@id":"https:\/\/darkamazi.info\/#website","url":"https:\/\/darkamazi.info\/","name":"Darka Maz\u00ee","description":"P\u00eageha Zanyariy\u00ean Nebih\u00eest\u00ee","publisher":{"@id":"https:\/\/darkamazi.info\/#organization"},"potentialAction":[{"@type":"SearchAction","target":{"@type":"EntryPoint","urlTemplate":"https:\/\/darkamazi.info\/?s={search_term_string}"},"query-input":{"@type":"PropertyValueSpecification","valueRequired":true,"valueName":"search_term_string"}}],"inLanguage":"en-US"},{"@type":"Organization","@id":"https:\/\/darkamazi.info\/#organization","name":"Darka Maz\u00ee","url":"https:\/\/darkamazi.info\/","logo":{"@type":"ImageObject","inLanguage":"en-US","@id":"https:\/\/darkamazi.info\/#\/schema\/logo\/image\/","url":"https:\/\/darkamazi.info\/file\/2017\/12\/darka-mazi-logo.png","contentUrl":"https:\/\/darkamazi.info\/file\/2017\/12\/darka-mazi-logo.png","width":151,"height":75,"caption":"Darka Maz\u00ee"},"image":{"@id":"https:\/\/darkamazi.info\/#\/schema\/logo\/image\/"},"sameAs":["https:\/\/www.facebook.com\/DarMaziKurmanci","https:\/\/x.com\/DarkaMaziLatini","https:\/\/www.instagram.com\/darkamazi.kurmanci\/","https:\/\/www.youtube.com\/channel\/UCa5HkTdmI8U1qCUFuTw8B2g"]},{"@type":"Person","@id":"https:\/\/darkamazi.info\/#\/schema\/person\/5ad3e24553a0567993fa8ed4bd0a776c","name":"darka mazi","sameAs":["https:\/\/darkamazi.info\/"],"url":"https:\/\/darkamazi.info\/archives\/author\/kurdi"}]}},"_links":{"self":[{"href":"https:\/\/darkamazi.info\/funavuv\/wp\/v2\/posts\/1032694","targetHints":{"allow":["GET"]}}],"collection":[{"href":"https:\/\/darkamazi.info\/funavuv\/wp\/v2\/posts"}],"about":[{"href":"https:\/\/darkamazi.info\/funavuv\/wp\/v2\/types\/post"}],"author":[{"embeddable":true,"href":"https:\/\/darkamazi.info\/funavuv\/wp\/v2\/users\/2"}],"replies":[{"embeddable":true,"href":"https:\/\/darkamazi.info\/funavuv\/wp\/v2\/comments?post=1032694"}],"version-history":[{"count":0,"href":"https:\/\/darkamazi.info\/funavuv\/wp\/v2\/posts\/1032694\/revisions"}],"wp:featuredmedia":[{"embeddable":true,"href":"https:\/\/darkamazi.info\/funavuv\/wp\/v2\/media\/1032695"}],"wp:attachment":[{"href":"https:\/\/darkamazi.info\/funavuv\/wp\/v2\/media?parent=1032694"}],"wp:term":[{"taxonomy":"category","embeddable":true,"href":"https:\/\/darkamazi.info\/funavuv\/wp\/v2\/categories?post=1032694"},{"taxonomy":"post_tag","embeddable":true,"href":"https:\/\/darkamazi.info\/funavuv\/wp\/v2\/tags?post=1032694"}],"curies":[{"name":"wp","href":"https:\/\/api.w.org\/{rel}","templated":true}]}}