{"id":1032700,"date":"2022-09-24T11:02:43","date_gmt":"2022-09-24T08:02:43","guid":{"rendered":"https:\/\/darkamazi.info\/?p=1032700"},"modified":"2022-09-24T11:02:43","modified_gmt":"2022-09-24T08:02:43","slug":"rexistina-leborine-ya-navdewleti-derbare-xwepesandanen-irane-de-hisyari-da","status":"publish","type":"post","link":"https:\/\/darkamazi.info\/archives\/1032700","title":{"rendered":"R\u00eaxistina L\u00eabor\u00een\u00ea ya Navdewlet\u00ee derbar\u00ea xwep\u00ea\u015fandan\u00ean \u00ceran\u00ea de hi\u015fyar\u00ee da"},"content":{"rendered":"<h3 style=\"text-align: justify\"><span style=\"font-family: 'arial black', sans-serif\">R\u00eaxistina L\u00eabor\u00een\u00ea ya Navdewlet\u00ee (Amnesty International) derbar\u00ea b\u00eadengkirina xwep\u00ea\u015fandan\u00ean \u00ceran\u00ea de ji civaka navdewlet\u00ee daxwaz kir &#8220;karek\u00ee watedar&#8221; bikin.<\/span><\/h3>\n<h3>R\u00eaxistin\u00ea destn\u00ee\u015fan kir, neraz\u00eeb\u00fbn\u00ean pi\u015ft\u00ee ku\u015ftina J\u00eena Em\u00een\u00ee t\u00eane n\u00ee\u015fandan, ku radeya h\u00earsa xelk\u00ea li hember h\u00eecaba bi zor\u00ea \u00fb ku\u015ftin\u00ea n\u00ee\u015fan dide, ji aliy\u00ea h\u00eaz\u00ean ewlehiya \u00ceran\u00ea ve gelek bi tund\u00ee t\u00ea bersivdan.<\/h3>\n<h3>Amnesty International daxwaza hewleke navdewlet\u00ee ji bo r\u00ealibergirtina li xw\u00eenrijandina z\u00eadetir ji aliy\u00ea h\u00eaz\u00ean ewlehiya \u00ceran\u00ea ve dike.<\/h3>\n<h3>R\u00eaxistin\u00ea li gor belgey\u00ean xwe diyar kiriye, di nava du \u015fev\u00ean bor\u00ee de (21-22y\u00ea \u00celon\u00ea) li 20 bajar \u00fb 10 par\u00eazgehan, h\u00eaz\u00ean ewlehiy\u00ea teqey\u00ean rasterast li xwep\u00ea\u015fanderan kirine \u00fb di encam\u00ea de &#8220;her\u00ee k\u00eam 30 kesan ku ji wan 4 kes zarok b\u00fbn, can\u00ea xwe ji dest dane&#8221;.<\/h3>\n<h3>\u015eeva \u00een\u00ea (23\u00ea \u00celon\u00ea) telev\u00eezyona ferm\u00ee ya \u00ceran\u00ea ragihand, 35 kes di xwep\u00ea\u015fandanan de hatine ku\u015ftin.<\/h3>\n<h3>Herwiha roja \u00een\u00ea, Serokomar\u00ea \u00ceran\u00ea \u00cebrah\u00eem Re\u00ees\u00ee ji Amer\u00eekay\u00ea vegeriya \u00fb li Balafirgeha Tehran\u00ea, gef li xwep\u00ea\u015fanderan xwar \u00fb got: \u201cDi ti rew\u015f\u00ea de em nah\u00ealin ewlehiya xelk \u00fb welat\u00ea me, t\u00fb\u015f\u00ee metirsiy\u00ea bibe.\u201d<\/h3>\n","protected":false},"excerpt":{"rendered":"<p>R\u00eaxistina L\u00eabor\u00een\u00ea ya Navdewlet\u00ee (Amnesty International) derbar\u00ea b\u00eadengkirina xwep\u00ea\u015fandan\u00ean \u00ceran\u00ea de ji civaka navdewlet\u00ee daxwaz kir &#8220;karek\u00ee watedar&#8221; bikin. R\u00eaxistin\u00ea destn\u00ee\u015fan kir, neraz\u00eeb\u00fbn\u00ean pi\u015ft\u00ee ku\u015ftina J\u00eena Em\u00een\u00ee t\u00eane n\u00ee\u015fandan, ku radeya h\u00earsa xelk\u00ea li hember h\u00eecaba bi zor\u00ea \u00fb ku\u015ftin\u00ea n\u00ee\u015fan dide, ji aliy\u00ea h\u00eaz\u00ean ewlehiya \u00ceran\u00ea ve gelek bi tund\u00ee t\u00ea bersivdan. Amnesty International [&hellip;]<\/p>\n","protected":false},"author":2,"featured_media":1032701,"comment_status":"closed","ping_status":"closed","sticky":false,"template":"","format":"standard","meta":{"footnotes":""},"categories":[30],"tags":[37],"class_list":["post-1032700","post","type-post","status-publish","format-standard","has-post-thumbnail","hentry","category-cihan","tag-sereke"],"blocksy_meta":[],"seo_head":"<!-- This site is optimized with the Yoast SEO plugin v27.5 - https:\/\/yoast.com\/product\/yoast-seo-wordpress\/ -->\n<title>R\u00eaxistina L\u00eabor\u00een\u00ea ya Navdewlet\u00ee derbar\u00ea xwep\u00ea\u015fandan\u00ean \u00ceran\u00ea de hi\u015fyar\u00ee da - Darka Maz\u00ee<\/title>\n<meta name=\"robots\" content=\"index, follow, max-snippet:-1, max-image-preview:large, max-video-preview:-1\" \/>\n<link rel=\"canonical\" href=\"https:\/\/darkamazi.info\/archives\/1032700\" \/>\n<meta property=\"og:locale\" content=\"en_US\" \/>\n<meta property=\"og:type\" content=\"article\" \/>\n<meta property=\"og:title\" content=\"R\u00eaxistina L\u00eabor\u00een\u00ea ya Navdewlet\u00ee derbar\u00ea xwep\u00ea\u015fandan\u00ean \u00ceran\u00ea de hi\u015fyar\u00ee da - Darka Maz\u00ee\" \/>\n<meta property=\"og:description\" content=\"R\u00eaxistina L\u00eabor\u00een\u00ea ya Navdewlet\u00ee (Amnesty International) derbar\u00ea b\u00eadengkirina xwep\u00ea\u015fandan\u00ean \u00ceran\u00ea de ji civaka navdewlet\u00ee daxwaz kir &#8220;karek\u00ee watedar&#8221; bikin. R\u00eaxistin\u00ea destn\u00ee\u015fan kir, neraz\u00eeb\u00fbn\u00ean pi\u015ft\u00ee ku\u015ftina J\u00eena Em\u00een\u00ee t\u00eane n\u00ee\u015fandan, ku radeya h\u00earsa xelk\u00ea li hember h\u00eecaba bi zor\u00ea \u00fb ku\u015ftin\u00ea n\u00ee\u015fan dide, ji aliy\u00ea h\u00eaz\u00ean ewlehiya \u00ceran\u00ea ve gelek bi tund\u00ee t\u00ea bersivdan. Amnesty International [&hellip;]\" \/>\n<meta property=\"og:url\" content=\"https:\/\/darkamazi.info\/archives\/1032700\" \/>\n<meta property=\"og:site_name\" content=\"Darka Maz\u00ee\" \/>\n<meta property=\"article:publisher\" content=\"https:\/\/www.facebook.com\/DarMaziKurmanci\" \/>\n<meta property=\"article:published_time\" content=\"2022-09-24T08:02:43+00:00\" \/>\n<meta property=\"og:image\" content=\"https:\/\/darkamazi.info\/file\/2022\/09\/rexistina-leborine-ya-navdewleti.jpg\" \/>\n\t<meta property=\"og:image:width\" content=\"900\" \/>\n\t<meta property=\"og:image:height\" content=\"497\" \/>\n\t<meta property=\"og:image:type\" content=\"image\/jpeg\" \/>\n<meta name=\"author\" content=\"darka mazi\" \/>\n<meta name=\"twitter:card\" content=\"summary_large_image\" \/>\n<meta name=\"twitter:creator\" content=\"@DarkaMaziLatini\" \/>\n<meta name=\"twitter:site\" content=\"@DarkaMaziLatini\" \/>\n<meta name=\"twitter:label1\" content=\"Written by\" \/>\n\t<meta name=\"twitter:data1\" content=\"darka mazi\" \/>\n\t<meta name=\"twitter:label2\" content=\"Est. reading time\" \/>\n\t<meta name=\"twitter:data2\" content=\"1 minute\" \/>\n<script type=\"application\/ld+json\" class=\"seo-schema-graph\">{\"@context\":\"https:\\\/\\\/schema.org\",\"@graph\":[{\"@type\":\"Article\",\"@id\":\"https:\\\/\\\/darkamazi.info\\\/archives\\\/1032700#article\",\"isPartOf\":{\"@id\":\"https:\\\/\\\/darkamazi.info\\\/archives\\\/1032700\"},\"author\":{\"name\":\"darka mazi\",\"@id\":\"https:\\\/\\\/darkamazi.info\\\/#\\\/schema\\\/person\\\/5ad3e24553a0567993fa8ed4bd0a776c\"},\"headline\":\"R\u00eaxistina L\u00eabor\u00een\u00ea ya Navdewlet\u00ee derbar\u00ea xwep\u00ea\u015fandan\u00ean \u00ceran\u00ea de hi\u015fyar\u00ee da\",\"datePublished\":\"2022-09-24T08:02:43+00:00\",\"mainEntityOfPage\":{\"@id\":\"https:\\\/\\\/darkamazi.info\\\/archives\\\/1032700\"},\"wordCount\":220,\"publisher\":{\"@id\":\"https:\\\/\\\/darkamazi.info\\\/#organization\"},\"image\":{\"@id\":\"https:\\\/\\\/darkamazi.info\\\/archives\\\/1032700#primaryimage\"},\"thumbnailUrl\":\"https:\\\/\\\/darkamazi.info\\\/darka-content\\\/uploads\\\/2022\\\/09\\\/rexistina-leborine-ya-navdewleti.jpg\",\"keywords\":[\"sereke\"],\"articleSection\":[\"C\u00eehan\"],\"inLanguage\":\"en-US\"},{\"@type\":\"WebPage\",\"@id\":\"https:\\\/\\\/darkamazi.info\\\/archives\\\/1032700\",\"url\":\"https:\\\/\\\/darkamazi.info\\\/archives\\\/1032700\",\"name\":\"R\u00eaxistina L\u00eabor\u00een\u00ea ya Navdewlet\u00ee derbar\u00ea xwep\u00ea\u015fandan\u00ean \u00ceran\u00ea de hi\u015fyar\u00ee da - Darka Maz\u00ee\",\"isPartOf\":{\"@id\":\"https:\\\/\\\/darkamazi.info\\\/#website\"},\"primaryImageOfPage\":{\"@id\":\"https:\\\/\\\/darkamazi.info\\\/archives\\\/1032700#primaryimage\"},\"image\":{\"@id\":\"https:\\\/\\\/darkamazi.info\\\/archives\\\/1032700#primaryimage\"},\"thumbnailUrl\":\"https:\\\/\\\/darkamazi.info\\\/darka-content\\\/uploads\\\/2022\\\/09\\\/rexistina-leborine-ya-navdewleti.jpg\",\"datePublished\":\"2022-09-24T08:02:43+00:00\",\"breadcrumb\":{\"@id\":\"https:\\\/\\\/darkamazi.info\\\/archives\\\/1032700#breadcrumb\"},\"inLanguage\":\"en-US\",\"potentialAction\":[{\"@type\":\"ReadAction\",\"target\":[\"https:\\\/\\\/darkamazi.info\\\/archives\\\/1032700\"]}]},{\"@type\":\"ImageObject\",\"inLanguage\":\"en-US\",\"@id\":\"https:\\\/\\\/darkamazi.info\\\/archives\\\/1032700#primaryimage\",\"url\":\"https:\\\/\\\/darkamazi.info\\\/darka-content\\\/uploads\\\/2022\\\/09\\\/rexistina-leborine-ya-navdewleti.jpg\",\"contentUrl\":\"https:\\\/\\\/darkamazi.info\\\/darka-content\\\/uploads\\\/2022\\\/09\\\/rexistina-leborine-ya-navdewleti.jpg\",\"width\":900,\"height\":497,\"caption\":\"R\u00eaxistina L\u00eabor\u00een\u00ea ya Navdewlet\u00ee derbar\u00ea xwep\u00ea\u015fandan\u00ean \u00ceran\u00ea de hi\u015fyar\u00ee da\"},{\"@type\":\"BreadcrumbList\",\"@id\":\"https:\\\/\\\/darkamazi.info\\\/archives\\\/1032700#breadcrumb\",\"itemListElement\":[{\"@type\":\"ListItem\",\"position\":1,\"name\":\"Home\",\"item\":\"https:\\\/\\\/darkamazi.info\\\/\"},{\"@type\":\"ListItem\",\"position\":2,\"name\":\"R\u00eaxistina L\u00eabor\u00een\u00ea ya Navdewlet\u00ee derbar\u00ea xwep\u00ea\u015fandan\u00ean \u00ceran\u00ea de hi\u015fyar\u00ee da\"}]},{\"@type\":\"WebSite\",\"@id\":\"https:\\\/\\\/darkamazi.info\\\/#website\",\"url\":\"https:\\\/\\\/darkamazi.info\\\/\",\"name\":\"Darka Maz\u00ee\",\"description\":\"P\u00eageha Zanyariy\u00ean Nebih\u00eest\u00ee\",\"publisher\":{\"@id\":\"https:\\\/\\\/darkamazi.info\\\/#organization\"},\"potentialAction\":[{\"@type\":\"SearchAction\",\"target\":{\"@type\":\"EntryPoint\",\"urlTemplate\":\"https:\\\/\\\/darkamazi.info\\\/?s={search_term_string}\"},\"query-input\":{\"@type\":\"PropertyValueSpecification\",\"valueRequired\":true,\"valueName\":\"search_term_string\"}}],\"inLanguage\":\"en-US\"},{\"@type\":\"Organization\",\"@id\":\"https:\\\/\\\/darkamazi.info\\\/#organization\",\"name\":\"Darka Maz\u00ee\",\"url\":\"https:\\\/\\\/darkamazi.info\\\/\",\"logo\":{\"@type\":\"ImageObject\",\"inLanguage\":\"en-US\",\"@id\":\"https:\\\/\\\/darkamazi.info\\\/#\\\/schema\\\/logo\\\/image\\\/\",\"url\":\"https:\\\/\\\/darkamazi.info\\\/darka-content\\\/uploads\\\/2017\\\/12\\\/darka-mazi-logo.png\",\"contentUrl\":\"https:\\\/\\\/darkamazi.info\\\/darka-content\\\/uploads\\\/2017\\\/12\\\/darka-mazi-logo.png\",\"width\":151,\"height\":75,\"caption\":\"Darka Maz\u00ee\"},\"image\":{\"@id\":\"https:\\\/\\\/darkamazi.info\\\/#\\\/schema\\\/logo\\\/image\\\/\"},\"sameAs\":[\"https:\\\/\\\/www.facebook.com\\\/DarMaziKurmanci\",\"https:\\\/\\\/x.com\\\/DarkaMaziLatini\",\"https:\\\/\\\/www.instagram.com\\\/darkamazi.kurmanci\\\/\",\"https:\\\/\\\/www.youtube.com\\\/channel\\\/UCa5HkTdmI8U1qCUFuTw8B2g\"]},{\"@type\":\"Person\",\"@id\":\"https:\\\/\\\/darkamazi.info\\\/#\\\/schema\\\/person\\\/5ad3e24553a0567993fa8ed4bd0a776c\",\"name\":\"darka mazi\",\"sameAs\":[\"https:\\\/\\\/darkamazi.info\\\/\"],\"url\":\"https:\\\/\\\/darkamazi.info\\\/archives\\\/author\\\/kurdi\"}]}<\/script>\n<!-- \/ Yoast SEO plugin. -->","seo_head_json":{"title":"R\u00eaxistina L\u00eabor\u00een\u00ea ya Navdewlet\u00ee derbar\u00ea xwep\u00ea\u015fandan\u00ean \u00ceran\u00ea de hi\u015fyar\u00ee da - Darka Maz\u00ee","robots":{"index":"index","follow":"follow","max-snippet":"max-snippet:-1","max-image-preview":"max-image-preview:large","max-video-preview":"max-video-preview:-1"},"canonical":"https:\/\/darkamazi.info\/archives\/1032700","og_locale":"en_US","og_type":"article","og_title":"R\u00eaxistina L\u00eabor\u00een\u00ea ya Navdewlet\u00ee derbar\u00ea xwep\u00ea\u015fandan\u00ean \u00ceran\u00ea de hi\u015fyar\u00ee da - Darka Maz\u00ee","og_description":"R\u00eaxistina L\u00eabor\u00een\u00ea ya Navdewlet\u00ee (Amnesty International) derbar\u00ea b\u00eadengkirina xwep\u00ea\u015fandan\u00ean \u00ceran\u00ea de ji civaka navdewlet\u00ee daxwaz kir &#8220;karek\u00ee watedar&#8221; bikin. R\u00eaxistin\u00ea destn\u00ee\u015fan kir, neraz\u00eeb\u00fbn\u00ean pi\u015ft\u00ee ku\u015ftina J\u00eena Em\u00een\u00ee t\u00eane n\u00ee\u015fandan, ku radeya h\u00earsa xelk\u00ea li hember h\u00eecaba bi zor\u00ea \u00fb ku\u015ftin\u00ea n\u00ee\u015fan dide, ji aliy\u00ea h\u00eaz\u00ean ewlehiya \u00ceran\u00ea ve gelek bi tund\u00ee t\u00ea bersivdan. Amnesty International [&hellip;]","og_url":"https:\/\/darkamazi.info\/archives\/1032700","og_site_name":"Darka Maz\u00ee","article_publisher":"https:\/\/www.facebook.com\/DarMaziKurmanci","article_published_time":"2022-09-24T08:02:43+00:00","og_image":[{"width":900,"height":497,"url":"https:\/\/darkamazi.info\/file\/2022\/09\/rexistina-leborine-ya-navdewleti.jpg","type":"image\/jpeg"}],"author":"darka mazi","twitter_card":"summary_large_image","twitter_creator":"@DarkaMaziLatini","twitter_site":"@DarkaMaziLatini","twitter_misc":{"Written by":"darka mazi","Est. reading time":"1 minute"},"schema":{"@context":"https:\/\/schema.org","@graph":[{"@type":"Article","@id":"https:\/\/darkamazi.info\/archives\/1032700#article","isPartOf":{"@id":"https:\/\/darkamazi.info\/archives\/1032700"},"author":{"name":"darka mazi","@id":"https:\/\/darkamazi.info\/#\/schema\/person\/5ad3e24553a0567993fa8ed4bd0a776c"},"headline":"R\u00eaxistina L\u00eabor\u00een\u00ea ya Navdewlet\u00ee derbar\u00ea xwep\u00ea\u015fandan\u00ean \u00ceran\u00ea de hi\u015fyar\u00ee da","datePublished":"2022-09-24T08:02:43+00:00","mainEntityOfPage":{"@id":"https:\/\/darkamazi.info\/archives\/1032700"},"wordCount":220,"publisher":{"@id":"https:\/\/darkamazi.info\/#organization"},"image":{"@id":"https:\/\/darkamazi.info\/archives\/1032700#primaryimage"},"thumbnailUrl":"https:\/\/darkamazi.info\/file\/2022\/09\/rexistina-leborine-ya-navdewleti.jpg","keywords":["sereke"],"articleSection":["C\u00eehan"],"inLanguage":"en-US"},{"@type":"WebPage","@id":"https:\/\/darkamazi.info\/archives\/1032700","url":"https:\/\/darkamazi.info\/archives\/1032700","name":"R\u00eaxistina L\u00eabor\u00een\u00ea ya Navdewlet\u00ee derbar\u00ea xwep\u00ea\u015fandan\u00ean \u00ceran\u00ea de hi\u015fyar\u00ee da - Darka Maz\u00ee","isPartOf":{"@id":"https:\/\/darkamazi.info\/#website"},"primaryImageOfPage":{"@id":"https:\/\/darkamazi.info\/archives\/1032700#primaryimage"},"image":{"@id":"https:\/\/darkamazi.info\/archives\/1032700#primaryimage"},"thumbnailUrl":"https:\/\/darkamazi.info\/file\/2022\/09\/rexistina-leborine-ya-navdewleti.jpg","datePublished":"2022-09-24T08:02:43+00:00","breadcrumb":{"@id":"https:\/\/darkamazi.info\/archives\/1032700#breadcrumb"},"inLanguage":"en-US","potentialAction":[{"@type":"ReadAction","target":["https:\/\/darkamazi.info\/archives\/1032700"]}]},{"@type":"ImageObject","inLanguage":"en-US","@id":"https:\/\/darkamazi.info\/archives\/1032700#primaryimage","url":"https:\/\/darkamazi.info\/file\/2022\/09\/rexistina-leborine-ya-navdewleti.jpg","contentUrl":"https:\/\/darkamazi.info\/file\/2022\/09\/rexistina-leborine-ya-navdewleti.jpg","width":900,"height":497,"caption":"R\u00eaxistina L\u00eabor\u00een\u00ea ya Navdewlet\u00ee derbar\u00ea xwep\u00ea\u015fandan\u00ean \u00ceran\u00ea de hi\u015fyar\u00ee da"},{"@type":"BreadcrumbList","@id":"https:\/\/darkamazi.info\/archives\/1032700#breadcrumb","itemListElement":[{"@type":"ListItem","position":1,"name":"Home","item":"https:\/\/darkamazi.info\/"},{"@type":"ListItem","position":2,"name":"R\u00eaxistina L\u00eabor\u00een\u00ea ya Navdewlet\u00ee derbar\u00ea xwep\u00ea\u015fandan\u00ean \u00ceran\u00ea de hi\u015fyar\u00ee da"}]},{"@type":"WebSite","@id":"https:\/\/darkamazi.info\/#website","url":"https:\/\/darkamazi.info\/","name":"Darka Maz\u00ee","description":"P\u00eageha Zanyariy\u00ean Nebih\u00eest\u00ee","publisher":{"@id":"https:\/\/darkamazi.info\/#organization"},"potentialAction":[{"@type":"SearchAction","target":{"@type":"EntryPoint","urlTemplate":"https:\/\/darkamazi.info\/?s={search_term_string}"},"query-input":{"@type":"PropertyValueSpecification","valueRequired":true,"valueName":"search_term_string"}}],"inLanguage":"en-US"},{"@type":"Organization","@id":"https:\/\/darkamazi.info\/#organization","name":"Darka Maz\u00ee","url":"https:\/\/darkamazi.info\/","logo":{"@type":"ImageObject","inLanguage":"en-US","@id":"https:\/\/darkamazi.info\/#\/schema\/logo\/image\/","url":"https:\/\/darkamazi.info\/file\/2017\/12\/darka-mazi-logo.png","contentUrl":"https:\/\/darkamazi.info\/file\/2017\/12\/darka-mazi-logo.png","width":151,"height":75,"caption":"Darka Maz\u00ee"},"image":{"@id":"https:\/\/darkamazi.info\/#\/schema\/logo\/image\/"},"sameAs":["https:\/\/www.facebook.com\/DarMaziKurmanci","https:\/\/x.com\/DarkaMaziLatini","https:\/\/www.instagram.com\/darkamazi.kurmanci\/","https:\/\/www.youtube.com\/channel\/UCa5HkTdmI8U1qCUFuTw8B2g"]},{"@type":"Person","@id":"https:\/\/darkamazi.info\/#\/schema\/person\/5ad3e24553a0567993fa8ed4bd0a776c","name":"darka mazi","sameAs":["https:\/\/darkamazi.info\/"],"url":"https:\/\/darkamazi.info\/archives\/author\/kurdi"}]}},"_links":{"self":[{"href":"https:\/\/darkamazi.info\/funavuv\/wp\/v2\/posts\/1032700","targetHints":{"allow":["GET"]}}],"collection":[{"href":"https:\/\/darkamazi.info\/funavuv\/wp\/v2\/posts"}],"about":[{"href":"https:\/\/darkamazi.info\/funavuv\/wp\/v2\/types\/post"}],"author":[{"embeddable":true,"href":"https:\/\/darkamazi.info\/funavuv\/wp\/v2\/users\/2"}],"replies":[{"embeddable":true,"href":"https:\/\/darkamazi.info\/funavuv\/wp\/v2\/comments?post=1032700"}],"version-history":[{"count":0,"href":"https:\/\/darkamazi.info\/funavuv\/wp\/v2\/posts\/1032700\/revisions"}],"wp:featuredmedia":[{"embeddable":true,"href":"https:\/\/darkamazi.info\/funavuv\/wp\/v2\/media\/1032701"}],"wp:attachment":[{"href":"https:\/\/darkamazi.info\/funavuv\/wp\/v2\/media?parent=1032700"}],"wp:term":[{"taxonomy":"category","embeddable":true,"href":"https:\/\/darkamazi.info\/funavuv\/wp\/v2\/categories?post=1032700"},{"taxonomy":"post_tag","embeddable":true,"href":"https:\/\/darkamazi.info\/funavuv\/wp\/v2\/tags?post=1032700"}],"curies":[{"name":"wp","href":"https:\/\/api.w.org\/{rel}","templated":true}]}}