{"id":1032823,"date":"2022-09-28T11:58:49","date_gmt":"2022-09-28T08:58:49","guid":{"rendered":"https:\/\/darkamazi.info\/?p=1032823"},"modified":"2022-09-28T11:58:49","modified_gmt":"2022-09-28T08:58:49","slug":"husen-yezdanpena-di-erisen-irane-de-ziyanen-cani-hene","status":"publish","type":"post","link":"https:\/\/darkamazi.info\/archives\/1032823","title":{"rendered":"Hus\u00ean Yezdanpena: Di \u00ear\u00ee\u015f\u00ean \u00ceran\u00ea de ziyan\u00ean can\u00ee hene"},"content":{"rendered":"<h3 style=\"text-align: justify\"><span style=\"font-family: 'arial black', sans-serif\">Fermandar\u00ea H\u00eaz\u00ean Partiya Azadiya Kurdistan\u00ea (PAK) Hus\u00ean Yezdanpena tekez dike, \u00ear\u00ee\u015f\u00ean giran li baregeh\u00ean wan t\u00ean kirin \u00fb ziyan\u00ean can\u00ee j\u00ee hene.<\/span><\/h3>\n<h3 style=\"text-align: justify\"><span style=\"font-family: arial, helvetica, sans-serif\">Hus\u00ean Yezdanpena ragihand, \u00ear\u00ee\u015f\u00ean tund ji aliy\u00ea \u00ceran\u00ea ve li ser baregeh\u00ean wan \u00ean li mihwera Kerk\u00fbk li Pird\u00ea hatine kirin \u00fb ziyan\u00ean can\u00ee y\u00ean mezin hene.<\/span><\/h3>\n<h3 style=\"text-align: justify\"><span style=\"font-family: arial, helvetica, sans-serif\">Got j\u00ee: \u00car\u00ee\u015f bi riya m\u00fb\u015fek \u00fb droneyan hatine kirin \u00fb heta niha j\u00ee berdewam in.<\/span><\/h3>\n<h3 style=\"text-align: justify\"><span style=\"font-family: arial, helvetica, sans-serif\">Di heman dem\u00ea de j\u00ee, \u00ceran bi riya droney\u00ean bombekir\u00ee \u00fb m\u00fb\u015fekan \u00ear\u00ee\u015f\u00ee ser baregeh\u00ean Komeleya Zehmetk\u00ea\u015fan a Kurdistana \u00ceran\u00ea li Zirgiw\u00eaz li Sil\u00eamaniy\u00ea \u00fb Partiya Demokrat a Kurdistana \u00ceran\u00ea li Koy\u00ea.<\/span><\/h3>\n<h3 style=\"text-align: justify\"><span style=\"font-family: arial, helvetica, sans-serif\">Di w\u00ea derbar\u00ea de, C\u00eegir\u00ea Sekreter\u00ea Komeleya Zehmetk\u00ea\u015fan a Kurdistan\u00ea Reza Kehb\u00ee diyar kir, ber\u00ee b\u00eestek\u00ea baregeh\u00ean partiya wan li n\u00eaz\u00eek\u00ee riya sereke ya Sil\u00eaman\u00ee \u2013 Qeredax hatin armanckirin \u00fb di encam\u00ea de be\u015fek ji baregeh\u00ea hilwe\u015fiya.<\/span><\/h3>\n<h3 style=\"text-align: justify\"><span style=\"font-family: arial, helvetica, sans-serif\">Reza Kehb\u00ee destn\u00ee\u015fan kir, heta niha ti ziyaneke can\u00ee di encama \u00ear\u00ee\u015fa \u00ceran\u00ea de derneketiye \u00fb t\u00eem\u00ean wan \u00ean tendirustiy\u00ea j\u00ee di rew\u015fa amadehiy\u00ea de ne.<\/span><\/h3>\n","protected":false},"excerpt":{"rendered":"<p>Fermandar\u00ea H\u00eaz\u00ean Partiya Azadiya Kurdistan\u00ea (PAK) Hus\u00ean Yezdanpena tekez dike, \u00ear\u00ee\u015f\u00ean giran li baregeh\u00ean wan t\u00ean kirin \u00fb ziyan\u00ean can\u00ee j\u00ee hene. Hus\u00ean Yezdanpena ragihand, \u00ear\u00ee\u015f\u00ean tund ji aliy\u00ea \u00ceran\u00ea ve li ser baregeh\u00ean wan \u00ean li mihwera Kerk\u00fbk li Pird\u00ea hatine kirin \u00fb ziyan\u00ean can\u00ee y\u00ean mezin hene. Got j\u00ee: \u00car\u00ee\u015f bi riya m\u00fb\u015fek [&hellip;]<\/p>\n","protected":false},"author":2,"featured_media":1031483,"comment_status":"closed","ping_status":"closed","sticky":false,"template":"","format":"standard","meta":{"footnotes":""},"categories":[29],"tags":[37],"class_list":["post-1032823","post","type-post","status-publish","format-standard","has-post-thumbnail","hentry","category-kurdistan","tag-sereke"],"blocksy_meta":[],"seo_head":"<!-- This site is optimized with the Yoast SEO plugin v27.5 - https:\/\/yoast.com\/product\/yoast-seo-wordpress\/ -->\n<title>Hus\u00ean Yezdanpena: Di \u00ear\u00ee\u015f\u00ean \u00ceran\u00ea de ziyan\u00ean can\u00ee hene - Darka Maz\u00ee<\/title>\n<meta name=\"robots\" content=\"index, follow, max-snippet:-1, max-image-preview:large, max-video-preview:-1\" \/>\n<link rel=\"canonical\" href=\"https:\/\/darkamazi.info\/archives\/1032823\" \/>\n<meta property=\"og:locale\" content=\"en_US\" \/>\n<meta property=\"og:type\" content=\"article\" \/>\n<meta property=\"og:title\" content=\"Hus\u00ean Yezdanpena: Di \u00ear\u00ee\u015f\u00ean \u00ceran\u00ea de ziyan\u00ean can\u00ee hene - Darka Maz\u00ee\" \/>\n<meta property=\"og:description\" content=\"Fermandar\u00ea H\u00eaz\u00ean Partiya Azadiya Kurdistan\u00ea (PAK) Hus\u00ean Yezdanpena tekez dike, \u00ear\u00ee\u015f\u00ean giran li baregeh\u00ean wan t\u00ean kirin \u00fb ziyan\u00ean can\u00ee j\u00ee hene. Hus\u00ean Yezdanpena ragihand, \u00ear\u00ee\u015f\u00ean tund ji aliy\u00ea \u00ceran\u00ea ve li ser baregeh\u00ean wan \u00ean li mihwera Kerk\u00fbk li Pird\u00ea hatine kirin \u00fb ziyan\u00ean can\u00ee y\u00ean mezin hene. Got j\u00ee: \u00car\u00ee\u015f bi riya m\u00fb\u015fek [&hellip;]\" \/>\n<meta property=\"og:url\" content=\"https:\/\/darkamazi.info\/archives\/1032823\" \/>\n<meta property=\"og:site_name\" content=\"Darka Maz\u00ee\" \/>\n<meta property=\"article:publisher\" content=\"https:\/\/www.facebook.com\/DarMaziKurmanci\" \/>\n<meta property=\"article:published_time\" content=\"2022-09-28T08:58:49+00:00\" \/>\n<meta property=\"og:image\" content=\"https:\/\/darkamazi.info\/file\/2022\/07\/Aniha-Website-1.jpg\" \/>\n\t<meta property=\"og:image:width\" content=\"900\" \/>\n\t<meta property=\"og:image:height\" content=\"497\" \/>\n\t<meta property=\"og:image:type\" content=\"image\/jpeg\" \/>\n<meta name=\"author\" content=\"darka mazi\" \/>\n<meta name=\"twitter:card\" content=\"summary_large_image\" \/>\n<meta name=\"twitter:creator\" content=\"@DarkaMaziLatini\" \/>\n<meta name=\"twitter:site\" content=\"@DarkaMaziLatini\" \/>\n<meta name=\"twitter:label1\" content=\"Written by\" \/>\n\t<meta name=\"twitter:data1\" content=\"darka mazi\" \/>\n\t<meta name=\"twitter:label2\" content=\"Est. reading time\" \/>\n\t<meta name=\"twitter:data2\" content=\"1 minute\" \/>\n<script type=\"application\/ld+json\" class=\"seo-schema-graph\">{\"@context\":\"https:\\\/\\\/schema.org\",\"@graph\":[{\"@type\":\"Article\",\"@id\":\"https:\\\/\\\/darkamazi.info\\\/archives\\\/1032823#article\",\"isPartOf\":{\"@id\":\"https:\\\/\\\/darkamazi.info\\\/archives\\\/1032823\"},\"author\":{\"name\":\"darka mazi\",\"@id\":\"https:\\\/\\\/darkamazi.info\\\/#\\\/schema\\\/person\\\/5ad3e24553a0567993fa8ed4bd0a776c\"},\"headline\":\"Hus\u00ean Yezdanpena: Di \u00ear\u00ee\u015f\u00ean \u00ceran\u00ea de ziyan\u00ean can\u00ee hene\",\"datePublished\":\"2022-09-28T08:58:49+00:00\",\"mainEntityOfPage\":{\"@id\":\"https:\\\/\\\/darkamazi.info\\\/archives\\\/1032823\"},\"wordCount\":197,\"publisher\":{\"@id\":\"https:\\\/\\\/darkamazi.info\\\/#organization\"},\"image\":{\"@id\":\"https:\\\/\\\/darkamazi.info\\\/archives\\\/1032823#primaryimage\"},\"thumbnailUrl\":\"https:\\\/\\\/darkamazi.info\\\/darka-content\\\/uploads\\\/2022\\\/07\\\/Aniha-Website-1.jpg\",\"keywords\":[\"sereke\"],\"articleSection\":[\"Kurdistan\"],\"inLanguage\":\"en-US\"},{\"@type\":\"WebPage\",\"@id\":\"https:\\\/\\\/darkamazi.info\\\/archives\\\/1032823\",\"url\":\"https:\\\/\\\/darkamazi.info\\\/archives\\\/1032823\",\"name\":\"Hus\u00ean Yezdanpena: Di \u00ear\u00ee\u015f\u00ean \u00ceran\u00ea de ziyan\u00ean can\u00ee hene - Darka Maz\u00ee\",\"isPartOf\":{\"@id\":\"https:\\\/\\\/darkamazi.info\\\/#website\"},\"primaryImageOfPage\":{\"@id\":\"https:\\\/\\\/darkamazi.info\\\/archives\\\/1032823#primaryimage\"},\"image\":{\"@id\":\"https:\\\/\\\/darkamazi.info\\\/archives\\\/1032823#primaryimage\"},\"thumbnailUrl\":\"https:\\\/\\\/darkamazi.info\\\/darka-content\\\/uploads\\\/2022\\\/07\\\/Aniha-Website-1.jpg\",\"datePublished\":\"2022-09-28T08:58:49+00:00\",\"breadcrumb\":{\"@id\":\"https:\\\/\\\/darkamazi.info\\\/archives\\\/1032823#breadcrumb\"},\"inLanguage\":\"en-US\",\"potentialAction\":[{\"@type\":\"ReadAction\",\"target\":[\"https:\\\/\\\/darkamazi.info\\\/archives\\\/1032823\"]}]},{\"@type\":\"ImageObject\",\"inLanguage\":\"en-US\",\"@id\":\"https:\\\/\\\/darkamazi.info\\\/archives\\\/1032823#primaryimage\",\"url\":\"https:\\\/\\\/darkamazi.info\\\/darka-content\\\/uploads\\\/2022\\\/07\\\/Aniha-Website-1.jpg\",\"contentUrl\":\"https:\\\/\\\/darkamazi.info\\\/darka-content\\\/uploads\\\/2022\\\/07\\\/Aniha-Website-1.jpg\",\"width\":900,\"height\":497,\"caption\":\"Fermandar\u00ea H\u00eaza Komando ya Kurdistan\u00ea bir\u00eendar b\u00fb\"},{\"@type\":\"BreadcrumbList\",\"@id\":\"https:\\\/\\\/darkamazi.info\\\/archives\\\/1032823#breadcrumb\",\"itemListElement\":[{\"@type\":\"ListItem\",\"position\":1,\"name\":\"Home\",\"item\":\"https:\\\/\\\/darkamazi.info\\\/\"},{\"@type\":\"ListItem\",\"position\":2,\"name\":\"Hus\u00ean Yezdanpena: Di \u00ear\u00ee\u015f\u00ean \u00ceran\u00ea de ziyan\u00ean can\u00ee hene\"}]},{\"@type\":\"WebSite\",\"@id\":\"https:\\\/\\\/darkamazi.info\\\/#website\",\"url\":\"https:\\\/\\\/darkamazi.info\\\/\",\"name\":\"Darka Maz\u00ee\",\"description\":\"P\u00eageha Zanyariy\u00ean Nebih\u00eest\u00ee\",\"publisher\":{\"@id\":\"https:\\\/\\\/darkamazi.info\\\/#organization\"},\"potentialAction\":[{\"@type\":\"SearchAction\",\"target\":{\"@type\":\"EntryPoint\",\"urlTemplate\":\"https:\\\/\\\/darkamazi.info\\\/?s={search_term_string}\"},\"query-input\":{\"@type\":\"PropertyValueSpecification\",\"valueRequired\":true,\"valueName\":\"search_term_string\"}}],\"inLanguage\":\"en-US\"},{\"@type\":\"Organization\",\"@id\":\"https:\\\/\\\/darkamazi.info\\\/#organization\",\"name\":\"Darka Maz\u00ee\",\"url\":\"https:\\\/\\\/darkamazi.info\\\/\",\"logo\":{\"@type\":\"ImageObject\",\"inLanguage\":\"en-US\",\"@id\":\"https:\\\/\\\/darkamazi.info\\\/#\\\/schema\\\/logo\\\/image\\\/\",\"url\":\"https:\\\/\\\/darkamazi.info\\\/darka-content\\\/uploads\\\/2017\\\/12\\\/darka-mazi-logo.png\",\"contentUrl\":\"https:\\\/\\\/darkamazi.info\\\/darka-content\\\/uploads\\\/2017\\\/12\\\/darka-mazi-logo.png\",\"width\":151,\"height\":75,\"caption\":\"Darka Maz\u00ee\"},\"image\":{\"@id\":\"https:\\\/\\\/darkamazi.info\\\/#\\\/schema\\\/logo\\\/image\\\/\"},\"sameAs\":[\"https:\\\/\\\/www.facebook.com\\\/DarMaziKurmanci\",\"https:\\\/\\\/x.com\\\/DarkaMaziLatini\",\"https:\\\/\\\/www.instagram.com\\\/darkamazi.kurmanci\\\/\",\"https:\\\/\\\/www.youtube.com\\\/channel\\\/UCa5HkTdmI8U1qCUFuTw8B2g\"]},{\"@type\":\"Person\",\"@id\":\"https:\\\/\\\/darkamazi.info\\\/#\\\/schema\\\/person\\\/5ad3e24553a0567993fa8ed4bd0a776c\",\"name\":\"darka mazi\",\"sameAs\":[\"https:\\\/\\\/darkamazi.info\\\/\"],\"url\":\"https:\\\/\\\/darkamazi.info\\\/archives\\\/author\\\/kurdi\"}]}<\/script>\n<!-- \/ Yoast SEO plugin. -->","seo_head_json":{"title":"Hus\u00ean Yezdanpena: Di \u00ear\u00ee\u015f\u00ean \u00ceran\u00ea de ziyan\u00ean can\u00ee hene - Darka Maz\u00ee","robots":{"index":"index","follow":"follow","max-snippet":"max-snippet:-1","max-image-preview":"max-image-preview:large","max-video-preview":"max-video-preview:-1"},"canonical":"https:\/\/darkamazi.info\/archives\/1032823","og_locale":"en_US","og_type":"article","og_title":"Hus\u00ean Yezdanpena: Di \u00ear\u00ee\u015f\u00ean \u00ceran\u00ea de ziyan\u00ean can\u00ee hene - Darka Maz\u00ee","og_description":"Fermandar\u00ea H\u00eaz\u00ean Partiya Azadiya Kurdistan\u00ea (PAK) Hus\u00ean Yezdanpena tekez dike, \u00ear\u00ee\u015f\u00ean giran li baregeh\u00ean wan t\u00ean kirin \u00fb ziyan\u00ean can\u00ee j\u00ee hene. Hus\u00ean Yezdanpena ragihand, \u00ear\u00ee\u015f\u00ean tund ji aliy\u00ea \u00ceran\u00ea ve li ser baregeh\u00ean wan \u00ean li mihwera Kerk\u00fbk li Pird\u00ea hatine kirin \u00fb ziyan\u00ean can\u00ee y\u00ean mezin hene. Got j\u00ee: \u00car\u00ee\u015f bi riya m\u00fb\u015fek [&hellip;]","og_url":"https:\/\/darkamazi.info\/archives\/1032823","og_site_name":"Darka Maz\u00ee","article_publisher":"https:\/\/www.facebook.com\/DarMaziKurmanci","article_published_time":"2022-09-28T08:58:49+00:00","og_image":[{"width":900,"height":497,"url":"https:\/\/darkamazi.info\/file\/2022\/07\/Aniha-Website-1.jpg","type":"image\/jpeg"}],"author":"darka mazi","twitter_card":"summary_large_image","twitter_creator":"@DarkaMaziLatini","twitter_site":"@DarkaMaziLatini","twitter_misc":{"Written by":"darka mazi","Est. reading time":"1 minute"},"schema":{"@context":"https:\/\/schema.org","@graph":[{"@type":"Article","@id":"https:\/\/darkamazi.info\/archives\/1032823#article","isPartOf":{"@id":"https:\/\/darkamazi.info\/archives\/1032823"},"author":{"name":"darka mazi","@id":"https:\/\/darkamazi.info\/#\/schema\/person\/5ad3e24553a0567993fa8ed4bd0a776c"},"headline":"Hus\u00ean Yezdanpena: Di \u00ear\u00ee\u015f\u00ean \u00ceran\u00ea de ziyan\u00ean can\u00ee hene","datePublished":"2022-09-28T08:58:49+00:00","mainEntityOfPage":{"@id":"https:\/\/darkamazi.info\/archives\/1032823"},"wordCount":197,"publisher":{"@id":"https:\/\/darkamazi.info\/#organization"},"image":{"@id":"https:\/\/darkamazi.info\/archives\/1032823#primaryimage"},"thumbnailUrl":"https:\/\/darkamazi.info\/file\/2022\/07\/Aniha-Website-1.jpg","keywords":["sereke"],"articleSection":["Kurdistan"],"inLanguage":"en-US"},{"@type":"WebPage","@id":"https:\/\/darkamazi.info\/archives\/1032823","url":"https:\/\/darkamazi.info\/archives\/1032823","name":"Hus\u00ean Yezdanpena: Di \u00ear\u00ee\u015f\u00ean \u00ceran\u00ea de ziyan\u00ean can\u00ee hene - Darka Maz\u00ee","isPartOf":{"@id":"https:\/\/darkamazi.info\/#website"},"primaryImageOfPage":{"@id":"https:\/\/darkamazi.info\/archives\/1032823#primaryimage"},"image":{"@id":"https:\/\/darkamazi.info\/archives\/1032823#primaryimage"},"thumbnailUrl":"https:\/\/darkamazi.info\/file\/2022\/07\/Aniha-Website-1.jpg","datePublished":"2022-09-28T08:58:49+00:00","breadcrumb":{"@id":"https:\/\/darkamazi.info\/archives\/1032823#breadcrumb"},"inLanguage":"en-US","potentialAction":[{"@type":"ReadAction","target":["https:\/\/darkamazi.info\/archives\/1032823"]}]},{"@type":"ImageObject","inLanguage":"en-US","@id":"https:\/\/darkamazi.info\/archives\/1032823#primaryimage","url":"https:\/\/darkamazi.info\/file\/2022\/07\/Aniha-Website-1.jpg","contentUrl":"https:\/\/darkamazi.info\/file\/2022\/07\/Aniha-Website-1.jpg","width":900,"height":497,"caption":"Fermandar\u00ea H\u00eaza Komando ya Kurdistan\u00ea bir\u00eendar b\u00fb"},{"@type":"BreadcrumbList","@id":"https:\/\/darkamazi.info\/archives\/1032823#breadcrumb","itemListElement":[{"@type":"ListItem","position":1,"name":"Home","item":"https:\/\/darkamazi.info\/"},{"@type":"ListItem","position":2,"name":"Hus\u00ean Yezdanpena: Di \u00ear\u00ee\u015f\u00ean \u00ceran\u00ea de ziyan\u00ean can\u00ee hene"}]},{"@type":"WebSite","@id":"https:\/\/darkamazi.info\/#website","url":"https:\/\/darkamazi.info\/","name":"Darka Maz\u00ee","description":"P\u00eageha Zanyariy\u00ean Nebih\u00eest\u00ee","publisher":{"@id":"https:\/\/darkamazi.info\/#organization"},"potentialAction":[{"@type":"SearchAction","target":{"@type":"EntryPoint","urlTemplate":"https:\/\/darkamazi.info\/?s={search_term_string}"},"query-input":{"@type":"PropertyValueSpecification","valueRequired":true,"valueName":"search_term_string"}}],"inLanguage":"en-US"},{"@type":"Organization","@id":"https:\/\/darkamazi.info\/#organization","name":"Darka Maz\u00ee","url":"https:\/\/darkamazi.info\/","logo":{"@type":"ImageObject","inLanguage":"en-US","@id":"https:\/\/darkamazi.info\/#\/schema\/logo\/image\/","url":"https:\/\/darkamazi.info\/file\/2017\/12\/darka-mazi-logo.png","contentUrl":"https:\/\/darkamazi.info\/file\/2017\/12\/darka-mazi-logo.png","width":151,"height":75,"caption":"Darka Maz\u00ee"},"image":{"@id":"https:\/\/darkamazi.info\/#\/schema\/logo\/image\/"},"sameAs":["https:\/\/www.facebook.com\/DarMaziKurmanci","https:\/\/x.com\/DarkaMaziLatini","https:\/\/www.instagram.com\/darkamazi.kurmanci\/","https:\/\/www.youtube.com\/channel\/UCa5HkTdmI8U1qCUFuTw8B2g"]},{"@type":"Person","@id":"https:\/\/darkamazi.info\/#\/schema\/person\/5ad3e24553a0567993fa8ed4bd0a776c","name":"darka mazi","sameAs":["https:\/\/darkamazi.info\/"],"url":"https:\/\/darkamazi.info\/archives\/author\/kurdi"}]}},"_links":{"self":[{"href":"https:\/\/darkamazi.info\/funavuv\/wp\/v2\/posts\/1032823","targetHints":{"allow":["GET"]}}],"collection":[{"href":"https:\/\/darkamazi.info\/funavuv\/wp\/v2\/posts"}],"about":[{"href":"https:\/\/darkamazi.info\/funavuv\/wp\/v2\/types\/post"}],"author":[{"embeddable":true,"href":"https:\/\/darkamazi.info\/funavuv\/wp\/v2\/users\/2"}],"replies":[{"embeddable":true,"href":"https:\/\/darkamazi.info\/funavuv\/wp\/v2\/comments?post=1032823"}],"version-history":[{"count":0,"href":"https:\/\/darkamazi.info\/funavuv\/wp\/v2\/posts\/1032823\/revisions"}],"wp:featuredmedia":[{"embeddable":true,"href":"https:\/\/darkamazi.info\/funavuv\/wp\/v2\/media\/1031483"}],"wp:attachment":[{"href":"https:\/\/darkamazi.info\/funavuv\/wp\/v2\/media?parent=1032823"}],"wp:term":[{"taxonomy":"category","embeddable":true,"href":"https:\/\/darkamazi.info\/funavuv\/wp\/v2\/categories?post=1032823"},{"taxonomy":"post_tag","embeddable":true,"href":"https:\/\/darkamazi.info\/funavuv\/wp\/v2\/tags?post=1032823"}],"curies":[{"name":"wp","href":"https:\/\/api.w.org\/{rel}","templated":true}]}}