{"id":1032844,"date":"2022-09-28T18:42:41","date_gmt":"2022-09-28T15:42:41","guid":{"rendered":"https:\/\/darkamazi.info\/?p=1032844"},"modified":"2022-09-28T18:42:41","modified_gmt":"2022-09-28T15:42:41","slug":"xwepesandanen-girseyi-yen-li-rojhilate-kurdistane-u-irane-li-diji-rejima-tehrane-berdewam-dikin","status":"publish","type":"post","link":"https:\/\/darkamazi.info\/archives\/1032844","title":{"rendered":"Xwep\u00ea\u015fandan\u00ean girsey\u00ee y\u00ean li Rojhilat\u00ea Kurdistan\u00ea \u00fb \u00ceran\u00ea li dij\u00ee rej\u00eema Tehran\u00ea berdewam dikin"},"content":{"rendered":"<h3 style=\"text-align: justify\"><span style=\"font-family: 'arial black', sans-serif\">Li bajar\u00ea Serde\u015ft\u00ea y\u00ea Rojhilat\u00ea Kurdistan\u00ea yek ji fermandar\u00ea payebilind\u00ea supay\u00ea pasdar\u00ean \u00ceran\u00ea y\u00ea bi nav\u00ea Muhsin Dlwend ji aliy\u00ea ciwan\u00ean kurd ve hate ku\u015ftin.<\/span><\/h3>\n<h3 style=\"text-align: justify\">Li gor\u00ee d\u00eemen\u00ean ku li ser tor\u00ean civak\u00ee hatine belavkirin, \u015feva bor\u00ee xelk\u00ea Rojhilat\u00ea Kurdistan\u00ea \u00fb \u00ceran\u00ea xwep\u00ea\u015fandan\u00ean li dij\u00ee rej\u00eema tehran\u00ea berdewam kirin.<\/h3>\n<h3 style=\"text-align: justify\">Li rojhilat\u00ea kurdistan\u00ea gel\u00ea Sine di \u015feva 12&#8217;an de daketin qadan \u00fb bi dr\u00fb\u015fmey\u00ean li dij\u00ee Rej\u00eema \u00ceslam\u00eeya Tehran\u00ea daxwaza azad\u00ee \u00fb wekheviy\u00ea kirin.<\/h3>\n<h3 style=\"text-align: justify\">Li bajar\u00ea Serde\u015ft\u00eay\u00ea par\u00eazgeha Urmiy\u00eaya Rojhilat\u00ea Kurdistan\u00ea, xwep\u00ea\u015fander careke din daketin qadan \u00fb neraz\u00eeb\u00fbna xwe li hember siyaset\u00ean zordar\u00ean rej\u00eema \u00ceran\u00ea n\u00ee\u015fan dan. Li gor\u00ee agahiyan, fermandeyek\u00ee payebilind\u00ea supay\u00ea pasdar\u00ean \u00ceran\u00ea bi nav\u00ea Muhsen Dalwend ku berpirs\u00ea parastina zanyariy\u00ean Dezgeha \u00cestixbarata Pasdaran b\u00fb, li Serde\u015ft\u00ea ji aliy\u00ea ciwan\u00ean kurd ve hat ku\u015ftin. Muhsen Dalwend roleke mezin di tepeserkirina xwep\u00ea\u015fandan\u00ean Serde\u015ft\u00ea de heb\u00fb.<\/h3>\n<h3 style=\"text-align: justify\">Li Mer\u00eewan\u00ea j\u00ee xwep\u00ea\u015fanderan baroya &#8220;\u015e\u00eeva Qasm\u00eep\u00fbr&#8221; ku yek ji parlementer\u00ean civata \u00eeslam\u00ee ya \u00ceran\u00ea ye \u015fewitand, ev parlementer li dij\u00ee xwep\u00ea\u015fandan\u00ean girsey\u00ee b\u00fb.<\/h3>\n<h3 style=\"text-align: justify\">Li gor\u00ee \u00e7avkaniy\u00ean n\u00fb\u00e7eyan y\u00ean taybet bi Rojhilat\u00ea Kurdistan\u00ea ve, Hik\u00fbmeta le\u015fker\u00ee li hem\u00fb bajar\u00ean Rojhilat\u00ea Kurdistan\u00ea \u00fb \u00ceran\u00ea desthilatdare \u00fb rej\u00eema \u00ceran\u00ea j\u00ee h\u00eaz\u00ean gran ji bo tepeserkirina xwep\u00ea\u015fandan\u00ean van bajaran bi cih kiriye. Li gor\u00ee agahiyan, ev rew\u015f li bajar\u00ea \u015einoy\u00ea par\u00eazgeha Urmiy\u00ea gelek\u00ee ber\u00e7ave.<\/h3>\n<h3 style=\"text-align: justify\">Pi\u015ft\u00ee ku \u00eero pasdar\u00ean \u00ceran\u00ea bi m\u00fb\u015fek \u00fb firokey\u00ean b\u00ea firokevan \u00eari\u015f\u00ee baregeh\u00ean Partiy\u00ean Siyas\u00eey\u00ean Rojhilat\u00ea Kurdistan\u00ea kirin, t\u00ea p\u00ea\u015fb\u00een\u00eekirin ku di roj\u00ean p\u00ea\u015f de xwep\u00ea\u015fandan \u00fb neraz\u00eeb\u00fbn li bajar\u00ean Rojhilat\u00ea Kurdistan\u00ea z\u00eadetir bibin. Serok\u00ea Hizba Demokrat Mistefa Hicr\u00ee bang li xelk\u00ea kir ku h\u00earsa xwe li dij\u00ee Komara \u00ceslam\u00eeya \u00ceran\u00ea li kolan\u00ean rojhilat n\u00ee\u015fan bidin.<\/h3>\n<h3 style=\"text-align: justify\">H\u00eajay\u00ee gotin\u00eaye ku rej\u00eema \u00ceran\u00ea bi armanca tepeserkirina xwep\u00ea\u015fandanan dest bi girtina xelk\u00ea kiriye \u00fb li gor amar\u00ean r\u00eaxistina maf\u00ea mirovan a Hengaw, ten\u00ea li bajar\u00ea Urmiy\u00ea 11 hemwelat\u00ee ji aliy\u00ea pasdar\u00ean \u00ceran\u00ea ve hatine girtin.<\/h3>\n<h3 style=\"text-align: justify\">Li gor\u00ee n\u00fb\u00e7eya Hengaw, bi dehan ke\u00e7 \u00fb jin\u00ean kurd li bajar\u00ean rojhilat\u00ea \u00ceran\u00ea ji aliy\u00ea h\u00eaz\u00ean ewlehiy\u00ea y\u00ean rej\u00eem\u00ea ve hatine girtin.\u201d<\/h3>\n<h3 style=\"text-align: justify\">Li gor Hengaw; li \u00ceran\u00ea ji roja Du\u015fem\u00ee heta \u00cen\u00ea z\u00eadetir ji 70 ke\u00e7 \u00fb jin\u00ean kurd li bajar\u00ean cuday\u00ean Rojhilat\u00ea Kurdistan\u00ea hatine destbiserkirin ku her\u00ee k\u00eam 4 ji wan ke\u00e7an zarok\u00ean di bin temen\u00ea 18 saliy\u00ea de ne.<\/h3>\n<h3 style=\"text-align: justify\">Hengaw\u00ea nasnameya van 4 ke\u00e7an bi v\u00ee awa e\u015fkere kiriye; \u00celaha Moem\u00een\u00ee 16 sal\u00ee, N\u00eelofer Qaz\u00ee 17 sal\u00ee, Sara \u015eerdil 18 sal\u00ee \u00fb Ada Daryu\u015f\u00ee 17 sal\u00ee ye.<\/h3>\n<h3 style=\"text-align: justify\">Hevdem, xwen\u00ee\u015fandan\u00ean li seranser\u00ee \u00ceran\u00ea berdewam b\u00fbn, bi taybet\u00ee li par\u00eazgeh\u00ean Tehran, Tebr\u00eez, Kerec, \u015e\u00eeraz, Sar\u00ee, S\u00eestan \u00fb Bel\u00fb\u00e7istan\u00ea, ku jin \u00fb ciwan daketin kolanan \u00fb dr\u00fb\u015fm\u00ean li dij\u00ee Xaminey\u00ee \u00fb Rej\u00eema \u00ceslam\u00ee blind kirin \u00fb daxwaza hilwe\u015fandina komara \u00eeslam\u00ee kirin. .<\/h3>\n<h3 style=\"text-align: justify\">Li bajar\u00ea \u00c7abehara ser bi par\u00eazgeha S\u00eestan \u00fb Bel\u00fb\u00e7istan\u00ea, xelk\u00ea Bel\u00fb\u00e7 \u00e7end baregeh\u00ean le\u015fker\u00ee \u00fb hik\u00fbmet\u00eay\u00ean Rej\u00eema \u00ceran\u00ea \u015fewtandin \u00fb ji ber a\u015fkere b\u00fbna destdir\u00eajiya seks\u00ee ya berpirsek\u00ee supaya pasdar\u00ean \u00ceran\u00ea li ser ke\u00e7eke bi\u00e7\u00fbk ya Bel\u00fb\u00e7, t\u00ea p\u00ea\u015fb\u00een\u00eekirin xwep\u00ea\u015fandan li bajar\u00ea S\u00eestan \u00fb Bel\u00fb\u00e7istan\u00ea z\u00eadetir bi gor bibin.<\/h3>\n<h3 style=\"text-align: justify\">Hevdem, xwendekar\u00ean zan\u00eengeh \u00fb dibistan\u00ean \u00ceran\u00ea dest bi girev\u00ea kirine \u00fb mamoste \u00fb xwendekaran j\u00ee \u00e7\u00fbna ders\u00ea red kirine. Li gel zan\u00eengeh\u00ean mezin\u00ean \u00ceran\u00ea girev\u00ean zan\u00eengeh\u00ean Rojhilat\u00ea Kurdistan\u00ea j\u00ee berdewam kirin.<\/h3>\n<h3 style=\"text-align: justify\">H\u00eajay\u00ee gotin\u00ea ye ku girev weke qonaxeke n\u00fb di xwep\u00ea\u015fandan\u00ean r\u00fbxandina rej\u00eema \u00ceran\u00ea de t\u00ea binavkirin \u00fb kedkar\u00ean p\u00ee\u015fesaziya petrol\u00ea \u00fb bazar\u00ean Tehran \u00fb bajar\u00ean din\u00ean mezin gefa girev\u00ea dixwen.<\/h3>\n","protected":false},"excerpt":{"rendered":"<p>Li bajar\u00ea Serde\u015ft\u00ea y\u00ea Rojhilat\u00ea Kurdistan\u00ea yek ji fermandar\u00ea payebilind\u00ea supay\u00ea pasdar\u00ean \u00ceran\u00ea y\u00ea bi nav\u00ea Muhsin Dlwend ji aliy\u00ea ciwan\u00ean kurd ve hate ku\u015ftin. Li gor\u00ee d\u00eemen\u00ean ku li ser tor\u00ean civak\u00ee hatine belavkirin, \u015feva bor\u00ee xelk\u00ea Rojhilat\u00ea Kurdistan\u00ea \u00fb \u00ceran\u00ea xwep\u00ea\u015fandan\u00ean li dij\u00ee rej\u00eema tehran\u00ea berdewam kirin. Li rojhilat\u00ea kurdistan\u00ea gel\u00ea Sine di [&hellip;]<\/p>\n","protected":false},"author":2,"featured_media":1032845,"comment_status":"closed","ping_status":"closed","sticky":false,"template":"","format":"standard","meta":{"footnotes":""},"categories":[29],"tags":[37],"class_list":["post-1032844","post","type-post","status-publish","format-standard","has-post-thumbnail","hentry","category-kurdistan","tag-sereke"],"blocksy_meta":[],"seo_head":"<!-- This site is optimized with the Yoast SEO plugin v27.5 - https:\/\/yoast.com\/product\/yoast-seo-wordpress\/ -->\n<title>Xwep\u00ea\u015fandan\u00ean girsey\u00ee y\u00ean li Rojhilat\u00ea Kurdistan\u00ea \u00fb \u00ceran\u00ea li dij\u00ee rej\u00eema Tehran\u00ea berdewam dikin - Darka Maz\u00ee<\/title>\n<meta name=\"robots\" content=\"index, follow, max-snippet:-1, max-image-preview:large, max-video-preview:-1\" \/>\n<link rel=\"canonical\" href=\"https:\/\/darkamazi.info\/archives\/1032844\" \/>\n<meta property=\"og:locale\" content=\"en_US\" \/>\n<meta property=\"og:type\" content=\"article\" \/>\n<meta property=\"og:title\" content=\"Xwep\u00ea\u015fandan\u00ean girsey\u00ee y\u00ean li Rojhilat\u00ea Kurdistan\u00ea \u00fb \u00ceran\u00ea li dij\u00ee rej\u00eema Tehran\u00ea berdewam dikin - Darka Maz\u00ee\" \/>\n<meta property=\"og:description\" content=\"Li bajar\u00ea Serde\u015ft\u00ea y\u00ea Rojhilat\u00ea Kurdistan\u00ea yek ji fermandar\u00ea payebilind\u00ea supay\u00ea pasdar\u00ean \u00ceran\u00ea y\u00ea bi nav\u00ea Muhsin Dlwend ji aliy\u00ea ciwan\u00ean kurd ve hate ku\u015ftin. Li gor\u00ee d\u00eemen\u00ean ku li ser tor\u00ean civak\u00ee hatine belavkirin, \u015feva bor\u00ee xelk\u00ea Rojhilat\u00ea Kurdistan\u00ea \u00fb \u00ceran\u00ea xwep\u00ea\u015fandan\u00ean li dij\u00ee rej\u00eema tehran\u00ea berdewam kirin. Li rojhilat\u00ea kurdistan\u00ea gel\u00ea Sine di [&hellip;]\" \/>\n<meta property=\"og:url\" content=\"https:\/\/darkamazi.info\/archives\/1032844\" \/>\n<meta property=\"og:site_name\" content=\"Darka Maz\u00ee\" \/>\n<meta property=\"article:publisher\" content=\"https:\/\/www.facebook.com\/DarMaziKurmanci\" \/>\n<meta property=\"article:published_time\" content=\"2022-09-28T15:42:41+00:00\" \/>\n<meta property=\"og:image\" content=\"https:\/\/darkamazi.info\/file\/2022\/09\/info-1.jpg\" \/>\n\t<meta property=\"og:image:width\" content=\"900\" \/>\n\t<meta property=\"og:image:height\" content=\"497\" \/>\n\t<meta property=\"og:image:type\" content=\"image\/jpeg\" \/>\n<meta name=\"author\" content=\"darka mazi\" \/>\n<meta name=\"twitter:card\" content=\"summary_large_image\" \/>\n<meta name=\"twitter:creator\" content=\"@DarkaMaziLatini\" \/>\n<meta name=\"twitter:site\" content=\"@DarkaMaziLatini\" \/>\n<meta name=\"twitter:label1\" content=\"Written by\" \/>\n\t<meta name=\"twitter:data1\" content=\"darka mazi\" \/>\n\t<meta name=\"twitter:label2\" content=\"Est. reading time\" \/>\n\t<meta name=\"twitter:data2\" content=\"3 minutes\" \/>\n<script type=\"application\/ld+json\" class=\"seo-schema-graph\">{\"@context\":\"https:\\\/\\\/schema.org\",\"@graph\":[{\"@type\":\"Article\",\"@id\":\"https:\\\/\\\/darkamazi.info\\\/archives\\\/1032844#article\",\"isPartOf\":{\"@id\":\"https:\\\/\\\/darkamazi.info\\\/archives\\\/1032844\"},\"author\":{\"name\":\"darka mazi\",\"@id\":\"https:\\\/\\\/darkamazi.info\\\/#\\\/schema\\\/person\\\/5ad3e24553a0567993fa8ed4bd0a776c\"},\"headline\":\"Xwep\u00ea\u015fandan\u00ean girsey\u00ee y\u00ean li Rojhilat\u00ea Kurdistan\u00ea \u00fb \u00ceran\u00ea li dij\u00ee rej\u00eema Tehran\u00ea berdewam dikin\",\"datePublished\":\"2022-09-28T15:42:41+00:00\",\"mainEntityOfPage\":{\"@id\":\"https:\\\/\\\/darkamazi.info\\\/archives\\\/1032844\"},\"wordCount\":673,\"publisher\":{\"@id\":\"https:\\\/\\\/darkamazi.info\\\/#organization\"},\"image\":{\"@id\":\"https:\\\/\\\/darkamazi.info\\\/archives\\\/1032844#primaryimage\"},\"thumbnailUrl\":\"https:\\\/\\\/darkamazi.info\\\/darka-content\\\/uploads\\\/2022\\\/09\\\/info-1.jpg\",\"keywords\":[\"sereke\"],\"articleSection\":[\"Kurdistan\"],\"inLanguage\":\"en-US\"},{\"@type\":\"WebPage\",\"@id\":\"https:\\\/\\\/darkamazi.info\\\/archives\\\/1032844\",\"url\":\"https:\\\/\\\/darkamazi.info\\\/archives\\\/1032844\",\"name\":\"Xwep\u00ea\u015fandan\u00ean girsey\u00ee y\u00ean li Rojhilat\u00ea Kurdistan\u00ea \u00fb \u00ceran\u00ea li dij\u00ee rej\u00eema Tehran\u00ea berdewam dikin - Darka Maz\u00ee\",\"isPartOf\":{\"@id\":\"https:\\\/\\\/darkamazi.info\\\/#website\"},\"primaryImageOfPage\":{\"@id\":\"https:\\\/\\\/darkamazi.info\\\/archives\\\/1032844#primaryimage\"},\"image\":{\"@id\":\"https:\\\/\\\/darkamazi.info\\\/archives\\\/1032844#primaryimage\"},\"thumbnailUrl\":\"https:\\\/\\\/darkamazi.info\\\/darka-content\\\/uploads\\\/2022\\\/09\\\/info-1.jpg\",\"datePublished\":\"2022-09-28T15:42:41+00:00\",\"breadcrumb\":{\"@id\":\"https:\\\/\\\/darkamazi.info\\\/archives\\\/1032844#breadcrumb\"},\"inLanguage\":\"en-US\",\"potentialAction\":[{\"@type\":\"ReadAction\",\"target\":[\"https:\\\/\\\/darkamazi.info\\\/archives\\\/1032844\"]}]},{\"@type\":\"ImageObject\",\"inLanguage\":\"en-US\",\"@id\":\"https:\\\/\\\/darkamazi.info\\\/archives\\\/1032844#primaryimage\",\"url\":\"https:\\\/\\\/darkamazi.info\\\/darka-content\\\/uploads\\\/2022\\\/09\\\/info-1.jpg\",\"contentUrl\":\"https:\\\/\\\/darkamazi.info\\\/darka-content\\\/uploads\\\/2022\\\/09\\\/info-1.jpg\",\"width\":900,\"height\":497,\"caption\":\"Xwep\u00ea\u015fandan\u00ean girsey\u00ee y\u00ean li Rojhilat\u00ea Kurdistan\u00ea \u00fb \u00ceran\u00ea li dij\u00ee rej\u00eema Tehran\u00ea berdewam dikin\"},{\"@type\":\"BreadcrumbList\",\"@id\":\"https:\\\/\\\/darkamazi.info\\\/archives\\\/1032844#breadcrumb\",\"itemListElement\":[{\"@type\":\"ListItem\",\"position\":1,\"name\":\"Home\",\"item\":\"https:\\\/\\\/darkamazi.info\\\/\"},{\"@type\":\"ListItem\",\"position\":2,\"name\":\"Xwep\u00ea\u015fandan\u00ean girsey\u00ee y\u00ean li Rojhilat\u00ea Kurdistan\u00ea \u00fb \u00ceran\u00ea li dij\u00ee rej\u00eema Tehran\u00ea berdewam dikin\"}]},{\"@type\":\"WebSite\",\"@id\":\"https:\\\/\\\/darkamazi.info\\\/#website\",\"url\":\"https:\\\/\\\/darkamazi.info\\\/\",\"name\":\"Darka Maz\u00ee\",\"description\":\"P\u00eageha Zanyariy\u00ean Nebih\u00eest\u00ee\",\"publisher\":{\"@id\":\"https:\\\/\\\/darkamazi.info\\\/#organization\"},\"potentialAction\":[{\"@type\":\"SearchAction\",\"target\":{\"@type\":\"EntryPoint\",\"urlTemplate\":\"https:\\\/\\\/darkamazi.info\\\/?s={search_term_string}\"},\"query-input\":{\"@type\":\"PropertyValueSpecification\",\"valueRequired\":true,\"valueName\":\"search_term_string\"}}],\"inLanguage\":\"en-US\"},{\"@type\":\"Organization\",\"@id\":\"https:\\\/\\\/darkamazi.info\\\/#organization\",\"name\":\"Darka Maz\u00ee\",\"url\":\"https:\\\/\\\/darkamazi.info\\\/\",\"logo\":{\"@type\":\"ImageObject\",\"inLanguage\":\"en-US\",\"@id\":\"https:\\\/\\\/darkamazi.info\\\/#\\\/schema\\\/logo\\\/image\\\/\",\"url\":\"https:\\\/\\\/darkamazi.info\\\/darka-content\\\/uploads\\\/2017\\\/12\\\/darka-mazi-logo.png\",\"contentUrl\":\"https:\\\/\\\/darkamazi.info\\\/darka-content\\\/uploads\\\/2017\\\/12\\\/darka-mazi-logo.png\",\"width\":151,\"height\":75,\"caption\":\"Darka Maz\u00ee\"},\"image\":{\"@id\":\"https:\\\/\\\/darkamazi.info\\\/#\\\/schema\\\/logo\\\/image\\\/\"},\"sameAs\":[\"https:\\\/\\\/www.facebook.com\\\/DarMaziKurmanci\",\"https:\\\/\\\/x.com\\\/DarkaMaziLatini\",\"https:\\\/\\\/www.instagram.com\\\/darkamazi.kurmanci\\\/\",\"https:\\\/\\\/www.youtube.com\\\/channel\\\/UCa5HkTdmI8U1qCUFuTw8B2g\"]},{\"@type\":\"Person\",\"@id\":\"https:\\\/\\\/darkamazi.info\\\/#\\\/schema\\\/person\\\/5ad3e24553a0567993fa8ed4bd0a776c\",\"name\":\"darka mazi\",\"sameAs\":[\"https:\\\/\\\/darkamazi.info\\\/\"],\"url\":\"https:\\\/\\\/darkamazi.info\\\/archives\\\/author\\\/kurdi\"}]}<\/script>\n<!-- \/ Yoast SEO plugin. -->","seo_head_json":{"title":"Xwep\u00ea\u015fandan\u00ean girsey\u00ee y\u00ean li Rojhilat\u00ea Kurdistan\u00ea \u00fb \u00ceran\u00ea li dij\u00ee rej\u00eema Tehran\u00ea berdewam dikin - Darka Maz\u00ee","robots":{"index":"index","follow":"follow","max-snippet":"max-snippet:-1","max-image-preview":"max-image-preview:large","max-video-preview":"max-video-preview:-1"},"canonical":"https:\/\/darkamazi.info\/archives\/1032844","og_locale":"en_US","og_type":"article","og_title":"Xwep\u00ea\u015fandan\u00ean girsey\u00ee y\u00ean li Rojhilat\u00ea Kurdistan\u00ea \u00fb \u00ceran\u00ea li dij\u00ee rej\u00eema Tehran\u00ea berdewam dikin - Darka Maz\u00ee","og_description":"Li bajar\u00ea Serde\u015ft\u00ea y\u00ea Rojhilat\u00ea Kurdistan\u00ea yek ji fermandar\u00ea payebilind\u00ea supay\u00ea pasdar\u00ean \u00ceran\u00ea y\u00ea bi nav\u00ea Muhsin Dlwend ji aliy\u00ea ciwan\u00ean kurd ve hate ku\u015ftin. Li gor\u00ee d\u00eemen\u00ean ku li ser tor\u00ean civak\u00ee hatine belavkirin, \u015feva bor\u00ee xelk\u00ea Rojhilat\u00ea Kurdistan\u00ea \u00fb \u00ceran\u00ea xwep\u00ea\u015fandan\u00ean li dij\u00ee rej\u00eema tehran\u00ea berdewam kirin. Li rojhilat\u00ea kurdistan\u00ea gel\u00ea Sine di [&hellip;]","og_url":"https:\/\/darkamazi.info\/archives\/1032844","og_site_name":"Darka Maz\u00ee","article_publisher":"https:\/\/www.facebook.com\/DarMaziKurmanci","article_published_time":"2022-09-28T15:42:41+00:00","og_image":[{"width":900,"height":497,"url":"https:\/\/darkamazi.info\/file\/2022\/09\/info-1.jpg","type":"image\/jpeg"}],"author":"darka mazi","twitter_card":"summary_large_image","twitter_creator":"@DarkaMaziLatini","twitter_site":"@DarkaMaziLatini","twitter_misc":{"Written by":"darka mazi","Est. reading time":"3 minutes"},"schema":{"@context":"https:\/\/schema.org","@graph":[{"@type":"Article","@id":"https:\/\/darkamazi.info\/archives\/1032844#article","isPartOf":{"@id":"https:\/\/darkamazi.info\/archives\/1032844"},"author":{"name":"darka mazi","@id":"https:\/\/darkamazi.info\/#\/schema\/person\/5ad3e24553a0567993fa8ed4bd0a776c"},"headline":"Xwep\u00ea\u015fandan\u00ean girsey\u00ee y\u00ean li Rojhilat\u00ea Kurdistan\u00ea \u00fb \u00ceran\u00ea li dij\u00ee rej\u00eema Tehran\u00ea berdewam dikin","datePublished":"2022-09-28T15:42:41+00:00","mainEntityOfPage":{"@id":"https:\/\/darkamazi.info\/archives\/1032844"},"wordCount":673,"publisher":{"@id":"https:\/\/darkamazi.info\/#organization"},"image":{"@id":"https:\/\/darkamazi.info\/archives\/1032844#primaryimage"},"thumbnailUrl":"https:\/\/darkamazi.info\/file\/2022\/09\/info-1.jpg","keywords":["sereke"],"articleSection":["Kurdistan"],"inLanguage":"en-US"},{"@type":"WebPage","@id":"https:\/\/darkamazi.info\/archives\/1032844","url":"https:\/\/darkamazi.info\/archives\/1032844","name":"Xwep\u00ea\u015fandan\u00ean girsey\u00ee y\u00ean li Rojhilat\u00ea Kurdistan\u00ea \u00fb \u00ceran\u00ea li dij\u00ee rej\u00eema Tehran\u00ea berdewam dikin - Darka Maz\u00ee","isPartOf":{"@id":"https:\/\/darkamazi.info\/#website"},"primaryImageOfPage":{"@id":"https:\/\/darkamazi.info\/archives\/1032844#primaryimage"},"image":{"@id":"https:\/\/darkamazi.info\/archives\/1032844#primaryimage"},"thumbnailUrl":"https:\/\/darkamazi.info\/file\/2022\/09\/info-1.jpg","datePublished":"2022-09-28T15:42:41+00:00","breadcrumb":{"@id":"https:\/\/darkamazi.info\/archives\/1032844#breadcrumb"},"inLanguage":"en-US","potentialAction":[{"@type":"ReadAction","target":["https:\/\/darkamazi.info\/archives\/1032844"]}]},{"@type":"ImageObject","inLanguage":"en-US","@id":"https:\/\/darkamazi.info\/archives\/1032844#primaryimage","url":"https:\/\/darkamazi.info\/file\/2022\/09\/info-1.jpg","contentUrl":"https:\/\/darkamazi.info\/file\/2022\/09\/info-1.jpg","width":900,"height":497,"caption":"Xwep\u00ea\u015fandan\u00ean girsey\u00ee y\u00ean li Rojhilat\u00ea Kurdistan\u00ea \u00fb \u00ceran\u00ea li dij\u00ee rej\u00eema Tehran\u00ea berdewam dikin"},{"@type":"BreadcrumbList","@id":"https:\/\/darkamazi.info\/archives\/1032844#breadcrumb","itemListElement":[{"@type":"ListItem","position":1,"name":"Home","item":"https:\/\/darkamazi.info\/"},{"@type":"ListItem","position":2,"name":"Xwep\u00ea\u015fandan\u00ean girsey\u00ee y\u00ean li Rojhilat\u00ea Kurdistan\u00ea \u00fb \u00ceran\u00ea li dij\u00ee rej\u00eema Tehran\u00ea berdewam dikin"}]},{"@type":"WebSite","@id":"https:\/\/darkamazi.info\/#website","url":"https:\/\/darkamazi.info\/","name":"Darka Maz\u00ee","description":"P\u00eageha Zanyariy\u00ean Nebih\u00eest\u00ee","publisher":{"@id":"https:\/\/darkamazi.info\/#organization"},"potentialAction":[{"@type":"SearchAction","target":{"@type":"EntryPoint","urlTemplate":"https:\/\/darkamazi.info\/?s={search_term_string}"},"query-input":{"@type":"PropertyValueSpecification","valueRequired":true,"valueName":"search_term_string"}}],"inLanguage":"en-US"},{"@type":"Organization","@id":"https:\/\/darkamazi.info\/#organization","name":"Darka Maz\u00ee","url":"https:\/\/darkamazi.info\/","logo":{"@type":"ImageObject","inLanguage":"en-US","@id":"https:\/\/darkamazi.info\/#\/schema\/logo\/image\/","url":"https:\/\/darkamazi.info\/file\/2017\/12\/darka-mazi-logo.png","contentUrl":"https:\/\/darkamazi.info\/file\/2017\/12\/darka-mazi-logo.png","width":151,"height":75,"caption":"Darka Maz\u00ee"},"image":{"@id":"https:\/\/darkamazi.info\/#\/schema\/logo\/image\/"},"sameAs":["https:\/\/www.facebook.com\/DarMaziKurmanci","https:\/\/x.com\/DarkaMaziLatini","https:\/\/www.instagram.com\/darkamazi.kurmanci\/","https:\/\/www.youtube.com\/channel\/UCa5HkTdmI8U1qCUFuTw8B2g"]},{"@type":"Person","@id":"https:\/\/darkamazi.info\/#\/schema\/person\/5ad3e24553a0567993fa8ed4bd0a776c","name":"darka mazi","sameAs":["https:\/\/darkamazi.info\/"],"url":"https:\/\/darkamazi.info\/archives\/author\/kurdi"}]}},"_links":{"self":[{"href":"https:\/\/darkamazi.info\/funavuv\/wp\/v2\/posts\/1032844","targetHints":{"allow":["GET"]}}],"collection":[{"href":"https:\/\/darkamazi.info\/funavuv\/wp\/v2\/posts"}],"about":[{"href":"https:\/\/darkamazi.info\/funavuv\/wp\/v2\/types\/post"}],"author":[{"embeddable":true,"href":"https:\/\/darkamazi.info\/funavuv\/wp\/v2\/users\/2"}],"replies":[{"embeddable":true,"href":"https:\/\/darkamazi.info\/funavuv\/wp\/v2\/comments?post=1032844"}],"version-history":[{"count":0,"href":"https:\/\/darkamazi.info\/funavuv\/wp\/v2\/posts\/1032844\/revisions"}],"wp:featuredmedia":[{"embeddable":true,"href":"https:\/\/darkamazi.info\/funavuv\/wp\/v2\/media\/1032845"}],"wp:attachment":[{"href":"https:\/\/darkamazi.info\/funavuv\/wp\/v2\/media?parent=1032844"}],"wp:term":[{"taxonomy":"category","embeddable":true,"href":"https:\/\/darkamazi.info\/funavuv\/wp\/v2\/categories?post=1032844"},{"taxonomy":"post_tag","embeddable":true,"href":"https:\/\/darkamazi.info\/funavuv\/wp\/v2\/tags?post=1032844"}],"curies":[{"name":"wp","href":"https:\/\/api.w.org\/{rel}","templated":true}]}}