{"id":1032865,"date":"2022-09-29T17:05:14","date_gmt":"2022-09-29T14:05:14","guid":{"rendered":"https:\/\/darkamazi.info\/?p=1032865"},"modified":"2022-09-29T17:05:14","modified_gmt":"2022-09-29T14:05:14","slug":"mezlum-ebdi-welaten-gerentor-dive-sinoreki-ji-erisen-tirkiye-re-deynin","status":"publish","type":"post","link":"https:\/\/darkamazi.info\/archives\/1032865","title":{"rendered":"Mezl\u00fbm Ebd\u00ee: Welat\u00ean gerentor div\u00ea s\u00eenorek\u00ee ji \u00ear\u00ee\u015f\u00ean Tirkiy\u00ea re deynin"},"content":{"rendered":"<h3 style=\"text-align: justify\"><span style=\"font-family: 'arial black', sans-serif\">\u00a0Fermandar\u00ea Gi\u015ft\u00ee y\u00ea HSD\u00ea Mezl\u00fbm Ebd\u00ee radigih\u00eene, Tirkiy\u00ea ji destp\u00eaka \u00eesal ve 59 caran \u00ear\u00ee\u015f\u00ee her\u00eam\u00ea wan kiriye \u00fb di encam\u00ea de bi dehan kes\u00ean siv\u00eel b\u00fbne qurban\u00ee.<\/span><\/h3>\n<h3 style=\"text-align: justify\">Fermandar\u00ea Gi\u015ft\u00ee y\u00ea H\u00eaz\u00ean S\u00fbriyeya Demokrat\u00eek (HSD) Mezl\u00fbm Ebd\u00ee li hejmara xwe tora civak\u00ee \u201cTwitter\u201d ragihand, ji dest\u00ea \u00eesal ve Tirkiy\u00ea 59 caran \u00ear\u00ee\u015f\u00ee her\u00eam\u00ean wan kiriye \u00fb di encam\u00ea de hejmarek \u015fervan \u00fb bi dehan siv\u00eel ku di nava wan zarok \u00fb jin hene, b\u00fbne qurban\u00ee.<\/h3>\n<h3 style=\"text-align: justify\">Her wiha Mezl\u00fbm Ebd\u00ee bang li welat\u00ean gerantor \u00ean navdewlet\u00ee kir, helwest\u00ea xwe ji van \u00ear\u00ee\u015fan diyar bikin \u00fb s\u00eenorek\u00ea j\u00ee ji wan re deynin.<\/h3>\n<h3 style=\"text-align: justify\">Fermandar\u00ea Gi\u015ft\u00ee y\u00ea HSD\u00ea destn\u00ee\u015fan kir j\u00ee, di du roj\u00ean bor\u00ee de droney\u00ean Tirkiy\u00ea saziy\u00ean R\u00eaveberiya Xweser li herm\u00ean Ciz\u00eer \u00fb Koban\u00ea kirine armanc \u00fb di encam\u00ea de 2 karmend\u00ean w\u00ea hatin ku\u015ftin.<\/h3>\n<h3 style=\"text-align: justify\">Her wiha diyar kir j\u00ee, di \u00ear\u00ee\u015fa Tirkiy\u00ea ya li ser gund\u00ean nahiya Zirgan\u00ea de, 2 zarok \u015feh\u00eed b\u00fbn.<\/h3>\n<h3 style=\"text-align: justify\">Di dema daw\u00ee de, ligel z\u00eadeb\u00fbna gef\u00ean Tirkiy\u00ea y\u00ean ji bo destp\u00eakirina operasyoneke le\u015fker\u00ee li Rojavay\u00ea Kurdistan\u00ea \u00fb bakur\u00ea S\u00fbriy\u00ea, \u00ear\u00ee\u015f\u00ean asman\u00ee y\u00ean bi riya dronan li ser Rojavay\u00ea Kurdistan\u00ea \u00fb her\u00eam\u00ean di bin kontrola HSD\u00ea de z\u00eade b\u00fbne.<\/h3>\n<h3 style=\"text-align: justify\">P\u00ear 27\u00ea \u00celona 2022an j\u00ee, droneke art\u00ea\u015fa Tirkiy\u00ea otomob\u00eelek li n\u00eaz\u00eek\u00ee bajarok\u00ea Girk\u00ea Leg\u00ea y\u00ea Rojavay\u00ea Kurdistan\u00ea bombebaran kir \u00fb di encam\u00ea de Hevserok\u00ean Of\u00eesa Dad \u00fb \u00c7aksaziy\u00ea ya Her\u00eama Cez\u00eerey\u00ea Zeyneb Mihemed \u00fb Yilmaz \u015e\u00earo hatib\u00fbn ku\u015ftin.<\/h3>\n","protected":false},"excerpt":{"rendered":"<p>\u00a0Fermandar\u00ea Gi\u015ft\u00ee y\u00ea HSD\u00ea Mezl\u00fbm Ebd\u00ee radigih\u00eene, Tirkiy\u00ea ji destp\u00eaka \u00eesal ve 59 caran \u00ear\u00ee\u015f\u00ee her\u00eam\u00ea wan kiriye \u00fb di encam\u00ea de bi dehan kes\u00ean siv\u00eel b\u00fbne qurban\u00ee. Fermandar\u00ea Gi\u015ft\u00ee y\u00ea H\u00eaz\u00ean S\u00fbriyeya Demokrat\u00eek (HSD) Mezl\u00fbm Ebd\u00ee li hejmara xwe tora civak\u00ee \u201cTwitter\u201d ragihand, ji dest\u00ea \u00eesal ve Tirkiy\u00ea 59 caran \u00ear\u00ee\u015f\u00ee her\u00eam\u00ean wan kiriye [&hellip;]<\/p>\n","protected":false},"author":2,"featured_media":1032866,"comment_status":"closed","ping_status":"closed","sticky":false,"template":"","format":"standard","meta":{"footnotes":""},"categories":[29],"tags":[37],"class_list":["post-1032865","post","type-post","status-publish","format-standard","has-post-thumbnail","hentry","category-kurdistan","tag-sereke"],"blocksy_meta":[],"seo_head":"<!-- This site is optimized with the Yoast SEO plugin v27.5 - https:\/\/yoast.com\/product\/yoast-seo-wordpress\/ -->\n<title>Mezl\u00fbm Ebd\u00ee: Welat\u00ean gerentor div\u00ea s\u00eenorek\u00ee ji \u00ear\u00ee\u015f\u00ean Tirkiy\u00ea re deynin - Darka Maz\u00ee<\/title>\n<meta name=\"robots\" content=\"index, follow, max-snippet:-1, max-image-preview:large, max-video-preview:-1\" \/>\n<link rel=\"canonical\" href=\"https:\/\/darkamazi.info\/archives\/1032865\" \/>\n<meta property=\"og:locale\" content=\"en_US\" \/>\n<meta property=\"og:type\" content=\"article\" \/>\n<meta property=\"og:title\" content=\"Mezl\u00fbm Ebd\u00ee: Welat\u00ean gerentor div\u00ea s\u00eenorek\u00ee ji \u00ear\u00ee\u015f\u00ean Tirkiy\u00ea re deynin - Darka Maz\u00ee\" \/>\n<meta property=\"og:description\" content=\"\u00a0Fermandar\u00ea Gi\u015ft\u00ee y\u00ea HSD\u00ea Mezl\u00fbm Ebd\u00ee radigih\u00eene, Tirkiy\u00ea ji destp\u00eaka \u00eesal ve 59 caran \u00ear\u00ee\u015f\u00ee her\u00eam\u00ea wan kiriye \u00fb di encam\u00ea de bi dehan kes\u00ean siv\u00eel b\u00fbne qurban\u00ee. Fermandar\u00ea Gi\u015ft\u00ee y\u00ea H\u00eaz\u00ean S\u00fbriyeya Demokrat\u00eek (HSD) Mezl\u00fbm Ebd\u00ee li hejmara xwe tora civak\u00ee \u201cTwitter\u201d ragihand, ji dest\u00ea \u00eesal ve Tirkiy\u00ea 59 caran \u00ear\u00ee\u015f\u00ee her\u00eam\u00ean wan kiriye [&hellip;]\" \/>\n<meta property=\"og:url\" content=\"https:\/\/darkamazi.info\/archives\/1032865\" \/>\n<meta property=\"og:site_name\" content=\"Darka Maz\u00ee\" \/>\n<meta property=\"article:publisher\" content=\"https:\/\/www.facebook.com\/DarMaziKurmanci\" \/>\n<meta property=\"article:published_time\" content=\"2022-09-29T14:05:14+00:00\" \/>\n<meta property=\"og:image\" content=\"https:\/\/darkamazi.info\/file\/2022\/09\/mezlum-ebdi.jpg\" \/>\n\t<meta property=\"og:image:width\" content=\"900\" \/>\n\t<meta property=\"og:image:height\" content=\"497\" \/>\n\t<meta property=\"og:image:type\" content=\"image\/jpeg\" \/>\n<meta name=\"author\" content=\"darka mazi\" \/>\n<meta name=\"twitter:card\" content=\"summary_large_image\" \/>\n<meta name=\"twitter:creator\" content=\"@DarkaMaziLatini\" \/>\n<meta name=\"twitter:site\" content=\"@DarkaMaziLatini\" \/>\n<meta name=\"twitter:label1\" content=\"Written by\" \/>\n\t<meta name=\"twitter:data1\" content=\"darka mazi\" \/>\n\t<meta name=\"twitter:label2\" content=\"Est. reading time\" \/>\n\t<meta name=\"twitter:data2\" content=\"2 minutes\" \/>\n<script type=\"application\/ld+json\" class=\"seo-schema-graph\">{\"@context\":\"https:\\\/\\\/schema.org\",\"@graph\":[{\"@type\":\"Article\",\"@id\":\"https:\\\/\\\/darkamazi.info\\\/archives\\\/1032865#article\",\"isPartOf\":{\"@id\":\"https:\\\/\\\/darkamazi.info\\\/archives\\\/1032865\"},\"author\":{\"name\":\"darka mazi\",\"@id\":\"https:\\\/\\\/darkamazi.info\\\/#\\\/schema\\\/person\\\/5ad3e24553a0567993fa8ed4bd0a776c\"},\"headline\":\"Mezl\u00fbm Ebd\u00ee: Welat\u00ean gerentor div\u00ea s\u00eenorek\u00ee ji \u00ear\u00ee\u015f\u00ean Tirkiy\u00ea re deynin\",\"datePublished\":\"2022-09-29T14:05:14+00:00\",\"mainEntityOfPage\":{\"@id\":\"https:\\\/\\\/darkamazi.info\\\/archives\\\/1032865\"},\"wordCount\":287,\"publisher\":{\"@id\":\"https:\\\/\\\/darkamazi.info\\\/#organization\"},\"image\":{\"@id\":\"https:\\\/\\\/darkamazi.info\\\/archives\\\/1032865#primaryimage\"},\"thumbnailUrl\":\"https:\\\/\\\/darkamazi.info\\\/darka-content\\\/uploads\\\/2022\\\/09\\\/mezlum-ebdi.jpg\",\"keywords\":[\"sereke\"],\"articleSection\":[\"Kurdistan\"],\"inLanguage\":\"en-US\"},{\"@type\":\"WebPage\",\"@id\":\"https:\\\/\\\/darkamazi.info\\\/archives\\\/1032865\",\"url\":\"https:\\\/\\\/darkamazi.info\\\/archives\\\/1032865\",\"name\":\"Mezl\u00fbm Ebd\u00ee: Welat\u00ean gerentor div\u00ea s\u00eenorek\u00ee ji \u00ear\u00ee\u015f\u00ean Tirkiy\u00ea re deynin - Darka Maz\u00ee\",\"isPartOf\":{\"@id\":\"https:\\\/\\\/darkamazi.info\\\/#website\"},\"primaryImageOfPage\":{\"@id\":\"https:\\\/\\\/darkamazi.info\\\/archives\\\/1032865#primaryimage\"},\"image\":{\"@id\":\"https:\\\/\\\/darkamazi.info\\\/archives\\\/1032865#primaryimage\"},\"thumbnailUrl\":\"https:\\\/\\\/darkamazi.info\\\/darka-content\\\/uploads\\\/2022\\\/09\\\/mezlum-ebdi.jpg\",\"datePublished\":\"2022-09-29T14:05:14+00:00\",\"breadcrumb\":{\"@id\":\"https:\\\/\\\/darkamazi.info\\\/archives\\\/1032865#breadcrumb\"},\"inLanguage\":\"en-US\",\"potentialAction\":[{\"@type\":\"ReadAction\",\"target\":[\"https:\\\/\\\/darkamazi.info\\\/archives\\\/1032865\"]}]},{\"@type\":\"ImageObject\",\"inLanguage\":\"en-US\",\"@id\":\"https:\\\/\\\/darkamazi.info\\\/archives\\\/1032865#primaryimage\",\"url\":\"https:\\\/\\\/darkamazi.info\\\/darka-content\\\/uploads\\\/2022\\\/09\\\/mezlum-ebdi.jpg\",\"contentUrl\":\"https:\\\/\\\/darkamazi.info\\\/darka-content\\\/uploads\\\/2022\\\/09\\\/mezlum-ebdi.jpg\",\"width\":900,\"height\":497,\"caption\":\"Mezl\u00fbm Ebd\u00ee: Welat\u00ean gerentor div\u00ea s\u00eenorek\u00ee ji \u00ear\u00ee\u015f\u00ean Tirkiy\u00ea re deynin\"},{\"@type\":\"BreadcrumbList\",\"@id\":\"https:\\\/\\\/darkamazi.info\\\/archives\\\/1032865#breadcrumb\",\"itemListElement\":[{\"@type\":\"ListItem\",\"position\":1,\"name\":\"Home\",\"item\":\"https:\\\/\\\/darkamazi.info\\\/\"},{\"@type\":\"ListItem\",\"position\":2,\"name\":\"Mezl\u00fbm Ebd\u00ee: Welat\u00ean gerentor div\u00ea s\u00eenorek\u00ee ji \u00ear\u00ee\u015f\u00ean Tirkiy\u00ea re deynin\"}]},{\"@type\":\"WebSite\",\"@id\":\"https:\\\/\\\/darkamazi.info\\\/#website\",\"url\":\"https:\\\/\\\/darkamazi.info\\\/\",\"name\":\"Darka Maz\u00ee\",\"description\":\"P\u00eageha Zanyariy\u00ean Nebih\u00eest\u00ee\",\"publisher\":{\"@id\":\"https:\\\/\\\/darkamazi.info\\\/#organization\"},\"potentialAction\":[{\"@type\":\"SearchAction\",\"target\":{\"@type\":\"EntryPoint\",\"urlTemplate\":\"https:\\\/\\\/darkamazi.info\\\/?s={search_term_string}\"},\"query-input\":{\"@type\":\"PropertyValueSpecification\",\"valueRequired\":true,\"valueName\":\"search_term_string\"}}],\"inLanguage\":\"en-US\"},{\"@type\":\"Organization\",\"@id\":\"https:\\\/\\\/darkamazi.info\\\/#organization\",\"name\":\"Darka Maz\u00ee\",\"url\":\"https:\\\/\\\/darkamazi.info\\\/\",\"logo\":{\"@type\":\"ImageObject\",\"inLanguage\":\"en-US\",\"@id\":\"https:\\\/\\\/darkamazi.info\\\/#\\\/schema\\\/logo\\\/image\\\/\",\"url\":\"https:\\\/\\\/darkamazi.info\\\/darka-content\\\/uploads\\\/2017\\\/12\\\/darka-mazi-logo.png\",\"contentUrl\":\"https:\\\/\\\/darkamazi.info\\\/darka-content\\\/uploads\\\/2017\\\/12\\\/darka-mazi-logo.png\",\"width\":151,\"height\":75,\"caption\":\"Darka Maz\u00ee\"},\"image\":{\"@id\":\"https:\\\/\\\/darkamazi.info\\\/#\\\/schema\\\/logo\\\/image\\\/\"},\"sameAs\":[\"https:\\\/\\\/www.facebook.com\\\/DarMaziKurmanci\",\"https:\\\/\\\/x.com\\\/DarkaMaziLatini\",\"https:\\\/\\\/www.instagram.com\\\/darkamazi.kurmanci\\\/\",\"https:\\\/\\\/www.youtube.com\\\/channel\\\/UCa5HkTdmI8U1qCUFuTw8B2g\"]},{\"@type\":\"Person\",\"@id\":\"https:\\\/\\\/darkamazi.info\\\/#\\\/schema\\\/person\\\/5ad3e24553a0567993fa8ed4bd0a776c\",\"name\":\"darka mazi\",\"sameAs\":[\"https:\\\/\\\/darkamazi.info\\\/\"],\"url\":\"https:\\\/\\\/darkamazi.info\\\/archives\\\/author\\\/kurdi\"}]}<\/script>\n<!-- \/ Yoast SEO plugin. -->","seo_head_json":{"title":"Mezl\u00fbm Ebd\u00ee: Welat\u00ean gerentor div\u00ea s\u00eenorek\u00ee ji \u00ear\u00ee\u015f\u00ean Tirkiy\u00ea re deynin - Darka Maz\u00ee","robots":{"index":"index","follow":"follow","max-snippet":"max-snippet:-1","max-image-preview":"max-image-preview:large","max-video-preview":"max-video-preview:-1"},"canonical":"https:\/\/darkamazi.info\/archives\/1032865","og_locale":"en_US","og_type":"article","og_title":"Mezl\u00fbm Ebd\u00ee: Welat\u00ean gerentor div\u00ea s\u00eenorek\u00ee ji \u00ear\u00ee\u015f\u00ean Tirkiy\u00ea re deynin - Darka Maz\u00ee","og_description":"\u00a0Fermandar\u00ea Gi\u015ft\u00ee y\u00ea HSD\u00ea Mezl\u00fbm Ebd\u00ee radigih\u00eene, Tirkiy\u00ea ji destp\u00eaka \u00eesal ve 59 caran \u00ear\u00ee\u015f\u00ee her\u00eam\u00ea wan kiriye \u00fb di encam\u00ea de bi dehan kes\u00ean siv\u00eel b\u00fbne qurban\u00ee. Fermandar\u00ea Gi\u015ft\u00ee y\u00ea H\u00eaz\u00ean S\u00fbriyeya Demokrat\u00eek (HSD) Mezl\u00fbm Ebd\u00ee li hejmara xwe tora civak\u00ee \u201cTwitter\u201d ragihand, ji dest\u00ea \u00eesal ve Tirkiy\u00ea 59 caran \u00ear\u00ee\u015f\u00ee her\u00eam\u00ean wan kiriye [&hellip;]","og_url":"https:\/\/darkamazi.info\/archives\/1032865","og_site_name":"Darka Maz\u00ee","article_publisher":"https:\/\/www.facebook.com\/DarMaziKurmanci","article_published_time":"2022-09-29T14:05:14+00:00","og_image":[{"width":900,"height":497,"url":"https:\/\/darkamazi.info\/file\/2022\/09\/mezlum-ebdi.jpg","type":"image\/jpeg"}],"author":"darka mazi","twitter_card":"summary_large_image","twitter_creator":"@DarkaMaziLatini","twitter_site":"@DarkaMaziLatini","twitter_misc":{"Written by":"darka mazi","Est. reading time":"2 minutes"},"schema":{"@context":"https:\/\/schema.org","@graph":[{"@type":"Article","@id":"https:\/\/darkamazi.info\/archives\/1032865#article","isPartOf":{"@id":"https:\/\/darkamazi.info\/archives\/1032865"},"author":{"name":"darka mazi","@id":"https:\/\/darkamazi.info\/#\/schema\/person\/5ad3e24553a0567993fa8ed4bd0a776c"},"headline":"Mezl\u00fbm Ebd\u00ee: Welat\u00ean gerentor div\u00ea s\u00eenorek\u00ee ji \u00ear\u00ee\u015f\u00ean Tirkiy\u00ea re deynin","datePublished":"2022-09-29T14:05:14+00:00","mainEntityOfPage":{"@id":"https:\/\/darkamazi.info\/archives\/1032865"},"wordCount":287,"publisher":{"@id":"https:\/\/darkamazi.info\/#organization"},"image":{"@id":"https:\/\/darkamazi.info\/archives\/1032865#primaryimage"},"thumbnailUrl":"https:\/\/darkamazi.info\/file\/2022\/09\/mezlum-ebdi.jpg","keywords":["sereke"],"articleSection":["Kurdistan"],"inLanguage":"en-US"},{"@type":"WebPage","@id":"https:\/\/darkamazi.info\/archives\/1032865","url":"https:\/\/darkamazi.info\/archives\/1032865","name":"Mezl\u00fbm Ebd\u00ee: Welat\u00ean gerentor div\u00ea s\u00eenorek\u00ee ji \u00ear\u00ee\u015f\u00ean Tirkiy\u00ea re deynin - Darka Maz\u00ee","isPartOf":{"@id":"https:\/\/darkamazi.info\/#website"},"primaryImageOfPage":{"@id":"https:\/\/darkamazi.info\/archives\/1032865#primaryimage"},"image":{"@id":"https:\/\/darkamazi.info\/archives\/1032865#primaryimage"},"thumbnailUrl":"https:\/\/darkamazi.info\/file\/2022\/09\/mezlum-ebdi.jpg","datePublished":"2022-09-29T14:05:14+00:00","breadcrumb":{"@id":"https:\/\/darkamazi.info\/archives\/1032865#breadcrumb"},"inLanguage":"en-US","potentialAction":[{"@type":"ReadAction","target":["https:\/\/darkamazi.info\/archives\/1032865"]}]},{"@type":"ImageObject","inLanguage":"en-US","@id":"https:\/\/darkamazi.info\/archives\/1032865#primaryimage","url":"https:\/\/darkamazi.info\/file\/2022\/09\/mezlum-ebdi.jpg","contentUrl":"https:\/\/darkamazi.info\/file\/2022\/09\/mezlum-ebdi.jpg","width":900,"height":497,"caption":"Mezl\u00fbm Ebd\u00ee: Welat\u00ean gerentor div\u00ea s\u00eenorek\u00ee ji \u00ear\u00ee\u015f\u00ean Tirkiy\u00ea re deynin"},{"@type":"BreadcrumbList","@id":"https:\/\/darkamazi.info\/archives\/1032865#breadcrumb","itemListElement":[{"@type":"ListItem","position":1,"name":"Home","item":"https:\/\/darkamazi.info\/"},{"@type":"ListItem","position":2,"name":"Mezl\u00fbm Ebd\u00ee: Welat\u00ean gerentor div\u00ea s\u00eenorek\u00ee ji \u00ear\u00ee\u015f\u00ean Tirkiy\u00ea re deynin"}]},{"@type":"WebSite","@id":"https:\/\/darkamazi.info\/#website","url":"https:\/\/darkamazi.info\/","name":"Darka Maz\u00ee","description":"P\u00eageha Zanyariy\u00ean Nebih\u00eest\u00ee","publisher":{"@id":"https:\/\/darkamazi.info\/#organization"},"potentialAction":[{"@type":"SearchAction","target":{"@type":"EntryPoint","urlTemplate":"https:\/\/darkamazi.info\/?s={search_term_string}"},"query-input":{"@type":"PropertyValueSpecification","valueRequired":true,"valueName":"search_term_string"}}],"inLanguage":"en-US"},{"@type":"Organization","@id":"https:\/\/darkamazi.info\/#organization","name":"Darka Maz\u00ee","url":"https:\/\/darkamazi.info\/","logo":{"@type":"ImageObject","inLanguage":"en-US","@id":"https:\/\/darkamazi.info\/#\/schema\/logo\/image\/","url":"https:\/\/darkamazi.info\/file\/2017\/12\/darka-mazi-logo.png","contentUrl":"https:\/\/darkamazi.info\/file\/2017\/12\/darka-mazi-logo.png","width":151,"height":75,"caption":"Darka Maz\u00ee"},"image":{"@id":"https:\/\/darkamazi.info\/#\/schema\/logo\/image\/"},"sameAs":["https:\/\/www.facebook.com\/DarMaziKurmanci","https:\/\/x.com\/DarkaMaziLatini","https:\/\/www.instagram.com\/darkamazi.kurmanci\/","https:\/\/www.youtube.com\/channel\/UCa5HkTdmI8U1qCUFuTw8B2g"]},{"@type":"Person","@id":"https:\/\/darkamazi.info\/#\/schema\/person\/5ad3e24553a0567993fa8ed4bd0a776c","name":"darka mazi","sameAs":["https:\/\/darkamazi.info\/"],"url":"https:\/\/darkamazi.info\/archives\/author\/kurdi"}]}},"_links":{"self":[{"href":"https:\/\/darkamazi.info\/funavuv\/wp\/v2\/posts\/1032865","targetHints":{"allow":["GET"]}}],"collection":[{"href":"https:\/\/darkamazi.info\/funavuv\/wp\/v2\/posts"}],"about":[{"href":"https:\/\/darkamazi.info\/funavuv\/wp\/v2\/types\/post"}],"author":[{"embeddable":true,"href":"https:\/\/darkamazi.info\/funavuv\/wp\/v2\/users\/2"}],"replies":[{"embeddable":true,"href":"https:\/\/darkamazi.info\/funavuv\/wp\/v2\/comments?post=1032865"}],"version-history":[{"count":0,"href":"https:\/\/darkamazi.info\/funavuv\/wp\/v2\/posts\/1032865\/revisions"}],"wp:featuredmedia":[{"embeddable":true,"href":"https:\/\/darkamazi.info\/funavuv\/wp\/v2\/media\/1032866"}],"wp:attachment":[{"href":"https:\/\/darkamazi.info\/funavuv\/wp\/v2\/media?parent=1032865"}],"wp:term":[{"taxonomy":"category","embeddable":true,"href":"https:\/\/darkamazi.info\/funavuv\/wp\/v2\/categories?post=1032865"},{"taxonomy":"post_tag","embeddable":true,"href":"https:\/\/darkamazi.info\/funavuv\/wp\/v2\/tags?post=1032865"}],"curies":[{"name":"wp","href":"https:\/\/api.w.org\/{rel}","templated":true}]}}