{"id":1032959,"date":"2022-10-03T14:19:47","date_gmt":"2022-10-03T11:19:47","guid":{"rendered":"https:\/\/darkamazi.info\/?p=1032959"},"modified":"2022-10-03T14:19:47","modified_gmt":"2022-10-03T11:19:47","slug":"reveberiya-xweser-amadekariya-dadgehkirina-endamen-daise-dike","status":"publish","type":"post","link":"https:\/\/darkamazi.info\/archives\/1032959","title":{"rendered":"R\u00eaveberiya Xweser amadekariya dadgehkirina endam\u00ean DAI\u015e\u00ea dike"},"content":{"rendered":"<h3 style=\"text-align: justify\"><span style=\"font-family: 'arial black', sans-serif\">R\u00eaveberiya Xweser a li Rojavay\u00ea Kurdistan\u00ea radigih\u00eene, ew amadekariyan ji bo dadgehkirina hin endam\u00ean DAI\u015e\u00ea y\u00ean di girt\u00eegeh\u00ean r\u00eaveberiy\u00ea de girt\u00ee ne, dikin.<\/span><\/h3>\n<h3 style=\"text-align: justify\"><span style=\"font-family: arial, helvetica, sans-serif\">Berdevk\u00ea Desteya P\u00eawendiy\u00ean Derve ya R\u00eaveberiya Xweser Kemal Akef ragihand, \u201cDestp\u00eak\u00ea, kes\u00ean ku gil\u00ee li wan hatine kirin \u00fb dest\u00ean wan bi xw\u00eena gel\u00ean her\u00eam\u00ea b\u00fbne, d\u00ea b\u00eane dadgehkirin\u201d.<\/span><\/h3>\n<h3 style=\"text-align: justify\"><span style=\"font-family: arial, helvetica, sans-serif\">Berdevk\u00ea Desteya P\u00eawendiy\u00ean Derve ya R\u00eaveberiya Xweser d\u00eeroka destp\u00eakirina van dadgehan \u00fb regeza kes\u00ean b\u00ean dadgehkirin diyar nekir, w\u00ee ten\u00ea got ku ew amadekariya wan dadgehan dikin.<\/span><\/h3>\n<h3 style=\"text-align: justify\"><span style=\"font-family: arial, helvetica, sans-serif\">Li gor\u00ee daney\u00ean R\u00eaveberiya Xweser, di girt\u00eegeh\u00ean R\u00eaveberiya Xweser de 15 hezar girtiy\u00ean bi tawana teror\u00ea y\u00ean S\u00fbr\u00ee \u00fb z\u00eadetir ji 60 regez\u00ean din hene ku piraniya wan endam\u00ean ber\u00ea y\u00ean DAI\u015e&#8217;\u00ea ne.<\/span><\/h3>\n<h3 style=\"text-align: justify\"><span style=\"font-family: arial, helvetica, sans-serif\">Di meha Hez\u00eerana bor\u00ee de, Hevserok\u00ea Enc\u00fbmena Dadmediya Civak\u00ee di R\u00eaveberiya Xweser de Hesen El-Ehmed got ku mekan\u00eezmaya dadgehkirina endam\u00ean DAI\u015e\u00ea di navbera r\u00eaveber\u00ee \u00fb Hevpeymaniya Navdewlet\u00ee de h\u00een di cih\u00ea got\u00fbb\u00eajan de ye.<\/span><\/h3>\n","protected":false},"excerpt":{"rendered":"<p>R\u00eaveberiya Xweser a li Rojavay\u00ea Kurdistan\u00ea radigih\u00eene, ew amadekariyan ji bo dadgehkirina hin endam\u00ean DAI\u015e\u00ea y\u00ean di girt\u00eegeh\u00ean r\u00eaveberiy\u00ea de girt\u00ee ne, dikin. Berdevk\u00ea Desteya P\u00eawendiy\u00ean Derve ya R\u00eaveberiya Xweser Kemal Akef ragihand, \u201cDestp\u00eak\u00ea, kes\u00ean ku gil\u00ee li wan hatine kirin \u00fb dest\u00ean wan bi xw\u00eena gel\u00ean her\u00eam\u00ea b\u00fbne, d\u00ea b\u00eane dadgehkirin\u201d. Berdevk\u00ea Desteya P\u00eawendiy\u00ean [&hellip;]<\/p>\n","protected":false},"author":2,"featured_media":1032961,"comment_status":"closed","ping_status":"closed","sticky":false,"template":"","format":"standard","meta":{"footnotes":""},"categories":[29],"tags":[37],"class_list":["post-1032959","post","type-post","status-publish","format-standard","has-post-thumbnail","hentry","category-kurdistan","tag-sereke"],"blocksy_meta":[],"seo_head":"<!-- This site is optimized with the Yoast SEO plugin v27.5 - https:\/\/yoast.com\/product\/yoast-seo-wordpress\/ -->\n<title>R\u00eaveberiya Xweser amadekariya dadgehkirina endam\u00ean DAI\u015e\u00ea dike - Darka Maz\u00ee<\/title>\n<meta name=\"robots\" content=\"index, follow, max-snippet:-1, max-image-preview:large, max-video-preview:-1\" \/>\n<link rel=\"canonical\" href=\"https:\/\/darkamazi.info\/archives\/1032959\" \/>\n<meta property=\"og:locale\" content=\"en_US\" \/>\n<meta property=\"og:type\" content=\"article\" \/>\n<meta property=\"og:title\" content=\"R\u00eaveberiya Xweser amadekariya dadgehkirina endam\u00ean DAI\u015e\u00ea dike - Darka Maz\u00ee\" \/>\n<meta property=\"og:description\" content=\"R\u00eaveberiya Xweser a li Rojavay\u00ea Kurdistan\u00ea radigih\u00eene, ew amadekariyan ji bo dadgehkirina hin endam\u00ean DAI\u015e\u00ea y\u00ean di girt\u00eegeh\u00ean r\u00eaveberiy\u00ea de girt\u00ee ne, dikin. Berdevk\u00ea Desteya P\u00eawendiy\u00ean Derve ya R\u00eaveberiya Xweser Kemal Akef ragihand, \u201cDestp\u00eak\u00ea, kes\u00ean ku gil\u00ee li wan hatine kirin \u00fb dest\u00ean wan bi xw\u00eena gel\u00ean her\u00eam\u00ea b\u00fbne, d\u00ea b\u00eane dadgehkirin\u201d. Berdevk\u00ea Desteya P\u00eawendiy\u00ean [&hellip;]\" \/>\n<meta property=\"og:url\" content=\"https:\/\/darkamazi.info\/archives\/1032959\" \/>\n<meta property=\"og:site_name\" content=\"Darka Maz\u00ee\" \/>\n<meta property=\"article:publisher\" content=\"https:\/\/www.facebook.com\/DarMaziKurmanci\" \/>\n<meta property=\"article:published_time\" content=\"2022-10-03T11:19:47+00:00\" \/>\n<meta property=\"og:image\" content=\"https:\/\/darkamazi.info\/file\/2022\/10\/Reveberiya-Xweser-isis-rojava-kurdistan-5.jpg\" \/>\n\t<meta property=\"og:image:width\" content=\"900\" \/>\n\t<meta property=\"og:image:height\" content=\"497\" \/>\n\t<meta property=\"og:image:type\" content=\"image\/jpeg\" \/>\n<meta name=\"author\" content=\"darka mazi\" \/>\n<meta name=\"twitter:card\" content=\"summary_large_image\" \/>\n<meta name=\"twitter:creator\" content=\"@DarkaMaziLatini\" \/>\n<meta name=\"twitter:site\" content=\"@DarkaMaziLatini\" \/>\n<meta name=\"twitter:label1\" content=\"Written by\" \/>\n\t<meta name=\"twitter:data1\" content=\"darka mazi\" \/>\n\t<meta name=\"twitter:label2\" content=\"Est. reading time\" \/>\n\t<meta name=\"twitter:data2\" content=\"1 minute\" \/>\n<script type=\"application\/ld+json\" class=\"seo-schema-graph\">{\"@context\":\"https:\\\/\\\/schema.org\",\"@graph\":[{\"@type\":\"Article\",\"@id\":\"https:\\\/\\\/darkamazi.info\\\/archives\\\/1032959#article\",\"isPartOf\":{\"@id\":\"https:\\\/\\\/darkamazi.info\\\/archives\\\/1032959\"},\"author\":{\"name\":\"darka mazi\",\"@id\":\"https:\\\/\\\/darkamazi.info\\\/#\\\/schema\\\/person\\\/5ad3e24553a0567993fa8ed4bd0a776c\"},\"headline\":\"R\u00eaveberiya Xweser amadekariya dadgehkirina endam\u00ean DAI\u015e\u00ea dike\",\"datePublished\":\"2022-10-03T11:19:47+00:00\",\"mainEntityOfPage\":{\"@id\":\"https:\\\/\\\/darkamazi.info\\\/archives\\\/1032959\"},\"wordCount\":195,\"publisher\":{\"@id\":\"https:\\\/\\\/darkamazi.info\\\/#organization\"},\"image\":{\"@id\":\"https:\\\/\\\/darkamazi.info\\\/archives\\\/1032959#primaryimage\"},\"thumbnailUrl\":\"https:\\\/\\\/darkamazi.info\\\/darka-content\\\/uploads\\\/2022\\\/10\\\/Reveberiya-Xweser-isis-rojava-kurdistan-5.jpg\",\"keywords\":[\"sereke\"],\"articleSection\":[\"Kurdistan\"],\"inLanguage\":\"en-US\"},{\"@type\":\"WebPage\",\"@id\":\"https:\\\/\\\/darkamazi.info\\\/archives\\\/1032959\",\"url\":\"https:\\\/\\\/darkamazi.info\\\/archives\\\/1032959\",\"name\":\"R\u00eaveberiya Xweser amadekariya dadgehkirina endam\u00ean DAI\u015e\u00ea dike - Darka Maz\u00ee\",\"isPartOf\":{\"@id\":\"https:\\\/\\\/darkamazi.info\\\/#website\"},\"primaryImageOfPage\":{\"@id\":\"https:\\\/\\\/darkamazi.info\\\/archives\\\/1032959#primaryimage\"},\"image\":{\"@id\":\"https:\\\/\\\/darkamazi.info\\\/archives\\\/1032959#primaryimage\"},\"thumbnailUrl\":\"https:\\\/\\\/darkamazi.info\\\/darka-content\\\/uploads\\\/2022\\\/10\\\/Reveberiya-Xweser-isis-rojava-kurdistan-5.jpg\",\"datePublished\":\"2022-10-03T11:19:47+00:00\",\"breadcrumb\":{\"@id\":\"https:\\\/\\\/darkamazi.info\\\/archives\\\/1032959#breadcrumb\"},\"inLanguage\":\"en-US\",\"potentialAction\":[{\"@type\":\"ReadAction\",\"target\":[\"https:\\\/\\\/darkamazi.info\\\/archives\\\/1032959\"]}]},{\"@type\":\"ImageObject\",\"inLanguage\":\"en-US\",\"@id\":\"https:\\\/\\\/darkamazi.info\\\/archives\\\/1032959#primaryimage\",\"url\":\"https:\\\/\\\/darkamazi.info\\\/darka-content\\\/uploads\\\/2022\\\/10\\\/Reveberiya-Xweser-isis-rojava-kurdistan-5.jpg\",\"contentUrl\":\"https:\\\/\\\/darkamazi.info\\\/darka-content\\\/uploads\\\/2022\\\/10\\\/Reveberiya-Xweser-isis-rojava-kurdistan-5.jpg\",\"width\":900,\"height\":497,\"caption\":\"R\u00eaveberiya Xweser-isis-rojava-kurdistan (5)\"},{\"@type\":\"BreadcrumbList\",\"@id\":\"https:\\\/\\\/darkamazi.info\\\/archives\\\/1032959#breadcrumb\",\"itemListElement\":[{\"@type\":\"ListItem\",\"position\":1,\"name\":\"Home\",\"item\":\"https:\\\/\\\/darkamazi.info\\\/\"},{\"@type\":\"ListItem\",\"position\":2,\"name\":\"R\u00eaveberiya Xweser amadekariya dadgehkirina endam\u00ean DAI\u015e\u00ea dike\"}]},{\"@type\":\"WebSite\",\"@id\":\"https:\\\/\\\/darkamazi.info\\\/#website\",\"url\":\"https:\\\/\\\/darkamazi.info\\\/\",\"name\":\"Darka Maz\u00ee\",\"description\":\"P\u00eageha Zanyariy\u00ean Nebih\u00eest\u00ee\",\"publisher\":{\"@id\":\"https:\\\/\\\/darkamazi.info\\\/#organization\"},\"potentialAction\":[{\"@type\":\"SearchAction\",\"target\":{\"@type\":\"EntryPoint\",\"urlTemplate\":\"https:\\\/\\\/darkamazi.info\\\/?s={search_term_string}\"},\"query-input\":{\"@type\":\"PropertyValueSpecification\",\"valueRequired\":true,\"valueName\":\"search_term_string\"}}],\"inLanguage\":\"en-US\"},{\"@type\":\"Organization\",\"@id\":\"https:\\\/\\\/darkamazi.info\\\/#organization\",\"name\":\"Darka Maz\u00ee\",\"url\":\"https:\\\/\\\/darkamazi.info\\\/\",\"logo\":{\"@type\":\"ImageObject\",\"inLanguage\":\"en-US\",\"@id\":\"https:\\\/\\\/darkamazi.info\\\/#\\\/schema\\\/logo\\\/image\\\/\",\"url\":\"https:\\\/\\\/darkamazi.info\\\/darka-content\\\/uploads\\\/2017\\\/12\\\/darka-mazi-logo.png\",\"contentUrl\":\"https:\\\/\\\/darkamazi.info\\\/darka-content\\\/uploads\\\/2017\\\/12\\\/darka-mazi-logo.png\",\"width\":151,\"height\":75,\"caption\":\"Darka Maz\u00ee\"},\"image\":{\"@id\":\"https:\\\/\\\/darkamazi.info\\\/#\\\/schema\\\/logo\\\/image\\\/\"},\"sameAs\":[\"https:\\\/\\\/www.facebook.com\\\/DarMaziKurmanci\",\"https:\\\/\\\/x.com\\\/DarkaMaziLatini\",\"https:\\\/\\\/www.instagram.com\\\/darkamazi.kurmanci\\\/\",\"https:\\\/\\\/www.youtube.com\\\/channel\\\/UCa5HkTdmI8U1qCUFuTw8B2g\"]},{\"@type\":\"Person\",\"@id\":\"https:\\\/\\\/darkamazi.info\\\/#\\\/schema\\\/person\\\/5ad3e24553a0567993fa8ed4bd0a776c\",\"name\":\"darka mazi\",\"sameAs\":[\"https:\\\/\\\/darkamazi.info\\\/\"],\"url\":\"https:\\\/\\\/darkamazi.info\\\/archives\\\/author\\\/kurdi\"}]}<\/script>\n<!-- \/ Yoast SEO plugin. -->","seo_head_json":{"title":"R\u00eaveberiya Xweser amadekariya dadgehkirina endam\u00ean DAI\u015e\u00ea dike - Darka Maz\u00ee","robots":{"index":"index","follow":"follow","max-snippet":"max-snippet:-1","max-image-preview":"max-image-preview:large","max-video-preview":"max-video-preview:-1"},"canonical":"https:\/\/darkamazi.info\/archives\/1032959","og_locale":"en_US","og_type":"article","og_title":"R\u00eaveberiya Xweser amadekariya dadgehkirina endam\u00ean DAI\u015e\u00ea dike - Darka Maz\u00ee","og_description":"R\u00eaveberiya Xweser a li Rojavay\u00ea Kurdistan\u00ea radigih\u00eene, ew amadekariyan ji bo dadgehkirina hin endam\u00ean DAI\u015e\u00ea y\u00ean di girt\u00eegeh\u00ean r\u00eaveberiy\u00ea de girt\u00ee ne, dikin. Berdevk\u00ea Desteya P\u00eawendiy\u00ean Derve ya R\u00eaveberiya Xweser Kemal Akef ragihand, \u201cDestp\u00eak\u00ea, kes\u00ean ku gil\u00ee li wan hatine kirin \u00fb dest\u00ean wan bi xw\u00eena gel\u00ean her\u00eam\u00ea b\u00fbne, d\u00ea b\u00eane dadgehkirin\u201d. Berdevk\u00ea Desteya P\u00eawendiy\u00ean [&hellip;]","og_url":"https:\/\/darkamazi.info\/archives\/1032959","og_site_name":"Darka Maz\u00ee","article_publisher":"https:\/\/www.facebook.com\/DarMaziKurmanci","article_published_time":"2022-10-03T11:19:47+00:00","og_image":[{"width":900,"height":497,"url":"https:\/\/darkamazi.info\/file\/2022\/10\/Reveberiya-Xweser-isis-rojava-kurdistan-5.jpg","type":"image\/jpeg"}],"author":"darka mazi","twitter_card":"summary_large_image","twitter_creator":"@DarkaMaziLatini","twitter_site":"@DarkaMaziLatini","twitter_misc":{"Written by":"darka mazi","Est. reading time":"1 minute"},"schema":{"@context":"https:\/\/schema.org","@graph":[{"@type":"Article","@id":"https:\/\/darkamazi.info\/archives\/1032959#article","isPartOf":{"@id":"https:\/\/darkamazi.info\/archives\/1032959"},"author":{"name":"darka mazi","@id":"https:\/\/darkamazi.info\/#\/schema\/person\/5ad3e24553a0567993fa8ed4bd0a776c"},"headline":"R\u00eaveberiya Xweser amadekariya dadgehkirina endam\u00ean DAI\u015e\u00ea dike","datePublished":"2022-10-03T11:19:47+00:00","mainEntityOfPage":{"@id":"https:\/\/darkamazi.info\/archives\/1032959"},"wordCount":195,"publisher":{"@id":"https:\/\/darkamazi.info\/#organization"},"image":{"@id":"https:\/\/darkamazi.info\/archives\/1032959#primaryimage"},"thumbnailUrl":"https:\/\/darkamazi.info\/file\/2022\/10\/Reveberiya-Xweser-isis-rojava-kurdistan-5.jpg","keywords":["sereke"],"articleSection":["Kurdistan"],"inLanguage":"en-US"},{"@type":"WebPage","@id":"https:\/\/darkamazi.info\/archives\/1032959","url":"https:\/\/darkamazi.info\/archives\/1032959","name":"R\u00eaveberiya Xweser amadekariya dadgehkirina endam\u00ean DAI\u015e\u00ea dike - Darka Maz\u00ee","isPartOf":{"@id":"https:\/\/darkamazi.info\/#website"},"primaryImageOfPage":{"@id":"https:\/\/darkamazi.info\/archives\/1032959#primaryimage"},"image":{"@id":"https:\/\/darkamazi.info\/archives\/1032959#primaryimage"},"thumbnailUrl":"https:\/\/darkamazi.info\/file\/2022\/10\/Reveberiya-Xweser-isis-rojava-kurdistan-5.jpg","datePublished":"2022-10-03T11:19:47+00:00","breadcrumb":{"@id":"https:\/\/darkamazi.info\/archives\/1032959#breadcrumb"},"inLanguage":"en-US","potentialAction":[{"@type":"ReadAction","target":["https:\/\/darkamazi.info\/archives\/1032959"]}]},{"@type":"ImageObject","inLanguage":"en-US","@id":"https:\/\/darkamazi.info\/archives\/1032959#primaryimage","url":"https:\/\/darkamazi.info\/file\/2022\/10\/Reveberiya-Xweser-isis-rojava-kurdistan-5.jpg","contentUrl":"https:\/\/darkamazi.info\/file\/2022\/10\/Reveberiya-Xweser-isis-rojava-kurdistan-5.jpg","width":900,"height":497,"caption":"R\u00eaveberiya Xweser-isis-rojava-kurdistan (5)"},{"@type":"BreadcrumbList","@id":"https:\/\/darkamazi.info\/archives\/1032959#breadcrumb","itemListElement":[{"@type":"ListItem","position":1,"name":"Home","item":"https:\/\/darkamazi.info\/"},{"@type":"ListItem","position":2,"name":"R\u00eaveberiya Xweser amadekariya dadgehkirina endam\u00ean DAI\u015e\u00ea dike"}]},{"@type":"WebSite","@id":"https:\/\/darkamazi.info\/#website","url":"https:\/\/darkamazi.info\/","name":"Darka Maz\u00ee","description":"P\u00eageha Zanyariy\u00ean Nebih\u00eest\u00ee","publisher":{"@id":"https:\/\/darkamazi.info\/#organization"},"potentialAction":[{"@type":"SearchAction","target":{"@type":"EntryPoint","urlTemplate":"https:\/\/darkamazi.info\/?s={search_term_string}"},"query-input":{"@type":"PropertyValueSpecification","valueRequired":true,"valueName":"search_term_string"}}],"inLanguage":"en-US"},{"@type":"Organization","@id":"https:\/\/darkamazi.info\/#organization","name":"Darka Maz\u00ee","url":"https:\/\/darkamazi.info\/","logo":{"@type":"ImageObject","inLanguage":"en-US","@id":"https:\/\/darkamazi.info\/#\/schema\/logo\/image\/","url":"https:\/\/darkamazi.info\/file\/2017\/12\/darka-mazi-logo.png","contentUrl":"https:\/\/darkamazi.info\/file\/2017\/12\/darka-mazi-logo.png","width":151,"height":75,"caption":"Darka Maz\u00ee"},"image":{"@id":"https:\/\/darkamazi.info\/#\/schema\/logo\/image\/"},"sameAs":["https:\/\/www.facebook.com\/DarMaziKurmanci","https:\/\/x.com\/DarkaMaziLatini","https:\/\/www.instagram.com\/darkamazi.kurmanci\/","https:\/\/www.youtube.com\/channel\/UCa5HkTdmI8U1qCUFuTw8B2g"]},{"@type":"Person","@id":"https:\/\/darkamazi.info\/#\/schema\/person\/5ad3e24553a0567993fa8ed4bd0a776c","name":"darka mazi","sameAs":["https:\/\/darkamazi.info\/"],"url":"https:\/\/darkamazi.info\/archives\/author\/kurdi"}]}},"_links":{"self":[{"href":"https:\/\/darkamazi.info\/funavuv\/wp\/v2\/posts\/1032959","targetHints":{"allow":["GET"]}}],"collection":[{"href":"https:\/\/darkamazi.info\/funavuv\/wp\/v2\/posts"}],"about":[{"href":"https:\/\/darkamazi.info\/funavuv\/wp\/v2\/types\/post"}],"author":[{"embeddable":true,"href":"https:\/\/darkamazi.info\/funavuv\/wp\/v2\/users\/2"}],"replies":[{"embeddable":true,"href":"https:\/\/darkamazi.info\/funavuv\/wp\/v2\/comments?post=1032959"}],"version-history":[{"count":0,"href":"https:\/\/darkamazi.info\/funavuv\/wp\/v2\/posts\/1032959\/revisions"}],"wp:featuredmedia":[{"embeddable":true,"href":"https:\/\/darkamazi.info\/funavuv\/wp\/v2\/media\/1032961"}],"wp:attachment":[{"href":"https:\/\/darkamazi.info\/funavuv\/wp\/v2\/media?parent=1032959"}],"wp:term":[{"taxonomy":"category","embeddable":true,"href":"https:\/\/darkamazi.info\/funavuv\/wp\/v2\/categories?post=1032959"},{"taxonomy":"post_tag","embeddable":true,"href":"https:\/\/darkamazi.info\/funavuv\/wp\/v2\/tags?post=1032959"}],"curies":[{"name":"wp","href":"https:\/\/api.w.org\/{rel}","templated":true}]}}