{"id":1032978,"date":"2022-10-03T19:28:04","date_gmt":"2022-10-03T16:28:04","guid":{"rendered":"https:\/\/darkamazi.info\/?p=1032978"},"modified":"2022-10-03T19:28:04","modified_gmt":"2022-10-03T16:28:04","slug":"jura-pisesazi-u-bazirganiye-ya-diyarbekire-reveberiya-xwe-ya-nu-hilbijart","status":"publish","type":"post","link":"https:\/\/darkamazi.info\/archives\/1032978","title":{"rendered":"J\u00fbra Pi\u015fesaz\u00ee \u00fb Bazirganiy\u00ea ya Diyarbekir\u00ea r\u00eaveberiya xwe ya n\u00fb hilbijart"},"content":{"rendered":"<h3 style=\"text-align: justify\"><span style=\"font-family: 'arial black', sans-serif\">Li Diyarbekir\u00ea saziy\u00ean p\u00ee\u015fey\u00ean abor\u00ee, r\u00eaveberiy\u00ean xwe y\u00ean n\u00fb hilbijartin. J\u00fbra Pi\u015fesaz\u00ee \u00fb Bazirganiya Diyarbekir\u00ea (DTSO) j\u00ee bi 6 l\u00eesteyan r\u00eavbir\u00ean n\u00fb hilbijart. Karsaz\u00ean ku namzet\u00ean r\u00eaveberiy\u00ea b\u00fbn \u00fb y\u00ean ku deng bi kar an\u00een, h\u00eav\u00ee \u00fb daxwaz\u00ean xwe ragihandin.<\/span><\/h3>\n<h3 style=\"text-align: justify\">Hilbijartin\u00ean J\u00fbra Pi\u015fesaz\u00ee \u00fb Bazirganiya Diyarbekir\u00ea, bi be\u015fdariyeke girsey\u00ee bir\u00eave \u00e7\u00fb. 16 gr\u00fbp\u00ean abor\u00ee ji bo r\u00eavebiriy\u00ean xwe y\u00ean n\u00fb hildibij\u00earin, bi L\u00eesteya Kesk, L\u00eesteya \u015e\u00een, L\u00eesteya Sor, L\u00eesteya Zer, L\u00eesteya Mor \u00fb L\u00eesteya Porteqal\u00ee be\u015fdar b\u00fbn.<\/h3>\n<h3 style=\"text-align: justify\">\u00a0Serok\u00ea J\u00fbra P\u00ee\u015fesaz\u00ee \u00fb Bazirganiy\u00ea ya Diyarbekir\u00ea Mehmet Kaya ji K24\u00ea re diyar kir: \u201cR\u00eaxistina karsaz\u00ean baj\u00ear ku 21 hezar endam\u00ean w\u00ea hene, bi v\u00ea hilbijartin\u00ea r\u00eavebiriya xwe hildibij\u00earin. Hilbijartin j\u00ee bi be\u015fdariyeke ba\u015f derbas b\u00fb. Ji bo hilbijartina r\u00eavebiriya xwe, be\u015fdariya wiha girsey\u00ee ku karsaz t\u00ean\u00a0 \u00fb deng\u00ean xwe didin, destn\u00ee\u015fana demokrasiy\u00ea ye \u00fb ciy\u00ea k\u00eafxwe\u015f\u00eey\u00ea ye. H\u00eav\u00eedar im r\u00eavebiriya n\u00fb ji bo Diyarbekir\u00ea bi x\u00ear be.\u201d<\/h3>\n<h3 style=\"text-align: justify\">Namzet\u00ea Listeya \u015e\u00een y\u00ea Serokatiya R\u00eavebiriya DTSOy\u00ea M\u00fbsa Karagoz\u00a0 j\u00ee da zan\u00een ku ew ji bo guhartin\u00ea b\u00fbne namzet \u00fb xwestine ku bi projey\u00ean xwe saziya karsazan bip\u00ea\u015f bixin.<\/h3>\n<h3 style=\"text-align: justify\">M\u00fbsa Karagoz ji K24\u00ea re diyar kir: \u201cBeriya her ti\u015ft\u00ee h\u00eav\u00eedar im, ji bo Diyarbekir\u00ea \u00fb karsazan k\u00eeja bi x\u00ear be, Xweday\u00ea Teala w\u00ee bike.\u201d<\/h3>\n<h3 style=\"text-align: justify\">Karsaz\u00ean ku deng\u00ean xwe bi kar an\u00een j\u00ee gir\u00eeng\u00ee dana derfet\u00ean ramedanan \u00fb berfireh kirina bazara karsazan gir\u00eeng nirandin.<\/h3>\n<h3 style=\"text-align: justify\">Karsaz Serdar Ay ragihan: \u201cBi rast\u00ee li Amed\u00ea li ser bazirganiy\u00ea gelek xebat t\u00ean kirin. Ew xebat j\u00ee ji bo hem\u00fb Kurdistan\u00ea t\u00ea me\u015fandin. Bawer im d\u00ea r\u00eavebiriya ku ji bo me ba\u015f \u00fb xwe\u015f be bi ser keve. Ev kes\u00ean ku li v\u00ea der\u00ea ne, gi\u015ft karsaz in \u00fb em\u00ea ray\u00ean xwe bikar b\u00eenin.\u201d<\/h3>\n<h3 style=\"text-align: justify\">Pi\u015ft\u00ee ku hilbijartin bi daw\u00ee b\u00fbn, serok\u00ea J\u00fbra Pi\u015fesaz\u00ee \u00fb Bazirganiya Diyarbekir\u00ea Mehmet Kaya, destxwe\u015f\u00ee li karsazan kir \u00fb an\u00ee ziman ku ew\u00ea xebat\u00ean xwe ji bo bip\u00ea\u015fxistina abor\u00ee, \u00e7and \u00fb civaka herem\u00ea berdewam bikin.<\/h3>\n","protected":false},"excerpt":{"rendered":"<p>Li Diyarbekir\u00ea saziy\u00ean p\u00ee\u015fey\u00ean abor\u00ee, r\u00eaveberiy\u00ean xwe y\u00ean n\u00fb hilbijartin. J\u00fbra Pi\u015fesaz\u00ee \u00fb Bazirganiya Diyarbekir\u00ea (DTSO) j\u00ee bi 6 l\u00eesteyan r\u00eavbir\u00ean n\u00fb hilbijart. Karsaz\u00ean ku namzet\u00ean r\u00eaveberiy\u00ea b\u00fbn \u00fb y\u00ean ku deng bi kar an\u00een, h\u00eav\u00ee \u00fb daxwaz\u00ean xwe ragihandin. Hilbijartin\u00ean J\u00fbra Pi\u015fesaz\u00ee \u00fb Bazirganiya Diyarbekir\u00ea, bi be\u015fdariyeke girsey\u00ee bir\u00eave \u00e7\u00fb. 16 gr\u00fbp\u00ean abor\u00ee ji [&hellip;]<\/p>\n","protected":false},"author":2,"featured_media":1032979,"comment_status":"closed","ping_status":"closed","sticky":false,"template":"","format":"standard","meta":{"footnotes":""},"categories":[29],"tags":[37],"class_list":["post-1032978","post","type-post","status-publish","format-standard","has-post-thumbnail","hentry","category-kurdistan","tag-sereke"],"blocksy_meta":[],"seo_head":"<!-- This site is optimized with the Yoast SEO plugin v27.5 - https:\/\/yoast.com\/product\/yoast-seo-wordpress\/ -->\n<title>J\u00fbra Pi\u015fesaz\u00ee \u00fb Bazirganiy\u00ea ya Diyarbekir\u00ea r\u00eaveberiya xwe ya n\u00fb hilbijart - Darka Maz\u00ee<\/title>\n<meta name=\"robots\" content=\"index, follow, max-snippet:-1, max-image-preview:large, max-video-preview:-1\" \/>\n<link rel=\"canonical\" href=\"https:\/\/darkamazi.info\/archives\/1032978\" \/>\n<meta property=\"og:locale\" content=\"en_US\" \/>\n<meta property=\"og:type\" content=\"article\" \/>\n<meta property=\"og:title\" content=\"J\u00fbra Pi\u015fesaz\u00ee \u00fb Bazirganiy\u00ea ya Diyarbekir\u00ea r\u00eaveberiya xwe ya n\u00fb hilbijart - Darka Maz\u00ee\" \/>\n<meta property=\"og:description\" content=\"Li Diyarbekir\u00ea saziy\u00ean p\u00ee\u015fey\u00ean abor\u00ee, r\u00eaveberiy\u00ean xwe y\u00ean n\u00fb hilbijartin. J\u00fbra Pi\u015fesaz\u00ee \u00fb Bazirganiya Diyarbekir\u00ea (DTSO) j\u00ee bi 6 l\u00eesteyan r\u00eavbir\u00ean n\u00fb hilbijart. Karsaz\u00ean ku namzet\u00ean r\u00eaveberiy\u00ea b\u00fbn \u00fb y\u00ean ku deng bi kar an\u00een, h\u00eav\u00ee \u00fb daxwaz\u00ean xwe ragihandin. Hilbijartin\u00ean J\u00fbra Pi\u015fesaz\u00ee \u00fb Bazirganiya Diyarbekir\u00ea, bi be\u015fdariyeke girsey\u00ee bir\u00eave \u00e7\u00fb. 16 gr\u00fbp\u00ean abor\u00ee ji [&hellip;]\" \/>\n<meta property=\"og:url\" content=\"https:\/\/darkamazi.info\/archives\/1032978\" \/>\n<meta property=\"og:site_name\" content=\"Darka Maz\u00ee\" \/>\n<meta property=\"article:publisher\" content=\"https:\/\/www.facebook.com\/DarMaziKurmanci\" \/>\n<meta property=\"article:published_time\" content=\"2022-10-03T16:28:04+00:00\" \/>\n<meta property=\"og:image\" content=\"https:\/\/darkamazi.info\/file\/2022\/10\/diyarbeki.jpg\" \/>\n\t<meta property=\"og:image:width\" content=\"900\" \/>\n\t<meta property=\"og:image:height\" content=\"497\" \/>\n\t<meta property=\"og:image:type\" content=\"image\/jpeg\" \/>\n<meta name=\"author\" content=\"darka mazi\" \/>\n<meta name=\"twitter:card\" content=\"summary_large_image\" \/>\n<meta name=\"twitter:creator\" content=\"@DarkaMaziLatini\" \/>\n<meta name=\"twitter:site\" content=\"@DarkaMaziLatini\" \/>\n<meta name=\"twitter:label1\" content=\"Written by\" \/>\n\t<meta name=\"twitter:data1\" content=\"darka mazi\" \/>\n\t<meta name=\"twitter:label2\" content=\"Est. reading time\" \/>\n\t<meta name=\"twitter:data2\" content=\"2 minutes\" \/>\n<script type=\"application\/ld+json\" class=\"seo-schema-graph\">{\"@context\":\"https:\\\/\\\/schema.org\",\"@graph\":[{\"@type\":\"Article\",\"@id\":\"https:\\\/\\\/darkamazi.info\\\/archives\\\/1032978#article\",\"isPartOf\":{\"@id\":\"https:\\\/\\\/darkamazi.info\\\/archives\\\/1032978\"},\"author\":{\"name\":\"darka mazi\",\"@id\":\"https:\\\/\\\/darkamazi.info\\\/#\\\/schema\\\/person\\\/5ad3e24553a0567993fa8ed4bd0a776c\"},\"headline\":\"J\u00fbra Pi\u015fesaz\u00ee \u00fb Bazirganiy\u00ea ya Diyarbekir\u00ea r\u00eaveberiya xwe ya n\u00fb hilbijart\",\"datePublished\":\"2022-10-03T16:28:04+00:00\",\"mainEntityOfPage\":{\"@id\":\"https:\\\/\\\/darkamazi.info\\\/archives\\\/1032978\"},\"wordCount\":389,\"publisher\":{\"@id\":\"https:\\\/\\\/darkamazi.info\\\/#organization\"},\"image\":{\"@id\":\"https:\\\/\\\/darkamazi.info\\\/archives\\\/1032978#primaryimage\"},\"thumbnailUrl\":\"https:\\\/\\\/darkamazi.info\\\/darka-content\\\/uploads\\\/2022\\\/10\\\/diyarbeki.jpg\",\"keywords\":[\"sereke\"],\"articleSection\":[\"Kurdistan\"],\"inLanguage\":\"en-US\"},{\"@type\":\"WebPage\",\"@id\":\"https:\\\/\\\/darkamazi.info\\\/archives\\\/1032978\",\"url\":\"https:\\\/\\\/darkamazi.info\\\/archives\\\/1032978\",\"name\":\"J\u00fbra Pi\u015fesaz\u00ee \u00fb Bazirganiy\u00ea ya Diyarbekir\u00ea r\u00eaveberiya xwe ya n\u00fb hilbijart - Darka Maz\u00ee\",\"isPartOf\":{\"@id\":\"https:\\\/\\\/darkamazi.info\\\/#website\"},\"primaryImageOfPage\":{\"@id\":\"https:\\\/\\\/darkamazi.info\\\/archives\\\/1032978#primaryimage\"},\"image\":{\"@id\":\"https:\\\/\\\/darkamazi.info\\\/archives\\\/1032978#primaryimage\"},\"thumbnailUrl\":\"https:\\\/\\\/darkamazi.info\\\/darka-content\\\/uploads\\\/2022\\\/10\\\/diyarbeki.jpg\",\"datePublished\":\"2022-10-03T16:28:04+00:00\",\"breadcrumb\":{\"@id\":\"https:\\\/\\\/darkamazi.info\\\/archives\\\/1032978#breadcrumb\"},\"inLanguage\":\"en-US\",\"potentialAction\":[{\"@type\":\"ReadAction\",\"target\":[\"https:\\\/\\\/darkamazi.info\\\/archives\\\/1032978\"]}]},{\"@type\":\"ImageObject\",\"inLanguage\":\"en-US\",\"@id\":\"https:\\\/\\\/darkamazi.info\\\/archives\\\/1032978#primaryimage\",\"url\":\"https:\\\/\\\/darkamazi.info\\\/darka-content\\\/uploads\\\/2022\\\/10\\\/diyarbeki.jpg\",\"contentUrl\":\"https:\\\/\\\/darkamazi.info\\\/darka-content\\\/uploads\\\/2022\\\/10\\\/diyarbeki.jpg\",\"width\":900,\"height\":497,\"caption\":\"J\u00fbra Pi\u015fesaz\u00ee \u00fb Bazirganiy\u00ea ya Diyarbekir\u00ea r\u00eaveberiya xwe ya n\u00fb hilbijart\"},{\"@type\":\"BreadcrumbList\",\"@id\":\"https:\\\/\\\/darkamazi.info\\\/archives\\\/1032978#breadcrumb\",\"itemListElement\":[{\"@type\":\"ListItem\",\"position\":1,\"name\":\"Home\",\"item\":\"https:\\\/\\\/darkamazi.info\\\/\"},{\"@type\":\"ListItem\",\"position\":2,\"name\":\"J\u00fbra Pi\u015fesaz\u00ee \u00fb Bazirganiy\u00ea ya Diyarbekir\u00ea r\u00eaveberiya xwe ya n\u00fb hilbijart\"}]},{\"@type\":\"WebSite\",\"@id\":\"https:\\\/\\\/darkamazi.info\\\/#website\",\"url\":\"https:\\\/\\\/darkamazi.info\\\/\",\"name\":\"Darka Maz\u00ee\",\"description\":\"P\u00eageha Zanyariy\u00ean Nebih\u00eest\u00ee\",\"publisher\":{\"@id\":\"https:\\\/\\\/darkamazi.info\\\/#organization\"},\"potentialAction\":[{\"@type\":\"SearchAction\",\"target\":{\"@type\":\"EntryPoint\",\"urlTemplate\":\"https:\\\/\\\/darkamazi.info\\\/?s={search_term_string}\"},\"query-input\":{\"@type\":\"PropertyValueSpecification\",\"valueRequired\":true,\"valueName\":\"search_term_string\"}}],\"inLanguage\":\"en-US\"},{\"@type\":\"Organization\",\"@id\":\"https:\\\/\\\/darkamazi.info\\\/#organization\",\"name\":\"Darka Maz\u00ee\",\"url\":\"https:\\\/\\\/darkamazi.info\\\/\",\"logo\":{\"@type\":\"ImageObject\",\"inLanguage\":\"en-US\",\"@id\":\"https:\\\/\\\/darkamazi.info\\\/#\\\/schema\\\/logo\\\/image\\\/\",\"url\":\"https:\\\/\\\/darkamazi.info\\\/darka-content\\\/uploads\\\/2017\\\/12\\\/darka-mazi-logo.png\",\"contentUrl\":\"https:\\\/\\\/darkamazi.info\\\/darka-content\\\/uploads\\\/2017\\\/12\\\/darka-mazi-logo.png\",\"width\":151,\"height\":75,\"caption\":\"Darka Maz\u00ee\"},\"image\":{\"@id\":\"https:\\\/\\\/darkamazi.info\\\/#\\\/schema\\\/logo\\\/image\\\/\"},\"sameAs\":[\"https:\\\/\\\/www.facebook.com\\\/DarMaziKurmanci\",\"https:\\\/\\\/x.com\\\/DarkaMaziLatini\",\"https:\\\/\\\/www.instagram.com\\\/darkamazi.kurmanci\\\/\",\"https:\\\/\\\/www.youtube.com\\\/channel\\\/UCa5HkTdmI8U1qCUFuTw8B2g\"]},{\"@type\":\"Person\",\"@id\":\"https:\\\/\\\/darkamazi.info\\\/#\\\/schema\\\/person\\\/5ad3e24553a0567993fa8ed4bd0a776c\",\"name\":\"darka mazi\",\"sameAs\":[\"https:\\\/\\\/darkamazi.info\\\/\"],\"url\":\"https:\\\/\\\/darkamazi.info\\\/archives\\\/author\\\/kurdi\"}]}<\/script>\n<!-- \/ Yoast SEO plugin. -->","seo_head_json":{"title":"J\u00fbra Pi\u015fesaz\u00ee \u00fb Bazirganiy\u00ea ya Diyarbekir\u00ea r\u00eaveberiya xwe ya n\u00fb hilbijart - Darka Maz\u00ee","robots":{"index":"index","follow":"follow","max-snippet":"max-snippet:-1","max-image-preview":"max-image-preview:large","max-video-preview":"max-video-preview:-1"},"canonical":"https:\/\/darkamazi.info\/archives\/1032978","og_locale":"en_US","og_type":"article","og_title":"J\u00fbra Pi\u015fesaz\u00ee \u00fb Bazirganiy\u00ea ya Diyarbekir\u00ea r\u00eaveberiya xwe ya n\u00fb hilbijart - Darka Maz\u00ee","og_description":"Li Diyarbekir\u00ea saziy\u00ean p\u00ee\u015fey\u00ean abor\u00ee, r\u00eaveberiy\u00ean xwe y\u00ean n\u00fb hilbijartin. J\u00fbra Pi\u015fesaz\u00ee \u00fb Bazirganiya Diyarbekir\u00ea (DTSO) j\u00ee bi 6 l\u00eesteyan r\u00eavbir\u00ean n\u00fb hilbijart. Karsaz\u00ean ku namzet\u00ean r\u00eaveberiy\u00ea b\u00fbn \u00fb y\u00ean ku deng bi kar an\u00een, h\u00eav\u00ee \u00fb daxwaz\u00ean xwe ragihandin. Hilbijartin\u00ean J\u00fbra Pi\u015fesaz\u00ee \u00fb Bazirganiya Diyarbekir\u00ea, bi be\u015fdariyeke girsey\u00ee bir\u00eave \u00e7\u00fb. 16 gr\u00fbp\u00ean abor\u00ee ji [&hellip;]","og_url":"https:\/\/darkamazi.info\/archives\/1032978","og_site_name":"Darka Maz\u00ee","article_publisher":"https:\/\/www.facebook.com\/DarMaziKurmanci","article_published_time":"2022-10-03T16:28:04+00:00","og_image":[{"width":900,"height":497,"url":"https:\/\/darkamazi.info\/file\/2022\/10\/diyarbeki.jpg","type":"image\/jpeg"}],"author":"darka mazi","twitter_card":"summary_large_image","twitter_creator":"@DarkaMaziLatini","twitter_site":"@DarkaMaziLatini","twitter_misc":{"Written by":"darka mazi","Est. reading time":"2 minutes"},"schema":{"@context":"https:\/\/schema.org","@graph":[{"@type":"Article","@id":"https:\/\/darkamazi.info\/archives\/1032978#article","isPartOf":{"@id":"https:\/\/darkamazi.info\/archives\/1032978"},"author":{"name":"darka mazi","@id":"https:\/\/darkamazi.info\/#\/schema\/person\/5ad3e24553a0567993fa8ed4bd0a776c"},"headline":"J\u00fbra Pi\u015fesaz\u00ee \u00fb Bazirganiy\u00ea ya Diyarbekir\u00ea r\u00eaveberiya xwe ya n\u00fb hilbijart","datePublished":"2022-10-03T16:28:04+00:00","mainEntityOfPage":{"@id":"https:\/\/darkamazi.info\/archives\/1032978"},"wordCount":389,"publisher":{"@id":"https:\/\/darkamazi.info\/#organization"},"image":{"@id":"https:\/\/darkamazi.info\/archives\/1032978#primaryimage"},"thumbnailUrl":"https:\/\/darkamazi.info\/file\/2022\/10\/diyarbeki.jpg","keywords":["sereke"],"articleSection":["Kurdistan"],"inLanguage":"en-US"},{"@type":"WebPage","@id":"https:\/\/darkamazi.info\/archives\/1032978","url":"https:\/\/darkamazi.info\/archives\/1032978","name":"J\u00fbra Pi\u015fesaz\u00ee \u00fb Bazirganiy\u00ea ya Diyarbekir\u00ea r\u00eaveberiya xwe ya n\u00fb hilbijart - Darka Maz\u00ee","isPartOf":{"@id":"https:\/\/darkamazi.info\/#website"},"primaryImageOfPage":{"@id":"https:\/\/darkamazi.info\/archives\/1032978#primaryimage"},"image":{"@id":"https:\/\/darkamazi.info\/archives\/1032978#primaryimage"},"thumbnailUrl":"https:\/\/darkamazi.info\/file\/2022\/10\/diyarbeki.jpg","datePublished":"2022-10-03T16:28:04+00:00","breadcrumb":{"@id":"https:\/\/darkamazi.info\/archives\/1032978#breadcrumb"},"inLanguage":"en-US","potentialAction":[{"@type":"ReadAction","target":["https:\/\/darkamazi.info\/archives\/1032978"]}]},{"@type":"ImageObject","inLanguage":"en-US","@id":"https:\/\/darkamazi.info\/archives\/1032978#primaryimage","url":"https:\/\/darkamazi.info\/file\/2022\/10\/diyarbeki.jpg","contentUrl":"https:\/\/darkamazi.info\/file\/2022\/10\/diyarbeki.jpg","width":900,"height":497,"caption":"J\u00fbra Pi\u015fesaz\u00ee \u00fb Bazirganiy\u00ea ya Diyarbekir\u00ea r\u00eaveberiya xwe ya n\u00fb hilbijart"},{"@type":"BreadcrumbList","@id":"https:\/\/darkamazi.info\/archives\/1032978#breadcrumb","itemListElement":[{"@type":"ListItem","position":1,"name":"Home","item":"https:\/\/darkamazi.info\/"},{"@type":"ListItem","position":2,"name":"J\u00fbra Pi\u015fesaz\u00ee \u00fb Bazirganiy\u00ea ya Diyarbekir\u00ea r\u00eaveberiya xwe ya n\u00fb hilbijart"}]},{"@type":"WebSite","@id":"https:\/\/darkamazi.info\/#website","url":"https:\/\/darkamazi.info\/","name":"Darka Maz\u00ee","description":"P\u00eageha Zanyariy\u00ean Nebih\u00eest\u00ee","publisher":{"@id":"https:\/\/darkamazi.info\/#organization"},"potentialAction":[{"@type":"SearchAction","target":{"@type":"EntryPoint","urlTemplate":"https:\/\/darkamazi.info\/?s={search_term_string}"},"query-input":{"@type":"PropertyValueSpecification","valueRequired":true,"valueName":"search_term_string"}}],"inLanguage":"en-US"},{"@type":"Organization","@id":"https:\/\/darkamazi.info\/#organization","name":"Darka Maz\u00ee","url":"https:\/\/darkamazi.info\/","logo":{"@type":"ImageObject","inLanguage":"en-US","@id":"https:\/\/darkamazi.info\/#\/schema\/logo\/image\/","url":"https:\/\/darkamazi.info\/file\/2017\/12\/darka-mazi-logo.png","contentUrl":"https:\/\/darkamazi.info\/file\/2017\/12\/darka-mazi-logo.png","width":151,"height":75,"caption":"Darka Maz\u00ee"},"image":{"@id":"https:\/\/darkamazi.info\/#\/schema\/logo\/image\/"},"sameAs":["https:\/\/www.facebook.com\/DarMaziKurmanci","https:\/\/x.com\/DarkaMaziLatini","https:\/\/www.instagram.com\/darkamazi.kurmanci\/","https:\/\/www.youtube.com\/channel\/UCa5HkTdmI8U1qCUFuTw8B2g"]},{"@type":"Person","@id":"https:\/\/darkamazi.info\/#\/schema\/person\/5ad3e24553a0567993fa8ed4bd0a776c","name":"darka mazi","sameAs":["https:\/\/darkamazi.info\/"],"url":"https:\/\/darkamazi.info\/archives\/author\/kurdi"}]}},"_links":{"self":[{"href":"https:\/\/darkamazi.info\/funavuv\/wp\/v2\/posts\/1032978","targetHints":{"allow":["GET"]}}],"collection":[{"href":"https:\/\/darkamazi.info\/funavuv\/wp\/v2\/posts"}],"about":[{"href":"https:\/\/darkamazi.info\/funavuv\/wp\/v2\/types\/post"}],"author":[{"embeddable":true,"href":"https:\/\/darkamazi.info\/funavuv\/wp\/v2\/users\/2"}],"replies":[{"embeddable":true,"href":"https:\/\/darkamazi.info\/funavuv\/wp\/v2\/comments?post=1032978"}],"version-history":[{"count":0,"href":"https:\/\/darkamazi.info\/funavuv\/wp\/v2\/posts\/1032978\/revisions"}],"wp:featuredmedia":[{"embeddable":true,"href":"https:\/\/darkamazi.info\/funavuv\/wp\/v2\/media\/1032979"}],"wp:attachment":[{"href":"https:\/\/darkamazi.info\/funavuv\/wp\/v2\/media?parent=1032978"}],"wp:term":[{"taxonomy":"category","embeddable":true,"href":"https:\/\/darkamazi.info\/funavuv\/wp\/v2\/categories?post=1032978"},{"taxonomy":"post_tag","embeddable":true,"href":"https:\/\/darkamazi.info\/funavuv\/wp\/v2\/tags?post=1032978"}],"curies":[{"name":"wp","href":"https:\/\/api.w.org\/{rel}","templated":true}]}}