{"id":1033002,"date":"2022-10-05T09:44:46","date_gmt":"2022-10-05T06:44:46","guid":{"rendered":"https:\/\/darkamazi.info\/?p=1033002"},"modified":"2022-10-05T09:44:46","modified_gmt":"2022-10-05T06:44:46","slug":"artesa-tirkiye-gunden-til-temire-bi-girani-topbarankirin","status":"publish","type":"post","link":"https:\/\/darkamazi.info\/archives\/1033002","title":{"rendered":"Art\u00ea\u015fa Tirkiy\u00ea gund\u00ean Til Temir\u00ea bi giran\u00ee topbarankirin"},"content":{"rendered":"<h3 style=\"text-align: justify\"><span style=\"font-family: 'arial black', sans-serif\">Art\u00ea\u015fa Tirkiy\u00ea \u00fb gr\u00fbp\u00ean \u00e7ekdar \u00ean ser bi w\u00ea ve, bi z\u00eadetir\u00ee ji 40 top\u00ee nahiya Zergan\u00ea \u00fb gund\u00ea Dada Ebdal y\u00ean ser bi Til Temir\u00ea ve topbaran kirin.<\/span><\/h3>\n<h3 style=\"text-align: justify\"><span style=\"font-family: arial, helvetica, sans-serif\">Rewangeha S\u00fbr\u00ee ya Maf\u00ean Mirovan belav kir, Art\u00ea\u015fa Tirkiy\u00ea \u00fb gr\u00fbp\u00ean \u00e7ekdar bajarok\u00ea Zirgan\u00ea \u00fb gund\u00ea Dada Ebdal bi giran\u00ee da ber topan \u00fb di encam\u00ea de jinek bir\u00eendar b\u00fb.<\/span><\/h3>\n<h3 style=\"text-align: justify\"><span style=\"font-family: arial, helvetica, sans-serif\">Da zan\u00een j\u00ee, ji ber giraniya topbaran\u00ea, hejmarek ji gundiyan mal\u00ean xwe bi cih h\u00ee\u015ftin \u00fb ber bi cih\u00ea aramtir ko\u00e7ber b\u00fbn.<\/span><\/h3>\n<h3 style=\"text-align: justify\"><span style=\"font-family: arial, helvetica, sans-serif\">Li gor\u00ee zanyariy\u00ean xwecih\u00ee j\u00ee, h\u00eaz\u00ean ser bi Tirkiy\u00ea ve gund\u00ean \u015eor, Ebo\u015f \u00fb Dirdara y\u00ean li ser bi Til Temir\u00ea ve j\u00ee topbaran kirin.<\/span><\/h3>\n<h3 style=\"text-align: justify\"><span style=\"font-family: arial, helvetica, sans-serif\">Duh\u00ee j\u00ee art\u00ea\u015fa Tirkiy\u00ea \u00fb gr\u00fbp\u00ean \u00e7ekdaran gund\u00ean Koban\u00ea, Eyn \u00cesa \u00fb Til Temir\u00ea dan ber topan \u00fb di encam\u00ea de hejmarek kes bir\u00eendar b\u00fbb\u00fbn.<\/span><\/h3>\n<h3 style=\"text-align: justify\"><span style=\"font-family: arial, helvetica, sans-serif\">Di dema daw\u00ee de, \u00ear\u00ee\u015f\u00ean Tirkiy\u00ea li ser Rojavay\u00ea Kurdistan\u00ea \u00fb her\u00eam\u00ean di bin kontrola HSD\u00ea de z\u00eade b\u00fbne. Duh\u00ee j\u00ee Wezareta Berevaniy\u00ea ya Tirkiy\u00ea ku\u015ftina 7 endam\u00ean HSD\u00ea di \u00ear\u00ee\u015feke wan de ragihandib\u00fb.<\/span><\/h3>\n","protected":false},"excerpt":{"rendered":"<p>Art\u00ea\u015fa Tirkiy\u00ea \u00fb gr\u00fbp\u00ean \u00e7ekdar \u00ean ser bi w\u00ea ve, bi z\u00eadetir\u00ee ji 40 top\u00ee nahiya Zergan\u00ea \u00fb gund\u00ea Dada Ebdal y\u00ean ser bi Til Temir\u00ea ve topbaran kirin. Rewangeha S\u00fbr\u00ee ya Maf\u00ean Mirovan belav kir, Art\u00ea\u015fa Tirkiy\u00ea \u00fb gr\u00fbp\u00ean \u00e7ekdar bajarok\u00ea Zirgan\u00ea \u00fb gund\u00ea Dada Ebdal bi giran\u00ee da ber topan \u00fb di encam\u00ea [&hellip;]<\/p>\n","protected":false},"author":2,"featured_media":1033004,"comment_status":"closed","ping_status":"closed","sticky":false,"template":"","format":"standard","meta":{"footnotes":""},"categories":[29],"tags":[37],"class_list":["post-1033002","post","type-post","status-publish","format-standard","has-post-thumbnail","hentry","category-kurdistan","tag-sereke"],"blocksy_meta":[],"seo_head":"<!-- This site is optimized with the Yoast SEO plugin v27.5 - https:\/\/yoast.com\/product\/yoast-seo-wordpress\/ -->\n<title>Art\u00ea\u015fa Tirkiy\u00ea gund\u00ean Til Temir\u00ea bi giran\u00ee topbarankirin - Darka Maz\u00ee<\/title>\n<meta name=\"robots\" content=\"index, follow, max-snippet:-1, max-image-preview:large, max-video-preview:-1\" \/>\n<link rel=\"canonical\" href=\"https:\/\/darkamazi.info\/archives\/1033002\" \/>\n<meta property=\"og:locale\" content=\"en_US\" \/>\n<meta property=\"og:type\" content=\"article\" \/>\n<meta property=\"og:title\" content=\"Art\u00ea\u015fa Tirkiy\u00ea gund\u00ean Til Temir\u00ea bi giran\u00ee topbarankirin - Darka Maz\u00ee\" \/>\n<meta property=\"og:description\" content=\"Art\u00ea\u015fa Tirkiy\u00ea \u00fb gr\u00fbp\u00ean \u00e7ekdar \u00ean ser bi w\u00ea ve, bi z\u00eadetir\u00ee ji 40 top\u00ee nahiya Zergan\u00ea \u00fb gund\u00ea Dada Ebdal y\u00ean ser bi Til Temir\u00ea ve topbaran kirin. Rewangeha S\u00fbr\u00ee ya Maf\u00ean Mirovan belav kir, Art\u00ea\u015fa Tirkiy\u00ea \u00fb gr\u00fbp\u00ean \u00e7ekdar bajarok\u00ea Zirgan\u00ea \u00fb gund\u00ea Dada Ebdal bi giran\u00ee da ber topan \u00fb di encam\u00ea [&hellip;]\" \/>\n<meta property=\"og:url\" content=\"https:\/\/darkamazi.info\/archives\/1033002\" \/>\n<meta property=\"og:site_name\" content=\"Darka Maz\u00ee\" \/>\n<meta property=\"article:publisher\" content=\"https:\/\/www.facebook.com\/DarMaziKurmanci\" \/>\n<meta property=\"article:published_time\" content=\"2022-10-05T06:44:46+00:00\" \/>\n<meta property=\"og:image\" content=\"https:\/\/darkamazi.info\/file\/2022\/10\/turkey-tiltamir-rojava-kurdistan.jpg\" \/>\n\t<meta property=\"og:image:width\" content=\"900\" \/>\n\t<meta property=\"og:image:height\" content=\"497\" \/>\n\t<meta property=\"og:image:type\" content=\"image\/jpeg\" \/>\n<meta name=\"author\" content=\"darka mazi\" \/>\n<meta name=\"twitter:card\" content=\"summary_large_image\" \/>\n<meta name=\"twitter:creator\" content=\"@DarkaMaziLatini\" \/>\n<meta name=\"twitter:site\" content=\"@DarkaMaziLatini\" \/>\n<meta name=\"twitter:label1\" content=\"Written by\" \/>\n\t<meta name=\"twitter:data1\" content=\"darka mazi\" \/>\n\t<meta name=\"twitter:label2\" content=\"Est. reading time\" \/>\n\t<meta name=\"twitter:data2\" content=\"1 minute\" \/>\n<script type=\"application\/ld+json\" class=\"seo-schema-graph\">{\"@context\":\"https:\\\/\\\/schema.org\",\"@graph\":[{\"@type\":\"Article\",\"@id\":\"https:\\\/\\\/darkamazi.info\\\/archives\\\/1033002#article\",\"isPartOf\":{\"@id\":\"https:\\\/\\\/darkamazi.info\\\/archives\\\/1033002\"},\"author\":{\"name\":\"darka mazi\",\"@id\":\"https:\\\/\\\/darkamazi.info\\\/#\\\/schema\\\/person\\\/5ad3e24553a0567993fa8ed4bd0a776c\"},\"headline\":\"Art\u00ea\u015fa Tirkiy\u00ea gund\u00ean Til Temir\u00ea bi giran\u00ee topbarankirin\",\"datePublished\":\"2022-10-05T06:44:46+00:00\",\"mainEntityOfPage\":{\"@id\":\"https:\\\/\\\/darkamazi.info\\\/archives\\\/1033002\"},\"wordCount\":198,\"publisher\":{\"@id\":\"https:\\\/\\\/darkamazi.info\\\/#organization\"},\"image\":{\"@id\":\"https:\\\/\\\/darkamazi.info\\\/archives\\\/1033002#primaryimage\"},\"thumbnailUrl\":\"https:\\\/\\\/darkamazi.info\\\/darka-content\\\/uploads\\\/2022\\\/10\\\/turkey-tiltamir-rojava-kurdistan.jpg\",\"keywords\":[\"sereke\"],\"articleSection\":[\"Kurdistan\"],\"inLanguage\":\"en-US\"},{\"@type\":\"WebPage\",\"@id\":\"https:\\\/\\\/darkamazi.info\\\/archives\\\/1033002\",\"url\":\"https:\\\/\\\/darkamazi.info\\\/archives\\\/1033002\",\"name\":\"Art\u00ea\u015fa Tirkiy\u00ea gund\u00ean Til Temir\u00ea bi giran\u00ee topbarankirin - Darka Maz\u00ee\",\"isPartOf\":{\"@id\":\"https:\\\/\\\/darkamazi.info\\\/#website\"},\"primaryImageOfPage\":{\"@id\":\"https:\\\/\\\/darkamazi.info\\\/archives\\\/1033002#primaryimage\"},\"image\":{\"@id\":\"https:\\\/\\\/darkamazi.info\\\/archives\\\/1033002#primaryimage\"},\"thumbnailUrl\":\"https:\\\/\\\/darkamazi.info\\\/darka-content\\\/uploads\\\/2022\\\/10\\\/turkey-tiltamir-rojava-kurdistan.jpg\",\"datePublished\":\"2022-10-05T06:44:46+00:00\",\"breadcrumb\":{\"@id\":\"https:\\\/\\\/darkamazi.info\\\/archives\\\/1033002#breadcrumb\"},\"inLanguage\":\"en-US\",\"potentialAction\":[{\"@type\":\"ReadAction\",\"target\":[\"https:\\\/\\\/darkamazi.info\\\/archives\\\/1033002\"]}]},{\"@type\":\"ImageObject\",\"inLanguage\":\"en-US\",\"@id\":\"https:\\\/\\\/darkamazi.info\\\/archives\\\/1033002#primaryimage\",\"url\":\"https:\\\/\\\/darkamazi.info\\\/darka-content\\\/uploads\\\/2022\\\/10\\\/turkey-tiltamir-rojava-kurdistan.jpg\",\"contentUrl\":\"https:\\\/\\\/darkamazi.info\\\/darka-content\\\/uploads\\\/2022\\\/10\\\/turkey-tiltamir-rojava-kurdistan.jpg\",\"width\":900,\"height\":497,\"caption\":\"turkey-tiltamir-rojava-kurdistan\"},{\"@type\":\"BreadcrumbList\",\"@id\":\"https:\\\/\\\/darkamazi.info\\\/archives\\\/1033002#breadcrumb\",\"itemListElement\":[{\"@type\":\"ListItem\",\"position\":1,\"name\":\"Home\",\"item\":\"https:\\\/\\\/darkamazi.info\\\/\"},{\"@type\":\"ListItem\",\"position\":2,\"name\":\"Art\u00ea\u015fa Tirkiy\u00ea gund\u00ean Til Temir\u00ea bi giran\u00ee topbarankirin\"}]},{\"@type\":\"WebSite\",\"@id\":\"https:\\\/\\\/darkamazi.info\\\/#website\",\"url\":\"https:\\\/\\\/darkamazi.info\\\/\",\"name\":\"Darka Maz\u00ee\",\"description\":\"P\u00eageha Zanyariy\u00ean Nebih\u00eest\u00ee\",\"publisher\":{\"@id\":\"https:\\\/\\\/darkamazi.info\\\/#organization\"},\"potentialAction\":[{\"@type\":\"SearchAction\",\"target\":{\"@type\":\"EntryPoint\",\"urlTemplate\":\"https:\\\/\\\/darkamazi.info\\\/?s={search_term_string}\"},\"query-input\":{\"@type\":\"PropertyValueSpecification\",\"valueRequired\":true,\"valueName\":\"search_term_string\"}}],\"inLanguage\":\"en-US\"},{\"@type\":\"Organization\",\"@id\":\"https:\\\/\\\/darkamazi.info\\\/#organization\",\"name\":\"Darka Maz\u00ee\",\"url\":\"https:\\\/\\\/darkamazi.info\\\/\",\"logo\":{\"@type\":\"ImageObject\",\"inLanguage\":\"en-US\",\"@id\":\"https:\\\/\\\/darkamazi.info\\\/#\\\/schema\\\/logo\\\/image\\\/\",\"url\":\"https:\\\/\\\/darkamazi.info\\\/darka-content\\\/uploads\\\/2017\\\/12\\\/darka-mazi-logo.png\",\"contentUrl\":\"https:\\\/\\\/darkamazi.info\\\/darka-content\\\/uploads\\\/2017\\\/12\\\/darka-mazi-logo.png\",\"width\":151,\"height\":75,\"caption\":\"Darka Maz\u00ee\"},\"image\":{\"@id\":\"https:\\\/\\\/darkamazi.info\\\/#\\\/schema\\\/logo\\\/image\\\/\"},\"sameAs\":[\"https:\\\/\\\/www.facebook.com\\\/DarMaziKurmanci\",\"https:\\\/\\\/x.com\\\/DarkaMaziLatini\",\"https:\\\/\\\/www.instagram.com\\\/darkamazi.kurmanci\\\/\",\"https:\\\/\\\/www.youtube.com\\\/channel\\\/UCa5HkTdmI8U1qCUFuTw8B2g\"]},{\"@type\":\"Person\",\"@id\":\"https:\\\/\\\/darkamazi.info\\\/#\\\/schema\\\/person\\\/5ad3e24553a0567993fa8ed4bd0a776c\",\"name\":\"darka mazi\",\"sameAs\":[\"https:\\\/\\\/darkamazi.info\\\/\"],\"url\":\"https:\\\/\\\/darkamazi.info\\\/archives\\\/author\\\/kurdi\"}]}<\/script>\n<!-- \/ Yoast SEO plugin. -->","seo_head_json":{"title":"Art\u00ea\u015fa Tirkiy\u00ea gund\u00ean Til Temir\u00ea bi giran\u00ee topbarankirin - Darka Maz\u00ee","robots":{"index":"index","follow":"follow","max-snippet":"max-snippet:-1","max-image-preview":"max-image-preview:large","max-video-preview":"max-video-preview:-1"},"canonical":"https:\/\/darkamazi.info\/archives\/1033002","og_locale":"en_US","og_type":"article","og_title":"Art\u00ea\u015fa Tirkiy\u00ea gund\u00ean Til Temir\u00ea bi giran\u00ee topbarankirin - Darka Maz\u00ee","og_description":"Art\u00ea\u015fa Tirkiy\u00ea \u00fb gr\u00fbp\u00ean \u00e7ekdar \u00ean ser bi w\u00ea ve, bi z\u00eadetir\u00ee ji 40 top\u00ee nahiya Zergan\u00ea \u00fb gund\u00ea Dada Ebdal y\u00ean ser bi Til Temir\u00ea ve topbaran kirin. Rewangeha S\u00fbr\u00ee ya Maf\u00ean Mirovan belav kir, Art\u00ea\u015fa Tirkiy\u00ea \u00fb gr\u00fbp\u00ean \u00e7ekdar bajarok\u00ea Zirgan\u00ea \u00fb gund\u00ea Dada Ebdal bi giran\u00ee da ber topan \u00fb di encam\u00ea [&hellip;]","og_url":"https:\/\/darkamazi.info\/archives\/1033002","og_site_name":"Darka Maz\u00ee","article_publisher":"https:\/\/www.facebook.com\/DarMaziKurmanci","article_published_time":"2022-10-05T06:44:46+00:00","og_image":[{"width":900,"height":497,"url":"https:\/\/darkamazi.info\/file\/2022\/10\/turkey-tiltamir-rojava-kurdistan.jpg","type":"image\/jpeg"}],"author":"darka mazi","twitter_card":"summary_large_image","twitter_creator":"@DarkaMaziLatini","twitter_site":"@DarkaMaziLatini","twitter_misc":{"Written by":"darka mazi","Est. reading time":"1 minute"},"schema":{"@context":"https:\/\/schema.org","@graph":[{"@type":"Article","@id":"https:\/\/darkamazi.info\/archives\/1033002#article","isPartOf":{"@id":"https:\/\/darkamazi.info\/archives\/1033002"},"author":{"name":"darka mazi","@id":"https:\/\/darkamazi.info\/#\/schema\/person\/5ad3e24553a0567993fa8ed4bd0a776c"},"headline":"Art\u00ea\u015fa Tirkiy\u00ea gund\u00ean Til Temir\u00ea bi giran\u00ee topbarankirin","datePublished":"2022-10-05T06:44:46+00:00","mainEntityOfPage":{"@id":"https:\/\/darkamazi.info\/archives\/1033002"},"wordCount":198,"publisher":{"@id":"https:\/\/darkamazi.info\/#organization"},"image":{"@id":"https:\/\/darkamazi.info\/archives\/1033002#primaryimage"},"thumbnailUrl":"https:\/\/darkamazi.info\/file\/2022\/10\/turkey-tiltamir-rojava-kurdistan.jpg","keywords":["sereke"],"articleSection":["Kurdistan"],"inLanguage":"en-US"},{"@type":"WebPage","@id":"https:\/\/darkamazi.info\/archives\/1033002","url":"https:\/\/darkamazi.info\/archives\/1033002","name":"Art\u00ea\u015fa Tirkiy\u00ea gund\u00ean Til Temir\u00ea bi giran\u00ee topbarankirin - Darka Maz\u00ee","isPartOf":{"@id":"https:\/\/darkamazi.info\/#website"},"primaryImageOfPage":{"@id":"https:\/\/darkamazi.info\/archives\/1033002#primaryimage"},"image":{"@id":"https:\/\/darkamazi.info\/archives\/1033002#primaryimage"},"thumbnailUrl":"https:\/\/darkamazi.info\/file\/2022\/10\/turkey-tiltamir-rojava-kurdistan.jpg","datePublished":"2022-10-05T06:44:46+00:00","breadcrumb":{"@id":"https:\/\/darkamazi.info\/archives\/1033002#breadcrumb"},"inLanguage":"en-US","potentialAction":[{"@type":"ReadAction","target":["https:\/\/darkamazi.info\/archives\/1033002"]}]},{"@type":"ImageObject","inLanguage":"en-US","@id":"https:\/\/darkamazi.info\/archives\/1033002#primaryimage","url":"https:\/\/darkamazi.info\/file\/2022\/10\/turkey-tiltamir-rojava-kurdistan.jpg","contentUrl":"https:\/\/darkamazi.info\/file\/2022\/10\/turkey-tiltamir-rojava-kurdistan.jpg","width":900,"height":497,"caption":"turkey-tiltamir-rojava-kurdistan"},{"@type":"BreadcrumbList","@id":"https:\/\/darkamazi.info\/archives\/1033002#breadcrumb","itemListElement":[{"@type":"ListItem","position":1,"name":"Home","item":"https:\/\/darkamazi.info\/"},{"@type":"ListItem","position":2,"name":"Art\u00ea\u015fa Tirkiy\u00ea gund\u00ean Til Temir\u00ea bi giran\u00ee topbarankirin"}]},{"@type":"WebSite","@id":"https:\/\/darkamazi.info\/#website","url":"https:\/\/darkamazi.info\/","name":"Darka Maz\u00ee","description":"P\u00eageha Zanyariy\u00ean Nebih\u00eest\u00ee","publisher":{"@id":"https:\/\/darkamazi.info\/#organization"},"potentialAction":[{"@type":"SearchAction","target":{"@type":"EntryPoint","urlTemplate":"https:\/\/darkamazi.info\/?s={search_term_string}"},"query-input":{"@type":"PropertyValueSpecification","valueRequired":true,"valueName":"search_term_string"}}],"inLanguage":"en-US"},{"@type":"Organization","@id":"https:\/\/darkamazi.info\/#organization","name":"Darka Maz\u00ee","url":"https:\/\/darkamazi.info\/","logo":{"@type":"ImageObject","inLanguage":"en-US","@id":"https:\/\/darkamazi.info\/#\/schema\/logo\/image\/","url":"https:\/\/darkamazi.info\/file\/2017\/12\/darka-mazi-logo.png","contentUrl":"https:\/\/darkamazi.info\/file\/2017\/12\/darka-mazi-logo.png","width":151,"height":75,"caption":"Darka Maz\u00ee"},"image":{"@id":"https:\/\/darkamazi.info\/#\/schema\/logo\/image\/"},"sameAs":["https:\/\/www.facebook.com\/DarMaziKurmanci","https:\/\/x.com\/DarkaMaziLatini","https:\/\/www.instagram.com\/darkamazi.kurmanci\/","https:\/\/www.youtube.com\/channel\/UCa5HkTdmI8U1qCUFuTw8B2g"]},{"@type":"Person","@id":"https:\/\/darkamazi.info\/#\/schema\/person\/5ad3e24553a0567993fa8ed4bd0a776c","name":"darka mazi","sameAs":["https:\/\/darkamazi.info\/"],"url":"https:\/\/darkamazi.info\/archives\/author\/kurdi"}]}},"_links":{"self":[{"href":"https:\/\/darkamazi.info\/funavuv\/wp\/v2\/posts\/1033002","targetHints":{"allow":["GET"]}}],"collection":[{"href":"https:\/\/darkamazi.info\/funavuv\/wp\/v2\/posts"}],"about":[{"href":"https:\/\/darkamazi.info\/funavuv\/wp\/v2\/types\/post"}],"author":[{"embeddable":true,"href":"https:\/\/darkamazi.info\/funavuv\/wp\/v2\/users\/2"}],"replies":[{"embeddable":true,"href":"https:\/\/darkamazi.info\/funavuv\/wp\/v2\/comments?post=1033002"}],"version-history":[{"count":0,"href":"https:\/\/darkamazi.info\/funavuv\/wp\/v2\/posts\/1033002\/revisions"}],"wp:featuredmedia":[{"embeddable":true,"href":"https:\/\/darkamazi.info\/funavuv\/wp\/v2\/media\/1033004"}],"wp:attachment":[{"href":"https:\/\/darkamazi.info\/funavuv\/wp\/v2\/media?parent=1033002"}],"wp:term":[{"taxonomy":"category","embeddable":true,"href":"https:\/\/darkamazi.info\/funavuv\/wp\/v2\/categories?post=1033002"},{"taxonomy":"post_tag","embeddable":true,"href":"https:\/\/darkamazi.info\/funavuv\/wp\/v2\/tags?post=1033002"}],"curies":[{"name":"wp","href":"https:\/\/api.w.org\/{rel}","templated":true}]}}