{"id":1033029,"date":"2022-10-08T11:19:49","date_gmt":"2022-10-08T08:19:49","guid":{"rendered":"https:\/\/darkamazi.info\/?p=1033029"},"modified":"2022-10-08T11:30:36","modified_gmt":"2022-10-08T08:30:36","slug":"bi-amadebuna-serokwezir-mesrur-barzani-didara-pirsa-kurd-li-rojhilata-navin-bireve-dice","status":"publish","type":"post","link":"https:\/\/darkamazi.info\/archives\/1033029","title":{"rendered":"Bi amadeb\u00fbna Serokwez\u00eer Mesr\u00fbr Barzan\u00ee d\u00eedara \u201cPirsa Kurd li Rojhilata Nav\u00een\u201d bir\u00eave di\u00e7e"},"content":{"rendered":"<h3><span style=\"font-family: 'arial black', sans-serif\">Bi amadeb\u00fbna Serokwez\u00eer\u00ea Her\u00eama Kurdistan\u00ea Mesr\u00fbr Barzan\u00ee d\u00eedara &#8220;Pirsa Kurd li Rojhilata Nav\u00een\u201d, li Hewl\u00ear\u00ea dest p\u00ea kir.<\/span><\/h3>\n<h3>\u00cero \u015femiy\u00ea 8\u00ea Cotmeha 2022yan d\u00eedara \u201cPirsa Kurd li Rojhilata Nav\u00een\u201d ku ji aliy\u00ea Navenda L\u00eakol\u00een\u00ea ya Frans\u00ee bi hevkariya ligel Zan\u00eengeha Soran li bajar\u00ea Hewl\u00ear\u00ea t\u00ea lidarxistin \u00fb di demjim\u00ear 09:00\u00ea sibeh\u00ea de bi amadeb\u00fbna Serokwez\u00eer\u00ea Her\u00eama Kurdistan\u00ea Mesr\u00fbr Barzan\u00ee dest p\u00ea kir.<\/h3>\n<h3 style=\"text-align: justify\">Di d\u00eedar\u00ea de \u00e7end mijar\u00ean li ser gel\u00ea Kurd \u00fb statuya Her\u00eama Kurdistan\u00ea bi amadeb\u00fbna Serok\u00ea Her\u00eama Kurdistan\u00ea N\u00ea\u00e7\u00eervan Barzan\u00ee, Serokwez\u00eer\u00ea Her\u00eama Kurdistan\u00ea Mesr\u00fbr Barzan\u00ee, Berpirs\u00ea Navenda L\u00eakol\u00een\u00ea ya Frans\u00ee bo L\u00eakol\u00eena li ser Iraq\u00ea Dr. Adil Baxewan, Serok\u00ea Zan\u00eengeha Soran Dr. \u015e\u00earwan \u015eer\u00eef \u00fb \u00e7end be\u015fdar\u00ean din, t\u00eane got\u00fbb\u00eajkirin.<\/h3>\n","protected":false},"excerpt":{"rendered":"<p>Bi amadeb\u00fbna Serokwez\u00eer\u00ea Her\u00eama Kurdistan\u00ea Mesr\u00fbr Barzan\u00ee d\u00eedara &#8220;Pirsa Kurd li Rojhilata Nav\u00een\u201d, li Hewl\u00ear\u00ea dest p\u00ea kir. \u00cero \u015femiy\u00ea 8\u00ea Cotmeha 2022yan d\u00eedara \u201cPirsa Kurd li Rojhilata Nav\u00een\u201d ku ji aliy\u00ea Navenda L\u00eakol\u00een\u00ea ya Frans\u00ee bi hevkariya ligel Zan\u00eengeha Soran li bajar\u00ea Hewl\u00ear\u00ea t\u00ea lidarxistin \u00fb di demjim\u00ear 09:00\u00ea sibeh\u00ea de bi amadeb\u00fbna Serokwez\u00eer\u00ea [&hellip;]<\/p>\n","protected":false},"author":2,"featured_media":1033030,"comment_status":"closed","ping_status":"closed","sticky":false,"template":"","format":"standard","meta":{"footnotes":""},"categories":[29],"tags":[37],"class_list":["post-1033029","post","type-post","status-publish","format-standard","has-post-thumbnail","hentry","category-kurdistan","tag-sereke"],"blocksy_meta":[],"seo_head":"<!-- This site is optimized with the Yoast SEO plugin v27.5 - https:\/\/yoast.com\/product\/yoast-seo-wordpress\/ -->\n<title>Bi amadeb\u00fbna Serokwez\u00eer Mesr\u00fbr Barzan\u00ee d\u00eedara \u201cPirsa Kurd li Rojhilata Nav\u00een\u201d bir\u00eave di\u00e7e - Darka Maz\u00ee<\/title>\n<meta name=\"robots\" content=\"index, follow, max-snippet:-1, max-image-preview:large, max-video-preview:-1\" \/>\n<link rel=\"canonical\" href=\"https:\/\/darkamazi.info\/archives\/1033029\" \/>\n<meta property=\"og:locale\" content=\"en_US\" \/>\n<meta property=\"og:type\" content=\"article\" \/>\n<meta property=\"og:title\" content=\"Bi amadeb\u00fbna Serokwez\u00eer Mesr\u00fbr Barzan\u00ee d\u00eedara \u201cPirsa Kurd li Rojhilata Nav\u00een\u201d bir\u00eave di\u00e7e - Darka Maz\u00ee\" \/>\n<meta property=\"og:description\" content=\"Bi amadeb\u00fbna Serokwez\u00eer\u00ea Her\u00eama Kurdistan\u00ea Mesr\u00fbr Barzan\u00ee d\u00eedara &#8220;Pirsa Kurd li Rojhilata Nav\u00een\u201d, li Hewl\u00ear\u00ea dest p\u00ea kir. \u00cero \u015femiy\u00ea 8\u00ea Cotmeha 2022yan d\u00eedara \u201cPirsa Kurd li Rojhilata Nav\u00een\u201d ku ji aliy\u00ea Navenda L\u00eakol\u00een\u00ea ya Frans\u00ee bi hevkariya ligel Zan\u00eengeha Soran li bajar\u00ea Hewl\u00ear\u00ea t\u00ea lidarxistin \u00fb di demjim\u00ear 09:00\u00ea sibeh\u00ea de bi amadeb\u00fbna Serokwez\u00eer\u00ea [&hellip;]\" \/>\n<meta property=\"og:url\" content=\"https:\/\/darkamazi.info\/archives\/1033029\" \/>\n<meta property=\"og:site_name\" content=\"Darka Maz\u00ee\" \/>\n<meta property=\"article:publisher\" content=\"https:\/\/www.facebook.com\/DarMaziKurmanci\" \/>\n<meta property=\"article:published_time\" content=\"2022-10-08T08:19:49+00:00\" \/>\n<meta property=\"article:modified_time\" content=\"2022-10-08T08:30:36+00:00\" \/>\n<meta property=\"og:image\" content=\"https:\/\/darkamazi.info\/file\/2022\/10\/mesrur-barzani.jpg\" \/>\n\t<meta property=\"og:image:width\" content=\"900\" \/>\n\t<meta property=\"og:image:height\" content=\"497\" \/>\n\t<meta property=\"og:image:type\" content=\"image\/jpeg\" \/>\n<meta name=\"author\" content=\"darka mazi\" \/>\n<meta name=\"twitter:card\" content=\"summary_large_image\" \/>\n<meta name=\"twitter:creator\" content=\"@DarkaMaziLatini\" \/>\n<meta name=\"twitter:site\" content=\"@DarkaMaziLatini\" \/>\n<meta name=\"twitter:label1\" content=\"Written by\" \/>\n\t<meta name=\"twitter:data1\" content=\"darka mazi\" \/>\n\t<meta name=\"twitter:label2\" content=\"Est. reading time\" \/>\n\t<meta name=\"twitter:data2\" content=\"1 minute\" \/>\n<script type=\"application\/ld+json\" class=\"seo-schema-graph\">{\"@context\":\"https:\\\/\\\/schema.org\",\"@graph\":[{\"@type\":\"Article\",\"@id\":\"https:\\\/\\\/darkamazi.info\\\/archives\\\/1033029#article\",\"isPartOf\":{\"@id\":\"https:\\\/\\\/darkamazi.info\\\/archives\\\/1033029\"},\"author\":{\"name\":\"darka mazi\",\"@id\":\"https:\\\/\\\/darkamazi.info\\\/#\\\/schema\\\/person\\\/5ad3e24553a0567993fa8ed4bd0a776c\"},\"headline\":\"Bi amadeb\u00fbna Serokwez\u00eer Mesr\u00fbr Barzan\u00ee d\u00eedara \u201cPirsa Kurd li Rojhilata Nav\u00een\u201d bir\u00eave di\u00e7e\",\"datePublished\":\"2022-10-08T08:19:49+00:00\",\"dateModified\":\"2022-10-08T08:30:36+00:00\",\"mainEntityOfPage\":{\"@id\":\"https:\\\/\\\/darkamazi.info\\\/archives\\\/1033029\"},\"wordCount\":165,\"publisher\":{\"@id\":\"https:\\\/\\\/darkamazi.info\\\/#organization\"},\"image\":{\"@id\":\"https:\\\/\\\/darkamazi.info\\\/archives\\\/1033029#primaryimage\"},\"thumbnailUrl\":\"https:\\\/\\\/darkamazi.info\\\/darka-content\\\/uploads\\\/2022\\\/10\\\/mesrur-barzani.jpg\",\"keywords\":[\"sereke\"],\"articleSection\":[\"Kurdistan\"],\"inLanguage\":\"en-US\"},{\"@type\":\"WebPage\",\"@id\":\"https:\\\/\\\/darkamazi.info\\\/archives\\\/1033029\",\"url\":\"https:\\\/\\\/darkamazi.info\\\/archives\\\/1033029\",\"name\":\"Bi amadeb\u00fbna Serokwez\u00eer Mesr\u00fbr Barzan\u00ee d\u00eedara \u201cPirsa Kurd li Rojhilata Nav\u00een\u201d bir\u00eave di\u00e7e - Darka Maz\u00ee\",\"isPartOf\":{\"@id\":\"https:\\\/\\\/darkamazi.info\\\/#website\"},\"primaryImageOfPage\":{\"@id\":\"https:\\\/\\\/darkamazi.info\\\/archives\\\/1033029#primaryimage\"},\"image\":{\"@id\":\"https:\\\/\\\/darkamazi.info\\\/archives\\\/1033029#primaryimage\"},\"thumbnailUrl\":\"https:\\\/\\\/darkamazi.info\\\/darka-content\\\/uploads\\\/2022\\\/10\\\/mesrur-barzani.jpg\",\"datePublished\":\"2022-10-08T08:19:49+00:00\",\"dateModified\":\"2022-10-08T08:30:36+00:00\",\"breadcrumb\":{\"@id\":\"https:\\\/\\\/darkamazi.info\\\/archives\\\/1033029#breadcrumb\"},\"inLanguage\":\"en-US\",\"potentialAction\":[{\"@type\":\"ReadAction\",\"target\":[\"https:\\\/\\\/darkamazi.info\\\/archives\\\/1033029\"]}]},{\"@type\":\"ImageObject\",\"inLanguage\":\"en-US\",\"@id\":\"https:\\\/\\\/darkamazi.info\\\/archives\\\/1033029#primaryimage\",\"url\":\"https:\\\/\\\/darkamazi.info\\\/darka-content\\\/uploads\\\/2022\\\/10\\\/mesrur-barzani.jpg\",\"contentUrl\":\"https:\\\/\\\/darkamazi.info\\\/darka-content\\\/uploads\\\/2022\\\/10\\\/mesrur-barzani.jpg\",\"width\":900,\"height\":497,\"caption\":\"Bi amadeb\u00fbna Serokwez\u00eer Mesr\u00fbr Barzan\u00ee d\u00eedara \u201cPirsa Kurd li Rojhilata Nav\u00een\u201d bir\u00eave di\u00e7e\"},{\"@type\":\"BreadcrumbList\",\"@id\":\"https:\\\/\\\/darkamazi.info\\\/archives\\\/1033029#breadcrumb\",\"itemListElement\":[{\"@type\":\"ListItem\",\"position\":1,\"name\":\"Home\",\"item\":\"https:\\\/\\\/darkamazi.info\\\/\"},{\"@type\":\"ListItem\",\"position\":2,\"name\":\"Bi amadeb\u00fbna Serokwez\u00eer Mesr\u00fbr Barzan\u00ee d\u00eedara \u201cPirsa Kurd li Rojhilata Nav\u00een\u201d bir\u00eave di\u00e7e\"}]},{\"@type\":\"WebSite\",\"@id\":\"https:\\\/\\\/darkamazi.info\\\/#website\",\"url\":\"https:\\\/\\\/darkamazi.info\\\/\",\"name\":\"Darka Maz\u00ee\",\"description\":\"P\u00eageha Zanyariy\u00ean Nebih\u00eest\u00ee\",\"publisher\":{\"@id\":\"https:\\\/\\\/darkamazi.info\\\/#organization\"},\"potentialAction\":[{\"@type\":\"SearchAction\",\"target\":{\"@type\":\"EntryPoint\",\"urlTemplate\":\"https:\\\/\\\/darkamazi.info\\\/?s={search_term_string}\"},\"query-input\":{\"@type\":\"PropertyValueSpecification\",\"valueRequired\":true,\"valueName\":\"search_term_string\"}}],\"inLanguage\":\"en-US\"},{\"@type\":\"Organization\",\"@id\":\"https:\\\/\\\/darkamazi.info\\\/#organization\",\"name\":\"Darka Maz\u00ee\",\"url\":\"https:\\\/\\\/darkamazi.info\\\/\",\"logo\":{\"@type\":\"ImageObject\",\"inLanguage\":\"en-US\",\"@id\":\"https:\\\/\\\/darkamazi.info\\\/#\\\/schema\\\/logo\\\/image\\\/\",\"url\":\"https:\\\/\\\/darkamazi.info\\\/darka-content\\\/uploads\\\/2017\\\/12\\\/darka-mazi-logo.png\",\"contentUrl\":\"https:\\\/\\\/darkamazi.info\\\/darka-content\\\/uploads\\\/2017\\\/12\\\/darka-mazi-logo.png\",\"width\":151,\"height\":75,\"caption\":\"Darka Maz\u00ee\"},\"image\":{\"@id\":\"https:\\\/\\\/darkamazi.info\\\/#\\\/schema\\\/logo\\\/image\\\/\"},\"sameAs\":[\"https:\\\/\\\/www.facebook.com\\\/DarMaziKurmanci\",\"https:\\\/\\\/x.com\\\/DarkaMaziLatini\",\"https:\\\/\\\/www.instagram.com\\\/darkamazi.kurmanci\\\/\",\"https:\\\/\\\/www.youtube.com\\\/channel\\\/UCa5HkTdmI8U1qCUFuTw8B2g\"]},{\"@type\":\"Person\",\"@id\":\"https:\\\/\\\/darkamazi.info\\\/#\\\/schema\\\/person\\\/5ad3e24553a0567993fa8ed4bd0a776c\",\"name\":\"darka mazi\",\"sameAs\":[\"https:\\\/\\\/darkamazi.info\\\/\"],\"url\":\"https:\\\/\\\/darkamazi.info\\\/archives\\\/author\\\/kurdi\"}]}<\/script>\n<!-- \/ Yoast SEO plugin. -->","seo_head_json":{"title":"Bi amadeb\u00fbna Serokwez\u00eer Mesr\u00fbr Barzan\u00ee d\u00eedara \u201cPirsa Kurd li Rojhilata Nav\u00een\u201d bir\u00eave di\u00e7e - Darka Maz\u00ee","robots":{"index":"index","follow":"follow","max-snippet":"max-snippet:-1","max-image-preview":"max-image-preview:large","max-video-preview":"max-video-preview:-1"},"canonical":"https:\/\/darkamazi.info\/archives\/1033029","og_locale":"en_US","og_type":"article","og_title":"Bi amadeb\u00fbna Serokwez\u00eer Mesr\u00fbr Barzan\u00ee d\u00eedara \u201cPirsa Kurd li Rojhilata Nav\u00een\u201d bir\u00eave di\u00e7e - Darka Maz\u00ee","og_description":"Bi amadeb\u00fbna Serokwez\u00eer\u00ea Her\u00eama Kurdistan\u00ea Mesr\u00fbr Barzan\u00ee d\u00eedara &#8220;Pirsa Kurd li Rojhilata Nav\u00een\u201d, li Hewl\u00ear\u00ea dest p\u00ea kir. \u00cero \u015femiy\u00ea 8\u00ea Cotmeha 2022yan d\u00eedara \u201cPirsa Kurd li Rojhilata Nav\u00een\u201d ku ji aliy\u00ea Navenda L\u00eakol\u00een\u00ea ya Frans\u00ee bi hevkariya ligel Zan\u00eengeha Soran li bajar\u00ea Hewl\u00ear\u00ea t\u00ea lidarxistin \u00fb di demjim\u00ear 09:00\u00ea sibeh\u00ea de bi amadeb\u00fbna Serokwez\u00eer\u00ea [&hellip;]","og_url":"https:\/\/darkamazi.info\/archives\/1033029","og_site_name":"Darka Maz\u00ee","article_publisher":"https:\/\/www.facebook.com\/DarMaziKurmanci","article_published_time":"2022-10-08T08:19:49+00:00","article_modified_time":"2022-10-08T08:30:36+00:00","og_image":[{"width":900,"height":497,"url":"https:\/\/darkamazi.info\/file\/2022\/10\/mesrur-barzani.jpg","type":"image\/jpeg"}],"author":"darka mazi","twitter_card":"summary_large_image","twitter_creator":"@DarkaMaziLatini","twitter_site":"@DarkaMaziLatini","twitter_misc":{"Written by":"darka mazi","Est. reading time":"1 minute"},"schema":{"@context":"https:\/\/schema.org","@graph":[{"@type":"Article","@id":"https:\/\/darkamazi.info\/archives\/1033029#article","isPartOf":{"@id":"https:\/\/darkamazi.info\/archives\/1033029"},"author":{"name":"darka mazi","@id":"https:\/\/darkamazi.info\/#\/schema\/person\/5ad3e24553a0567993fa8ed4bd0a776c"},"headline":"Bi amadeb\u00fbna Serokwez\u00eer Mesr\u00fbr Barzan\u00ee d\u00eedara \u201cPirsa Kurd li Rojhilata Nav\u00een\u201d bir\u00eave di\u00e7e","datePublished":"2022-10-08T08:19:49+00:00","dateModified":"2022-10-08T08:30:36+00:00","mainEntityOfPage":{"@id":"https:\/\/darkamazi.info\/archives\/1033029"},"wordCount":165,"publisher":{"@id":"https:\/\/darkamazi.info\/#organization"},"image":{"@id":"https:\/\/darkamazi.info\/archives\/1033029#primaryimage"},"thumbnailUrl":"https:\/\/darkamazi.info\/file\/2022\/10\/mesrur-barzani.jpg","keywords":["sereke"],"articleSection":["Kurdistan"],"inLanguage":"en-US"},{"@type":"WebPage","@id":"https:\/\/darkamazi.info\/archives\/1033029","url":"https:\/\/darkamazi.info\/archives\/1033029","name":"Bi amadeb\u00fbna Serokwez\u00eer Mesr\u00fbr Barzan\u00ee d\u00eedara \u201cPirsa Kurd li Rojhilata Nav\u00een\u201d bir\u00eave di\u00e7e - Darka Maz\u00ee","isPartOf":{"@id":"https:\/\/darkamazi.info\/#website"},"primaryImageOfPage":{"@id":"https:\/\/darkamazi.info\/archives\/1033029#primaryimage"},"image":{"@id":"https:\/\/darkamazi.info\/archives\/1033029#primaryimage"},"thumbnailUrl":"https:\/\/darkamazi.info\/file\/2022\/10\/mesrur-barzani.jpg","datePublished":"2022-10-08T08:19:49+00:00","dateModified":"2022-10-08T08:30:36+00:00","breadcrumb":{"@id":"https:\/\/darkamazi.info\/archives\/1033029#breadcrumb"},"inLanguage":"en-US","potentialAction":[{"@type":"ReadAction","target":["https:\/\/darkamazi.info\/archives\/1033029"]}]},{"@type":"ImageObject","inLanguage":"en-US","@id":"https:\/\/darkamazi.info\/archives\/1033029#primaryimage","url":"https:\/\/darkamazi.info\/file\/2022\/10\/mesrur-barzani.jpg","contentUrl":"https:\/\/darkamazi.info\/file\/2022\/10\/mesrur-barzani.jpg","width":900,"height":497,"caption":"Bi amadeb\u00fbna Serokwez\u00eer Mesr\u00fbr Barzan\u00ee d\u00eedara \u201cPirsa Kurd li Rojhilata Nav\u00een\u201d bir\u00eave di\u00e7e"},{"@type":"BreadcrumbList","@id":"https:\/\/darkamazi.info\/archives\/1033029#breadcrumb","itemListElement":[{"@type":"ListItem","position":1,"name":"Home","item":"https:\/\/darkamazi.info\/"},{"@type":"ListItem","position":2,"name":"Bi amadeb\u00fbna Serokwez\u00eer Mesr\u00fbr Barzan\u00ee d\u00eedara \u201cPirsa Kurd li Rojhilata Nav\u00een\u201d bir\u00eave di\u00e7e"}]},{"@type":"WebSite","@id":"https:\/\/darkamazi.info\/#website","url":"https:\/\/darkamazi.info\/","name":"Darka Maz\u00ee","description":"P\u00eageha Zanyariy\u00ean Nebih\u00eest\u00ee","publisher":{"@id":"https:\/\/darkamazi.info\/#organization"},"potentialAction":[{"@type":"SearchAction","target":{"@type":"EntryPoint","urlTemplate":"https:\/\/darkamazi.info\/?s={search_term_string}"},"query-input":{"@type":"PropertyValueSpecification","valueRequired":true,"valueName":"search_term_string"}}],"inLanguage":"en-US"},{"@type":"Organization","@id":"https:\/\/darkamazi.info\/#organization","name":"Darka Maz\u00ee","url":"https:\/\/darkamazi.info\/","logo":{"@type":"ImageObject","inLanguage":"en-US","@id":"https:\/\/darkamazi.info\/#\/schema\/logo\/image\/","url":"https:\/\/darkamazi.info\/file\/2017\/12\/darka-mazi-logo.png","contentUrl":"https:\/\/darkamazi.info\/file\/2017\/12\/darka-mazi-logo.png","width":151,"height":75,"caption":"Darka Maz\u00ee"},"image":{"@id":"https:\/\/darkamazi.info\/#\/schema\/logo\/image\/"},"sameAs":["https:\/\/www.facebook.com\/DarMaziKurmanci","https:\/\/x.com\/DarkaMaziLatini","https:\/\/www.instagram.com\/darkamazi.kurmanci\/","https:\/\/www.youtube.com\/channel\/UCa5HkTdmI8U1qCUFuTw8B2g"]},{"@type":"Person","@id":"https:\/\/darkamazi.info\/#\/schema\/person\/5ad3e24553a0567993fa8ed4bd0a776c","name":"darka mazi","sameAs":["https:\/\/darkamazi.info\/"],"url":"https:\/\/darkamazi.info\/archives\/author\/kurdi"}]}},"_links":{"self":[{"href":"https:\/\/darkamazi.info\/funavuv\/wp\/v2\/posts\/1033029","targetHints":{"allow":["GET"]}}],"collection":[{"href":"https:\/\/darkamazi.info\/funavuv\/wp\/v2\/posts"}],"about":[{"href":"https:\/\/darkamazi.info\/funavuv\/wp\/v2\/types\/post"}],"author":[{"embeddable":true,"href":"https:\/\/darkamazi.info\/funavuv\/wp\/v2\/users\/2"}],"replies":[{"embeddable":true,"href":"https:\/\/darkamazi.info\/funavuv\/wp\/v2\/comments?post=1033029"}],"version-history":[{"count":0,"href":"https:\/\/darkamazi.info\/funavuv\/wp\/v2\/posts\/1033029\/revisions"}],"wp:featuredmedia":[{"embeddable":true,"href":"https:\/\/darkamazi.info\/funavuv\/wp\/v2\/media\/1033030"}],"wp:attachment":[{"href":"https:\/\/darkamazi.info\/funavuv\/wp\/v2\/media?parent=1033029"}],"wp:term":[{"taxonomy":"category","embeddable":true,"href":"https:\/\/darkamazi.info\/funavuv\/wp\/v2\/categories?post=1033029"},{"taxonomy":"post_tag","embeddable":true,"href":"https:\/\/darkamazi.info\/funavuv\/wp\/v2\/tags?post=1033029"}],"curies":[{"name":"wp","href":"https:\/\/api.w.org\/{rel}","templated":true}]}}