{"id":1033100,"date":"2022-10-11T12:21:35","date_gmt":"2022-10-11T09:21:35","guid":{"rendered":"https:\/\/darkamazi.info\/?p=1033100"},"modified":"2022-10-11T12:21:35","modified_gmt":"2022-10-11T09:21:35","slug":"erdogan-de-serdana-diyarbekire-bike","status":"publish","type":"post","link":"https:\/\/darkamazi.info\/archives\/1033100","title":{"rendered":"Erdogan d\u00ea serdana Diyarbekir\u00ea bike"},"content":{"rendered":"<h3 style=\"text-align: justify\"><span style=\"font-family: 'arial black', sans-serif\">AKP roja 15\u00ea Cotmeh\u00ea li Diyarbekir\u00ea m\u00eet\u00eengek\u00ea saz dike. Serokomar\u00ea Tirkiyey\u00ea Recep Tay\u00eep Erdogan j\u00ee serdana Diyarbekir\u00ea dike.<\/span><\/h3>\n<h3 style=\"text-align: justify\">Serok\u00ea Gi\u015ft\u00ee y\u00ea Partiya Dad \u00fb Ge\u015fep\u00ea\u015fdan\u00ea (AKP) \u00fb Serokomar\u00ea Tirkiyey\u00ea Recep Tay\u00eep Erdogan roja 15\u00ea Cotmeh\u00ea serdana Diyarbekir\u00ea dike. Erdogan d\u00ea be\u015fdar\u00ee m\u00eet\u00eenga partiya xwe ya li Qada \u00cestasyon\u00ea \u00fb meras\u00eema vekirina \u00e7end projeyan bibe.<\/h3>\n<h3 style=\"text-align: justify\">T\u00ea \u00e7aver\u00eakirin, Erdogan di m\u00eet\u00eeng\u00ea de behsa pirsgir\u00eaka Kurd \u00fb gav\u00ean ku di heyama desthilata AKP de hatine av\u00eatin bike. Li gor\u00ee zanyariyan, Erdogan d\u00ea di heman roj\u00ea de be\u015fdar\u00ee hin \u00e7alakiy\u00ean Fest\u00eevala Riya \u00c7and\u00ea ya S\u00fbr\u00ea j\u00ee bibe.<\/h3>\n<h3 style=\"text-align: justify\">Erdogan, ji bo hilbijartin\u00ean gi\u015ft\u00ee y\u00ean 2023an daxwaza z\u00eadetir deng\u00ean Kurdan dike. Di hilbijartin\u00ean gi\u015ft\u00ee y\u00ean 2018an de AK Partiy\u00ea li Diyarbekir\u00ea, bi % 21,5\u00ea dengan 3 kurs\u00ee, HDP\u2019\u00ea ji % 65,5\u00ea dengan 9 kurs\u00ee bidest xistib\u00fbn.<\/h3>\n<h3 style=\"text-align: justify\">Erdogan, di serdana xwe ya daw\u00ee ya Diyarbekir\u00ea de gotib\u00fb ku; ne wan daw\u00ee li p\u00eavajoya \u00e7aresiy\u00ea aniye \u00fb aliy\u00ea HDP\u00ea bi w\u00ea yek\u00ea tometbar kirib\u00fb.<\/h3>\n","protected":false},"excerpt":{"rendered":"<p>AKP roja 15\u00ea Cotmeh\u00ea li Diyarbekir\u00ea m\u00eet\u00eengek\u00ea saz dike. Serokomar\u00ea Tirkiyey\u00ea Recep Tay\u00eep Erdogan j\u00ee serdana Diyarbekir\u00ea dike. Serok\u00ea Gi\u015ft\u00ee y\u00ea Partiya Dad \u00fb Ge\u015fep\u00ea\u015fdan\u00ea (AKP) \u00fb Serokomar\u00ea Tirkiyey\u00ea Recep Tay\u00eep Erdogan roja 15\u00ea Cotmeh\u00ea serdana Diyarbekir\u00ea dike. Erdogan d\u00ea be\u015fdar\u00ee m\u00eet\u00eenga partiya xwe ya li Qada \u00cestasyon\u00ea \u00fb meras\u00eema vekirina \u00e7end projeyan bibe. T\u00ea [&hellip;]<\/p>\n","protected":false},"author":2,"featured_media":1033101,"comment_status":"closed","ping_status":"closed","sticky":false,"template":"","format":"standard","meta":{"footnotes":""},"categories":[29],"tags":[37],"class_list":["post-1033100","post","type-post","status-publish","format-standard","has-post-thumbnail","hentry","category-kurdistan","tag-sereke"],"blocksy_meta":[],"seo_head":"<!-- This site is optimized with the Yoast SEO plugin v27.5 - https:\/\/yoast.com\/product\/yoast-seo-wordpress\/ -->\n<title>Erdogan d\u00ea serdana Diyarbekir\u00ea bike - Darka Maz\u00ee<\/title>\n<meta name=\"robots\" content=\"index, follow, max-snippet:-1, max-image-preview:large, max-video-preview:-1\" \/>\n<link rel=\"canonical\" href=\"https:\/\/darkamazi.info\/archives\/1033100\" \/>\n<meta property=\"og:locale\" content=\"en_US\" \/>\n<meta property=\"og:type\" content=\"article\" \/>\n<meta property=\"og:title\" content=\"Erdogan d\u00ea serdana Diyarbekir\u00ea bike - Darka Maz\u00ee\" \/>\n<meta property=\"og:description\" content=\"AKP roja 15\u00ea Cotmeh\u00ea li Diyarbekir\u00ea m\u00eet\u00eengek\u00ea saz dike. Serokomar\u00ea Tirkiyey\u00ea Recep Tay\u00eep Erdogan j\u00ee serdana Diyarbekir\u00ea dike. Serok\u00ea Gi\u015ft\u00ee y\u00ea Partiya Dad \u00fb Ge\u015fep\u00ea\u015fdan\u00ea (AKP) \u00fb Serokomar\u00ea Tirkiyey\u00ea Recep Tay\u00eep Erdogan roja 15\u00ea Cotmeh\u00ea serdana Diyarbekir\u00ea dike. Erdogan d\u00ea be\u015fdar\u00ee m\u00eet\u00eenga partiya xwe ya li Qada \u00cestasyon\u00ea \u00fb meras\u00eema vekirina \u00e7end projeyan bibe. T\u00ea [&hellip;]\" \/>\n<meta property=\"og:url\" content=\"https:\/\/darkamazi.info\/archives\/1033100\" \/>\n<meta property=\"og:site_name\" content=\"Darka Maz\u00ee\" \/>\n<meta property=\"article:publisher\" content=\"https:\/\/www.facebook.com\/DarMaziKurmanci\" \/>\n<meta property=\"article:published_time\" content=\"2022-10-11T09:21:35+00:00\" \/>\n<meta property=\"og:image\" content=\"https:\/\/darkamazi.info\/file\/2022\/10\/recep-tayip-ardogan.jpg\" \/>\n\t<meta property=\"og:image:width\" content=\"1280\" \/>\n\t<meta property=\"og:image:height\" content=\"720\" \/>\n\t<meta property=\"og:image:type\" content=\"image\/jpeg\" \/>\n<meta name=\"author\" content=\"darka mazi\" \/>\n<meta name=\"twitter:card\" content=\"summary_large_image\" \/>\n<meta name=\"twitter:creator\" content=\"@DarkaMaziLatini\" \/>\n<meta name=\"twitter:site\" content=\"@DarkaMaziLatini\" \/>\n<meta name=\"twitter:label1\" content=\"Written by\" \/>\n\t<meta name=\"twitter:data1\" content=\"darka mazi\" \/>\n\t<meta name=\"twitter:label2\" content=\"Est. reading time\" \/>\n\t<meta name=\"twitter:data2\" content=\"1 minute\" \/>\n<script type=\"application\/ld+json\" class=\"seo-schema-graph\">{\"@context\":\"https:\\\/\\\/schema.org\",\"@graph\":[{\"@type\":\"Article\",\"@id\":\"https:\\\/\\\/darkamazi.info\\\/archives\\\/1033100#article\",\"isPartOf\":{\"@id\":\"https:\\\/\\\/darkamazi.info\\\/archives\\\/1033100\"},\"author\":{\"name\":\"darka mazi\",\"@id\":\"https:\\\/\\\/darkamazi.info\\\/#\\\/schema\\\/person\\\/5ad3e24553a0567993fa8ed4bd0a776c\"},\"headline\":\"Erdogan d\u00ea serdana Diyarbekir\u00ea bike\",\"datePublished\":\"2022-10-11T09:21:35+00:00\",\"mainEntityOfPage\":{\"@id\":\"https:\\\/\\\/darkamazi.info\\\/archives\\\/1033100\"},\"wordCount\":179,\"publisher\":{\"@id\":\"https:\\\/\\\/darkamazi.info\\\/#organization\"},\"image\":{\"@id\":\"https:\\\/\\\/darkamazi.info\\\/archives\\\/1033100#primaryimage\"},\"thumbnailUrl\":\"https:\\\/\\\/darkamazi.info\\\/darka-content\\\/uploads\\\/2022\\\/10\\\/recep-tayip-ardogan.jpg\",\"keywords\":[\"sereke\"],\"articleSection\":[\"Kurdistan\"],\"inLanguage\":\"en-US\"},{\"@type\":\"WebPage\",\"@id\":\"https:\\\/\\\/darkamazi.info\\\/archives\\\/1033100\",\"url\":\"https:\\\/\\\/darkamazi.info\\\/archives\\\/1033100\",\"name\":\"Erdogan d\u00ea serdana Diyarbekir\u00ea bike - Darka Maz\u00ee\",\"isPartOf\":{\"@id\":\"https:\\\/\\\/darkamazi.info\\\/#website\"},\"primaryImageOfPage\":{\"@id\":\"https:\\\/\\\/darkamazi.info\\\/archives\\\/1033100#primaryimage\"},\"image\":{\"@id\":\"https:\\\/\\\/darkamazi.info\\\/archives\\\/1033100#primaryimage\"},\"thumbnailUrl\":\"https:\\\/\\\/darkamazi.info\\\/darka-content\\\/uploads\\\/2022\\\/10\\\/recep-tayip-ardogan.jpg\",\"datePublished\":\"2022-10-11T09:21:35+00:00\",\"breadcrumb\":{\"@id\":\"https:\\\/\\\/darkamazi.info\\\/archives\\\/1033100#breadcrumb\"},\"inLanguage\":\"en-US\",\"potentialAction\":[{\"@type\":\"ReadAction\",\"target\":[\"https:\\\/\\\/darkamazi.info\\\/archives\\\/1033100\"]}]},{\"@type\":\"ImageObject\",\"inLanguage\":\"en-US\",\"@id\":\"https:\\\/\\\/darkamazi.info\\\/archives\\\/1033100#primaryimage\",\"url\":\"https:\\\/\\\/darkamazi.info\\\/darka-content\\\/uploads\\\/2022\\\/10\\\/recep-tayip-ardogan.jpg\",\"contentUrl\":\"https:\\\/\\\/darkamazi.info\\\/darka-content\\\/uploads\\\/2022\\\/10\\\/recep-tayip-ardogan.jpg\",\"width\":1280,\"height\":720,\"caption\":\"Erdogan d\u00ea serdana Diyarbekir\u00ea bike\"},{\"@type\":\"BreadcrumbList\",\"@id\":\"https:\\\/\\\/darkamazi.info\\\/archives\\\/1033100#breadcrumb\",\"itemListElement\":[{\"@type\":\"ListItem\",\"position\":1,\"name\":\"Home\",\"item\":\"https:\\\/\\\/darkamazi.info\\\/\"},{\"@type\":\"ListItem\",\"position\":2,\"name\":\"Erdogan d\u00ea serdana Diyarbekir\u00ea bike\"}]},{\"@type\":\"WebSite\",\"@id\":\"https:\\\/\\\/darkamazi.info\\\/#website\",\"url\":\"https:\\\/\\\/darkamazi.info\\\/\",\"name\":\"Darka Maz\u00ee\",\"description\":\"P\u00eageha Zanyariy\u00ean Nebih\u00eest\u00ee\",\"publisher\":{\"@id\":\"https:\\\/\\\/darkamazi.info\\\/#organization\"},\"potentialAction\":[{\"@type\":\"SearchAction\",\"target\":{\"@type\":\"EntryPoint\",\"urlTemplate\":\"https:\\\/\\\/darkamazi.info\\\/?s={search_term_string}\"},\"query-input\":{\"@type\":\"PropertyValueSpecification\",\"valueRequired\":true,\"valueName\":\"search_term_string\"}}],\"inLanguage\":\"en-US\"},{\"@type\":\"Organization\",\"@id\":\"https:\\\/\\\/darkamazi.info\\\/#organization\",\"name\":\"Darka Maz\u00ee\",\"url\":\"https:\\\/\\\/darkamazi.info\\\/\",\"logo\":{\"@type\":\"ImageObject\",\"inLanguage\":\"en-US\",\"@id\":\"https:\\\/\\\/darkamazi.info\\\/#\\\/schema\\\/logo\\\/image\\\/\",\"url\":\"https:\\\/\\\/darkamazi.info\\\/darka-content\\\/uploads\\\/2017\\\/12\\\/darka-mazi-logo.png\",\"contentUrl\":\"https:\\\/\\\/darkamazi.info\\\/darka-content\\\/uploads\\\/2017\\\/12\\\/darka-mazi-logo.png\",\"width\":151,\"height\":75,\"caption\":\"Darka Maz\u00ee\"},\"image\":{\"@id\":\"https:\\\/\\\/darkamazi.info\\\/#\\\/schema\\\/logo\\\/image\\\/\"},\"sameAs\":[\"https:\\\/\\\/www.facebook.com\\\/DarMaziKurmanci\",\"https:\\\/\\\/x.com\\\/DarkaMaziLatini\",\"https:\\\/\\\/www.instagram.com\\\/darkamazi.kurmanci\\\/\",\"https:\\\/\\\/www.youtube.com\\\/channel\\\/UCa5HkTdmI8U1qCUFuTw8B2g\"]},{\"@type\":\"Person\",\"@id\":\"https:\\\/\\\/darkamazi.info\\\/#\\\/schema\\\/person\\\/5ad3e24553a0567993fa8ed4bd0a776c\",\"name\":\"darka mazi\",\"sameAs\":[\"https:\\\/\\\/darkamazi.info\\\/\"],\"url\":\"https:\\\/\\\/darkamazi.info\\\/archives\\\/author\\\/kurdi\"}]}<\/script>\n<!-- \/ Yoast SEO plugin. -->","seo_head_json":{"title":"Erdogan d\u00ea serdana Diyarbekir\u00ea bike - Darka Maz\u00ee","robots":{"index":"index","follow":"follow","max-snippet":"max-snippet:-1","max-image-preview":"max-image-preview:large","max-video-preview":"max-video-preview:-1"},"canonical":"https:\/\/darkamazi.info\/archives\/1033100","og_locale":"en_US","og_type":"article","og_title":"Erdogan d\u00ea serdana Diyarbekir\u00ea bike - Darka Maz\u00ee","og_description":"AKP roja 15\u00ea Cotmeh\u00ea li Diyarbekir\u00ea m\u00eet\u00eengek\u00ea saz dike. Serokomar\u00ea Tirkiyey\u00ea Recep Tay\u00eep Erdogan j\u00ee serdana Diyarbekir\u00ea dike. Serok\u00ea Gi\u015ft\u00ee y\u00ea Partiya Dad \u00fb Ge\u015fep\u00ea\u015fdan\u00ea (AKP) \u00fb Serokomar\u00ea Tirkiyey\u00ea Recep Tay\u00eep Erdogan roja 15\u00ea Cotmeh\u00ea serdana Diyarbekir\u00ea dike. Erdogan d\u00ea be\u015fdar\u00ee m\u00eet\u00eenga partiya xwe ya li Qada \u00cestasyon\u00ea \u00fb meras\u00eema vekirina \u00e7end projeyan bibe. T\u00ea [&hellip;]","og_url":"https:\/\/darkamazi.info\/archives\/1033100","og_site_name":"Darka Maz\u00ee","article_publisher":"https:\/\/www.facebook.com\/DarMaziKurmanci","article_published_time":"2022-10-11T09:21:35+00:00","og_image":[{"width":1280,"height":720,"url":"https:\/\/darkamazi.info\/file\/2022\/10\/recep-tayip-ardogan.jpg","type":"image\/jpeg"}],"author":"darka mazi","twitter_card":"summary_large_image","twitter_creator":"@DarkaMaziLatini","twitter_site":"@DarkaMaziLatini","twitter_misc":{"Written by":"darka mazi","Est. reading time":"1 minute"},"schema":{"@context":"https:\/\/schema.org","@graph":[{"@type":"Article","@id":"https:\/\/darkamazi.info\/archives\/1033100#article","isPartOf":{"@id":"https:\/\/darkamazi.info\/archives\/1033100"},"author":{"name":"darka mazi","@id":"https:\/\/darkamazi.info\/#\/schema\/person\/5ad3e24553a0567993fa8ed4bd0a776c"},"headline":"Erdogan d\u00ea serdana Diyarbekir\u00ea bike","datePublished":"2022-10-11T09:21:35+00:00","mainEntityOfPage":{"@id":"https:\/\/darkamazi.info\/archives\/1033100"},"wordCount":179,"publisher":{"@id":"https:\/\/darkamazi.info\/#organization"},"image":{"@id":"https:\/\/darkamazi.info\/archives\/1033100#primaryimage"},"thumbnailUrl":"https:\/\/darkamazi.info\/file\/2022\/10\/recep-tayip-ardogan.jpg","keywords":["sereke"],"articleSection":["Kurdistan"],"inLanguage":"en-US"},{"@type":"WebPage","@id":"https:\/\/darkamazi.info\/archives\/1033100","url":"https:\/\/darkamazi.info\/archives\/1033100","name":"Erdogan d\u00ea serdana Diyarbekir\u00ea bike - Darka Maz\u00ee","isPartOf":{"@id":"https:\/\/darkamazi.info\/#website"},"primaryImageOfPage":{"@id":"https:\/\/darkamazi.info\/archives\/1033100#primaryimage"},"image":{"@id":"https:\/\/darkamazi.info\/archives\/1033100#primaryimage"},"thumbnailUrl":"https:\/\/darkamazi.info\/file\/2022\/10\/recep-tayip-ardogan.jpg","datePublished":"2022-10-11T09:21:35+00:00","breadcrumb":{"@id":"https:\/\/darkamazi.info\/archives\/1033100#breadcrumb"},"inLanguage":"en-US","potentialAction":[{"@type":"ReadAction","target":["https:\/\/darkamazi.info\/archives\/1033100"]}]},{"@type":"ImageObject","inLanguage":"en-US","@id":"https:\/\/darkamazi.info\/archives\/1033100#primaryimage","url":"https:\/\/darkamazi.info\/file\/2022\/10\/recep-tayip-ardogan.jpg","contentUrl":"https:\/\/darkamazi.info\/file\/2022\/10\/recep-tayip-ardogan.jpg","width":1280,"height":720,"caption":"Erdogan d\u00ea serdana Diyarbekir\u00ea bike"},{"@type":"BreadcrumbList","@id":"https:\/\/darkamazi.info\/archives\/1033100#breadcrumb","itemListElement":[{"@type":"ListItem","position":1,"name":"Home","item":"https:\/\/darkamazi.info\/"},{"@type":"ListItem","position":2,"name":"Erdogan d\u00ea serdana Diyarbekir\u00ea bike"}]},{"@type":"WebSite","@id":"https:\/\/darkamazi.info\/#website","url":"https:\/\/darkamazi.info\/","name":"Darka Maz\u00ee","description":"P\u00eageha Zanyariy\u00ean Nebih\u00eest\u00ee","publisher":{"@id":"https:\/\/darkamazi.info\/#organization"},"potentialAction":[{"@type":"SearchAction","target":{"@type":"EntryPoint","urlTemplate":"https:\/\/darkamazi.info\/?s={search_term_string}"},"query-input":{"@type":"PropertyValueSpecification","valueRequired":true,"valueName":"search_term_string"}}],"inLanguage":"en-US"},{"@type":"Organization","@id":"https:\/\/darkamazi.info\/#organization","name":"Darka Maz\u00ee","url":"https:\/\/darkamazi.info\/","logo":{"@type":"ImageObject","inLanguage":"en-US","@id":"https:\/\/darkamazi.info\/#\/schema\/logo\/image\/","url":"https:\/\/darkamazi.info\/file\/2017\/12\/darka-mazi-logo.png","contentUrl":"https:\/\/darkamazi.info\/file\/2017\/12\/darka-mazi-logo.png","width":151,"height":75,"caption":"Darka Maz\u00ee"},"image":{"@id":"https:\/\/darkamazi.info\/#\/schema\/logo\/image\/"},"sameAs":["https:\/\/www.facebook.com\/DarMaziKurmanci","https:\/\/x.com\/DarkaMaziLatini","https:\/\/www.instagram.com\/darkamazi.kurmanci\/","https:\/\/www.youtube.com\/channel\/UCa5HkTdmI8U1qCUFuTw8B2g"]},{"@type":"Person","@id":"https:\/\/darkamazi.info\/#\/schema\/person\/5ad3e24553a0567993fa8ed4bd0a776c","name":"darka mazi","sameAs":["https:\/\/darkamazi.info\/"],"url":"https:\/\/darkamazi.info\/archives\/author\/kurdi"}]}},"_links":{"self":[{"href":"https:\/\/darkamazi.info\/funavuv\/wp\/v2\/posts\/1033100","targetHints":{"allow":["GET"]}}],"collection":[{"href":"https:\/\/darkamazi.info\/funavuv\/wp\/v2\/posts"}],"about":[{"href":"https:\/\/darkamazi.info\/funavuv\/wp\/v2\/types\/post"}],"author":[{"embeddable":true,"href":"https:\/\/darkamazi.info\/funavuv\/wp\/v2\/users\/2"}],"replies":[{"embeddable":true,"href":"https:\/\/darkamazi.info\/funavuv\/wp\/v2\/comments?post=1033100"}],"version-history":[{"count":0,"href":"https:\/\/darkamazi.info\/funavuv\/wp\/v2\/posts\/1033100\/revisions"}],"wp:featuredmedia":[{"embeddable":true,"href":"https:\/\/darkamazi.info\/funavuv\/wp\/v2\/media\/1033101"}],"wp:attachment":[{"href":"https:\/\/darkamazi.info\/funavuv\/wp\/v2\/media?parent=1033100"}],"wp:term":[{"taxonomy":"category","embeddable":true,"href":"https:\/\/darkamazi.info\/funavuv\/wp\/v2\/categories?post=1033100"},{"taxonomy":"post_tag","embeddable":true,"href":"https:\/\/darkamazi.info\/funavuv\/wp\/v2\/tags?post=1033100"}],"curies":[{"name":"wp","href":"https:\/\/api.w.org\/{rel}","templated":true}]}}