{"id":1033112,"date":"2022-10-12T12:41:29","date_gmt":"2022-10-12T09:41:29","guid":{"rendered":"https:\/\/darkamazi.info\/?p=1033112"},"modified":"2022-10-12T12:41:29","modified_gmt":"2022-10-12T09:41:29","slug":"efrin-grupen-cekdaran-en-ser-bi-tirkiye-ve-bi-hev-ketin","status":"publish","type":"post","link":"https:\/\/darkamazi.info\/archives\/1033112","title":{"rendered":"Efr\u00een.. Gr\u00fbp\u00ean \u00e7ekdaran \u00ean ser bi Tirkiy\u00ea ve bi hev ketin"},"content":{"rendered":"<h3 style=\"text-align: justify\"><span style=\"font-family: 'arial black', sans-serif\">Li Efr\u00een\u00ea ji duh\u00ee ve \u015fer \u00fb pev\u00e7\u00fbn\u00ean giran di navbera gr\u00fbp\u00ean \u00e7ekdar \u00ean ser bi art\u00ea\u015fa Tirkiy\u00ea ve derketiye \u00fb li gor\u00ee j\u00eader\u00ean medyay\u00ee Heyet Tehr\u00eer El \u015eam\u00ea (Nusra) j\u00ee derbas\u00ee gund\u00ean nav\u00e7eya \u015e\u00earewa ya Efr\u00een\u00ea b\u00fb.<\/span><\/h3>\n<h3 style=\"text-align: justify\"><span style=\"font-family: arial, helvetica, sans-serif\">Ji duh\u00ee ve \u015fer \u00fb pev\u00e7\u00fbn\u00ean giran di navbera gr\u00fbpa Cehhe El \u015eamiy\u00ea ji aliyek\u00ee \u00fb Firqeya Hemzat \u00fb Sil\u00eaman \u015eah (Em\u015fat) de li gund\u00ean nav\u00e7ey\u00ean \u015e\u00earewa, Mabeta, Cindir\u00eas \u00fb \u015eiy\u00ea derketine.<\/span><\/h3>\n<h3 style=\"text-align: justify\"><span style=\"font-family: arial, helvetica, sans-serif\">\u00c7ekdarek\u00ee Cebhe El \u015eamiy\u00ea gund\u00ea Kewkeb\u00ea hat ku\u015ftin \u00fb 3 \u00e7ekdar\u00ean din j\u00ee bir\u00eendar b\u00fbn. Her wiha riya sereke ya Efr\u00een \u2013 Cindir\u00eas\u00ea ji ber \u015fer hatiye qutkirin.<\/span><\/h3>\n<h3 style=\"text-align: justify\"><span style=\"font-family: arial, helvetica, sans-serif\">Li gor\u00ee j\u00eaderan j\u00ee, Cebhe El \u015eamiye di encama \u015fer \u00fb pev\u00e7\u00fbn\u00ean de 5 gund (Fir\u00eariy\u00ea, Kefer Z\u00eet\u00ea, Tel Hemo, Tilif \u00fb Kewkeb\u00ea) \u00ean di navbera Efr\u00een \u00fb Cindir\u00eas\u00ea de kontrol kirin. \u00c7ekdar\u00ean Sil\u00eaman \u015eah (Em\u015far) \u00ean ku pi\u015ftgiriya Hemzat dikin j\u00ee, gund\u00ea Erende \u00fb Mistika y\u00ean li nav\u00e7eya \u015eiy\u00ea kontrol kirin.<\/span><\/h3>\n<h3 style=\"text-align: justify\"><span style=\"font-family: arial, helvetica, sans-serif\">Hat zan\u00een j\u00ee, karwanke le\u015fker\u00ee y\u00ean mezin a firqeya \u201cS\u00eayem\u00een\u201d ji bo pi\u015ftevaniya Cebhe El \u015eamiy\u00ea ji bajar\u00ea Ezaz\u00ea ber bi Efr\u00een\u00ea ve bi r\u00ea ket \u00fb her wiha h\u00eazeke le\u015fker\u00ee gihi\u015fte derdora nahiya Mabeta \u00fb ta ku gund\u00ea Erende \u00fb Mistika y\u00ean ku ji aliy\u00ea firqeya \u201cSil\u00eaman \u015eah\u201d ve hatiye kontrolkirin, veger\u00eenin.<\/span><\/h3>\n<h3 style=\"text-align: justify\"><span style=\"font-family: arial, helvetica, sans-serif\">Li gor\u00ee zanyariyan j\u00ee Heyet Tehr\u00eer El-\u015eam\u201d (Cebhet El-Nusra ber\u00ea) h\u00eaz\u00ean xwe y\u00ean le\u015fker\u00ee li derdora Efr\u00een\u00ea li n\u00eaz\u00eek\u00ee r\u00eabenda Xezawiy\u00ea li ba\u015f\u00fbr\u00ea Efr\u00een\u00ea kom dike \u00fb be\u015fek ji h\u00eaz\u00ean w\u00ea derbas\u00ee gund\u00ea Bas\u00fbta \u00fb Eyn Dara y\u00ean gundewar\u00ean Efr\u00een\u00ea b\u00fbn.<\/span><\/h3>\n<h3 style=\"text-align: justify\"><span style=\"font-family: arial, helvetica, sans-serif\">Ji ber \u015fer \u00fb pev\u00e7\u00fbn\u00ean di navbera gr\u00fbp\u00ean \u00e7ekdaran de, rew\u015fa ewlehiy\u00ea bi temam\u00ee t\u00eak \u00e7\u00fbye \u00fb tirseke mezin di nava xelk\u00ea Efr\u00een\u00ea de derketiye.<\/span><\/h3>\n<h3 style=\"text-align: justify\"><span style=\"font-family: arial, helvetica, sans-serif\">Ev \u015fer \u00fb p\u00ea\u015fhat pi\u015ft\u00ee w\u00ea yek\u00ea li Efr\u00een\u00ea hatin, du roj in \u015fer \u00fb pev\u00e7\u00fbn di navbera wan gr\u00fbp\u00ean ser bi Tirkiy\u00ea ve li bajar\u00ea Bab \u00fb Cerabulus diqewimin \u00fb \u00e7ekdar\u00ean Cebhe El \u015eamiye \u00fb feyleqa S\u00eayem\u00een li Bab \u00fb Cerablus\u00ea kariye dest deyne ser hejmarek mezin ji baregeh\u00ean Hemzat.<\/span><\/h3>\n","protected":false},"excerpt":{"rendered":"<p>Li Efr\u00een\u00ea ji duh\u00ee ve \u015fer \u00fb pev\u00e7\u00fbn\u00ean giran di navbera gr\u00fbp\u00ean \u00e7ekdar \u00ean ser bi art\u00ea\u015fa Tirkiy\u00ea ve derketiye \u00fb li gor\u00ee j\u00eader\u00ean medyay\u00ee Heyet Tehr\u00eer El \u015eam\u00ea (Nusra) j\u00ee derbas\u00ee gund\u00ean nav\u00e7eya \u015e\u00earewa ya Efr\u00een\u00ea b\u00fb. Ji duh\u00ee ve \u015fer \u00fb pev\u00e7\u00fbn\u00ean giran di navbera gr\u00fbpa Cehhe El \u015eamiy\u00ea ji aliyek\u00ee \u00fb Firqeya [&hellip;]<\/p>\n","protected":false},"author":2,"featured_media":1033113,"comment_status":"closed","ping_status":"closed","sticky":false,"template":"","format":"standard","meta":{"footnotes":""},"categories":[29],"tags":[37],"class_list":["post-1033112","post","type-post","status-publish","format-standard","has-post-thumbnail","hentry","category-kurdistan","tag-sereke"],"blocksy_meta":[],"seo_head":"<!-- This site is optimized with the Yoast SEO plugin v27.5 - https:\/\/yoast.com\/product\/yoast-seo-wordpress\/ -->\n<title>Efr\u00een.. Gr\u00fbp\u00ean \u00e7ekdaran \u00ean ser bi Tirkiy\u00ea ve bi hev ketin - Darka Maz\u00ee<\/title>\n<meta name=\"robots\" content=\"index, follow, max-snippet:-1, max-image-preview:large, max-video-preview:-1\" \/>\n<link rel=\"canonical\" href=\"https:\/\/darkamazi.info\/archives\/1033112\" \/>\n<meta property=\"og:locale\" content=\"en_US\" \/>\n<meta property=\"og:type\" content=\"article\" \/>\n<meta property=\"og:title\" content=\"Efr\u00een.. Gr\u00fbp\u00ean \u00e7ekdaran \u00ean ser bi Tirkiy\u00ea ve bi hev ketin - Darka Maz\u00ee\" \/>\n<meta property=\"og:description\" content=\"Li Efr\u00een\u00ea ji duh\u00ee ve \u015fer \u00fb pev\u00e7\u00fbn\u00ean giran di navbera gr\u00fbp\u00ean \u00e7ekdar \u00ean ser bi art\u00ea\u015fa Tirkiy\u00ea ve derketiye \u00fb li gor\u00ee j\u00eader\u00ean medyay\u00ee Heyet Tehr\u00eer El \u015eam\u00ea (Nusra) j\u00ee derbas\u00ee gund\u00ean nav\u00e7eya \u015e\u00earewa ya Efr\u00een\u00ea b\u00fb. Ji duh\u00ee ve \u015fer \u00fb pev\u00e7\u00fbn\u00ean giran di navbera gr\u00fbpa Cehhe El \u015eamiy\u00ea ji aliyek\u00ee \u00fb Firqeya [&hellip;]\" \/>\n<meta property=\"og:url\" content=\"https:\/\/darkamazi.info\/archives\/1033112\" \/>\n<meta property=\"og:site_name\" content=\"Darka Maz\u00ee\" \/>\n<meta property=\"article:publisher\" content=\"https:\/\/www.facebook.com\/DarMaziKurmanci\" \/>\n<meta property=\"article:published_time\" content=\"2022-10-12T09:41:29+00:00\" \/>\n<meta property=\"og:image\" content=\"https:\/\/darkamazi.info\/file\/2022\/10\/efrin-roajva-shamiye-war.jpg\" \/>\n\t<meta property=\"og:image:width\" content=\"781\" \/>\n\t<meta property=\"og:image:height\" content=\"439\" \/>\n\t<meta property=\"og:image:type\" content=\"image\/jpeg\" \/>\n<meta name=\"author\" content=\"darka mazi\" \/>\n<meta name=\"twitter:card\" content=\"summary_large_image\" \/>\n<meta name=\"twitter:creator\" content=\"@DarkaMaziLatini\" \/>\n<meta name=\"twitter:site\" content=\"@DarkaMaziLatini\" \/>\n<meta name=\"twitter:label1\" content=\"Written by\" \/>\n\t<meta name=\"twitter:data1\" content=\"darka mazi\" \/>\n\t<meta name=\"twitter:label2\" content=\"Est. reading time\" \/>\n\t<meta name=\"twitter:data2\" content=\"2 minutes\" \/>\n<script type=\"application\/ld+json\" class=\"seo-schema-graph\">{\"@context\":\"https:\\\/\\\/schema.org\",\"@graph\":[{\"@type\":\"Article\",\"@id\":\"https:\\\/\\\/darkamazi.info\\\/archives\\\/1033112#article\",\"isPartOf\":{\"@id\":\"https:\\\/\\\/darkamazi.info\\\/archives\\\/1033112\"},\"author\":{\"name\":\"darka mazi\",\"@id\":\"https:\\\/\\\/darkamazi.info\\\/#\\\/schema\\\/person\\\/5ad3e24553a0567993fa8ed4bd0a776c\"},\"headline\":\"Efr\u00een.. Gr\u00fbp\u00ean \u00e7ekdaran \u00ean ser bi Tirkiy\u00ea ve bi hev ketin\",\"datePublished\":\"2022-10-12T09:41:29+00:00\",\"mainEntityOfPage\":{\"@id\":\"https:\\\/\\\/darkamazi.info\\\/archives\\\/1033112\"},\"wordCount\":397,\"publisher\":{\"@id\":\"https:\\\/\\\/darkamazi.info\\\/#organization\"},\"image\":{\"@id\":\"https:\\\/\\\/darkamazi.info\\\/archives\\\/1033112#primaryimage\"},\"thumbnailUrl\":\"https:\\\/\\\/darkamazi.info\\\/darka-content\\\/uploads\\\/2022\\\/10\\\/efrin-roajva-shamiye-war.jpg\",\"keywords\":[\"sereke\"],\"articleSection\":[\"Kurdistan\"],\"inLanguage\":\"en-US\"},{\"@type\":\"WebPage\",\"@id\":\"https:\\\/\\\/darkamazi.info\\\/archives\\\/1033112\",\"url\":\"https:\\\/\\\/darkamazi.info\\\/archives\\\/1033112\",\"name\":\"Efr\u00een.. Gr\u00fbp\u00ean \u00e7ekdaran \u00ean ser bi Tirkiy\u00ea ve bi hev ketin - Darka Maz\u00ee\",\"isPartOf\":{\"@id\":\"https:\\\/\\\/darkamazi.info\\\/#website\"},\"primaryImageOfPage\":{\"@id\":\"https:\\\/\\\/darkamazi.info\\\/archives\\\/1033112#primaryimage\"},\"image\":{\"@id\":\"https:\\\/\\\/darkamazi.info\\\/archives\\\/1033112#primaryimage\"},\"thumbnailUrl\":\"https:\\\/\\\/darkamazi.info\\\/darka-content\\\/uploads\\\/2022\\\/10\\\/efrin-roajva-shamiye-war.jpg\",\"datePublished\":\"2022-10-12T09:41:29+00:00\",\"breadcrumb\":{\"@id\":\"https:\\\/\\\/darkamazi.info\\\/archives\\\/1033112#breadcrumb\"},\"inLanguage\":\"en-US\",\"potentialAction\":[{\"@type\":\"ReadAction\",\"target\":[\"https:\\\/\\\/darkamazi.info\\\/archives\\\/1033112\"]}]},{\"@type\":\"ImageObject\",\"inLanguage\":\"en-US\",\"@id\":\"https:\\\/\\\/darkamazi.info\\\/archives\\\/1033112#primaryimage\",\"url\":\"https:\\\/\\\/darkamazi.info\\\/darka-content\\\/uploads\\\/2022\\\/10\\\/efrin-roajva-shamiye-war.jpg\",\"contentUrl\":\"https:\\\/\\\/darkamazi.info\\\/darka-content\\\/uploads\\\/2022\\\/10\\\/efrin-roajva-shamiye-war.jpg\",\"width\":781,\"height\":439,\"caption\":\"Efr\u00een.. Gr\u00fbp\u00ean \u00e7ekdaran \u00ean ser bi Tirkiy\u00ea ve bi hev ketin\"},{\"@type\":\"BreadcrumbList\",\"@id\":\"https:\\\/\\\/darkamazi.info\\\/archives\\\/1033112#breadcrumb\",\"itemListElement\":[{\"@type\":\"ListItem\",\"position\":1,\"name\":\"Home\",\"item\":\"https:\\\/\\\/darkamazi.info\\\/\"},{\"@type\":\"ListItem\",\"position\":2,\"name\":\"Efr\u00een.. Gr\u00fbp\u00ean \u00e7ekdaran \u00ean ser bi Tirkiy\u00ea ve bi hev ketin\"}]},{\"@type\":\"WebSite\",\"@id\":\"https:\\\/\\\/darkamazi.info\\\/#website\",\"url\":\"https:\\\/\\\/darkamazi.info\\\/\",\"name\":\"Darka Maz\u00ee\",\"description\":\"P\u00eageha Zanyariy\u00ean Nebih\u00eest\u00ee\",\"publisher\":{\"@id\":\"https:\\\/\\\/darkamazi.info\\\/#organization\"},\"potentialAction\":[{\"@type\":\"SearchAction\",\"target\":{\"@type\":\"EntryPoint\",\"urlTemplate\":\"https:\\\/\\\/darkamazi.info\\\/?s={search_term_string}\"},\"query-input\":{\"@type\":\"PropertyValueSpecification\",\"valueRequired\":true,\"valueName\":\"search_term_string\"}}],\"inLanguage\":\"en-US\"},{\"@type\":\"Organization\",\"@id\":\"https:\\\/\\\/darkamazi.info\\\/#organization\",\"name\":\"Darka Maz\u00ee\",\"url\":\"https:\\\/\\\/darkamazi.info\\\/\",\"logo\":{\"@type\":\"ImageObject\",\"inLanguage\":\"en-US\",\"@id\":\"https:\\\/\\\/darkamazi.info\\\/#\\\/schema\\\/logo\\\/image\\\/\",\"url\":\"https:\\\/\\\/darkamazi.info\\\/darka-content\\\/uploads\\\/2017\\\/12\\\/darka-mazi-logo.png\",\"contentUrl\":\"https:\\\/\\\/darkamazi.info\\\/darka-content\\\/uploads\\\/2017\\\/12\\\/darka-mazi-logo.png\",\"width\":151,\"height\":75,\"caption\":\"Darka Maz\u00ee\"},\"image\":{\"@id\":\"https:\\\/\\\/darkamazi.info\\\/#\\\/schema\\\/logo\\\/image\\\/\"},\"sameAs\":[\"https:\\\/\\\/www.facebook.com\\\/DarMaziKurmanci\",\"https:\\\/\\\/x.com\\\/DarkaMaziLatini\",\"https:\\\/\\\/www.instagram.com\\\/darkamazi.kurmanci\\\/\",\"https:\\\/\\\/www.youtube.com\\\/channel\\\/UCa5HkTdmI8U1qCUFuTw8B2g\"]},{\"@type\":\"Person\",\"@id\":\"https:\\\/\\\/darkamazi.info\\\/#\\\/schema\\\/person\\\/5ad3e24553a0567993fa8ed4bd0a776c\",\"name\":\"darka mazi\",\"sameAs\":[\"https:\\\/\\\/darkamazi.info\\\/\"],\"url\":\"https:\\\/\\\/darkamazi.info\\\/archives\\\/author\\\/kurdi\"}]}<\/script>\n<!-- \/ Yoast SEO plugin. -->","seo_head_json":{"title":"Efr\u00een.. Gr\u00fbp\u00ean \u00e7ekdaran \u00ean ser bi Tirkiy\u00ea ve bi hev ketin - Darka Maz\u00ee","robots":{"index":"index","follow":"follow","max-snippet":"max-snippet:-1","max-image-preview":"max-image-preview:large","max-video-preview":"max-video-preview:-1"},"canonical":"https:\/\/darkamazi.info\/archives\/1033112","og_locale":"en_US","og_type":"article","og_title":"Efr\u00een.. Gr\u00fbp\u00ean \u00e7ekdaran \u00ean ser bi Tirkiy\u00ea ve bi hev ketin - Darka Maz\u00ee","og_description":"Li Efr\u00een\u00ea ji duh\u00ee ve \u015fer \u00fb pev\u00e7\u00fbn\u00ean giran di navbera gr\u00fbp\u00ean \u00e7ekdar \u00ean ser bi art\u00ea\u015fa Tirkiy\u00ea ve derketiye \u00fb li gor\u00ee j\u00eader\u00ean medyay\u00ee Heyet Tehr\u00eer El \u015eam\u00ea (Nusra) j\u00ee derbas\u00ee gund\u00ean nav\u00e7eya \u015e\u00earewa ya Efr\u00een\u00ea b\u00fb. Ji duh\u00ee ve \u015fer \u00fb pev\u00e7\u00fbn\u00ean giran di navbera gr\u00fbpa Cehhe El \u015eamiy\u00ea ji aliyek\u00ee \u00fb Firqeya [&hellip;]","og_url":"https:\/\/darkamazi.info\/archives\/1033112","og_site_name":"Darka Maz\u00ee","article_publisher":"https:\/\/www.facebook.com\/DarMaziKurmanci","article_published_time":"2022-10-12T09:41:29+00:00","og_image":[{"width":781,"height":439,"url":"https:\/\/darkamazi.info\/file\/2022\/10\/efrin-roajva-shamiye-war.jpg","type":"image\/jpeg"}],"author":"darka mazi","twitter_card":"summary_large_image","twitter_creator":"@DarkaMaziLatini","twitter_site":"@DarkaMaziLatini","twitter_misc":{"Written by":"darka mazi","Est. reading time":"2 minutes"},"schema":{"@context":"https:\/\/schema.org","@graph":[{"@type":"Article","@id":"https:\/\/darkamazi.info\/archives\/1033112#article","isPartOf":{"@id":"https:\/\/darkamazi.info\/archives\/1033112"},"author":{"name":"darka mazi","@id":"https:\/\/darkamazi.info\/#\/schema\/person\/5ad3e24553a0567993fa8ed4bd0a776c"},"headline":"Efr\u00een.. Gr\u00fbp\u00ean \u00e7ekdaran \u00ean ser bi Tirkiy\u00ea ve bi hev ketin","datePublished":"2022-10-12T09:41:29+00:00","mainEntityOfPage":{"@id":"https:\/\/darkamazi.info\/archives\/1033112"},"wordCount":397,"publisher":{"@id":"https:\/\/darkamazi.info\/#organization"},"image":{"@id":"https:\/\/darkamazi.info\/archives\/1033112#primaryimage"},"thumbnailUrl":"https:\/\/darkamazi.info\/file\/2022\/10\/efrin-roajva-shamiye-war.jpg","keywords":["sereke"],"articleSection":["Kurdistan"],"inLanguage":"en-US"},{"@type":"WebPage","@id":"https:\/\/darkamazi.info\/archives\/1033112","url":"https:\/\/darkamazi.info\/archives\/1033112","name":"Efr\u00een.. Gr\u00fbp\u00ean \u00e7ekdaran \u00ean ser bi Tirkiy\u00ea ve bi hev ketin - Darka Maz\u00ee","isPartOf":{"@id":"https:\/\/darkamazi.info\/#website"},"primaryImageOfPage":{"@id":"https:\/\/darkamazi.info\/archives\/1033112#primaryimage"},"image":{"@id":"https:\/\/darkamazi.info\/archives\/1033112#primaryimage"},"thumbnailUrl":"https:\/\/darkamazi.info\/file\/2022\/10\/efrin-roajva-shamiye-war.jpg","datePublished":"2022-10-12T09:41:29+00:00","breadcrumb":{"@id":"https:\/\/darkamazi.info\/archives\/1033112#breadcrumb"},"inLanguage":"en-US","potentialAction":[{"@type":"ReadAction","target":["https:\/\/darkamazi.info\/archives\/1033112"]}]},{"@type":"ImageObject","inLanguage":"en-US","@id":"https:\/\/darkamazi.info\/archives\/1033112#primaryimage","url":"https:\/\/darkamazi.info\/file\/2022\/10\/efrin-roajva-shamiye-war.jpg","contentUrl":"https:\/\/darkamazi.info\/file\/2022\/10\/efrin-roajva-shamiye-war.jpg","width":781,"height":439,"caption":"Efr\u00een.. Gr\u00fbp\u00ean \u00e7ekdaran \u00ean ser bi Tirkiy\u00ea ve bi hev ketin"},{"@type":"BreadcrumbList","@id":"https:\/\/darkamazi.info\/archives\/1033112#breadcrumb","itemListElement":[{"@type":"ListItem","position":1,"name":"Home","item":"https:\/\/darkamazi.info\/"},{"@type":"ListItem","position":2,"name":"Efr\u00een.. Gr\u00fbp\u00ean \u00e7ekdaran \u00ean ser bi Tirkiy\u00ea ve bi hev ketin"}]},{"@type":"WebSite","@id":"https:\/\/darkamazi.info\/#website","url":"https:\/\/darkamazi.info\/","name":"Darka Maz\u00ee","description":"P\u00eageha Zanyariy\u00ean Nebih\u00eest\u00ee","publisher":{"@id":"https:\/\/darkamazi.info\/#organization"},"potentialAction":[{"@type":"SearchAction","target":{"@type":"EntryPoint","urlTemplate":"https:\/\/darkamazi.info\/?s={search_term_string}"},"query-input":{"@type":"PropertyValueSpecification","valueRequired":true,"valueName":"search_term_string"}}],"inLanguage":"en-US"},{"@type":"Organization","@id":"https:\/\/darkamazi.info\/#organization","name":"Darka Maz\u00ee","url":"https:\/\/darkamazi.info\/","logo":{"@type":"ImageObject","inLanguage":"en-US","@id":"https:\/\/darkamazi.info\/#\/schema\/logo\/image\/","url":"https:\/\/darkamazi.info\/file\/2017\/12\/darka-mazi-logo.png","contentUrl":"https:\/\/darkamazi.info\/file\/2017\/12\/darka-mazi-logo.png","width":151,"height":75,"caption":"Darka Maz\u00ee"},"image":{"@id":"https:\/\/darkamazi.info\/#\/schema\/logo\/image\/"},"sameAs":["https:\/\/www.facebook.com\/DarMaziKurmanci","https:\/\/x.com\/DarkaMaziLatini","https:\/\/www.instagram.com\/darkamazi.kurmanci\/","https:\/\/www.youtube.com\/channel\/UCa5HkTdmI8U1qCUFuTw8B2g"]},{"@type":"Person","@id":"https:\/\/darkamazi.info\/#\/schema\/person\/5ad3e24553a0567993fa8ed4bd0a776c","name":"darka mazi","sameAs":["https:\/\/darkamazi.info\/"],"url":"https:\/\/darkamazi.info\/archives\/author\/kurdi"}]}},"_links":{"self":[{"href":"https:\/\/darkamazi.info\/funavuv\/wp\/v2\/posts\/1033112","targetHints":{"allow":["GET"]}}],"collection":[{"href":"https:\/\/darkamazi.info\/funavuv\/wp\/v2\/posts"}],"about":[{"href":"https:\/\/darkamazi.info\/funavuv\/wp\/v2\/types\/post"}],"author":[{"embeddable":true,"href":"https:\/\/darkamazi.info\/funavuv\/wp\/v2\/users\/2"}],"replies":[{"embeddable":true,"href":"https:\/\/darkamazi.info\/funavuv\/wp\/v2\/comments?post=1033112"}],"version-history":[{"count":0,"href":"https:\/\/darkamazi.info\/funavuv\/wp\/v2\/posts\/1033112\/revisions"}],"wp:featuredmedia":[{"embeddable":true,"href":"https:\/\/darkamazi.info\/funavuv\/wp\/v2\/media\/1033113"}],"wp:attachment":[{"href":"https:\/\/darkamazi.info\/funavuv\/wp\/v2\/media?parent=1033112"}],"wp:term":[{"taxonomy":"category","embeddable":true,"href":"https:\/\/darkamazi.info\/funavuv\/wp\/v2\/categories?post=1033112"},{"taxonomy":"post_tag","embeddable":true,"href":"https:\/\/darkamazi.info\/funavuv\/wp\/v2\/tags?post=1033112"}],"curies":[{"name":"wp","href":"https:\/\/api.w.org\/{rel}","templated":true}]}}