{"id":1033220,"date":"2022-10-18T21:34:16","date_gmt":"2022-10-18T18:34:16","guid":{"rendered":"https:\/\/darkamazi.info\/?p=1033220"},"modified":"2022-10-18T21:34:16","modified_gmt":"2022-10-18T18:34:16","slug":"cima-karayilan-bayik-u-bese-bi-ceken-kimyewi-nayen-kustin","status":"publish","type":"post","link":"https:\/\/darkamazi.info\/archives\/1033220","title":{"rendered":"\u00c7ima Karayilan, Bay\u00eek, \u00fb Bes\u00ea bi \u00e7ek\u00ean k\u00eemyew\u00ee nay\u00ean ku\u015ftin?!"},"content":{"rendered":"<h3 style=\"text-align: justify\"><span style=\"font-family: 'arial black', sans-serif\">PKKe ne bi ten\u00ea derewan li malbat\u00ean G\u00ear\u00eelayan, belku li tev gel\u00ea Kurd dike, PKKe hertim ji bo ve\u015fartina binketin\u00ean xwe di qad\u00ean \u015fer de h\u00eancet\u00ean b\u00ea wate derdix\u00eene \u00fb bi derwan dixwaze xwe weke serket\u00ee n\u00ee\u015fan\u00ee gel\u00ea Kurd bide.<\/span><\/h3>\n<h3 style=\"text-align: justify\"><span style=\"font-family: arial, helvetica, sans-serif\">Di v\u00ee war\u00ee de her\u00ee daw\u00ee PKK\u00ea di medyaya xwe de n\u00fb\u00e7eyek parve kiriye \u00fb t\u00ea de derew\u00ean her\u00ee mezin \u00fb gotin\u00ean d\u00fbr ji exlaq dike, PKK\u00ea di v\u00ea n\u00fb\u00e7eya xwe de nasnameya 17 ciwan\u00ean Kurd e\u015fkere kiriye ku her\u00ee daw\u00ee di \u015fer\u00ea xwe y\u00ea saxte y\u00ea bi Tirkiy\u00ea re bi dest\u00ea eskeran dayne ku\u015ftin, bi v\u00ea j\u00ee nasekne \u00fb t\u00ea derewan derheq PDK\u00ea \u00fb Hik\u00fbmeta Her\u00eama Kurdistan\u00ea parve dike \u00fb dixwaze wusa n\u00ee\u015fan bide ku PDKe bi ku\u015ftina van ciwanan dil xwe\u015fe.<\/span><\/h3>\n<h3 style=\"text-align: justify\"><span style=\"font-family: arial, helvetica, sans-serif\">R\u00eaxistina PKK\u00ea weke hertim, nav \u00fb w\u00eane \u00fb tam agah\u00ee derbar\u00ea van 17 ke\u00e7 \u00fb xort\u00ean Kurd parvekirine \u00fb ten\u00ea amaje bi temena wan nekir, ji bo ku c\u00eenayeta revandin \u00fb ku\u015ftina zarok\u00ean Kurdan li ser r\u00eaxistin\u00ea tesb\u00eet nebe.<\/span><\/h3>\n<h3 style=\"text-align: justify\"><span style=\"font-family: arial, helvetica, sans-serif\">\u00cero roja s\u00ea\u015fem\u00ee 18\/10\/2022\u00ea \u00e7apemeniya PKK\u00ea bi parvekirina n\u00fb\u00e7eyek\u00ee, nasnameya 17 G\u00ear\u00eelay\u00ean diyar kir ku di \u015fer de bi dest\u00ea art\u00ea\u015fa tirkiy\u00ea dayne ku\u015ftin, medyaya PKK\u00ea ji boy ve\u015fartina \u015fikestin\u00ean xwe y\u00ean berdewam di qad\u00ean \u015fer de hatye \u00fb sedema ku\u015ftina van ciwanan ji boy bikaran\u00eena \u00e7ek\u00ean k\u00eemyew\u00ee y\u00ean gaza jehr\u00ee vedger\u00eene, l\u00ea sedema ku\u015ftina van ciwanan her \u00e7i be, v\u00ea rastiy\u00ea naguher\u00eene ku PKKe li her der\u00ea rast\u00ee \u015fikestin\u00ean mezin hatiye \u00fb her ku di\u00e7e z\u00eadetir ciwan\u00ean Kurd ber bi mirin\u00ea pal dide.<\/span><\/h3>\n<h3 style=\"text-align: justify\"><span style=\"font-family: arial, helvetica, sans-serif\">PKKe weke kar\u00ea xwe y\u00ea hertim, bi r\u00eazkirina peyvan dixwaze xwe weke serket\u00ee n\u00ee\u015fan bide, l\u00eabel\u00ea ya ku bi zelal\u00ee t\u00ea d\u00eetin \u00fb bih\u00eestin eve ku PKKe binketiye \u00fb roj na\u00e7e hin ciwan\u00ean Kurd bi ku\u015ftin nede \u00fb hin nav\u00e7ey\u00ean din j\u00ee bi dest art\u00ea\u015fa Tirkiy\u00ea ve bernede.<\/span><\/h3>\n<h3 style=\"text-align: justify\"><span style=\"font-family: arial, helvetica, sans-serif\">PKKe ji boy parastina xwe, xwe ji t b\u00ea exlaqiyek\u00ea nade pa\u015f, bi awayek\u00ee ewqas b\u00ea exlaq n\u00fb\u00e7eyan serv\u00ees dike ku k\u00een \u00fb nefret\u00ea di n\u00eavbera Kurdan de parve dike, PKKe di v\u00ea n\u00fb\u00e7eya xwe de wisa diniv\u00ees\u00eene, \u201cheyet\u00ean ku xwestine werin her\u00eam\u00ea \u00fb derbar\u00ea bikaran\u00eena \u00e7ek\u00ean qedexe l\u00eakol\u00een\u00ea bikin, ji aliy\u00ea h\u00eaz\u00ean PDK\u00ea y\u00ean li her\u00eam\u00ea serwerin hatine astenigkirin, heyetek hatiye heta nav\u00e7eya Am\u00eadiy\u00ea ku 5 k\u00eelometroyan d\u00fbr\u00ee nav\u00e7eya ku ev \u00e7ek hatb\u00fbn bikaran\u00een, l\u00ea dest\u00fbr nehatiye day\u00een ku heyet l\u00eakol\u00een\u00ea bike\u201d.<\/span><\/h3>\n<h3 style=\"text-align: justify\"><span style=\"font-family: arial, helvetica, sans-serif\">L\u00ea li gor\u00ee agahiy\u00ean taybet y\u00ean \u201cDarka Maz\u00ee\u201d ku ji gel \u00fb \u00e7avkaniy\u00ean ewlehiy\u00ea y\u00ean li Am\u00eadiy\u00ea wergirtine, \u00eed\u00eeaya PKK\u00ea derewek mezine \u00fb bi t awa tu heyetek ji boy l\u00eakol\u00eenkirina bikaran\u00eena \u00e7ek\u00ean qedexekir\u00ee derbas\u00ee Am\u00eadiy\u00ea neb\u00fbne \u00fb ti h\u00eazek\u00ea j\u00ee r\u00eagir\u00ee li wan nekiriye.<\/span><\/h3>\n<h3 style=\"text-align: justify\"><span style=\"font-family: arial, helvetica, sans-serif\">Gel\u00ea Am\u00eadiy\u00ea ji xebatkar\u00ean \u201cDarka Maz\u00ee\u201d re gotin, li \u015f\u00fbna parvekirina derewan \u00fb re\u015fkirina PDK\u00ea, bila PKKe \u015fer\u00ea xwe y\u00ea sexte ji me d\u00fbr bike \u00fb bih\u00eale zarok\u00ean me di aramiy\u00ea de jiyan bikin, bila PKKe z\u00eadetir Ba\u015f\u00fbr\u00ea Kurdistan\u00ea tesl\u00eem\u00ee dewleta Tirk neke, sedema mirina van ciwan\u00ean Kurd \u00e7i be bila bibe l\u00ea ev rast\u00ee nay\u00ea guher\u00een ku PKKe \u00e7\u00eakiriya Tirkiy\u00ea ye ji boy bi ku\u015ftin dana ciwan\u00ean Kurd \u00fb dag\u00eerkirina z\u00eadetir ya Kurdistan\u00ea, wilatiy\u00ean Am\u00eadiy\u00ea gotin, \u201cgelo ger Tirkiye \u00e7ek\u00ean k\u00eemyew\u00ee bikart\u00eene \u00e7ima carek\u00ea yek ji rayedar\u00ean bilind y\u00ean PKK\u00ea ber bi wan \u00e7ekan nakeve? \u00c7ima hertim ciwan\u00ean wilatpar\u00eaz t\u00ean ku\u015ftin? \u00c7ima carek\u00ee Cem\u00eel Bayik, Bes\u00ea Hozat yan Murad Karayilan bi van \u00e7ekan nay\u00ean ku\u015ftin\u201d?.<\/span><\/h3>\n","protected":false},"excerpt":{"rendered":"<p>PKKe ne bi ten\u00ea derewan li malbat\u00ean G\u00ear\u00eelayan, belku li tev gel\u00ea Kurd dike, PKKe hertim ji bo ve\u015fartina binketin\u00ean xwe di qad\u00ean \u015fer de h\u00eancet\u00ean b\u00ea wate derdix\u00eene \u00fb bi derwan dixwaze xwe weke serket\u00ee n\u00ee\u015fan\u00ee gel\u00ea Kurd bide. Di v\u00ee war\u00ee de her\u00ee daw\u00ee PKK\u00ea di medyaya xwe de n\u00fb\u00e7eyek parve kiriye \u00fb [&hellip;]<\/p>\n","protected":false},"author":2,"featured_media":1033221,"comment_status":"closed","ping_status":"closed","sticky":false,"template":"","format":"standard","meta":{"footnotes":""},"categories":[29],"tags":[37],"class_list":["post-1033220","post","type-post","status-publish","format-standard","has-post-thumbnail","hentry","category-kurdistan","tag-sereke"],"blocksy_meta":[],"seo_head":"<!-- This site is optimized with the Yoast SEO plugin v27.5 - https:\/\/yoast.com\/product\/yoast-seo-wordpress\/ -->\n<title>\u00c7ima Karayilan, Bay\u00eek, \u00fb Bes\u00ea bi \u00e7ek\u00ean k\u00eemyew\u00ee nay\u00ean ku\u015ftin?! - Darka Maz\u00ee<\/title>\n<meta name=\"robots\" content=\"index, follow, max-snippet:-1, max-image-preview:large, max-video-preview:-1\" \/>\n<link rel=\"canonical\" href=\"https:\/\/darkamazi.info\/archives\/1033220\" \/>\n<meta property=\"og:locale\" content=\"en_US\" \/>\n<meta property=\"og:type\" content=\"article\" \/>\n<meta property=\"og:title\" content=\"\u00c7ima Karayilan, Bay\u00eek, \u00fb Bes\u00ea bi \u00e7ek\u00ean k\u00eemyew\u00ee nay\u00ean ku\u015ftin?! - Darka Maz\u00ee\" \/>\n<meta property=\"og:description\" content=\"PKKe ne bi ten\u00ea derewan li malbat\u00ean G\u00ear\u00eelayan, belku li tev gel\u00ea Kurd dike, PKKe hertim ji bo ve\u015fartina binketin\u00ean xwe di qad\u00ean \u015fer de h\u00eancet\u00ean b\u00ea wate derdix\u00eene \u00fb bi derwan dixwaze xwe weke serket\u00ee n\u00ee\u015fan\u00ee gel\u00ea Kurd bide. Di v\u00ee war\u00ee de her\u00ee daw\u00ee PKK\u00ea di medyaya xwe de n\u00fb\u00e7eyek parve kiriye \u00fb [&hellip;]\" \/>\n<meta property=\"og:url\" content=\"https:\/\/darkamazi.info\/archives\/1033220\" \/>\n<meta property=\"og:site_name\" content=\"Darka Maz\u00ee\" \/>\n<meta property=\"article:publisher\" content=\"https:\/\/www.facebook.com\/DarMaziKurmanci\" \/>\n<meta property=\"article:published_time\" content=\"2022-10-18T18:34:16+00:00\" \/>\n<meta property=\"og:image\" content=\"https:\/\/darkamazi.info\/file\/2022\/10\/gerila-pkk-amedi-duhok-kurd-kurdistan-zarok-revendin.jpg\" \/>\n\t<meta property=\"og:image:width\" content=\"900\" \/>\n\t<meta property=\"og:image:height\" content=\"497\" \/>\n\t<meta property=\"og:image:type\" content=\"image\/jpeg\" \/>\n<meta name=\"author\" content=\"darka mazi\" \/>\n<meta name=\"twitter:card\" content=\"summary_large_image\" \/>\n<meta name=\"twitter:creator\" content=\"@DarkaMaziLatini\" \/>\n<meta name=\"twitter:site\" content=\"@DarkaMaziLatini\" \/>\n<meta name=\"twitter:label1\" content=\"Written by\" \/>\n\t<meta name=\"twitter:data1\" content=\"darka mazi\" \/>\n\t<meta name=\"twitter:label2\" content=\"Est. reading time\" \/>\n\t<meta name=\"twitter:data2\" content=\"3 minutes\" \/>\n<script type=\"application\/ld+json\" class=\"seo-schema-graph\">{\"@context\":\"https:\\\/\\\/schema.org\",\"@graph\":[{\"@type\":\"Article\",\"@id\":\"https:\\\/\\\/darkamazi.info\\\/archives\\\/1033220#article\",\"isPartOf\":{\"@id\":\"https:\\\/\\\/darkamazi.info\\\/archives\\\/1033220\"},\"author\":{\"name\":\"darka mazi\",\"@id\":\"https:\\\/\\\/darkamazi.info\\\/#\\\/schema\\\/person\\\/5ad3e24553a0567993fa8ed4bd0a776c\"},\"headline\":\"\u00c7ima Karayilan, Bay\u00eek, \u00fb Bes\u00ea bi \u00e7ek\u00ean k\u00eemyew\u00ee nay\u00ean ku\u015ftin?!\",\"datePublished\":\"2022-10-18T18:34:16+00:00\",\"mainEntityOfPage\":{\"@id\":\"https:\\\/\\\/darkamazi.info\\\/archives\\\/1033220\"},\"wordCount\":659,\"publisher\":{\"@id\":\"https:\\\/\\\/darkamazi.info\\\/#organization\"},\"image\":{\"@id\":\"https:\\\/\\\/darkamazi.info\\\/archives\\\/1033220#primaryimage\"},\"thumbnailUrl\":\"https:\\\/\\\/darkamazi.info\\\/darka-content\\\/uploads\\\/2022\\\/10\\\/gerila-pkk-amedi-duhok-kurd-kurdistan-zarok-revendin.jpg\",\"keywords\":[\"sereke\"],\"articleSection\":[\"Kurdistan\"],\"inLanguage\":\"en-US\"},{\"@type\":\"WebPage\",\"@id\":\"https:\\\/\\\/darkamazi.info\\\/archives\\\/1033220\",\"url\":\"https:\\\/\\\/darkamazi.info\\\/archives\\\/1033220\",\"name\":\"\u00c7ima Karayilan, Bay\u00eek, \u00fb Bes\u00ea bi \u00e7ek\u00ean k\u00eemyew\u00ee nay\u00ean ku\u015ftin?! - Darka Maz\u00ee\",\"isPartOf\":{\"@id\":\"https:\\\/\\\/darkamazi.info\\\/#website\"},\"primaryImageOfPage\":{\"@id\":\"https:\\\/\\\/darkamazi.info\\\/archives\\\/1033220#primaryimage\"},\"image\":{\"@id\":\"https:\\\/\\\/darkamazi.info\\\/archives\\\/1033220#primaryimage\"},\"thumbnailUrl\":\"https:\\\/\\\/darkamazi.info\\\/darka-content\\\/uploads\\\/2022\\\/10\\\/gerila-pkk-amedi-duhok-kurd-kurdistan-zarok-revendin.jpg\",\"datePublished\":\"2022-10-18T18:34:16+00:00\",\"breadcrumb\":{\"@id\":\"https:\\\/\\\/darkamazi.info\\\/archives\\\/1033220#breadcrumb\"},\"inLanguage\":\"en-US\",\"potentialAction\":[{\"@type\":\"ReadAction\",\"target\":[\"https:\\\/\\\/darkamazi.info\\\/archives\\\/1033220\"]}]},{\"@type\":\"ImageObject\",\"inLanguage\":\"en-US\",\"@id\":\"https:\\\/\\\/darkamazi.info\\\/archives\\\/1033220#primaryimage\",\"url\":\"https:\\\/\\\/darkamazi.info\\\/darka-content\\\/uploads\\\/2022\\\/10\\\/gerila-pkk-amedi-duhok-kurd-kurdistan-zarok-revendin.jpg\",\"contentUrl\":\"https:\\\/\\\/darkamazi.info\\\/darka-content\\\/uploads\\\/2022\\\/10\\\/gerila-pkk-amedi-duhok-kurd-kurdistan-zarok-revendin.jpg\",\"width\":900,\"height\":497,\"caption\":\"gerila-pkk-amedi-duhok-kurd-kurdistan-zarok-revendin\"},{\"@type\":\"BreadcrumbList\",\"@id\":\"https:\\\/\\\/darkamazi.info\\\/archives\\\/1033220#breadcrumb\",\"itemListElement\":[{\"@type\":\"ListItem\",\"position\":1,\"name\":\"Home\",\"item\":\"https:\\\/\\\/darkamazi.info\\\/\"},{\"@type\":\"ListItem\",\"position\":2,\"name\":\"\u00c7ima Karayilan, Bay\u00eek, \u00fb Bes\u00ea bi \u00e7ek\u00ean k\u00eemyew\u00ee nay\u00ean ku\u015ftin?!\"}]},{\"@type\":\"WebSite\",\"@id\":\"https:\\\/\\\/darkamazi.info\\\/#website\",\"url\":\"https:\\\/\\\/darkamazi.info\\\/\",\"name\":\"Darka Maz\u00ee\",\"description\":\"P\u00eageha Zanyariy\u00ean Nebih\u00eest\u00ee\",\"publisher\":{\"@id\":\"https:\\\/\\\/darkamazi.info\\\/#organization\"},\"potentialAction\":[{\"@type\":\"SearchAction\",\"target\":{\"@type\":\"EntryPoint\",\"urlTemplate\":\"https:\\\/\\\/darkamazi.info\\\/?s={search_term_string}\"},\"query-input\":{\"@type\":\"PropertyValueSpecification\",\"valueRequired\":true,\"valueName\":\"search_term_string\"}}],\"inLanguage\":\"en-US\"},{\"@type\":\"Organization\",\"@id\":\"https:\\\/\\\/darkamazi.info\\\/#organization\",\"name\":\"Darka Maz\u00ee\",\"url\":\"https:\\\/\\\/darkamazi.info\\\/\",\"logo\":{\"@type\":\"ImageObject\",\"inLanguage\":\"en-US\",\"@id\":\"https:\\\/\\\/darkamazi.info\\\/#\\\/schema\\\/logo\\\/image\\\/\",\"url\":\"https:\\\/\\\/darkamazi.info\\\/darka-content\\\/uploads\\\/2017\\\/12\\\/darka-mazi-logo.png\",\"contentUrl\":\"https:\\\/\\\/darkamazi.info\\\/darka-content\\\/uploads\\\/2017\\\/12\\\/darka-mazi-logo.png\",\"width\":151,\"height\":75,\"caption\":\"Darka Maz\u00ee\"},\"image\":{\"@id\":\"https:\\\/\\\/darkamazi.info\\\/#\\\/schema\\\/logo\\\/image\\\/\"},\"sameAs\":[\"https:\\\/\\\/www.facebook.com\\\/DarMaziKurmanci\",\"https:\\\/\\\/x.com\\\/DarkaMaziLatini\",\"https:\\\/\\\/www.instagram.com\\\/darkamazi.kurmanci\\\/\",\"https:\\\/\\\/www.youtube.com\\\/channel\\\/UCa5HkTdmI8U1qCUFuTw8B2g\"]},{\"@type\":\"Person\",\"@id\":\"https:\\\/\\\/darkamazi.info\\\/#\\\/schema\\\/person\\\/5ad3e24553a0567993fa8ed4bd0a776c\",\"name\":\"darka mazi\",\"sameAs\":[\"https:\\\/\\\/darkamazi.info\\\/\"],\"url\":\"https:\\\/\\\/darkamazi.info\\\/archives\\\/author\\\/kurdi\"}]}<\/script>\n<!-- \/ Yoast SEO plugin. -->","seo_head_json":{"title":"\u00c7ima Karayilan, Bay\u00eek, \u00fb Bes\u00ea bi \u00e7ek\u00ean k\u00eemyew\u00ee nay\u00ean ku\u015ftin?! - Darka Maz\u00ee","robots":{"index":"index","follow":"follow","max-snippet":"max-snippet:-1","max-image-preview":"max-image-preview:large","max-video-preview":"max-video-preview:-1"},"canonical":"https:\/\/darkamazi.info\/archives\/1033220","og_locale":"en_US","og_type":"article","og_title":"\u00c7ima Karayilan, Bay\u00eek, \u00fb Bes\u00ea bi \u00e7ek\u00ean k\u00eemyew\u00ee nay\u00ean ku\u015ftin?! - Darka Maz\u00ee","og_description":"PKKe ne bi ten\u00ea derewan li malbat\u00ean G\u00ear\u00eelayan, belku li tev gel\u00ea Kurd dike, PKKe hertim ji bo ve\u015fartina binketin\u00ean xwe di qad\u00ean \u015fer de h\u00eancet\u00ean b\u00ea wate derdix\u00eene \u00fb bi derwan dixwaze xwe weke serket\u00ee n\u00ee\u015fan\u00ee gel\u00ea Kurd bide. Di v\u00ee war\u00ee de her\u00ee daw\u00ee PKK\u00ea di medyaya xwe de n\u00fb\u00e7eyek parve kiriye \u00fb [&hellip;]","og_url":"https:\/\/darkamazi.info\/archives\/1033220","og_site_name":"Darka Maz\u00ee","article_publisher":"https:\/\/www.facebook.com\/DarMaziKurmanci","article_published_time":"2022-10-18T18:34:16+00:00","og_image":[{"width":900,"height":497,"url":"https:\/\/darkamazi.info\/file\/2022\/10\/gerila-pkk-amedi-duhok-kurd-kurdistan-zarok-revendin.jpg","type":"image\/jpeg"}],"author":"darka mazi","twitter_card":"summary_large_image","twitter_creator":"@DarkaMaziLatini","twitter_site":"@DarkaMaziLatini","twitter_misc":{"Written by":"darka mazi","Est. reading time":"3 minutes"},"schema":{"@context":"https:\/\/schema.org","@graph":[{"@type":"Article","@id":"https:\/\/darkamazi.info\/archives\/1033220#article","isPartOf":{"@id":"https:\/\/darkamazi.info\/archives\/1033220"},"author":{"name":"darka mazi","@id":"https:\/\/darkamazi.info\/#\/schema\/person\/5ad3e24553a0567993fa8ed4bd0a776c"},"headline":"\u00c7ima Karayilan, Bay\u00eek, \u00fb Bes\u00ea bi \u00e7ek\u00ean k\u00eemyew\u00ee nay\u00ean ku\u015ftin?!","datePublished":"2022-10-18T18:34:16+00:00","mainEntityOfPage":{"@id":"https:\/\/darkamazi.info\/archives\/1033220"},"wordCount":659,"publisher":{"@id":"https:\/\/darkamazi.info\/#organization"},"image":{"@id":"https:\/\/darkamazi.info\/archives\/1033220#primaryimage"},"thumbnailUrl":"https:\/\/darkamazi.info\/file\/2022\/10\/gerila-pkk-amedi-duhok-kurd-kurdistan-zarok-revendin.jpg","keywords":["sereke"],"articleSection":["Kurdistan"],"inLanguage":"en-US"},{"@type":"WebPage","@id":"https:\/\/darkamazi.info\/archives\/1033220","url":"https:\/\/darkamazi.info\/archives\/1033220","name":"\u00c7ima Karayilan, Bay\u00eek, \u00fb Bes\u00ea bi \u00e7ek\u00ean k\u00eemyew\u00ee nay\u00ean ku\u015ftin?! - Darka Maz\u00ee","isPartOf":{"@id":"https:\/\/darkamazi.info\/#website"},"primaryImageOfPage":{"@id":"https:\/\/darkamazi.info\/archives\/1033220#primaryimage"},"image":{"@id":"https:\/\/darkamazi.info\/archives\/1033220#primaryimage"},"thumbnailUrl":"https:\/\/darkamazi.info\/file\/2022\/10\/gerila-pkk-amedi-duhok-kurd-kurdistan-zarok-revendin.jpg","datePublished":"2022-10-18T18:34:16+00:00","breadcrumb":{"@id":"https:\/\/darkamazi.info\/archives\/1033220#breadcrumb"},"inLanguage":"en-US","potentialAction":[{"@type":"ReadAction","target":["https:\/\/darkamazi.info\/archives\/1033220"]}]},{"@type":"ImageObject","inLanguage":"en-US","@id":"https:\/\/darkamazi.info\/archives\/1033220#primaryimage","url":"https:\/\/darkamazi.info\/file\/2022\/10\/gerila-pkk-amedi-duhok-kurd-kurdistan-zarok-revendin.jpg","contentUrl":"https:\/\/darkamazi.info\/file\/2022\/10\/gerila-pkk-amedi-duhok-kurd-kurdistan-zarok-revendin.jpg","width":900,"height":497,"caption":"gerila-pkk-amedi-duhok-kurd-kurdistan-zarok-revendin"},{"@type":"BreadcrumbList","@id":"https:\/\/darkamazi.info\/archives\/1033220#breadcrumb","itemListElement":[{"@type":"ListItem","position":1,"name":"Home","item":"https:\/\/darkamazi.info\/"},{"@type":"ListItem","position":2,"name":"\u00c7ima Karayilan, Bay\u00eek, \u00fb Bes\u00ea bi \u00e7ek\u00ean k\u00eemyew\u00ee nay\u00ean ku\u015ftin?!"}]},{"@type":"WebSite","@id":"https:\/\/darkamazi.info\/#website","url":"https:\/\/darkamazi.info\/","name":"Darka Maz\u00ee","description":"P\u00eageha Zanyariy\u00ean Nebih\u00eest\u00ee","publisher":{"@id":"https:\/\/darkamazi.info\/#organization"},"potentialAction":[{"@type":"SearchAction","target":{"@type":"EntryPoint","urlTemplate":"https:\/\/darkamazi.info\/?s={search_term_string}"},"query-input":{"@type":"PropertyValueSpecification","valueRequired":true,"valueName":"search_term_string"}}],"inLanguage":"en-US"},{"@type":"Organization","@id":"https:\/\/darkamazi.info\/#organization","name":"Darka Maz\u00ee","url":"https:\/\/darkamazi.info\/","logo":{"@type":"ImageObject","inLanguage":"en-US","@id":"https:\/\/darkamazi.info\/#\/schema\/logo\/image\/","url":"https:\/\/darkamazi.info\/file\/2017\/12\/darka-mazi-logo.png","contentUrl":"https:\/\/darkamazi.info\/file\/2017\/12\/darka-mazi-logo.png","width":151,"height":75,"caption":"Darka Maz\u00ee"},"image":{"@id":"https:\/\/darkamazi.info\/#\/schema\/logo\/image\/"},"sameAs":["https:\/\/www.facebook.com\/DarMaziKurmanci","https:\/\/x.com\/DarkaMaziLatini","https:\/\/www.instagram.com\/darkamazi.kurmanci\/","https:\/\/www.youtube.com\/channel\/UCa5HkTdmI8U1qCUFuTw8B2g"]},{"@type":"Person","@id":"https:\/\/darkamazi.info\/#\/schema\/person\/5ad3e24553a0567993fa8ed4bd0a776c","name":"darka mazi","sameAs":["https:\/\/darkamazi.info\/"],"url":"https:\/\/darkamazi.info\/archives\/author\/kurdi"}]}},"_links":{"self":[{"href":"https:\/\/darkamazi.info\/funavuv\/wp\/v2\/posts\/1033220","targetHints":{"allow":["GET"]}}],"collection":[{"href":"https:\/\/darkamazi.info\/funavuv\/wp\/v2\/posts"}],"about":[{"href":"https:\/\/darkamazi.info\/funavuv\/wp\/v2\/types\/post"}],"author":[{"embeddable":true,"href":"https:\/\/darkamazi.info\/funavuv\/wp\/v2\/users\/2"}],"replies":[{"embeddable":true,"href":"https:\/\/darkamazi.info\/funavuv\/wp\/v2\/comments?post=1033220"}],"version-history":[{"count":0,"href":"https:\/\/darkamazi.info\/funavuv\/wp\/v2\/posts\/1033220\/revisions"}],"wp:featuredmedia":[{"embeddable":true,"href":"https:\/\/darkamazi.info\/funavuv\/wp\/v2\/media\/1033221"}],"wp:attachment":[{"href":"https:\/\/darkamazi.info\/funavuv\/wp\/v2\/media?parent=1033220"}],"wp:term":[{"taxonomy":"category","embeddable":true,"href":"https:\/\/darkamazi.info\/funavuv\/wp\/v2\/categories?post=1033220"},{"taxonomy":"post_tag","embeddable":true,"href":"https:\/\/darkamazi.info\/funavuv\/wp\/v2\/tags?post=1033220"}],"curies":[{"name":"wp","href":"https:\/\/api.w.org\/{rel}","templated":true}]}}