{"id":1033255,"date":"2022-10-20T18:57:11","date_gmt":"2022-10-20T15:57:11","guid":{"rendered":"https:\/\/darkamazi.info\/?p=1033255"},"modified":"2022-10-20T18:57:11","modified_gmt":"2022-10-20T15:57:11","slug":"berpirs-sedem-u-encamen-17-gerilayen-hpg-e-yen-jiyana-xwe-ji-dest-dayi-ki-ne","status":"publish","type":"post","link":"https:\/\/darkamazi.info\/archives\/1033255","title":{"rendered":"Berpirs, sedem \u00fb \u00eancam\u00ean 17 ger\u00eelay\u00ean HPG \u00ea y\u00ean jiyana xwe ji dest day\u00ee k\u00ee ne?"},"content":{"rendered":"<h3 style=\"text-align: justify\"><span style=\"font-family: 'arial black', sans-serif\">HPG \u00ea bi daxuyaniyek\u00ea ragihand ku 17 ger\u00eelayan jiyana xwe ji dest dane. Di daxuyaniy\u00ea de hat diyarkirin ku van ger\u00eelayan bi \u00e7ek\u00ean k\u00eemyew\u00ee jiyana xwe ji dest dane. \u00c7ek\u00ean k\u00eemyew\u00ee hatine bikaran\u00een an na \u00fb aliy\u00ea tekn\u00eek\u00ee y\u00ea b\u00fbyer\u00ea ne mijara v\u00ea niv\u00ees\u00ea ye. Di encam\u00ea de 17 ciwan\u00ean Kurd jiyana xwe ji dest dan. 17 malbat bi agir\u00ea xemg\u00een\u00ee y\u00ea ketin. Y\u00ean j\u00eeyana xwe ji dest day\u00ee zarok\u00ean v\u00ee gel\u00ee ne. Ji ber v\u00ea yek\u00ea ne mimk\u00fbn e ku \u00ea\u015fa wan neh\u00ea h\u00ees kirin.<\/span><\/h3>\n<h3 style=\"text-align: center\"><span style=\"font-family: 'arial black', sans-serif;color: #8c0707\">Ti\u015ft\u00ea p\u00eadv\u00ee ne hest\u00eeyar\u00ee ye Pirs \u00fb \u00e7areser\u00eeye<\/span><\/h3>\n<h3 style=\"text-align: justify\">L\u00ea xeletiya ku mirov t\u00fbj dibe ewe ku ger ten\u00ea bi hestyar\u00ee mij\u00fbl bibe w\u00ea ten\u00ea ber bi xeletiy\u00ean mezintir \u00fb \u00ea\u015f\u00ean girantir ve here. Ji bo v\u00ea j\u00ee ten\u00ea bi pirskirina pirs\u00ean rast, tesp\u00eetkirina berpirsyaran \u00fb rexney\u00ean p\u00eaw\u00eest dikare p\u00ea\u015f\u00ee li windah\u00eey\u00ean z\u00eadetir bigire.<\/h3>\n<h3 style=\"text-align: justify\">\u00a0Kurd nikarin dewleta Tirkan ji van mirinan berpirsyar bigre. Ji ber ku dewleta Tirk dijmin e. Ku\u015ftina ciwan\u00ean Kurd bi her away\u00ee erkek\u00ee dijminatiya w\u00ee ye. Ev ne cara yekem e ku dewleta Tirk v\u00ea yek\u00ea dike. Dewleta Tirk ji sala 1920-25 an ve Kurdan dikuje. Li sala 1930 de li gel\u00eey\u00ea Z\u00eelan hem\u00fb cur\u00ean ku\u015ftin\u00ea bi ser\u00ea Kurdan an\u00ee. Dewleta Tirk di sala 1938 an de li D\u00earsim\u00ea j\u00ee jehra mi\u015fk bikar an\u00ee. Ma ne dewlet b\u00fb ku di sala 2015 an de ciwan\u00ean Kurd \u00ean bir\u00eendar di j\u00earzem\u00eena avah\u00eey\u00ean Ciz\u00eer\u00ea de bi sax\u00ee \u015fewitandin? Bel\u00ea, dewlet b\u00fb. \u00cecar ew tevgera siyas\u00ee ango PKK ya ku jiyana ciwan\u00ean Kurd xistiye bin xendek, j\u00earzem\u00een \u00fb tunelan de, ma ewqas b\u00eaguneh e? Nex\u00ear ne b\u00eaguneh e. PKK di mehk\u00fbmkirina ciwanan bo mirin\u00ea, her\u00ee k\u00eam bi qas\u00ee dewleta dirinde a Tirk berpirsyar e.<\/h3>\n<h3 style=\"text-align: center\"><span style=\"color: #8c0707;font-family: 'arial black', sans-serif\">Heman r\u00eaxistin ji wendah\u00eey\u00ean li Xendek\u00ean Ciz\u00eer\u00ea \u00fb Tunel\u00ean Zap\u00ea berpirsyar e.<\/span><\/h3>\n<h3 style=\"text-align: justify\">L\u00ea mixabin 17 ciwan\u00ean Kurd \u00ean di tunel\u00ea de jiyana xwe ji dest dan \u00fb y\u00ean di xendek \u00fb j\u00earzem\u00een\u00ean Ciz\u00eer\u00ea de jiyana xwe ji dest dane heman \u00e7aren\u00fbs\u00ea parve kirin. M\u00eena \u015fer\u00ea xendekan \u00ea PKK \u00fb dewleta Tirk a sala 2015 an, w\u00earaniya di tunelan de j\u00ee berdewam\u00eeya xendeka ye. PKK \u00ea dizanib\u00fb ku ew xendek\u00ean ku ji her al\u00ee ve hatine dorp\u00ea\u00e7kirin, w\u00ea di dawiy\u00ea de ji aliy\u00ea dijmin ve b\u00ean girtin \u00fb ciwan\u00ean di xendekan de j\u00ee w\u00ea yek bi yek b\u00ean ku\u015ftin. Bi heman away\u00ee PKK dizanib\u00fb ku ew \u00ea di daw\u00ee de di tunel\u00ean ku li ser\u00ea \u00e7iya bin \u00e7eper\u00ean dijmin\u00eeda may\u00ee de, w\u00ea b\u00ea girtin \u00fb ciwan\u00ean di nav wan tunelan de j\u00ee d\u00ea bih\u00eane ku\u015ftin.<\/h3>\n<h3 style=\"text-align: justify\">Dewlet\u00ea \u00e7iqas sond xwariye ku wan ciwanan tine bike, PKK j\u00ee bi qas\u00ee dewlet\u00ea sond xwariye ku li ser cenazey\u00ean wan ciwanan siyaset \u00fb Show bike.<\/h3>\n<h3 style=\"text-align: justify\">Berpirsiyariya ciwan\u00ean di tunelan de j\u00eeyana xwe ji dest day\u00ee ne wek\u00ee ku ji aliy\u00ea medya PKK \u00ea \u00fb randxwer\u00ean siyas\u00ee diyarkiri ye, PDK \u00ea \u00e7i eleqe bi van r\u00fbdana ve n\u00eene. Ji ciwan\u00ean di tunelan de jiyana xwe ji dest day\u00ee, di ser\u00ee de Evdila Ocelan \u00fb PKK berpirsyar in.<\/h3>\n<h3 style=\"text-align: center\"><span style=\"color: #8c0707;font-family: 'arial black', sans-serif\">Berpirsiyariya Evdila Ocelan<\/span><\/h3>\n<h3 style=\"text-align: justify\">\u00a0Pi\u015ft\u00ee ku Evdila Ocelan di sala 1999 an de bi hem\u00fb away\u00ee xwe tesl\u00eem\u00ee dewleta Tirk kir, xeta xwe ya s\u00eeyas\u00ee \u00fb \u00eedeoloj\u00eek li gor\u00ee berjewendiy\u00ean dewleta tirk amadekir. Hest \u00fb ner\u00een\u00ean Kurd\u00ean bak\u00fbr y\u00ean dij\u00ee dagirker\u00eeya Tirk nermkirin. Ed\u00ee dijmin weke bira hate p\u00eanasekirin. Loma j\u00ee qatilkirina ciwan\u00ean Kurd ji sala 2000 an \u00fb vir ve hem\u00fb sit\u00fby\u00ea Ocelan da ye. Ocalan di dadgeh\u00ea de, di pirt\u00fbk\u00ean xwe de, di v\u00eedyoyan \u00fb di namey\u00ean xwe de e\u015fkere dib\u00eaje: \u201cEm dewleta Kurd\u00ee naxwazin, Tirkiye dewleta me ye, em dixwazin Tirkiy\u00ea bih\u00eaz bikin\u201d. Evdila Ocelan bi hezaran r\u00fbpel niv\u00eesand \u00fb hewl da ku Kurdan bigih\u00eene hevgirtineke ku \u201cbi dilxwaz\u00ee bikevin bin ala hevpar a Tirkiyey\u00ea \u00fb nasnameya Tirkb\u00fbn\u00ea\u201d. Ji w\u00ea dem\u00ea ve ciwan\u00ean Kurd bi mirin\u00ea hewl didin dewleta Tirk demokrat\u00eek bikin.<\/h3>\n<h3 style=\"text-align: justify\">Dewleta Tirk \u00e7ima pi\u015ft\u00ee ku Evdila Ocelan hat girtin \u00fb darizandin, cezay\u00ea darvekirin\u00ea ji hol\u00ea rakir? Ji ber ku dewleta Tirk di projeya \u201cqirkirina nasnameya neteweya Kurd\u201d a li ser Kurdan de Evdila Ocelan wek hesp\u00ea Troy di nava Kurdan de bi kar an\u00ee. Ocalan ji sala 2000 an \u00fb vir ve di berd\u00eala can\u00ea xwe bipar\u00eaze, bi hezaran ciwan ji xwe re kirin qurban. Ocalan hertim bi serbilind\u00ee dib\u00eaje, &#8220;Tu kes\u00ee xwe ne ji bo Mihemed \u00fb ne j\u00ee ji bo \u00cesa xwe ne\u015fewitand, l\u00ea bel\u00ea ji bo min xwe di\u015fewit\u00eenin.&#8221;<\/h3>\n<h3 style=\"text-align: justify\">Ji sala 1978 an heta niha n\u00eaz\u00ee 5 nif\u015f\u00ean ciwan\u00ean Kurd di \u00e7eper\u00ean PKK \u00ea de hatin \u00eemhakirin. Ji bo \u00e7i armanc\u00ea, \u00e7i destkeft \u00e7\u00eab\u00fb, k\u00ea \u00e7i bazar kir? P\u00eanc nif\u015f qed\u00eeyan. Ji bo \u00e7i armanc\u00ea gelo?<\/h3>\n<h3 style=\"text-align: center\"><span style=\"color: #8c0707;font-family: 'arial black', sans-serif\">Berpirsiyariya PKK \u00ea<\/span><\/h3>\n<h3 style=\"text-align: justify\">Evdila Ocalan qeb\u00fbl kir ku bibe par\u00e7eyek ji \u201cprojeya qirkirina nasnameya netewey\u00ee ya Kurd\u201d a dewleta Tirk. PKK\u00ea j\u00ee qeb\u00fbl kir ku li ser \u015fopa Ocalan bime\u015fe.<\/h3>\n<h3 style=\"text-align: justify\">R\u00eaveber\u00ean PKK \u00ea naxwazin \u015fer raweste. \u015eer sedema sereke ya heb\u00fbna PKK \u00ea \u00fb dewleta Tirk e. Ger \u015fer nebe, ew ciwan nemirin, Mirat Qarayilan nikare wek\u00ee fermandar li hawird\u00fbr bigere? An j\u00ee Cem\u00eel Bayik\u00ea ku di jiyana xwe de yek gule j\u00ee neteqand\u00ee w\u00ea \u00e7awa weke serok xwe p\u00eanase bike? Ger ev ciwan nemirin PKK bi qas\u00ee HDP \u00ea j\u00ee bi bandor nabe. PKK cesed\u00ean van ciwanan ji xwe re wek sermaye bi kar t\u00eene.<\/h3>\n<h3 style=\"text-align: center\"><span style=\"color: #8c0707;font-family: 'arial black', sans-serif\">Ew ciwan b\u00eay ku bizanin ew\u00ea bimirin \u015fandin wan tunelan.<\/span><\/h3>\n<h3 style=\"text-align: justify\">Di sala 1994 an de ger\u00eella t\u00eak \u00e7\u00fb, di sala 1999 an de li C\u00fbd\u00ee takt\u00eeka tunel\u00ea b\u00ea encam b\u00fb.<\/h3>\n<h3 style=\"text-align: justify\">Ji bil\u00ee t\u00eakiliy\u00ean Ocalan, PKK \u00fb dewleta Tirk, ger em bi awayek\u00ee objekt\u00eef li d\u00eerok\u00ea binerin, di sala 1994 an de li Botan\u00ea takt\u00eeka \u015fer\u00ea ger\u00eela binket. Di sala 1998 an de ev t\u00eak\u00e7\u00fbn li hem\u00fb eyalet\u00ean Bakur\u00ea Kurdistan\u00ea hat jiyan kirin. Di 1994 \u00fb vir ve \u015fer ten\u00ea nif\u015f\u00ean Kurdan birand\u00ee ye, gund \u00fb bajar\u00ean wan w\u00earan kir\u00ee ye, civaka Kurd di war\u00ea der\u00fbn\u00ee, abor\u00ee, civak\u00ee \u00fb s\u00eeyas\u00ee de jinav bir\u00ee ye. ango v\u00ee \u015fer\u00ee ji bil\u00ee w\u00earankar\u00ee \u00fb derbederiy\u00ea tu destkeft ji bo Kurdan ne xuliqand\u00ee ye.<\/h3>\n<h3 style=\"text-align: justify\">S\u00eestema binerd a ku fermandar\u00ea HPG \u00ea Mirat Qarayilan &#8220;tunel\u00ean \u015fer&#8221; binav dike \u00fb weke takt\u00eekeke n\u00fb ya \u015fer a ji sala 2020 an \u00fb vir ve pesn\u00ea w\u00ea dide, di sala 1999 an de li C\u00fbd\u00ee bi \u00e7ek\u00ean k\u00eemyew\u00ee ev tekt\u00eek t\u00eak \u00e7\u00fb. Di 10 \u00ea Gulana 1999 an de li \u015fikefteke \u201c\u00c7ele \u015eehr\u00ee\u201d ya gund\u00ea Bilika pir ve\u015fart\u00ee, nepen\u00ee, nenas, bi \u00e7ek\u00ean k\u00eemyew\u00ee 19 ger\u00eella (y\u00eak\u00eeneya Hemze Guldik Remo) jiyana xwe ji dest dan. Bi rast\u00ee j\u00ee madey\u00ean k\u00eemyew\u00ee hatin bikaran\u00een. L\u00ea PKK \u00ea li ser daxwaza Ocalan ev mijar nebire saziy\u00ean navnetewey\u00ee \u00fb got ser neaxivin.<\/h3>\n<h3 style=\"text-align: justify\">Di 10 \u00ea Gulana 1999 an de li C\u00fbd\u00ee diyar b\u00fb ku tunel ne senger\u00ean \u015fer in, goristan in. Di sala 2017 an de dewleta Tirk li \u00e7\u00eeyay\u00ea Kato li Elk\u00ee dev\u00ea tunelek\u00ee ku 5 ger\u00eelay\u00ean jin t\u00eade b\u00fbn beton kir. Heman kiryar li tep\u00ea \u015e. Colemr\u00eag \u00fb kela Ert\u00fb\u015f j\u00ee p\u00eak hat.<\/h3>\n<h3 style=\"text-align: justify\">Di sal\u00ean 2021 \u00fb 2022 an de ku ev qas tecr\u00fbbe \u00fb serp\u00eahat\u00eey\u00ean diltaz\u00een hene \u00e7ima d\u00eesa ger\u00eela xistin tunelan? Ji ber ku ji bo PKK heb\u00fbna xwe bidom\u00eene p\u00eadv\u00ee mirina ciwan ne.<\/h3>\n<h3 style=\"text-align: center\"><span style=\"color: #8c0707;font-family: 'arial black', sans-serif\">Berpirsyar\u00eeya Rew\u015fenb\u00eer, siyasetmedar, gel<\/span><\/h3>\n<h3 style=\"text-align: justify\">Sedema ku PKK ciwan\u00ean Kurd bi h\u00easan\u00ee ber bi mirin\u00ea ve di\u015f\u00eene ew e ku rew\u015fenb\u00eer, siyasetmedar \u00fb raya gi\u015ft\u00ee b\u00eadeng \u00fb b\u00ea helweste.<\/h3>\n<h3 style=\"text-align: justify\">Ger gel\u00ea Kurd \u00fb rew\u015fenb\u00eer\u00een Kurd ji PKK \u00ea hesaba w\u00earankirina 12 bajar\u00ean Kurdistan\u00ea \u00fb mirina bi hezaran ciwan\u00ean Kurd di xendekan de pirs\u00ee ba PKK \u00ea ew \u00e7\u00eeroka Xendekan di bin nav\u00ea tun\u00eal\u00ean \u015fer de berdewam nedikiri. Div\u00ea malbat ji PKK \u00ea bipirsin \u00e7ima zarok\u00ean wan bi qest\u00ee di\u015f\u00eenin mirin\u00ea. Bi q\u00eer\u00eena dir\u00fb\u015fma &#8220;\u015eeh\u00eed Namirin&#8221; \u00fb til\u00eel\u00ee yan berxwedan nabe. P\u00eaw\u00eeste gel\u00ea Kurd neh\u00eale ku PKK zarok\u00ean wan wiha bi erzan\u00ee bi\u015f\u00eene mirin\u00ea.<\/h3>\n<h3 style=\"text-align: justify\">PKK ji bo b\u00eadengkirina mirovan mirin\u00ea bikar t\u00eene. Rexnekirina siyaseta PKK \u00ea weke xiyaneta li \u015feh\u00eedan t\u00ea n\u00ee\u015fandan. Rexnekirina PKK \u00ea weke er\u00eakirina destwerdana dewlet\u00ea t\u00ea n\u00ee\u015fandan. L\u00eabel\u00ea, rast\u00ee ne wel\u00ea ye. Em dizanin ku dewlet ji ku\u015ftina Kurdan hez dike. L\u00ea em j\u00ee dizanin ku \u00eero li pi\u015ft ragihandina van 17 navan ji aliy\u00ea PKK \u00ea ve planek heye. Em dizanin ku PKK dixwaze xwe di bin xemg\u00eeniya v\u00ea b\u00fbyer\u00ea de ve\u015f\u00eare.<\/h3>\n<h3 style=\"text-align: justify\">L\u00ea em dixwazin bi pirs\u00ean rast li maf\u00ean ciwan\u00ean Kurd y\u00ean ku jiyana wan di navbera PKK \u00ea \u00fb dewleta Tirk de as\u00ea may\u00ee, bigerin.<\/h3>\n<h3 style=\"text-align: justify\">\u00c7ima ev ciwan li cih\u00ean ku misoger ji wan re bibe goristan dihatin cih kirin?<\/h3>\n<h3 style=\"text-align: justify\">\u00c7ima niha ev wenday\u00ee t\u00eane ragihandin?<\/h3>\n<h3 style=\"text-align: justify\">Ger kameray\u00ean PKK \u00ea dikarin d\u00eemen\u00ean esker\u00ean ku ji mesafeyeke n\u00eaz\u00eek gaz\u00ea dirij\u00eenin dev\u00ea tun\u00eal\u00ea biki\u015f\u00eene, \u00e7ima ji bo rizgarkirina heval\u00ean xwe tevnagerin?<\/h3>\n<h3 style=\"text-align: justify\">Gelo \u00e7end nif\u015f\u00ean din d\u00ea bibin qurbaniya v\u00ea &#8220;Sala Serkeftin\u00ea&#8221; ya b\u00ea daw\u00ee? Heke em j\u00eey\u00ea her 17 ger\u00eelayan dan\u00een ser hev bi qas\u00ee j\u00eey\u00ea Cem\u00eel Bayik, Qarayilan \u00fb Duran Kalkan l\u00ea nah\u00eat, l\u00ea \u00e7ima \u00e7i bi ser\u00ea wan p\u00eerepivan nah\u00eat. Bo\u00e7\u00ee ew \u015ferbeta \u015eehadet\u00ea teham nakin.<\/h3>\n<h3 style=\"text-align: justify\">Ji bo ku &#8220;Tirkiye Demokrat\u00eek bibe\u201d w\u00ea \u00e7end ciwan\u00ean Kurd sere xwe danin ax\u00ea?<\/h3>\n<h3 style=\"text-align: justify\">Em \u00ea van pirsan bikin \u00fb biberdewam\u00ee j\u00ee d\u00ea rastiyan de\u015f\u00eefre bikin. Ji ber ku em ji PKK \u00ea z\u00eadetir r\u00eaz\u00ea li jiyana wan ciwanan Kurd digirin.<\/h3>\n","protected":false},"excerpt":{"rendered":"<p>HPG \u00ea bi daxuyaniyek\u00ea ragihand ku 17 ger\u00eelayan jiyana xwe ji dest dane. Di daxuyaniy\u00ea de hat diyarkirin ku van ger\u00eelayan bi \u00e7ek\u00ean k\u00eemyew\u00ee jiyana xwe ji dest dane. \u00c7ek\u00ean k\u00eemyew\u00ee hatine bikaran\u00een an na \u00fb aliy\u00ea tekn\u00eek\u00ee y\u00ea b\u00fbyer\u00ea ne mijara v\u00ea niv\u00ees\u00ea ye. Di encam\u00ea de 17 ciwan\u00ean Kurd jiyana xwe ji dest [&hellip;]<\/p>\n","protected":false},"author":2,"featured_media":1033257,"comment_status":"closed","ping_status":"closed","sticky":false,"template":"","format":"standard","meta":{"footnotes":""},"categories":[68],"tags":[37],"class_list":["post-1033255","post","type-post","status-publish","format-standard","has-post-thumbnail","hentry","category-analiz","tag-sereke"],"blocksy_meta":[],"seo_head":"<!-- This site is optimized with the Yoast SEO plugin v27.5 - https:\/\/yoast.com\/product\/yoast-seo-wordpress\/ -->\n<title>Berpirs, sedem \u00fb \u00eancam\u00ean 17 ger\u00eelay\u00ean HPG \u00ea y\u00ean jiyana xwe ji dest day\u00ee k\u00ee ne? - Darka Maz\u00ee<\/title>\n<meta name=\"robots\" content=\"index, follow, max-snippet:-1, max-image-preview:large, max-video-preview:-1\" \/>\n<link rel=\"canonical\" href=\"https:\/\/darkamazi.info\/archives\/1033255\" \/>\n<meta property=\"og:locale\" content=\"en_US\" \/>\n<meta property=\"og:type\" content=\"article\" \/>\n<meta property=\"og:title\" content=\"Berpirs, sedem \u00fb \u00eancam\u00ean 17 ger\u00eelay\u00ean HPG \u00ea y\u00ean jiyana xwe ji dest day\u00ee k\u00ee ne? - Darka Maz\u00ee\" \/>\n<meta property=\"og:description\" content=\"HPG \u00ea bi daxuyaniyek\u00ea ragihand ku 17 ger\u00eelayan jiyana xwe ji dest dane. Di daxuyaniy\u00ea de hat diyarkirin ku van ger\u00eelayan bi \u00e7ek\u00ean k\u00eemyew\u00ee jiyana xwe ji dest dane. \u00c7ek\u00ean k\u00eemyew\u00ee hatine bikaran\u00een an na \u00fb aliy\u00ea tekn\u00eek\u00ee y\u00ea b\u00fbyer\u00ea ne mijara v\u00ea niv\u00ees\u00ea ye. Di encam\u00ea de 17 ciwan\u00ean Kurd jiyana xwe ji dest [&hellip;]\" \/>\n<meta property=\"og:url\" content=\"https:\/\/darkamazi.info\/archives\/1033255\" \/>\n<meta property=\"og:site_name\" content=\"Darka Maz\u00ee\" \/>\n<meta property=\"article:publisher\" content=\"https:\/\/www.facebook.com\/DarMaziKurmanci\" \/>\n<meta property=\"article:published_time\" content=\"2022-10-20T15:57:11+00:00\" \/>\n<meta property=\"og:image\" content=\"https:\/\/darkamazi.info\/file\/2022\/10\/gerila-pkk-amedi-duhok-kurd-kurdistan-zarok-revendin-1.jpg\" \/>\n\t<meta property=\"og:image:width\" content=\"900\" \/>\n\t<meta property=\"og:image:height\" content=\"497\" \/>\n\t<meta property=\"og:image:type\" content=\"image\/jpeg\" \/>\n<meta name=\"author\" content=\"darka mazi\" \/>\n<meta name=\"twitter:card\" content=\"summary_large_image\" \/>\n<meta name=\"twitter:creator\" content=\"@DarkaMaziLatini\" \/>\n<meta name=\"twitter:site\" content=\"@DarkaMaziLatini\" \/>\n<meta name=\"twitter:label1\" content=\"Written by\" \/>\n\t<meta name=\"twitter:data1\" content=\"darka mazi\" \/>\n\t<meta name=\"twitter:label2\" content=\"Est. reading time\" \/>\n\t<meta name=\"twitter:data2\" content=\"7 minutes\" \/>\n<script type=\"application\/ld+json\" class=\"seo-schema-graph\">{\"@context\":\"https:\\\/\\\/schema.org\",\"@graph\":[{\"@type\":\"Article\",\"@id\":\"https:\\\/\\\/darkamazi.info\\\/archives\\\/1033255#article\",\"isPartOf\":{\"@id\":\"https:\\\/\\\/darkamazi.info\\\/archives\\\/1033255\"},\"author\":{\"name\":\"darka mazi\",\"@id\":\"https:\\\/\\\/darkamazi.info\\\/#\\\/schema\\\/person\\\/5ad3e24553a0567993fa8ed4bd0a776c\"},\"headline\":\"Berpirs, sedem \u00fb \u00eancam\u00ean 17 ger\u00eelay\u00ean HPG \u00ea y\u00ean jiyana xwe ji dest day\u00ee k\u00ee ne?\",\"datePublished\":\"2022-10-20T15:57:11+00:00\",\"mainEntityOfPage\":{\"@id\":\"https:\\\/\\\/darkamazi.info\\\/archives\\\/1033255\"},\"wordCount\":1681,\"publisher\":{\"@id\":\"https:\\\/\\\/darkamazi.info\\\/#organization\"},\"image\":{\"@id\":\"https:\\\/\\\/darkamazi.info\\\/archives\\\/1033255#primaryimage\"},\"thumbnailUrl\":\"https:\\\/\\\/darkamazi.info\\\/darka-content\\\/uploads\\\/2022\\\/10\\\/gerila-pkk-amedi-duhok-kurd-kurdistan-zarok-revendin-1.jpg\",\"keywords\":[\"sereke\"],\"articleSection\":[\"Anal\u00eez\"],\"inLanguage\":\"en-US\"},{\"@type\":\"WebPage\",\"@id\":\"https:\\\/\\\/darkamazi.info\\\/archives\\\/1033255\",\"url\":\"https:\\\/\\\/darkamazi.info\\\/archives\\\/1033255\",\"name\":\"Berpirs, sedem \u00fb \u00eancam\u00ean 17 ger\u00eelay\u00ean HPG \u00ea y\u00ean jiyana xwe ji dest day\u00ee k\u00ee ne? - Darka Maz\u00ee\",\"isPartOf\":{\"@id\":\"https:\\\/\\\/darkamazi.info\\\/#website\"},\"primaryImageOfPage\":{\"@id\":\"https:\\\/\\\/darkamazi.info\\\/archives\\\/1033255#primaryimage\"},\"image\":{\"@id\":\"https:\\\/\\\/darkamazi.info\\\/archives\\\/1033255#primaryimage\"},\"thumbnailUrl\":\"https:\\\/\\\/darkamazi.info\\\/darka-content\\\/uploads\\\/2022\\\/10\\\/gerila-pkk-amedi-duhok-kurd-kurdistan-zarok-revendin-1.jpg\",\"datePublished\":\"2022-10-20T15:57:11+00:00\",\"breadcrumb\":{\"@id\":\"https:\\\/\\\/darkamazi.info\\\/archives\\\/1033255#breadcrumb\"},\"inLanguage\":\"en-US\",\"potentialAction\":[{\"@type\":\"ReadAction\",\"target\":[\"https:\\\/\\\/darkamazi.info\\\/archives\\\/1033255\"]}]},{\"@type\":\"ImageObject\",\"inLanguage\":\"en-US\",\"@id\":\"https:\\\/\\\/darkamazi.info\\\/archives\\\/1033255#primaryimage\",\"url\":\"https:\\\/\\\/darkamazi.info\\\/darka-content\\\/uploads\\\/2022\\\/10\\\/gerila-pkk-amedi-duhok-kurd-kurdistan-zarok-revendin-1.jpg\",\"contentUrl\":\"https:\\\/\\\/darkamazi.info\\\/darka-content\\\/uploads\\\/2022\\\/10\\\/gerila-pkk-amedi-duhok-kurd-kurdistan-zarok-revendin-1.jpg\",\"width\":900,\"height\":497,\"caption\":\"Berpirs, sedem \u00fb \u00eancam\u00ean 17 ger\u00eelay\u00ean HPG \u00ea y\u00ean jiyana xwe ji dest day\u00ee k\u00ee ne?\"},{\"@type\":\"BreadcrumbList\",\"@id\":\"https:\\\/\\\/darkamazi.info\\\/archives\\\/1033255#breadcrumb\",\"itemListElement\":[{\"@type\":\"ListItem\",\"position\":1,\"name\":\"Home\",\"item\":\"https:\\\/\\\/darkamazi.info\\\/\"},{\"@type\":\"ListItem\",\"position\":2,\"name\":\"Berpirs, sedem \u00fb \u00eancam\u00ean 17 ger\u00eelay\u00ean HPG \u00ea y\u00ean jiyana xwe ji dest day\u00ee k\u00ee ne?\"}]},{\"@type\":\"WebSite\",\"@id\":\"https:\\\/\\\/darkamazi.info\\\/#website\",\"url\":\"https:\\\/\\\/darkamazi.info\\\/\",\"name\":\"Darka Maz\u00ee\",\"description\":\"P\u00eageha Zanyariy\u00ean Nebih\u00eest\u00ee\",\"publisher\":{\"@id\":\"https:\\\/\\\/darkamazi.info\\\/#organization\"},\"potentialAction\":[{\"@type\":\"SearchAction\",\"target\":{\"@type\":\"EntryPoint\",\"urlTemplate\":\"https:\\\/\\\/darkamazi.info\\\/?s={search_term_string}\"},\"query-input\":{\"@type\":\"PropertyValueSpecification\",\"valueRequired\":true,\"valueName\":\"search_term_string\"}}],\"inLanguage\":\"en-US\"},{\"@type\":\"Organization\",\"@id\":\"https:\\\/\\\/darkamazi.info\\\/#organization\",\"name\":\"Darka Maz\u00ee\",\"url\":\"https:\\\/\\\/darkamazi.info\\\/\",\"logo\":{\"@type\":\"ImageObject\",\"inLanguage\":\"en-US\",\"@id\":\"https:\\\/\\\/darkamazi.info\\\/#\\\/schema\\\/logo\\\/image\\\/\",\"url\":\"https:\\\/\\\/darkamazi.info\\\/darka-content\\\/uploads\\\/2017\\\/12\\\/darka-mazi-logo.png\",\"contentUrl\":\"https:\\\/\\\/darkamazi.info\\\/darka-content\\\/uploads\\\/2017\\\/12\\\/darka-mazi-logo.png\",\"width\":151,\"height\":75,\"caption\":\"Darka Maz\u00ee\"},\"image\":{\"@id\":\"https:\\\/\\\/darkamazi.info\\\/#\\\/schema\\\/logo\\\/image\\\/\"},\"sameAs\":[\"https:\\\/\\\/www.facebook.com\\\/DarMaziKurmanci\",\"https:\\\/\\\/x.com\\\/DarkaMaziLatini\",\"https:\\\/\\\/www.instagram.com\\\/darkamazi.kurmanci\\\/\",\"https:\\\/\\\/www.youtube.com\\\/channel\\\/UCa5HkTdmI8U1qCUFuTw8B2g\"]},{\"@type\":\"Person\",\"@id\":\"https:\\\/\\\/darkamazi.info\\\/#\\\/schema\\\/person\\\/5ad3e24553a0567993fa8ed4bd0a776c\",\"name\":\"darka mazi\",\"sameAs\":[\"https:\\\/\\\/darkamazi.info\\\/\"],\"url\":\"https:\\\/\\\/darkamazi.info\\\/archives\\\/author\\\/kurdi\"}]}<\/script>\n<!-- \/ Yoast SEO plugin. -->","seo_head_json":{"title":"Berpirs, sedem \u00fb \u00eancam\u00ean 17 ger\u00eelay\u00ean HPG \u00ea y\u00ean jiyana xwe ji dest day\u00ee k\u00ee ne? - Darka Maz\u00ee","robots":{"index":"index","follow":"follow","max-snippet":"max-snippet:-1","max-image-preview":"max-image-preview:large","max-video-preview":"max-video-preview:-1"},"canonical":"https:\/\/darkamazi.info\/archives\/1033255","og_locale":"en_US","og_type":"article","og_title":"Berpirs, sedem \u00fb \u00eancam\u00ean 17 ger\u00eelay\u00ean HPG \u00ea y\u00ean jiyana xwe ji dest day\u00ee k\u00ee ne? - Darka Maz\u00ee","og_description":"HPG \u00ea bi daxuyaniyek\u00ea ragihand ku 17 ger\u00eelayan jiyana xwe ji dest dane. Di daxuyaniy\u00ea de hat diyarkirin ku van ger\u00eelayan bi \u00e7ek\u00ean k\u00eemyew\u00ee jiyana xwe ji dest dane. \u00c7ek\u00ean k\u00eemyew\u00ee hatine bikaran\u00een an na \u00fb aliy\u00ea tekn\u00eek\u00ee y\u00ea b\u00fbyer\u00ea ne mijara v\u00ea niv\u00ees\u00ea ye. Di encam\u00ea de 17 ciwan\u00ean Kurd jiyana xwe ji dest [&hellip;]","og_url":"https:\/\/darkamazi.info\/archives\/1033255","og_site_name":"Darka Maz\u00ee","article_publisher":"https:\/\/www.facebook.com\/DarMaziKurmanci","article_published_time":"2022-10-20T15:57:11+00:00","og_image":[{"width":900,"height":497,"url":"https:\/\/darkamazi.info\/file\/2022\/10\/gerila-pkk-amedi-duhok-kurd-kurdistan-zarok-revendin-1.jpg","type":"image\/jpeg"}],"author":"darka mazi","twitter_card":"summary_large_image","twitter_creator":"@DarkaMaziLatini","twitter_site":"@DarkaMaziLatini","twitter_misc":{"Written by":"darka mazi","Est. reading time":"7 minutes"},"schema":{"@context":"https:\/\/schema.org","@graph":[{"@type":"Article","@id":"https:\/\/darkamazi.info\/archives\/1033255#article","isPartOf":{"@id":"https:\/\/darkamazi.info\/archives\/1033255"},"author":{"name":"darka mazi","@id":"https:\/\/darkamazi.info\/#\/schema\/person\/5ad3e24553a0567993fa8ed4bd0a776c"},"headline":"Berpirs, sedem \u00fb \u00eancam\u00ean 17 ger\u00eelay\u00ean HPG \u00ea y\u00ean jiyana xwe ji dest day\u00ee k\u00ee ne?","datePublished":"2022-10-20T15:57:11+00:00","mainEntityOfPage":{"@id":"https:\/\/darkamazi.info\/archives\/1033255"},"wordCount":1681,"publisher":{"@id":"https:\/\/darkamazi.info\/#organization"},"image":{"@id":"https:\/\/darkamazi.info\/archives\/1033255#primaryimage"},"thumbnailUrl":"https:\/\/darkamazi.info\/file\/2022\/10\/gerila-pkk-amedi-duhok-kurd-kurdistan-zarok-revendin-1.jpg","keywords":["sereke"],"articleSection":["Anal\u00eez"],"inLanguage":"en-US"},{"@type":"WebPage","@id":"https:\/\/darkamazi.info\/archives\/1033255","url":"https:\/\/darkamazi.info\/archives\/1033255","name":"Berpirs, sedem \u00fb \u00eancam\u00ean 17 ger\u00eelay\u00ean HPG \u00ea y\u00ean jiyana xwe ji dest day\u00ee k\u00ee ne? - Darka Maz\u00ee","isPartOf":{"@id":"https:\/\/darkamazi.info\/#website"},"primaryImageOfPage":{"@id":"https:\/\/darkamazi.info\/archives\/1033255#primaryimage"},"image":{"@id":"https:\/\/darkamazi.info\/archives\/1033255#primaryimage"},"thumbnailUrl":"https:\/\/darkamazi.info\/file\/2022\/10\/gerila-pkk-amedi-duhok-kurd-kurdistan-zarok-revendin-1.jpg","datePublished":"2022-10-20T15:57:11+00:00","breadcrumb":{"@id":"https:\/\/darkamazi.info\/archives\/1033255#breadcrumb"},"inLanguage":"en-US","potentialAction":[{"@type":"ReadAction","target":["https:\/\/darkamazi.info\/archives\/1033255"]}]},{"@type":"ImageObject","inLanguage":"en-US","@id":"https:\/\/darkamazi.info\/archives\/1033255#primaryimage","url":"https:\/\/darkamazi.info\/file\/2022\/10\/gerila-pkk-amedi-duhok-kurd-kurdistan-zarok-revendin-1.jpg","contentUrl":"https:\/\/darkamazi.info\/file\/2022\/10\/gerila-pkk-amedi-duhok-kurd-kurdistan-zarok-revendin-1.jpg","width":900,"height":497,"caption":"Berpirs, sedem \u00fb \u00eancam\u00ean 17 ger\u00eelay\u00ean HPG \u00ea y\u00ean jiyana xwe ji dest day\u00ee k\u00ee ne?"},{"@type":"BreadcrumbList","@id":"https:\/\/darkamazi.info\/archives\/1033255#breadcrumb","itemListElement":[{"@type":"ListItem","position":1,"name":"Home","item":"https:\/\/darkamazi.info\/"},{"@type":"ListItem","position":2,"name":"Berpirs, sedem \u00fb \u00eancam\u00ean 17 ger\u00eelay\u00ean HPG \u00ea y\u00ean jiyana xwe ji dest day\u00ee k\u00ee ne?"}]},{"@type":"WebSite","@id":"https:\/\/darkamazi.info\/#website","url":"https:\/\/darkamazi.info\/","name":"Darka Maz\u00ee","description":"P\u00eageha Zanyariy\u00ean Nebih\u00eest\u00ee","publisher":{"@id":"https:\/\/darkamazi.info\/#organization"},"potentialAction":[{"@type":"SearchAction","target":{"@type":"EntryPoint","urlTemplate":"https:\/\/darkamazi.info\/?s={search_term_string}"},"query-input":{"@type":"PropertyValueSpecification","valueRequired":true,"valueName":"search_term_string"}}],"inLanguage":"en-US"},{"@type":"Organization","@id":"https:\/\/darkamazi.info\/#organization","name":"Darka Maz\u00ee","url":"https:\/\/darkamazi.info\/","logo":{"@type":"ImageObject","inLanguage":"en-US","@id":"https:\/\/darkamazi.info\/#\/schema\/logo\/image\/","url":"https:\/\/darkamazi.info\/file\/2017\/12\/darka-mazi-logo.png","contentUrl":"https:\/\/darkamazi.info\/file\/2017\/12\/darka-mazi-logo.png","width":151,"height":75,"caption":"Darka Maz\u00ee"},"image":{"@id":"https:\/\/darkamazi.info\/#\/schema\/logo\/image\/"},"sameAs":["https:\/\/www.facebook.com\/DarMaziKurmanci","https:\/\/x.com\/DarkaMaziLatini","https:\/\/www.instagram.com\/darkamazi.kurmanci\/","https:\/\/www.youtube.com\/channel\/UCa5HkTdmI8U1qCUFuTw8B2g"]},{"@type":"Person","@id":"https:\/\/darkamazi.info\/#\/schema\/person\/5ad3e24553a0567993fa8ed4bd0a776c","name":"darka mazi","sameAs":["https:\/\/darkamazi.info\/"],"url":"https:\/\/darkamazi.info\/archives\/author\/kurdi"}]}},"_links":{"self":[{"href":"https:\/\/darkamazi.info\/funavuv\/wp\/v2\/posts\/1033255","targetHints":{"allow":["GET"]}}],"collection":[{"href":"https:\/\/darkamazi.info\/funavuv\/wp\/v2\/posts"}],"about":[{"href":"https:\/\/darkamazi.info\/funavuv\/wp\/v2\/types\/post"}],"author":[{"embeddable":true,"href":"https:\/\/darkamazi.info\/funavuv\/wp\/v2\/users\/2"}],"replies":[{"embeddable":true,"href":"https:\/\/darkamazi.info\/funavuv\/wp\/v2\/comments?post=1033255"}],"version-history":[{"count":0,"href":"https:\/\/darkamazi.info\/funavuv\/wp\/v2\/posts\/1033255\/revisions"}],"wp:featuredmedia":[{"embeddable":true,"href":"https:\/\/darkamazi.info\/funavuv\/wp\/v2\/media\/1033257"}],"wp:attachment":[{"href":"https:\/\/darkamazi.info\/funavuv\/wp\/v2\/media?parent=1033255"}],"wp:term":[{"taxonomy":"category","embeddable":true,"href":"https:\/\/darkamazi.info\/funavuv\/wp\/v2\/categories?post=1033255"},{"taxonomy":"post_tag","embeddable":true,"href":"https:\/\/darkamazi.info\/funavuv\/wp\/v2\/tags?post=1033255"}],"curies":[{"name":"wp","href":"https:\/\/api.w.org\/{rel}","templated":true}]}}