{"id":1033260,"date":"2022-10-20T19:17:22","date_gmt":"2022-10-20T16:17:22","guid":{"rendered":"https:\/\/darkamazi.info\/?p=1033260"},"modified":"2022-10-20T19:17:22","modified_gmt":"2022-10-20T16:17:22","slug":"diyarbekir-parezgariye-calakiyen-derbare-bikaranina-ceken-kimyewi-qedexe-kir","status":"publish","type":"post","link":"https:\/\/darkamazi.info\/archives\/1033260","title":{"rendered":"Diyarbekir- Par\u00eazgariy\u00ea \u00e7alakiy\u00ean derbar\u00ea bikaran\u00eena \u00e7ek\u00ean k\u00eemyew\u00ee qedexe kir"},"content":{"rendered":"<h3 style=\"text-align: justify\"><span style=\"font-family: 'arial black', sans-serif\">Par\u00eazgeriya Diyarbekir\u00ea ragihand ku hem\u00fb c\u00fbre \u00e7alak\u00ee ji bo rojek\u00ea hatine qedexekirin \u00fb di v\u00ea \u00e7ar\u00e7ovey\u00ea de j\u00ee \u00e7alakiya HDP\u00ea ya li Parka Ko\u015fuyolu d\u00ea bihata kirin, hat qedexekirin \u00fb r\u00ea li ber daxuyaniy\u00ea hat girtin.<\/span><\/h3>\n<h3 style=\"text-align: justify\">Partiya Demokrat\u00eek a Gelan (HDP) \u00fb saz\u00ee \u00fb r\u00eaxistin\u00ean hevgirtiy\u00ean w\u00ea bi \u00eediaya ku art\u00ea\u015fa Tirkiy\u00ea di operasyona hember\u00ee PKK\u00ea de \u00e7ek\u00ean k\u00eemyew\u00ee bi kar aniye, xwest \u00e7alakiyek\u00ea li dar bixe.<\/h3>\n<h3 style=\"text-align: justify\">Beriya \u00e7alakiy\u00ea j\u00ee Par\u00eazgariya Diyarbekir bi niv\u00eeseke ferm\u00ee ragihand ku hem\u00fb c\u00fbre \u00e7alakiy\u00ean 20\u00ea cotmeh\u00ea hatine qedexekirin.<\/h3>\n<h3 style=\"text-align: justify\">Li ser v\u00ea yek\u00ea j\u00ee girseya ku bo \u00e7alakiy\u00ea li Parka Ko\u015fuyolu civiyab\u00fb ji aliy\u00ea h\u00eaz\u00ean ewlekariy\u00ea ve hat dorp\u00ea\u00e7kirin \u00fb ji bo daxuyaniy\u00ea r\u00ea nehat day\u00een. Pi\u015ftre pol\u00eesan hi\u015fyariya bin\u00e7avkirin\u00ea da \u00fb girseya ku Parlamentera Diyarbekir a HDP\u00ea Remziye Tosun j\u00ee t\u00ea de b\u00fb, kom bi kom belav b\u00fb.<\/h3>\n<h3 style=\"text-align: justify\">Wezareta Berevaniya Tirkiy\u00ea \u00eedd\u00eeaya bikaran\u00eena \u00e7ek\u00ean k\u00eemyew\u00ee red kirib\u00fb ku wan di operasyona li dij\u00ee PKK\u00ea de \u00e7ek\u00ean k\u00eemyew\u00ee bikaran\u00eebin \u00fb di dest\u00ean wan de \u00e7ek\u00ean k\u00eemyew\u00ee tunene.<\/h3>\n","protected":false},"excerpt":{"rendered":"<p>Par\u00eazgeriya Diyarbekir\u00ea ragihand ku hem\u00fb c\u00fbre \u00e7alak\u00ee ji bo rojek\u00ea hatine qedexekirin \u00fb di v\u00ea \u00e7ar\u00e7ovey\u00ea de j\u00ee \u00e7alakiya HDP\u00ea ya li Parka Ko\u015fuyolu d\u00ea bihata kirin, hat qedexekirin \u00fb r\u00ea li ber daxuyaniy\u00ea hat girtin. Partiya Demokrat\u00eek a Gelan (HDP) \u00fb saz\u00ee \u00fb r\u00eaxistin\u00ean hevgirtiy\u00ean w\u00ea bi \u00eediaya ku art\u00ea\u015fa Tirkiy\u00ea di operasyona hember\u00ee [&hellip;]<\/p>\n","protected":false},"author":2,"featured_media":1033261,"comment_status":"closed","ping_status":"closed","sticky":false,"template":"","format":"standard","meta":{"footnotes":""},"categories":[29],"tags":[37],"class_list":["post-1033260","post","type-post","status-publish","format-standard","has-post-thumbnail","hentry","category-kurdistan","tag-sereke"],"blocksy_meta":[],"seo_head":"<!-- This site is optimized with the Yoast SEO plugin v27.5 - https:\/\/yoast.com\/product\/yoast-seo-wordpress\/ -->\n<title>Diyarbekir- Par\u00eazgariy\u00ea \u00e7alakiy\u00ean derbar\u00ea bikaran\u00eena \u00e7ek\u00ean k\u00eemyew\u00ee qedexe kir - Darka Maz\u00ee<\/title>\n<meta name=\"robots\" content=\"index, follow, max-snippet:-1, max-image-preview:large, max-video-preview:-1\" \/>\n<link rel=\"canonical\" href=\"https:\/\/darkamazi.info\/archives\/1033260\" \/>\n<meta property=\"og:locale\" content=\"en_US\" \/>\n<meta property=\"og:type\" content=\"article\" \/>\n<meta property=\"og:title\" content=\"Diyarbekir- Par\u00eazgariy\u00ea \u00e7alakiy\u00ean derbar\u00ea bikaran\u00eena \u00e7ek\u00ean k\u00eemyew\u00ee qedexe kir - Darka Maz\u00ee\" \/>\n<meta property=\"og:description\" content=\"Par\u00eazgeriya Diyarbekir\u00ea ragihand ku hem\u00fb c\u00fbre \u00e7alak\u00ee ji bo rojek\u00ea hatine qedexekirin \u00fb di v\u00ea \u00e7ar\u00e7ovey\u00ea de j\u00ee \u00e7alakiya HDP\u00ea ya li Parka Ko\u015fuyolu d\u00ea bihata kirin, hat qedexekirin \u00fb r\u00ea li ber daxuyaniy\u00ea hat girtin. Partiya Demokrat\u00eek a Gelan (HDP) \u00fb saz\u00ee \u00fb r\u00eaxistin\u00ean hevgirtiy\u00ean w\u00ea bi \u00eediaya ku art\u00ea\u015fa Tirkiy\u00ea di operasyona hember\u00ee [&hellip;]\" \/>\n<meta property=\"og:url\" content=\"https:\/\/darkamazi.info\/archives\/1033260\" \/>\n<meta property=\"og:site_name\" content=\"Darka Maz\u00ee\" \/>\n<meta property=\"article:publisher\" content=\"https:\/\/www.facebook.com\/DarMaziKurmanci\" \/>\n<meta property=\"article:published_time\" content=\"2022-10-20T16:17:22+00:00\" \/>\n<meta property=\"og:image\" content=\"https:\/\/darkamazi.info\/file\/2022\/10\/diyarbekir-amed-kurdistan-1.jpg\" \/>\n\t<meta property=\"og:image:width\" content=\"900\" \/>\n\t<meta property=\"og:image:height\" content=\"497\" \/>\n\t<meta property=\"og:image:type\" content=\"image\/jpeg\" \/>\n<meta name=\"author\" content=\"darka mazi\" \/>\n<meta name=\"twitter:card\" content=\"summary_large_image\" \/>\n<meta name=\"twitter:creator\" content=\"@DarkaMaziLatini\" \/>\n<meta name=\"twitter:site\" content=\"@DarkaMaziLatini\" \/>\n<meta name=\"twitter:label1\" content=\"Written by\" \/>\n\t<meta name=\"twitter:data1\" content=\"darka mazi\" \/>\n\t<meta name=\"twitter:label2\" content=\"Est. reading time\" \/>\n\t<meta name=\"twitter:data2\" content=\"1 minute\" \/>\n<script type=\"application\/ld+json\" class=\"seo-schema-graph\">{\"@context\":\"https:\\\/\\\/schema.org\",\"@graph\":[{\"@type\":\"Article\",\"@id\":\"https:\\\/\\\/darkamazi.info\\\/archives\\\/1033260#article\",\"isPartOf\":{\"@id\":\"https:\\\/\\\/darkamazi.info\\\/archives\\\/1033260\"},\"author\":{\"name\":\"darka mazi\",\"@id\":\"https:\\\/\\\/darkamazi.info\\\/#\\\/schema\\\/person\\\/5ad3e24553a0567993fa8ed4bd0a776c\"},\"headline\":\"Diyarbekir- Par\u00eazgariy\u00ea \u00e7alakiy\u00ean derbar\u00ea bikaran\u00eena \u00e7ek\u00ean k\u00eemyew\u00ee qedexe kir\",\"datePublished\":\"2022-10-20T16:17:22+00:00\",\"mainEntityOfPage\":{\"@id\":\"https:\\\/\\\/darkamazi.info\\\/archives\\\/1033260\"},\"wordCount\":202,\"publisher\":{\"@id\":\"https:\\\/\\\/darkamazi.info\\\/#organization\"},\"image\":{\"@id\":\"https:\\\/\\\/darkamazi.info\\\/archives\\\/1033260#primaryimage\"},\"thumbnailUrl\":\"https:\\\/\\\/darkamazi.info\\\/darka-content\\\/uploads\\\/2022\\\/10\\\/diyarbekir-amed-kurdistan-1.jpg\",\"keywords\":[\"sereke\"],\"articleSection\":[\"Kurdistan\"],\"inLanguage\":\"en-US\"},{\"@type\":\"WebPage\",\"@id\":\"https:\\\/\\\/darkamazi.info\\\/archives\\\/1033260\",\"url\":\"https:\\\/\\\/darkamazi.info\\\/archives\\\/1033260\",\"name\":\"Diyarbekir- Par\u00eazgariy\u00ea \u00e7alakiy\u00ean derbar\u00ea bikaran\u00eena \u00e7ek\u00ean k\u00eemyew\u00ee qedexe kir - Darka Maz\u00ee\",\"isPartOf\":{\"@id\":\"https:\\\/\\\/darkamazi.info\\\/#website\"},\"primaryImageOfPage\":{\"@id\":\"https:\\\/\\\/darkamazi.info\\\/archives\\\/1033260#primaryimage\"},\"image\":{\"@id\":\"https:\\\/\\\/darkamazi.info\\\/archives\\\/1033260#primaryimage\"},\"thumbnailUrl\":\"https:\\\/\\\/darkamazi.info\\\/darka-content\\\/uploads\\\/2022\\\/10\\\/diyarbekir-amed-kurdistan-1.jpg\",\"datePublished\":\"2022-10-20T16:17:22+00:00\",\"breadcrumb\":{\"@id\":\"https:\\\/\\\/darkamazi.info\\\/archives\\\/1033260#breadcrumb\"},\"inLanguage\":\"en-US\",\"potentialAction\":[{\"@type\":\"ReadAction\",\"target\":[\"https:\\\/\\\/darkamazi.info\\\/archives\\\/1033260\"]}]},{\"@type\":\"ImageObject\",\"inLanguage\":\"en-US\",\"@id\":\"https:\\\/\\\/darkamazi.info\\\/archives\\\/1033260#primaryimage\",\"url\":\"https:\\\/\\\/darkamazi.info\\\/darka-content\\\/uploads\\\/2022\\\/10\\\/diyarbekir-amed-kurdistan-1.jpg\",\"contentUrl\":\"https:\\\/\\\/darkamazi.info\\\/darka-content\\\/uploads\\\/2022\\\/10\\\/diyarbekir-amed-kurdistan-1.jpg\",\"width\":900,\"height\":497,\"caption\":\"Diyarbekir- Par\u00eazgariy\u00ea \u00e7alakiy\u00ean derbar\u00ea bikaran\u00eena \u00e7ek\u00ean k\u00eemyew\u00ee qedexe kir\"},{\"@type\":\"BreadcrumbList\",\"@id\":\"https:\\\/\\\/darkamazi.info\\\/archives\\\/1033260#breadcrumb\",\"itemListElement\":[{\"@type\":\"ListItem\",\"position\":1,\"name\":\"Home\",\"item\":\"https:\\\/\\\/darkamazi.info\\\/\"},{\"@type\":\"ListItem\",\"position\":2,\"name\":\"Diyarbekir- Par\u00eazgariy\u00ea \u00e7alakiy\u00ean derbar\u00ea bikaran\u00eena \u00e7ek\u00ean k\u00eemyew\u00ee qedexe kir\"}]},{\"@type\":\"WebSite\",\"@id\":\"https:\\\/\\\/darkamazi.info\\\/#website\",\"url\":\"https:\\\/\\\/darkamazi.info\\\/\",\"name\":\"Darka Maz\u00ee\",\"description\":\"P\u00eageha Zanyariy\u00ean Nebih\u00eest\u00ee\",\"publisher\":{\"@id\":\"https:\\\/\\\/darkamazi.info\\\/#organization\"},\"potentialAction\":[{\"@type\":\"SearchAction\",\"target\":{\"@type\":\"EntryPoint\",\"urlTemplate\":\"https:\\\/\\\/darkamazi.info\\\/?s={search_term_string}\"},\"query-input\":{\"@type\":\"PropertyValueSpecification\",\"valueRequired\":true,\"valueName\":\"search_term_string\"}}],\"inLanguage\":\"en-US\"},{\"@type\":\"Organization\",\"@id\":\"https:\\\/\\\/darkamazi.info\\\/#organization\",\"name\":\"Darka Maz\u00ee\",\"url\":\"https:\\\/\\\/darkamazi.info\\\/\",\"logo\":{\"@type\":\"ImageObject\",\"inLanguage\":\"en-US\",\"@id\":\"https:\\\/\\\/darkamazi.info\\\/#\\\/schema\\\/logo\\\/image\\\/\",\"url\":\"https:\\\/\\\/darkamazi.info\\\/darka-content\\\/uploads\\\/2017\\\/12\\\/darka-mazi-logo.png\",\"contentUrl\":\"https:\\\/\\\/darkamazi.info\\\/darka-content\\\/uploads\\\/2017\\\/12\\\/darka-mazi-logo.png\",\"width\":151,\"height\":75,\"caption\":\"Darka Maz\u00ee\"},\"image\":{\"@id\":\"https:\\\/\\\/darkamazi.info\\\/#\\\/schema\\\/logo\\\/image\\\/\"},\"sameAs\":[\"https:\\\/\\\/www.facebook.com\\\/DarMaziKurmanci\",\"https:\\\/\\\/x.com\\\/DarkaMaziLatini\",\"https:\\\/\\\/www.instagram.com\\\/darkamazi.kurmanci\\\/\",\"https:\\\/\\\/www.youtube.com\\\/channel\\\/UCa5HkTdmI8U1qCUFuTw8B2g\"]},{\"@type\":\"Person\",\"@id\":\"https:\\\/\\\/darkamazi.info\\\/#\\\/schema\\\/person\\\/5ad3e24553a0567993fa8ed4bd0a776c\",\"name\":\"darka mazi\",\"sameAs\":[\"https:\\\/\\\/darkamazi.info\\\/\"],\"url\":\"https:\\\/\\\/darkamazi.info\\\/archives\\\/author\\\/kurdi\"}]}<\/script>\n<!-- \/ Yoast SEO plugin. -->","seo_head_json":{"title":"Diyarbekir- Par\u00eazgariy\u00ea \u00e7alakiy\u00ean derbar\u00ea bikaran\u00eena \u00e7ek\u00ean k\u00eemyew\u00ee qedexe kir - Darka Maz\u00ee","robots":{"index":"index","follow":"follow","max-snippet":"max-snippet:-1","max-image-preview":"max-image-preview:large","max-video-preview":"max-video-preview:-1"},"canonical":"https:\/\/darkamazi.info\/archives\/1033260","og_locale":"en_US","og_type":"article","og_title":"Diyarbekir- Par\u00eazgariy\u00ea \u00e7alakiy\u00ean derbar\u00ea bikaran\u00eena \u00e7ek\u00ean k\u00eemyew\u00ee qedexe kir - Darka Maz\u00ee","og_description":"Par\u00eazgeriya Diyarbekir\u00ea ragihand ku hem\u00fb c\u00fbre \u00e7alak\u00ee ji bo rojek\u00ea hatine qedexekirin \u00fb di v\u00ea \u00e7ar\u00e7ovey\u00ea de j\u00ee \u00e7alakiya HDP\u00ea ya li Parka Ko\u015fuyolu d\u00ea bihata kirin, hat qedexekirin \u00fb r\u00ea li ber daxuyaniy\u00ea hat girtin. Partiya Demokrat\u00eek a Gelan (HDP) \u00fb saz\u00ee \u00fb r\u00eaxistin\u00ean hevgirtiy\u00ean w\u00ea bi \u00eediaya ku art\u00ea\u015fa Tirkiy\u00ea di operasyona hember\u00ee [&hellip;]","og_url":"https:\/\/darkamazi.info\/archives\/1033260","og_site_name":"Darka Maz\u00ee","article_publisher":"https:\/\/www.facebook.com\/DarMaziKurmanci","article_published_time":"2022-10-20T16:17:22+00:00","og_image":[{"width":900,"height":497,"url":"https:\/\/darkamazi.info\/file\/2022\/10\/diyarbekir-amed-kurdistan-1.jpg","type":"image\/jpeg"}],"author":"darka mazi","twitter_card":"summary_large_image","twitter_creator":"@DarkaMaziLatini","twitter_site":"@DarkaMaziLatini","twitter_misc":{"Written by":"darka mazi","Est. reading time":"1 minute"},"schema":{"@context":"https:\/\/schema.org","@graph":[{"@type":"Article","@id":"https:\/\/darkamazi.info\/archives\/1033260#article","isPartOf":{"@id":"https:\/\/darkamazi.info\/archives\/1033260"},"author":{"name":"darka mazi","@id":"https:\/\/darkamazi.info\/#\/schema\/person\/5ad3e24553a0567993fa8ed4bd0a776c"},"headline":"Diyarbekir- Par\u00eazgariy\u00ea \u00e7alakiy\u00ean derbar\u00ea bikaran\u00eena \u00e7ek\u00ean k\u00eemyew\u00ee qedexe kir","datePublished":"2022-10-20T16:17:22+00:00","mainEntityOfPage":{"@id":"https:\/\/darkamazi.info\/archives\/1033260"},"wordCount":202,"publisher":{"@id":"https:\/\/darkamazi.info\/#organization"},"image":{"@id":"https:\/\/darkamazi.info\/archives\/1033260#primaryimage"},"thumbnailUrl":"https:\/\/darkamazi.info\/file\/2022\/10\/diyarbekir-amed-kurdistan-1.jpg","keywords":["sereke"],"articleSection":["Kurdistan"],"inLanguage":"en-US"},{"@type":"WebPage","@id":"https:\/\/darkamazi.info\/archives\/1033260","url":"https:\/\/darkamazi.info\/archives\/1033260","name":"Diyarbekir- Par\u00eazgariy\u00ea \u00e7alakiy\u00ean derbar\u00ea bikaran\u00eena \u00e7ek\u00ean k\u00eemyew\u00ee qedexe kir - Darka Maz\u00ee","isPartOf":{"@id":"https:\/\/darkamazi.info\/#website"},"primaryImageOfPage":{"@id":"https:\/\/darkamazi.info\/archives\/1033260#primaryimage"},"image":{"@id":"https:\/\/darkamazi.info\/archives\/1033260#primaryimage"},"thumbnailUrl":"https:\/\/darkamazi.info\/file\/2022\/10\/diyarbekir-amed-kurdistan-1.jpg","datePublished":"2022-10-20T16:17:22+00:00","breadcrumb":{"@id":"https:\/\/darkamazi.info\/archives\/1033260#breadcrumb"},"inLanguage":"en-US","potentialAction":[{"@type":"ReadAction","target":["https:\/\/darkamazi.info\/archives\/1033260"]}]},{"@type":"ImageObject","inLanguage":"en-US","@id":"https:\/\/darkamazi.info\/archives\/1033260#primaryimage","url":"https:\/\/darkamazi.info\/file\/2022\/10\/diyarbekir-amed-kurdistan-1.jpg","contentUrl":"https:\/\/darkamazi.info\/file\/2022\/10\/diyarbekir-amed-kurdistan-1.jpg","width":900,"height":497,"caption":"Diyarbekir- Par\u00eazgariy\u00ea \u00e7alakiy\u00ean derbar\u00ea bikaran\u00eena \u00e7ek\u00ean k\u00eemyew\u00ee qedexe kir"},{"@type":"BreadcrumbList","@id":"https:\/\/darkamazi.info\/archives\/1033260#breadcrumb","itemListElement":[{"@type":"ListItem","position":1,"name":"Home","item":"https:\/\/darkamazi.info\/"},{"@type":"ListItem","position":2,"name":"Diyarbekir- Par\u00eazgariy\u00ea \u00e7alakiy\u00ean derbar\u00ea bikaran\u00eena \u00e7ek\u00ean k\u00eemyew\u00ee qedexe kir"}]},{"@type":"WebSite","@id":"https:\/\/darkamazi.info\/#website","url":"https:\/\/darkamazi.info\/","name":"Darka Maz\u00ee","description":"P\u00eageha Zanyariy\u00ean Nebih\u00eest\u00ee","publisher":{"@id":"https:\/\/darkamazi.info\/#organization"},"potentialAction":[{"@type":"SearchAction","target":{"@type":"EntryPoint","urlTemplate":"https:\/\/darkamazi.info\/?s={search_term_string}"},"query-input":{"@type":"PropertyValueSpecification","valueRequired":true,"valueName":"search_term_string"}}],"inLanguage":"en-US"},{"@type":"Organization","@id":"https:\/\/darkamazi.info\/#organization","name":"Darka Maz\u00ee","url":"https:\/\/darkamazi.info\/","logo":{"@type":"ImageObject","inLanguage":"en-US","@id":"https:\/\/darkamazi.info\/#\/schema\/logo\/image\/","url":"https:\/\/darkamazi.info\/file\/2017\/12\/darka-mazi-logo.png","contentUrl":"https:\/\/darkamazi.info\/file\/2017\/12\/darka-mazi-logo.png","width":151,"height":75,"caption":"Darka Maz\u00ee"},"image":{"@id":"https:\/\/darkamazi.info\/#\/schema\/logo\/image\/"},"sameAs":["https:\/\/www.facebook.com\/DarMaziKurmanci","https:\/\/x.com\/DarkaMaziLatini","https:\/\/www.instagram.com\/darkamazi.kurmanci\/","https:\/\/www.youtube.com\/channel\/UCa5HkTdmI8U1qCUFuTw8B2g"]},{"@type":"Person","@id":"https:\/\/darkamazi.info\/#\/schema\/person\/5ad3e24553a0567993fa8ed4bd0a776c","name":"darka mazi","sameAs":["https:\/\/darkamazi.info\/"],"url":"https:\/\/darkamazi.info\/archives\/author\/kurdi"}]}},"_links":{"self":[{"href":"https:\/\/darkamazi.info\/funavuv\/wp\/v2\/posts\/1033260","targetHints":{"allow":["GET"]}}],"collection":[{"href":"https:\/\/darkamazi.info\/funavuv\/wp\/v2\/posts"}],"about":[{"href":"https:\/\/darkamazi.info\/funavuv\/wp\/v2\/types\/post"}],"author":[{"embeddable":true,"href":"https:\/\/darkamazi.info\/funavuv\/wp\/v2\/users\/2"}],"replies":[{"embeddable":true,"href":"https:\/\/darkamazi.info\/funavuv\/wp\/v2\/comments?post=1033260"}],"version-history":[{"count":0,"href":"https:\/\/darkamazi.info\/funavuv\/wp\/v2\/posts\/1033260\/revisions"}],"wp:featuredmedia":[{"embeddable":true,"href":"https:\/\/darkamazi.info\/funavuv\/wp\/v2\/media\/1033261"}],"wp:attachment":[{"href":"https:\/\/darkamazi.info\/funavuv\/wp\/v2\/media?parent=1033260"}],"wp:term":[{"taxonomy":"category","embeddable":true,"href":"https:\/\/darkamazi.info\/funavuv\/wp\/v2\/categories?post=1033260"},{"taxonomy":"post_tag","embeddable":true,"href":"https:\/\/darkamazi.info\/funavuv\/wp\/v2\/tags?post=1033260"}],"curies":[{"name":"wp","href":"https:\/\/api.w.org\/{rel}","templated":true}]}}