{"id":1033264,"date":"2022-10-22T11:13:30","date_gmt":"2022-10-22T08:13:30","guid":{"rendered":"https:\/\/darkamazi.info\/?p=1033264"},"modified":"2022-10-22T11:13:30","modified_gmt":"2022-10-22T08:13:30","slug":"demirtas-hinek-kes-hene-dixwazin-min-bi-tene-bihelin","status":"publish","type":"post","link":"https:\/\/darkamazi.info\/archives\/1033264","title":{"rendered":"Dem\u00eerta\u015f: Hinek kes hene dixwazin min bi ten\u00ea bih\u00ealin"},"content":{"rendered":"<h3 style=\"text-align: justify\"><span style=\"font-family: 'arial black', sans-serif\">Hevserok\u00ea ber\u00ea y\u00ea Partiya Demokrat\u00eek a Gelan (HDP) y\u00ea zindan\u00eekir\u00ee Selahatt\u00een Dem\u00eerta\u015f dib\u00eaje: \u201cHinek kes hene dixwazin min bi ten\u00ea bih\u00ealin, jixwe ji ber v\u00ea di zindan\u00ea de d\u00eel t\u00eam girtin.\u201d<\/span><\/h3>\n<h3 style=\"text-align: justify\">Selahatt\u00een Dem\u00eerta\u015f di bersiva pirsa FOX TV ya tirk\u00ee de diyar kir: \u201cHinek kes hene dixwazin min bi ten\u00ea bih\u00ealin, jixwe ji ber v\u00ea di zindan\u00ea de d\u00eel t\u00eam girtin. L\u00ea bel\u00ea li v\u00ea der\u00ea rojek\u00ea j\u00ee weke zinan\u00ee neb\u00fbme. Weke ku li derve me, berdewam dixebitim, ew qas\u00ea serqal im.\u201d<\/h3>\n<h3 style=\"text-align: justify\">Dem\u00eerta\u015f dib\u00eaje sedema v\u00ea yek\u00ea ew e ku bi girseyek ve teko\u015f\u00eena siyas\u00ee bi r\u00ea ve dibe \u00fb wiha didom\u00eene: \u201cLi hember kes\u00ean ku dixwazin min bi ten\u00ea bih\u00ealin, bi gel\u00ea me re, me her tim bersiv daye. Ji ber v\u00ea j\u00ee bi dilniyay\u00ee dikarim bib\u00eajim ku ez ne ten\u00ea me.\u201d<\/h3>\n<h3 style=\"text-align: justify\">Parlamenter\u00ea ber\u00ea y\u00ea AK Partiy\u00ea y\u00ea M\u00eard\u00een\u00ea \u00fb endam\u00ea r\u00eavebiriya desteya r\u00eaveber y\u00ea AK Partiy\u00ea Orhan M\u00eeroglu gotib\u00fb, \u201cPKK\u00ea biryar li ser Selahattin Demirta\u015f daye \u00fb vegera v\u00ea biryar\u00ea n\u00eene. PKK\u00ea got Demirta\u015f tu \u2018minafiq \u00ee\u2019, tu ne ti\u015ftek\u00ee.\u201d<\/h3>\n","protected":false},"excerpt":{"rendered":"<p>Hevserok\u00ea ber\u00ea y\u00ea Partiya Demokrat\u00eek a Gelan (HDP) y\u00ea zindan\u00eekir\u00ee Selahatt\u00een Dem\u00eerta\u015f dib\u00eaje: \u201cHinek kes hene dixwazin min bi ten\u00ea bih\u00ealin, jixwe ji ber v\u00ea di zindan\u00ea de d\u00eel t\u00eam girtin.\u201d Selahatt\u00een Dem\u00eerta\u015f di bersiva pirsa FOX TV ya tirk\u00ee de diyar kir: \u201cHinek kes hene dixwazin min bi ten\u00ea bih\u00ealin, jixwe ji ber v\u00ea [&hellip;]<\/p>\n","protected":false},"author":2,"featured_media":1033265,"comment_status":"closed","ping_status":"closed","sticky":false,"template":"","format":"standard","meta":{"footnotes":""},"categories":[29],"tags":[37],"class_list":["post-1033264","post","type-post","status-publish","format-standard","has-post-thumbnail","hentry","category-kurdistan","tag-sereke"],"blocksy_meta":[],"seo_head":"<!-- This site is optimized with the Yoast SEO plugin v27.5 - https:\/\/yoast.com\/product\/yoast-seo-wordpress\/ -->\n<title>Dem\u00eerta\u015f: Hinek kes hene dixwazin min bi ten\u00ea bih\u00ealin - Darka Maz\u00ee<\/title>\n<meta name=\"robots\" content=\"index, follow, max-snippet:-1, max-image-preview:large, max-video-preview:-1\" \/>\n<link rel=\"canonical\" href=\"https:\/\/darkamazi.info\/archives\/1033264\" \/>\n<meta property=\"og:locale\" content=\"en_US\" \/>\n<meta property=\"og:type\" content=\"article\" \/>\n<meta property=\"og:title\" content=\"Dem\u00eerta\u015f: Hinek kes hene dixwazin min bi ten\u00ea bih\u00ealin - Darka Maz\u00ee\" \/>\n<meta property=\"og:description\" content=\"Hevserok\u00ea ber\u00ea y\u00ea Partiya Demokrat\u00eek a Gelan (HDP) y\u00ea zindan\u00eekir\u00ee Selahatt\u00een Dem\u00eerta\u015f dib\u00eaje: \u201cHinek kes hene dixwazin min bi ten\u00ea bih\u00ealin, jixwe ji ber v\u00ea di zindan\u00ea de d\u00eel t\u00eam girtin.\u201d Selahatt\u00een Dem\u00eerta\u015f di bersiva pirsa FOX TV ya tirk\u00ee de diyar kir: \u201cHinek kes hene dixwazin min bi ten\u00ea bih\u00ealin, jixwe ji ber v\u00ea [&hellip;]\" \/>\n<meta property=\"og:url\" content=\"https:\/\/darkamazi.info\/archives\/1033264\" \/>\n<meta property=\"og:site_name\" content=\"Darka Maz\u00ee\" \/>\n<meta property=\"article:publisher\" content=\"https:\/\/www.facebook.com\/DarMaziKurmanci\" \/>\n<meta property=\"article:published_time\" content=\"2022-10-22T08:13:30+00:00\" \/>\n<meta property=\"og:image\" content=\"https:\/\/darkamazi.info\/file\/2022\/10\/Selahattin-Demirtas.jpg\" \/>\n\t<meta property=\"og:image:width\" content=\"900\" \/>\n\t<meta property=\"og:image:height\" content=\"497\" \/>\n\t<meta property=\"og:image:type\" content=\"image\/jpeg\" \/>\n<meta name=\"author\" content=\"darka mazi\" \/>\n<meta name=\"twitter:card\" content=\"summary_large_image\" \/>\n<meta name=\"twitter:creator\" content=\"@DarkaMaziLatini\" \/>\n<meta name=\"twitter:site\" content=\"@DarkaMaziLatini\" \/>\n<meta name=\"twitter:label1\" content=\"Written by\" \/>\n\t<meta name=\"twitter:data1\" content=\"darka mazi\" \/>\n\t<meta name=\"twitter:label2\" content=\"Est. reading time\" \/>\n\t<meta name=\"twitter:data2\" content=\"1 minute\" \/>\n<script type=\"application\/ld+json\" class=\"seo-schema-graph\">{\"@context\":\"https:\\\/\\\/schema.org\",\"@graph\":[{\"@type\":\"Article\",\"@id\":\"https:\\\/\\\/darkamazi.info\\\/archives\\\/1033264#article\",\"isPartOf\":{\"@id\":\"https:\\\/\\\/darkamazi.info\\\/archives\\\/1033264\"},\"author\":{\"name\":\"darka mazi\",\"@id\":\"https:\\\/\\\/darkamazi.info\\\/#\\\/schema\\\/person\\\/5ad3e24553a0567993fa8ed4bd0a776c\"},\"headline\":\"Dem\u00eerta\u015f: Hinek kes hene dixwazin min bi ten\u00ea bih\u00ealin\",\"datePublished\":\"2022-10-22T08:13:30+00:00\",\"mainEntityOfPage\":{\"@id\":\"https:\\\/\\\/darkamazi.info\\\/archives\\\/1033264\"},\"wordCount\":207,\"publisher\":{\"@id\":\"https:\\\/\\\/darkamazi.info\\\/#organization\"},\"image\":{\"@id\":\"https:\\\/\\\/darkamazi.info\\\/archives\\\/1033264#primaryimage\"},\"thumbnailUrl\":\"https:\\\/\\\/darkamazi.info\\\/darka-content\\\/uploads\\\/2022\\\/10\\\/Selahattin-Demirtas.jpg\",\"keywords\":[\"sereke\"],\"articleSection\":[\"Kurdistan\"],\"inLanguage\":\"en-US\"},{\"@type\":\"WebPage\",\"@id\":\"https:\\\/\\\/darkamazi.info\\\/archives\\\/1033264\",\"url\":\"https:\\\/\\\/darkamazi.info\\\/archives\\\/1033264\",\"name\":\"Dem\u00eerta\u015f: Hinek kes hene dixwazin min bi ten\u00ea bih\u00ealin - Darka Maz\u00ee\",\"isPartOf\":{\"@id\":\"https:\\\/\\\/darkamazi.info\\\/#website\"},\"primaryImageOfPage\":{\"@id\":\"https:\\\/\\\/darkamazi.info\\\/archives\\\/1033264#primaryimage\"},\"image\":{\"@id\":\"https:\\\/\\\/darkamazi.info\\\/archives\\\/1033264#primaryimage\"},\"thumbnailUrl\":\"https:\\\/\\\/darkamazi.info\\\/darka-content\\\/uploads\\\/2022\\\/10\\\/Selahattin-Demirtas.jpg\",\"datePublished\":\"2022-10-22T08:13:30+00:00\",\"breadcrumb\":{\"@id\":\"https:\\\/\\\/darkamazi.info\\\/archives\\\/1033264#breadcrumb\"},\"inLanguage\":\"en-US\",\"potentialAction\":[{\"@type\":\"ReadAction\",\"target\":[\"https:\\\/\\\/darkamazi.info\\\/archives\\\/1033264\"]}]},{\"@type\":\"ImageObject\",\"inLanguage\":\"en-US\",\"@id\":\"https:\\\/\\\/darkamazi.info\\\/archives\\\/1033264#primaryimage\",\"url\":\"https:\\\/\\\/darkamazi.info\\\/darka-content\\\/uploads\\\/2022\\\/10\\\/Selahattin-Demirtas.jpg\",\"contentUrl\":\"https:\\\/\\\/darkamazi.info\\\/darka-content\\\/uploads\\\/2022\\\/10\\\/Selahattin-Demirtas.jpg\",\"width\":900,\"height\":497,\"caption\":\"Dem\u00eerta\u015f: Hinek kes hene dixwazin min bi ten\u00ea bih\u00ealin\"},{\"@type\":\"BreadcrumbList\",\"@id\":\"https:\\\/\\\/darkamazi.info\\\/archives\\\/1033264#breadcrumb\",\"itemListElement\":[{\"@type\":\"ListItem\",\"position\":1,\"name\":\"Home\",\"item\":\"https:\\\/\\\/darkamazi.info\\\/\"},{\"@type\":\"ListItem\",\"position\":2,\"name\":\"Dem\u00eerta\u015f: Hinek kes hene dixwazin min bi ten\u00ea bih\u00ealin\"}]},{\"@type\":\"WebSite\",\"@id\":\"https:\\\/\\\/darkamazi.info\\\/#website\",\"url\":\"https:\\\/\\\/darkamazi.info\\\/\",\"name\":\"Darka Maz\u00ee\",\"description\":\"P\u00eageha Zanyariy\u00ean Nebih\u00eest\u00ee\",\"publisher\":{\"@id\":\"https:\\\/\\\/darkamazi.info\\\/#organization\"},\"potentialAction\":[{\"@type\":\"SearchAction\",\"target\":{\"@type\":\"EntryPoint\",\"urlTemplate\":\"https:\\\/\\\/darkamazi.info\\\/?s={search_term_string}\"},\"query-input\":{\"@type\":\"PropertyValueSpecification\",\"valueRequired\":true,\"valueName\":\"search_term_string\"}}],\"inLanguage\":\"en-US\"},{\"@type\":\"Organization\",\"@id\":\"https:\\\/\\\/darkamazi.info\\\/#organization\",\"name\":\"Darka Maz\u00ee\",\"url\":\"https:\\\/\\\/darkamazi.info\\\/\",\"logo\":{\"@type\":\"ImageObject\",\"inLanguage\":\"en-US\",\"@id\":\"https:\\\/\\\/darkamazi.info\\\/#\\\/schema\\\/logo\\\/image\\\/\",\"url\":\"https:\\\/\\\/darkamazi.info\\\/darka-content\\\/uploads\\\/2017\\\/12\\\/darka-mazi-logo.png\",\"contentUrl\":\"https:\\\/\\\/darkamazi.info\\\/darka-content\\\/uploads\\\/2017\\\/12\\\/darka-mazi-logo.png\",\"width\":151,\"height\":75,\"caption\":\"Darka Maz\u00ee\"},\"image\":{\"@id\":\"https:\\\/\\\/darkamazi.info\\\/#\\\/schema\\\/logo\\\/image\\\/\"},\"sameAs\":[\"https:\\\/\\\/www.facebook.com\\\/DarMaziKurmanci\",\"https:\\\/\\\/x.com\\\/DarkaMaziLatini\",\"https:\\\/\\\/www.instagram.com\\\/darkamazi.kurmanci\\\/\",\"https:\\\/\\\/www.youtube.com\\\/channel\\\/UCa5HkTdmI8U1qCUFuTw8B2g\"]},{\"@type\":\"Person\",\"@id\":\"https:\\\/\\\/darkamazi.info\\\/#\\\/schema\\\/person\\\/5ad3e24553a0567993fa8ed4bd0a776c\",\"name\":\"darka mazi\",\"sameAs\":[\"https:\\\/\\\/darkamazi.info\\\/\"],\"url\":\"https:\\\/\\\/darkamazi.info\\\/archives\\\/author\\\/kurdi\"}]}<\/script>\n<!-- \/ Yoast SEO plugin. -->","seo_head_json":{"title":"Dem\u00eerta\u015f: Hinek kes hene dixwazin min bi ten\u00ea bih\u00ealin - Darka Maz\u00ee","robots":{"index":"index","follow":"follow","max-snippet":"max-snippet:-1","max-image-preview":"max-image-preview:large","max-video-preview":"max-video-preview:-1"},"canonical":"https:\/\/darkamazi.info\/archives\/1033264","og_locale":"en_US","og_type":"article","og_title":"Dem\u00eerta\u015f: Hinek kes hene dixwazin min bi ten\u00ea bih\u00ealin - Darka Maz\u00ee","og_description":"Hevserok\u00ea ber\u00ea y\u00ea Partiya Demokrat\u00eek a Gelan (HDP) y\u00ea zindan\u00eekir\u00ee Selahatt\u00een Dem\u00eerta\u015f dib\u00eaje: \u201cHinek kes hene dixwazin min bi ten\u00ea bih\u00ealin, jixwe ji ber v\u00ea di zindan\u00ea de d\u00eel t\u00eam girtin.\u201d Selahatt\u00een Dem\u00eerta\u015f di bersiva pirsa FOX TV ya tirk\u00ee de diyar kir: \u201cHinek kes hene dixwazin min bi ten\u00ea bih\u00ealin, jixwe ji ber v\u00ea [&hellip;]","og_url":"https:\/\/darkamazi.info\/archives\/1033264","og_site_name":"Darka Maz\u00ee","article_publisher":"https:\/\/www.facebook.com\/DarMaziKurmanci","article_published_time":"2022-10-22T08:13:30+00:00","og_image":[{"width":900,"height":497,"url":"https:\/\/darkamazi.info\/file\/2022\/10\/Selahattin-Demirtas.jpg","type":"image\/jpeg"}],"author":"darka mazi","twitter_card":"summary_large_image","twitter_creator":"@DarkaMaziLatini","twitter_site":"@DarkaMaziLatini","twitter_misc":{"Written by":"darka mazi","Est. reading time":"1 minute"},"schema":{"@context":"https:\/\/schema.org","@graph":[{"@type":"Article","@id":"https:\/\/darkamazi.info\/archives\/1033264#article","isPartOf":{"@id":"https:\/\/darkamazi.info\/archives\/1033264"},"author":{"name":"darka mazi","@id":"https:\/\/darkamazi.info\/#\/schema\/person\/5ad3e24553a0567993fa8ed4bd0a776c"},"headline":"Dem\u00eerta\u015f: Hinek kes hene dixwazin min bi ten\u00ea bih\u00ealin","datePublished":"2022-10-22T08:13:30+00:00","mainEntityOfPage":{"@id":"https:\/\/darkamazi.info\/archives\/1033264"},"wordCount":207,"publisher":{"@id":"https:\/\/darkamazi.info\/#organization"},"image":{"@id":"https:\/\/darkamazi.info\/archives\/1033264#primaryimage"},"thumbnailUrl":"https:\/\/darkamazi.info\/file\/2022\/10\/Selahattin-Demirtas.jpg","keywords":["sereke"],"articleSection":["Kurdistan"],"inLanguage":"en-US"},{"@type":"WebPage","@id":"https:\/\/darkamazi.info\/archives\/1033264","url":"https:\/\/darkamazi.info\/archives\/1033264","name":"Dem\u00eerta\u015f: Hinek kes hene dixwazin min bi ten\u00ea bih\u00ealin - Darka Maz\u00ee","isPartOf":{"@id":"https:\/\/darkamazi.info\/#website"},"primaryImageOfPage":{"@id":"https:\/\/darkamazi.info\/archives\/1033264#primaryimage"},"image":{"@id":"https:\/\/darkamazi.info\/archives\/1033264#primaryimage"},"thumbnailUrl":"https:\/\/darkamazi.info\/file\/2022\/10\/Selahattin-Demirtas.jpg","datePublished":"2022-10-22T08:13:30+00:00","breadcrumb":{"@id":"https:\/\/darkamazi.info\/archives\/1033264#breadcrumb"},"inLanguage":"en-US","potentialAction":[{"@type":"ReadAction","target":["https:\/\/darkamazi.info\/archives\/1033264"]}]},{"@type":"ImageObject","inLanguage":"en-US","@id":"https:\/\/darkamazi.info\/archives\/1033264#primaryimage","url":"https:\/\/darkamazi.info\/file\/2022\/10\/Selahattin-Demirtas.jpg","contentUrl":"https:\/\/darkamazi.info\/file\/2022\/10\/Selahattin-Demirtas.jpg","width":900,"height":497,"caption":"Dem\u00eerta\u015f: Hinek kes hene dixwazin min bi ten\u00ea bih\u00ealin"},{"@type":"BreadcrumbList","@id":"https:\/\/darkamazi.info\/archives\/1033264#breadcrumb","itemListElement":[{"@type":"ListItem","position":1,"name":"Home","item":"https:\/\/darkamazi.info\/"},{"@type":"ListItem","position":2,"name":"Dem\u00eerta\u015f: Hinek kes hene dixwazin min bi ten\u00ea bih\u00ealin"}]},{"@type":"WebSite","@id":"https:\/\/darkamazi.info\/#website","url":"https:\/\/darkamazi.info\/","name":"Darka Maz\u00ee","description":"P\u00eageha Zanyariy\u00ean Nebih\u00eest\u00ee","publisher":{"@id":"https:\/\/darkamazi.info\/#organization"},"potentialAction":[{"@type":"SearchAction","target":{"@type":"EntryPoint","urlTemplate":"https:\/\/darkamazi.info\/?s={search_term_string}"},"query-input":{"@type":"PropertyValueSpecification","valueRequired":true,"valueName":"search_term_string"}}],"inLanguage":"en-US"},{"@type":"Organization","@id":"https:\/\/darkamazi.info\/#organization","name":"Darka Maz\u00ee","url":"https:\/\/darkamazi.info\/","logo":{"@type":"ImageObject","inLanguage":"en-US","@id":"https:\/\/darkamazi.info\/#\/schema\/logo\/image\/","url":"https:\/\/darkamazi.info\/file\/2017\/12\/darka-mazi-logo.png","contentUrl":"https:\/\/darkamazi.info\/file\/2017\/12\/darka-mazi-logo.png","width":151,"height":75,"caption":"Darka Maz\u00ee"},"image":{"@id":"https:\/\/darkamazi.info\/#\/schema\/logo\/image\/"},"sameAs":["https:\/\/www.facebook.com\/DarMaziKurmanci","https:\/\/x.com\/DarkaMaziLatini","https:\/\/www.instagram.com\/darkamazi.kurmanci\/","https:\/\/www.youtube.com\/channel\/UCa5HkTdmI8U1qCUFuTw8B2g"]},{"@type":"Person","@id":"https:\/\/darkamazi.info\/#\/schema\/person\/5ad3e24553a0567993fa8ed4bd0a776c","name":"darka mazi","sameAs":["https:\/\/darkamazi.info\/"],"url":"https:\/\/darkamazi.info\/archives\/author\/kurdi"}]}},"_links":{"self":[{"href":"https:\/\/darkamazi.info\/funavuv\/wp\/v2\/posts\/1033264","targetHints":{"allow":["GET"]}}],"collection":[{"href":"https:\/\/darkamazi.info\/funavuv\/wp\/v2\/posts"}],"about":[{"href":"https:\/\/darkamazi.info\/funavuv\/wp\/v2\/types\/post"}],"author":[{"embeddable":true,"href":"https:\/\/darkamazi.info\/funavuv\/wp\/v2\/users\/2"}],"replies":[{"embeddable":true,"href":"https:\/\/darkamazi.info\/funavuv\/wp\/v2\/comments?post=1033264"}],"version-history":[{"count":0,"href":"https:\/\/darkamazi.info\/funavuv\/wp\/v2\/posts\/1033264\/revisions"}],"wp:featuredmedia":[{"embeddable":true,"href":"https:\/\/darkamazi.info\/funavuv\/wp\/v2\/media\/1033265"}],"wp:attachment":[{"href":"https:\/\/darkamazi.info\/funavuv\/wp\/v2\/media?parent=1033264"}],"wp:term":[{"taxonomy":"category","embeddable":true,"href":"https:\/\/darkamazi.info\/funavuv\/wp\/v2\/categories?post=1033264"},{"taxonomy":"post_tag","embeddable":true,"href":"https:\/\/darkamazi.info\/funavuv\/wp\/v2\/tags?post=1033264"}],"curies":[{"name":"wp","href":"https:\/\/api.w.org\/{rel}","templated":true}]}}