{"id":1033270,"date":"2022-10-22T13:00:15","date_gmt":"2022-10-22T10:00:15","guid":{"rendered":"https:\/\/darkamazi.info\/?p=1033270"},"modified":"2022-10-22T13:00:15","modified_gmt":"2022-10-22T10:00:15","slug":"nave-derewe-u-feqiriya-meji-mustafa-karasu","status":"publish","type":"post","link":"https:\/\/darkamazi.info\/archives\/1033270","title":{"rendered":"Nav\u00ea derew\u00ea \u00fb feq\u00eer\u00eeya mej\u00ee: Mustafa Karasu !"},"content":{"rendered":"<h3 style=\"text-align: justify\"><span style=\"font-family: 'arial black', sans-serif\">Endam\u00ea r\u00eaveberiya PKK\u00ea Mustafa Karasu tevl\u00ee bernameya taybet a telev\u00eezyona Medya Haber\u00ea b\u00fb. Medya Haber kanaleka gir\u00eaday\u00ea PKK\u00ea ye. Serkaniya dezenfarmasyona ye \u00fb neyartiya xeta netew\u00ee dike \u00fb v\u00ea yeke ve gir\u00eaday\u00ee dijminatiya PDK\u00ea armanca wan a bingehiye.<\/span><\/h3>\n<h3 style=\"text-align: justify\">Karasu axavtin\u00ean gelek xeyal\u00ee di derbar\u00ea serok\u00ea PKK\u00ea Abdullah Ocalan de dib\u00eaje \u00fb axavtina w\u00ee ji ser\u00ee heta daw\u00eey\u00ea p\u00fb\u00e7 \u00fb bereday\u00ee ne. Wek Kurd dib\u00eajin axavtina w\u00ee ya bi seetan kakil\u00ea goz\u00ea tej\u00ee nedikira. Di rastiya xwe de ne axavtin\u00ean Karasu \u00fb ne j\u00ee dezenformasyon \u00fb derew\u00ean Medya PKK\u00ea dike ne hewcey\u00ee tu nirxandinek\u00ee yan j\u00ee \u015firoveyeki ye. Ji ber valab\u00fbna naveroka wan ne hewceye. L\u00ea mixabin gelek kes hene ku, ji van derewan bawerin \u00fb xeta xwe ya siyas\u00ee yan j\u00ee helwest\u00ean xwe li gora derew \u00fb dezenformasyona medya PKK\u00ea kif\u015f dikin. Ji bo v\u00ea sedem\u00ea ten\u00ea, car car\u00ea hewcehiyek derdikeve hol\u00ea ku, derew\u00ean wan bene e\u015fkere kirin.<\/h3>\n<h3 style=\"text-align: justify\">Karasu destp\u00eaka axavtina xwe ten\u00ea behsa Ocalan dike \u00fb dib\u00eaje: R\u00eaber Apo dibe ku ji aliy\u00ea f\u00eez\u00eek\u00ee ve tecr\u00eedkir\u00ee be, l\u00ea bel\u00ea R\u00eaberek\u00ee wel\u00ea ye ku ti car\u00ee nikare b\u00ea tecr\u00eedkirin. Nep\u00eakane ku ev R\u00eabert\u00ee b\u00ea tecr\u00eedkirin, ji xwe nikarin bikin. R\u00eaber Apo bi fikr\u00ean xwe ne ten\u00ea bandor li gel\u00ea Kurd dike, bandor\u00ea li gel\u00ean Rojhilata Nav\u00een \u00fb tevahiya c\u00eehan\u00ea dike. Rastiya R\u00eabert\u00ee ji xwe ev e. Rastiya R\u00eabert\u00ee bi esas\u00ee r\u00eaberek\u00ee fikr\u00ee ye. R\u00eabertiyeke mej\u00ee ye. Aliy\u00ea her\u00ee mezin \u00ea R\u00eabert\u00ee ev e.<\/h3>\n<h3 style=\"text-align: justify\">V\u00eaca kes\u00ean hinek xwed\u00ee hi\u015fbe, gelo \u00e7ewa baweriy\u00ea li van gotina dike \u00fb \u00e7ewa dikar\u00ea b\u00ea xapandin \u00fb bikeve kemina PKK\u00ea ya ideolojik de? Gelo ev ti\u015ft\u00ean ku Karasu dib\u00eaje mirov dikare ji zarokek\u00ee re j\u00ee b\u00eaje?<\/h3>\n<h3 style=\"text-align: justify\">Ji aliyek din Karasu cardin li dij\u00ee PDK\u00ea diveri\u015fe \u00fb bi derwan PDK\u00ea tawanbar dike. PKK gelek bi zaneb\u00fbn ji b\u00fb gir\u00eadana xwe li gel dagirkera ve\u015f\u00eare, \u00ear\u00ee\u015f\u00ea PDK\u00ea dike.<\/h3>\n<h3 style=\"text-align: justify\">Guh bidin Karasu di derbar\u00ea PDK\u00ea de \u00e7i dib\u00eaje,:<\/h3>\n<h3 style=\"text-align: justify\">Karasu : \u201cDewleta Tirk b\u00eaguman dijmin e, \u00ear\u00ee\u015f dike. Ewropa j\u00ee berjewendiy\u00ean xwe hene, rastiyan ji ned\u00eet\u00ee ve t\u00ea. L\u00ea bel\u00ea ya her\u00ee giran \u00fb bi \u00ea\u015f PDK ye. Van \u00ear\u00ee\u015fan dinixum\u00eene. P\u00ea\u015f\u00ee li mirovan digire ku dixwazin bi\u00e7in w\u00ea der\u00ea. S\u00fbc\u00ean Tirkiyey\u00ea dinixum\u00eene. Nixumandina s\u00fbc\u00ean Tiriyey\u00ea ji PDK\u2019\u00ea re maye. Ji xwe dewleta Tirk \u00ear\u00ee\u015f\u00ee k\u00ee der\u00ea bike, PDK j\u00ee yekser hincetan ji dewleta Tirk re \u00e7\u00eadike. Dib\u00eaje \u2018Ji bo v\u00ee ti\u015ft\u00ee \u00ear\u00ee\u015f\u00ee \u015eengal\u00ea dike, ji bo filan ti\u015ft\u00ee \u00ear\u00ee\u015f\u00ee Rojava dike\u2019. Guneh naxe stuy\u00ea \u00ear\u00ee\u015fkar. \u015eerma her\u00ee mezin a d\u00eerok\u00ee ye ji bo PDK\u2019\u00ea ku bikaran\u00eena gaz\u00ean bi jehr \u00fb \u00e7ek\u00ean k\u00eemyew\u00ee dinixum\u00eene.\u201d<\/h3>\n<h3 style=\"text-align: justify\">Bawer bikin Karasu bi xwe j\u00ee bi gotin\u00ean xwe ne bawere. Ji berk u ev bi sere xwe nikare \u00e7ar gotina b\u00eene ba hev. Niv\u00eesek danine ber Karasu \u00fb ew j\u00ee dixw\u00eene. L\u00ea gelek gir\u00eenge ku, xelkek v\u00ea rastiy\u00ea bibine \u00fb li\u00a0 gora w\u00ea j\u00ee tev bigere.<\/h3>\n<h3 style=\"text-align: justify\">Niha ya her\u00ee tehl ewe ku, hinek al\u00ee \u00fb kes\u00ean \u201cka\u015fo siyas\u00ee\u201c li dij\u00ea PDK\u00ea ne \u00fb her gava ku firsende bibinin PDK rexne dikin. Ev dezenfarmasyon\u00ean PKK\u00ea ji wan re dibe wek sedemek\u00ee \u00fb pala xwe didin van derewan \u00fb dijminatiya PDK\u00ea dikin. L\u00ea ew di bingeh\u00ea xwe de dijminatiya dewletb\u00fbna Kurda bi dikin.<\/h3>\n<h3 style=\"text-align: justify\">B\u00ea guman herkes , her aliyek dikare PDK\u00ea rexne bike \u00fb k\u00eamasiy\u00ean wan b\u00eajin. Kesek yan j\u00ee aliyek ku ney\u00ea rexnekirin tuneye. L\u00ea rexnekirin \u00fb tawanbar kirin du ti\u015ft\u00ean cudane. PKK bi hem\u00fb away\u00ee pi\u015fta xwe dide dagirkere \u00fb r\u00ea li dewlet b\u00fbna Kurda digre \u00fb bi v\u00ea mebest\u00ea j\u00ee dijatiya PDK\u00ea \u00fb Barzaniya dike.<\/h3>\n<h3 style=\"text-align: justify\">PKK ber bi dawiyek\u00ee ve di\u00e7e, dixwaze sedemek\u00ee ji t\u00eak\u00e7\u00fbna xwe re bib\u00eene \u00fb ev j\u00ee PDK ye.<\/h3>\n<h3 style=\"text-align: justify\">PKK bi hem\u00fb away\u00ee hewld dide ku, hem\u00fb \u015fikest \u00fb binketin\u00ean xwe di bin v\u00ee \u015fer\u00ea ragihandin\u00ea de ve\u015f\u00earin.<\/h3>\n<h3 style=\"text-align: justify\">ROJEVAKURD<\/h3>\n","protected":false},"excerpt":{"rendered":"<p>Endam\u00ea r\u00eaveberiya PKK\u00ea Mustafa Karasu tevl\u00ee bernameya taybet a telev\u00eezyona Medya Haber\u00ea b\u00fb. Medya Haber kanaleka gir\u00eaday\u00ea PKK\u00ea ye. Serkaniya dezenfarmasyona ye \u00fb neyartiya xeta netew\u00ee dike \u00fb v\u00ea yeke ve gir\u00eaday\u00ee dijminatiya PDK\u00ea armanca wan a bingehiye. Karasu axavtin\u00ean gelek xeyal\u00ee di derbar\u00ea serok\u00ea PKK\u00ea Abdullah Ocalan de dib\u00eaje \u00fb axavtina w\u00ee ji ser\u00ee [&hellip;]<\/p>\n","protected":false},"author":2,"featured_media":1033271,"comment_status":"closed","ping_status":"closed","sticky":false,"template":"","format":"standard","meta":{"footnotes":""},"categories":[29],"tags":[37],"class_list":["post-1033270","post","type-post","status-publish","format-standard","has-post-thumbnail","hentry","category-kurdistan","tag-sereke"],"blocksy_meta":[],"seo_head":"<!-- This site is optimized with the Yoast SEO plugin v27.5 - https:\/\/yoast.com\/product\/yoast-seo-wordpress\/ -->\n<title>Nav\u00ea derew\u00ea \u00fb feq\u00eer\u00eeya mej\u00ee: Mustafa Karasu ! - Darka Maz\u00ee<\/title>\n<meta name=\"robots\" content=\"index, follow, max-snippet:-1, max-image-preview:large, max-video-preview:-1\" \/>\n<link rel=\"canonical\" href=\"https:\/\/darkamazi.info\/archives\/1033270\" \/>\n<meta property=\"og:locale\" content=\"en_US\" \/>\n<meta property=\"og:type\" content=\"article\" \/>\n<meta property=\"og:title\" content=\"Nav\u00ea derew\u00ea \u00fb feq\u00eer\u00eeya mej\u00ee: Mustafa Karasu ! - Darka Maz\u00ee\" \/>\n<meta property=\"og:description\" content=\"Endam\u00ea r\u00eaveberiya PKK\u00ea Mustafa Karasu tevl\u00ee bernameya taybet a telev\u00eezyona Medya Haber\u00ea b\u00fb. Medya Haber kanaleka gir\u00eaday\u00ea PKK\u00ea ye. Serkaniya dezenfarmasyona ye \u00fb neyartiya xeta netew\u00ee dike \u00fb v\u00ea yeke ve gir\u00eaday\u00ee dijminatiya PDK\u00ea armanca wan a bingehiye. Karasu axavtin\u00ean gelek xeyal\u00ee di derbar\u00ea serok\u00ea PKK\u00ea Abdullah Ocalan de dib\u00eaje \u00fb axavtina w\u00ee ji ser\u00ee [&hellip;]\" \/>\n<meta property=\"og:url\" content=\"https:\/\/darkamazi.info\/archives\/1033270\" \/>\n<meta property=\"og:site_name\" content=\"Darka Maz\u00ee\" \/>\n<meta property=\"article:publisher\" content=\"https:\/\/www.facebook.com\/DarMaziKurmanci\" \/>\n<meta property=\"article:published_time\" content=\"2022-10-22T10:00:15+00:00\" \/>\n<meta property=\"og:image\" content=\"https:\/\/darkamazi.info\/file\/2022\/10\/Mustafa-Karasu.jpg\" \/>\n\t<meta property=\"og:image:width\" content=\"900\" \/>\n\t<meta property=\"og:image:height\" content=\"497\" \/>\n\t<meta property=\"og:image:type\" content=\"image\/jpeg\" \/>\n<meta name=\"author\" content=\"darka mazi\" \/>\n<meta name=\"twitter:card\" content=\"summary_large_image\" \/>\n<meta name=\"twitter:creator\" content=\"@DarkaMaziLatini\" \/>\n<meta name=\"twitter:site\" content=\"@DarkaMaziLatini\" \/>\n<meta name=\"twitter:label1\" content=\"Written by\" \/>\n\t<meta name=\"twitter:data1\" content=\"darka mazi\" \/>\n\t<meta name=\"twitter:label2\" content=\"Est. reading time\" \/>\n\t<meta name=\"twitter:data2\" content=\"3 minutes\" \/>\n<script type=\"application\/ld+json\" class=\"seo-schema-graph\">{\"@context\":\"https:\\\/\\\/schema.org\",\"@graph\":[{\"@type\":\"Article\",\"@id\":\"https:\\\/\\\/darkamazi.info\\\/archives\\\/1033270#article\",\"isPartOf\":{\"@id\":\"https:\\\/\\\/darkamazi.info\\\/archives\\\/1033270\"},\"author\":{\"name\":\"darka mazi\",\"@id\":\"https:\\\/\\\/darkamazi.info\\\/#\\\/schema\\\/person\\\/5ad3e24553a0567993fa8ed4bd0a776c\"},\"headline\":\"Nav\u00ea derew\u00ea \u00fb feq\u00eer\u00eeya mej\u00ee: Mustafa Karasu !\",\"datePublished\":\"2022-10-22T10:00:15+00:00\",\"mainEntityOfPage\":{\"@id\":\"https:\\\/\\\/darkamazi.info\\\/archives\\\/1033270\"},\"wordCount\":675,\"publisher\":{\"@id\":\"https:\\\/\\\/darkamazi.info\\\/#organization\"},\"image\":{\"@id\":\"https:\\\/\\\/darkamazi.info\\\/archives\\\/1033270#primaryimage\"},\"thumbnailUrl\":\"https:\\\/\\\/darkamazi.info\\\/darka-content\\\/uploads\\\/2022\\\/10\\\/Mustafa-Karasu.jpg\",\"keywords\":[\"sereke\"],\"articleSection\":[\"Kurdistan\"],\"inLanguage\":\"en-US\"},{\"@type\":\"WebPage\",\"@id\":\"https:\\\/\\\/darkamazi.info\\\/archives\\\/1033270\",\"url\":\"https:\\\/\\\/darkamazi.info\\\/archives\\\/1033270\",\"name\":\"Nav\u00ea derew\u00ea \u00fb feq\u00eer\u00eeya mej\u00ee: Mustafa Karasu ! - Darka Maz\u00ee\",\"isPartOf\":{\"@id\":\"https:\\\/\\\/darkamazi.info\\\/#website\"},\"primaryImageOfPage\":{\"@id\":\"https:\\\/\\\/darkamazi.info\\\/archives\\\/1033270#primaryimage\"},\"image\":{\"@id\":\"https:\\\/\\\/darkamazi.info\\\/archives\\\/1033270#primaryimage\"},\"thumbnailUrl\":\"https:\\\/\\\/darkamazi.info\\\/darka-content\\\/uploads\\\/2022\\\/10\\\/Mustafa-Karasu.jpg\",\"datePublished\":\"2022-10-22T10:00:15+00:00\",\"breadcrumb\":{\"@id\":\"https:\\\/\\\/darkamazi.info\\\/archives\\\/1033270#breadcrumb\"},\"inLanguage\":\"en-US\",\"potentialAction\":[{\"@type\":\"ReadAction\",\"target\":[\"https:\\\/\\\/darkamazi.info\\\/archives\\\/1033270\"]}]},{\"@type\":\"ImageObject\",\"inLanguage\":\"en-US\",\"@id\":\"https:\\\/\\\/darkamazi.info\\\/archives\\\/1033270#primaryimage\",\"url\":\"https:\\\/\\\/darkamazi.info\\\/darka-content\\\/uploads\\\/2022\\\/10\\\/Mustafa-Karasu.jpg\",\"contentUrl\":\"https:\\\/\\\/darkamazi.info\\\/darka-content\\\/uploads\\\/2022\\\/10\\\/Mustafa-Karasu.jpg\",\"width\":900,\"height\":497,\"caption\":\"Nav\u00ea derew\u00ea \u00fb feq\u00eer\u00eeya mej\u00ee: Mustafa Karasu !\"},{\"@type\":\"BreadcrumbList\",\"@id\":\"https:\\\/\\\/darkamazi.info\\\/archives\\\/1033270#breadcrumb\",\"itemListElement\":[{\"@type\":\"ListItem\",\"position\":1,\"name\":\"Home\",\"item\":\"https:\\\/\\\/darkamazi.info\\\/\"},{\"@type\":\"ListItem\",\"position\":2,\"name\":\"Nav\u00ea derew\u00ea \u00fb feq\u00eer\u00eeya mej\u00ee: Mustafa Karasu !\"}]},{\"@type\":\"WebSite\",\"@id\":\"https:\\\/\\\/darkamazi.info\\\/#website\",\"url\":\"https:\\\/\\\/darkamazi.info\\\/\",\"name\":\"Darka Maz\u00ee\",\"description\":\"P\u00eageha Zanyariy\u00ean Nebih\u00eest\u00ee\",\"publisher\":{\"@id\":\"https:\\\/\\\/darkamazi.info\\\/#organization\"},\"potentialAction\":[{\"@type\":\"SearchAction\",\"target\":{\"@type\":\"EntryPoint\",\"urlTemplate\":\"https:\\\/\\\/darkamazi.info\\\/?s={search_term_string}\"},\"query-input\":{\"@type\":\"PropertyValueSpecification\",\"valueRequired\":true,\"valueName\":\"search_term_string\"}}],\"inLanguage\":\"en-US\"},{\"@type\":\"Organization\",\"@id\":\"https:\\\/\\\/darkamazi.info\\\/#organization\",\"name\":\"Darka Maz\u00ee\",\"url\":\"https:\\\/\\\/darkamazi.info\\\/\",\"logo\":{\"@type\":\"ImageObject\",\"inLanguage\":\"en-US\",\"@id\":\"https:\\\/\\\/darkamazi.info\\\/#\\\/schema\\\/logo\\\/image\\\/\",\"url\":\"https:\\\/\\\/darkamazi.info\\\/darka-content\\\/uploads\\\/2017\\\/12\\\/darka-mazi-logo.png\",\"contentUrl\":\"https:\\\/\\\/darkamazi.info\\\/darka-content\\\/uploads\\\/2017\\\/12\\\/darka-mazi-logo.png\",\"width\":151,\"height\":75,\"caption\":\"Darka Maz\u00ee\"},\"image\":{\"@id\":\"https:\\\/\\\/darkamazi.info\\\/#\\\/schema\\\/logo\\\/image\\\/\"},\"sameAs\":[\"https:\\\/\\\/www.facebook.com\\\/DarMaziKurmanci\",\"https:\\\/\\\/x.com\\\/DarkaMaziLatini\",\"https:\\\/\\\/www.instagram.com\\\/darkamazi.kurmanci\\\/\",\"https:\\\/\\\/www.youtube.com\\\/channel\\\/UCa5HkTdmI8U1qCUFuTw8B2g\"]},{\"@type\":\"Person\",\"@id\":\"https:\\\/\\\/darkamazi.info\\\/#\\\/schema\\\/person\\\/5ad3e24553a0567993fa8ed4bd0a776c\",\"name\":\"darka mazi\",\"sameAs\":[\"https:\\\/\\\/darkamazi.info\\\/\"],\"url\":\"https:\\\/\\\/darkamazi.info\\\/archives\\\/author\\\/kurdi\"}]}<\/script>\n<!-- \/ Yoast SEO plugin. -->","seo_head_json":{"title":"Nav\u00ea derew\u00ea \u00fb feq\u00eer\u00eeya mej\u00ee: Mustafa Karasu ! - Darka Maz\u00ee","robots":{"index":"index","follow":"follow","max-snippet":"max-snippet:-1","max-image-preview":"max-image-preview:large","max-video-preview":"max-video-preview:-1"},"canonical":"https:\/\/darkamazi.info\/archives\/1033270","og_locale":"en_US","og_type":"article","og_title":"Nav\u00ea derew\u00ea \u00fb feq\u00eer\u00eeya mej\u00ee: Mustafa Karasu ! - Darka Maz\u00ee","og_description":"Endam\u00ea r\u00eaveberiya PKK\u00ea Mustafa Karasu tevl\u00ee bernameya taybet a telev\u00eezyona Medya Haber\u00ea b\u00fb. Medya Haber kanaleka gir\u00eaday\u00ea PKK\u00ea ye. Serkaniya dezenfarmasyona ye \u00fb neyartiya xeta netew\u00ee dike \u00fb v\u00ea yeke ve gir\u00eaday\u00ee dijminatiya PDK\u00ea armanca wan a bingehiye. Karasu axavtin\u00ean gelek xeyal\u00ee di derbar\u00ea serok\u00ea PKK\u00ea Abdullah Ocalan de dib\u00eaje \u00fb axavtina w\u00ee ji ser\u00ee [&hellip;]","og_url":"https:\/\/darkamazi.info\/archives\/1033270","og_site_name":"Darka Maz\u00ee","article_publisher":"https:\/\/www.facebook.com\/DarMaziKurmanci","article_published_time":"2022-10-22T10:00:15+00:00","og_image":[{"width":900,"height":497,"url":"https:\/\/darkamazi.info\/file\/2022\/10\/Mustafa-Karasu.jpg","type":"image\/jpeg"}],"author":"darka mazi","twitter_card":"summary_large_image","twitter_creator":"@DarkaMaziLatini","twitter_site":"@DarkaMaziLatini","twitter_misc":{"Written by":"darka mazi","Est. reading time":"3 minutes"},"schema":{"@context":"https:\/\/schema.org","@graph":[{"@type":"Article","@id":"https:\/\/darkamazi.info\/archives\/1033270#article","isPartOf":{"@id":"https:\/\/darkamazi.info\/archives\/1033270"},"author":{"name":"darka mazi","@id":"https:\/\/darkamazi.info\/#\/schema\/person\/5ad3e24553a0567993fa8ed4bd0a776c"},"headline":"Nav\u00ea derew\u00ea \u00fb feq\u00eer\u00eeya mej\u00ee: Mustafa Karasu !","datePublished":"2022-10-22T10:00:15+00:00","mainEntityOfPage":{"@id":"https:\/\/darkamazi.info\/archives\/1033270"},"wordCount":675,"publisher":{"@id":"https:\/\/darkamazi.info\/#organization"},"image":{"@id":"https:\/\/darkamazi.info\/archives\/1033270#primaryimage"},"thumbnailUrl":"https:\/\/darkamazi.info\/file\/2022\/10\/Mustafa-Karasu.jpg","keywords":["sereke"],"articleSection":["Kurdistan"],"inLanguage":"en-US"},{"@type":"WebPage","@id":"https:\/\/darkamazi.info\/archives\/1033270","url":"https:\/\/darkamazi.info\/archives\/1033270","name":"Nav\u00ea derew\u00ea \u00fb feq\u00eer\u00eeya mej\u00ee: Mustafa Karasu ! - Darka Maz\u00ee","isPartOf":{"@id":"https:\/\/darkamazi.info\/#website"},"primaryImageOfPage":{"@id":"https:\/\/darkamazi.info\/archives\/1033270#primaryimage"},"image":{"@id":"https:\/\/darkamazi.info\/archives\/1033270#primaryimage"},"thumbnailUrl":"https:\/\/darkamazi.info\/file\/2022\/10\/Mustafa-Karasu.jpg","datePublished":"2022-10-22T10:00:15+00:00","breadcrumb":{"@id":"https:\/\/darkamazi.info\/archives\/1033270#breadcrumb"},"inLanguage":"en-US","potentialAction":[{"@type":"ReadAction","target":["https:\/\/darkamazi.info\/archives\/1033270"]}]},{"@type":"ImageObject","inLanguage":"en-US","@id":"https:\/\/darkamazi.info\/archives\/1033270#primaryimage","url":"https:\/\/darkamazi.info\/file\/2022\/10\/Mustafa-Karasu.jpg","contentUrl":"https:\/\/darkamazi.info\/file\/2022\/10\/Mustafa-Karasu.jpg","width":900,"height":497,"caption":"Nav\u00ea derew\u00ea \u00fb feq\u00eer\u00eeya mej\u00ee: Mustafa Karasu !"},{"@type":"BreadcrumbList","@id":"https:\/\/darkamazi.info\/archives\/1033270#breadcrumb","itemListElement":[{"@type":"ListItem","position":1,"name":"Home","item":"https:\/\/darkamazi.info\/"},{"@type":"ListItem","position":2,"name":"Nav\u00ea derew\u00ea \u00fb feq\u00eer\u00eeya mej\u00ee: Mustafa Karasu !"}]},{"@type":"WebSite","@id":"https:\/\/darkamazi.info\/#website","url":"https:\/\/darkamazi.info\/","name":"Darka Maz\u00ee","description":"P\u00eageha Zanyariy\u00ean Nebih\u00eest\u00ee","publisher":{"@id":"https:\/\/darkamazi.info\/#organization"},"potentialAction":[{"@type":"SearchAction","target":{"@type":"EntryPoint","urlTemplate":"https:\/\/darkamazi.info\/?s={search_term_string}"},"query-input":{"@type":"PropertyValueSpecification","valueRequired":true,"valueName":"search_term_string"}}],"inLanguage":"en-US"},{"@type":"Organization","@id":"https:\/\/darkamazi.info\/#organization","name":"Darka Maz\u00ee","url":"https:\/\/darkamazi.info\/","logo":{"@type":"ImageObject","inLanguage":"en-US","@id":"https:\/\/darkamazi.info\/#\/schema\/logo\/image\/","url":"https:\/\/darkamazi.info\/file\/2017\/12\/darka-mazi-logo.png","contentUrl":"https:\/\/darkamazi.info\/file\/2017\/12\/darka-mazi-logo.png","width":151,"height":75,"caption":"Darka Maz\u00ee"},"image":{"@id":"https:\/\/darkamazi.info\/#\/schema\/logo\/image\/"},"sameAs":["https:\/\/www.facebook.com\/DarMaziKurmanci","https:\/\/x.com\/DarkaMaziLatini","https:\/\/www.instagram.com\/darkamazi.kurmanci\/","https:\/\/www.youtube.com\/channel\/UCa5HkTdmI8U1qCUFuTw8B2g"]},{"@type":"Person","@id":"https:\/\/darkamazi.info\/#\/schema\/person\/5ad3e24553a0567993fa8ed4bd0a776c","name":"darka mazi","sameAs":["https:\/\/darkamazi.info\/"],"url":"https:\/\/darkamazi.info\/archives\/author\/kurdi"}]}},"_links":{"self":[{"href":"https:\/\/darkamazi.info\/funavuv\/wp\/v2\/posts\/1033270","targetHints":{"allow":["GET"]}}],"collection":[{"href":"https:\/\/darkamazi.info\/funavuv\/wp\/v2\/posts"}],"about":[{"href":"https:\/\/darkamazi.info\/funavuv\/wp\/v2\/types\/post"}],"author":[{"embeddable":true,"href":"https:\/\/darkamazi.info\/funavuv\/wp\/v2\/users\/2"}],"replies":[{"embeddable":true,"href":"https:\/\/darkamazi.info\/funavuv\/wp\/v2\/comments?post=1033270"}],"version-history":[{"count":0,"href":"https:\/\/darkamazi.info\/funavuv\/wp\/v2\/posts\/1033270\/revisions"}],"wp:featuredmedia":[{"embeddable":true,"href":"https:\/\/darkamazi.info\/funavuv\/wp\/v2\/media\/1033271"}],"wp:attachment":[{"href":"https:\/\/darkamazi.info\/funavuv\/wp\/v2\/media?parent=1033270"}],"wp:term":[{"taxonomy":"category","embeddable":true,"href":"https:\/\/darkamazi.info\/funavuv\/wp\/v2\/categories?post=1033270"},{"taxonomy":"post_tag","embeddable":true,"href":"https:\/\/darkamazi.info\/funavuv\/wp\/v2\/tags?post=1033270"}],"curies":[{"name":"wp","href":"https:\/\/api.w.org\/{rel}","templated":true}]}}