{"id":1033279,"date":"2022-10-22T22:00:43","date_gmt":"2022-10-22T19:00:43","guid":{"rendered":"https:\/\/darkamazi.info\/?p=1033279"},"modified":"2022-10-22T22:00:43","modified_gmt":"2022-10-22T19:00:43","slug":"ve-care-pkke-bi-nave-saziyen-navneteweyi-derew-belav-kirin","status":"publish","type":"post","link":"https:\/\/darkamazi.info\/archives\/1033279","title":{"rendered":"V\u00ea car\u00ea PKK\u00ea bi nav\u00ea saziy\u00ean navnetewey\u00ee derew belav kirin"},"content":{"rendered":"<h3 style=\"text-align: justify\"><span style=\"font-family: 'arial black', sans-serif\">N\u00fb\u00e7eyeke din a derew li dezgeh\u00ea medyay\u00ee ya PKK \u00ea RojNews ku li Sil\u00eamaniy\u00ea we\u015fan\u00ea dike hat balavkirin. V\u00ea car\u00ea Rojnews bi ser nav\u00ea Piz\u00ee\u015fk\u00ean Navnetewey\u00ee ji bo P\u00ea\u015f\u00eel\u00eagirtina \u015eer\u00ea Nukleer\u00ee (IPPNW) n\u00fb\u00e7ey\u00ean derew \u00e7\u00eakir. Sernav\u00ea \u201cIPPNW: PDK\u00ea nexwest ku \u00e7ek\u00ean k\u00eemyew\u00ee y\u00ean dewleta Tirk bikar aniye derkeve hol\u00ea\u201d.<\/span><\/h3>\n<h3 style=\"text-align: justify\"><span style=\"font-family: arial, helvetica, sans-serif\">N\u00fb\u00e7eya Rojnews a ku bi n\u00fb\u00e7ey\u00ean xwe y\u00ean derew t\u00ea naskirin bi Tirk\u00ee hat we\u015fandin. Di be\u015fa soran\u00ee de qet ev n\u00fb\u00e7e ne we\u015fand \u00fb di be\u015fa Kurmanc\u00ee de j\u00ee, ji n\u00fb\u00e7eya Tirk\u00ee cudatir n\u00fb\u00e7e balavkir\u00ee ye.<\/span><\/h3>\n<h3 style=\"text-align: justify\"><span style=\"font-family: 'arial black', sans-serif;font-size: 18pt;color: #8a0303\">Di rojev\u00eade \u00e7i daxuyan\u00eey\u00ean ku li ser nav\u00ea IPPNW nehat\u00ee balavkirin n\u00eene<\/span><\/h3>\n<h3 style=\"text-align: justify\"><span style=\"font-family: arial, helvetica, sans-serif\">Li ser nav\u00ea Piz\u00ee\u015fk\u00ean Navnetewey\u00ee ji bo P\u00ea\u015f\u00eel\u00eagirtina \u015eer\u00ea Nukleer\u00ee (IPPNW) daxuyaniyeke ferm\u00ee nehatiye day\u00een. Wek\u00ee din, IPPNW ne saziyek xwed\u00ee desthilatdariya navnetewey\u00ee ye. R\u00eaxistineke siv\u00eel ku ji xwebex\u015fan p\u00eak t\u00ea. Ji ber v\u00ea yek\u00ea, ew ne saziyek ferm\u00ee ye. Div\u00ea ji bo kar\u00ea xwe dest\u00fbra p\u00eaw\u00eest ji \u015f\u00eaniy\u00ean her\u00eam\u00ea bist\u00eenin. Maf\u00ea IPPNW heye ku l\u00eakol\u00eenan li ser van b\u00fbyeran bike \u00fb p\u00ea\u015fniyaran bide saziy\u00ean p\u00eawend\u00eedar, l\u00ea dozger\u00eey\u00ea n\u00eene.<\/span><\/h3>\n<h3 style=\"text-align: justify\"><span style=\"font-family: 'arial black', sans-serif;font-size: 18pt;color: #8a0303\">Ravekirina kes\u00ea Elman\u00ee Jan Van Akene rast e?<\/span><\/h3>\n<h3 style=\"text-align: justify\"><span style=\"font-family: arial, helvetica, sans-serif\">Tev\u00ee ku RojNews di serniv\u00eesa n\u00fb\u00e7ey\u00ea de nav\u00ea IPPNW \u00eestismar kiriye. \u00a0kes\u00ea ku \u00a0daxuyan\u00ee daye Jan Van Akene ye. Cotmeha bor\u00ee \u00a0Jan Van Akene y\u00ea\u00a0 k\u00eemyager \u00fb heval\u00ea w\u00ee y\u00ea Sw\u00ead\u00ee Josef Savari, ji bo komkirina hinek agahiyan hatib\u00fbn Her\u00eama Kurdistan\u00ea. Armanca wan l\u00eakol\u00eenkirina bikaran\u00eena \u00e7ek\u00ean k\u00eemyay\u00ee y\u00ean li Helebce y\u00ea b\u00fbn. Ango ne ji bo l\u00eakol\u00eenkirina \u00e7ek\u00ean k\u00eemyew\u00ee y\u00ean Tirkiyey\u00ea hati b\u00fbn. \u00c7apemeniya PKK\u00ea w\u00ea dem\u00ea j\u00ee ev yek ragihand. Di n\u00fb\u00e7ey\u00ea de, mijar\u00ean ku van her du kesan di hevpeyv\u00eena \u00eengil\u00eez\u00ee de negotib\u00fbn, ragehandina PKK\u00ea m\u00eena ku hat\u00eeye qalkirin ew n\u00fb\u00e7e p\u00ea\u015fk\u00ea\u015f kir.<\/span><\/h3>\n<h3 style=\"text-align: justify\"><a href=\"https:\/\/darkamazi.com\/archives\/1021385\" target=\"_blank\"><span style=\"font-family: 'arial black', sans-serif;color: #3366ff\">W\u00ea dem\u00ea j\u00ee DarkaMazi li ser w\u00ee babet\u00ee n\u00fb\u00e7eyek \u00e7\u00eakir.\u00a0<\/span><\/a><\/h3>\n<h3 style=\"text-align: justify\"><span style=\"font-family: 'arial black', sans-serif;font-size: 18pt;color: #8a0303\">Di rapora Jan Van Akene amadekir\u00ee de \u00e7i heb\u00fb?<\/span><\/h3>\n<h3 style=\"text-align: justify\"><span style=\"font-family: arial, helvetica, sans-serif\">Tev\u00ee ku k\u00eemyager\u00ea Elman Jan Van Akene ji bo Helebcey\u00ea hatibe j\u00ee, b\u00eay\u00ee agahiya rayedar\u00ean ferm\u00ee ew birin Amediy\u00ea hind l\u00eakol\u00een kirin. Di rapora Akene de tu agah\u00eey\u00ean ku PKKe dide cih nagirin.<\/span><\/h3>\n<h3 style=\"text-align: justify\"><span style=\"font-family: arial, helvetica, sans-serif\">Akene ber\u00ee niha di raporta xwe de dib\u00eaje &#8220;Niha, ne mumkine ku li dervey\u00ee Hik\u00fbmeta \u00ceraq\u00ea kesek bikare li Bakur\u00ea \u00ceraq\u00ea bigere\u201d \u00fb diyar kir ku ew dever qada \u015fer e. L\u00ea bel\u00ea di rapor\u00ea de gotineke weke daxwaza dest\u00fbra ferm\u00ee nehat\u00ee ye kirin.<\/span><\/h3>\n<h3 style=\"text-align: justify\"><span style=\"font-family: arial, helvetica, sans-serif\">Her wiha Akene di rapora xwe de der bar\u00ea \u00eed\u00eeay\u00ean ku di meha Gulan\u00ea de li gund\u00ea Hiror\u00ea \u00e7ek\u00ean k\u00eemyew\u00ee hatine bikaran\u00een de wiha got: \u201cHer\u00ee k\u00eam di b\u00fbyerek\u00ea t\u00ea fikir\u00een ku malbateke cotkar a siv\u00eel rast\u00ee \u00ear\u00ee\u015fa madeya k\u00eemyew\u00ee hatiye. L\u00ea heta niha, del\u00eel\u00ean berbi\u00e7av \u00ean ku v\u00ea \u00eeddeay\u00ea pi\u015ftrast dikin pirr k\u00eamin.<\/span><\/h3>\n<h3 style=\"text-align: justify\"><span style=\"font-family: arial, helvetica, sans-serif\">Akene her wiha di rapora xwe de destn\u00ee\u015fan kir ku serl\u00eadana w\u00ee \u015fexs\u00ee b\u00fbye \u00fb li ser nav\u00ea tu saziyeke ferm\u00ee serl\u00eadan li dezgeh\u00ean hik\u00fbm\u00ee nekiriye.<\/span><\/h3>\n<h3 style=\"text-align: justify\"><span style=\"font-family: arial, helvetica, sans-serif\">Weke ku t\u00ea d\u00eetin, PKK\u00ea ku bi kampanyaya \u201cTirkiyey\u00ea \u00e7ek\u00ean k\u00eemyew\u00ee bikar aniye\u201d dixwaze \u00eari\u015f\u00ee Her\u00eama Kurdistan\u00ea bike, bi nav\u00ean kes \u00fb dezgeh\u00ean wiha tevdigere \u00fb weke ku pi\u015ftgiriya navnetewey\u00ee ji v\u00ea b\u00fbyer\u00ea re heye n\u00ee\u015fan dide.<\/span><\/h3>\n<h3 style=\"text-align: justify\"><span style=\"font-family: 'arial black', sans-serif;font-size: 18pt;color: #8a0303\">\u00c7ima n\u00fb\u00e7e di \u00c7ira TV de hate day\u00een?<\/span><\/h3>\n<h3 style=\"text-align: justify\"><span style=\"font-family: arial, helvetica, sans-serif\">\u00c7apemeniya PKK\u00ea her tim n\u00fb\u00e7ey\u00ean xwe y\u00ean derew li ser s\u00eeyet\u00ean \u00e7\u00fbda diwe\u015f\u00eene ku berpisyar\u00ee ne li ser wan be. F\u00ealbaz\u00eeya PKK\u00ea ewe ku n\u00fb\u00e7ey\u00ean derew bi hinek saz\u00eey\u00ean her\u00eam\u00ee dide balavkirin ew j\u00ee n\u00fb\u00e7ey\u00ea ji wir digire \u00fb diwe\u015f\u00eene. PKKe \u00c7ira TV weke senter\u00ea xwe y\u00ea derewan bikar t\u00eene ji ber ku b\u00eener\u00een ve tv y\u00ea kemin, medyaya civak\u00ee na \u015f\u00fbp\u00eene \u00fb b\u00ea ar\u015f\u00eeva wan ya pernamecan j\u00ee di s\u00eetey\u00ea da n\u00eene. loma j\u00ee PKKe derewan bi wan di de gotin \u00fb payre j\u00ee ew balav dike.<\/span><\/h3>\n<h3 style=\"text-align: justify\"><span style=\"font-family: arial, helvetica, sans-serif\">Medyaya PKK\u00ea dijminatiya xwe ya li dij\u00ee Her\u00eama Kurdistan\u00ea di bin nav\u00ea PDK\u00ea de vedi\u015f\u00eare, berdewam n\u00fb\u00e7ey\u00ean ney\u00een\u00ee \u00fb derew li dij\u00ee Her\u00eama Kurdistan\u00ea di we\u015f\u00eene. \u00c7apemeniya PKK\u00ea ku v\u00ea takt\u00eeka derewan digih\u00eene asta dijminatiy\u00ea, bi taybet\u00ee j\u00ee hewl dide ku h\u00eaz\u00ean P\u00ea\u015fmerge tewanbar bike di mijara windahiy\u00ean Ger\u00eela de. L\u00ea ev f\u00ealbaz\u00eey\u00ean ragahandina PKK\u00ea t\u00ear\u00ee ve\u015fartina rast\u00eeyan nake.<\/span><\/h3>\n","protected":false},"excerpt":{"rendered":"<p>N\u00fb\u00e7eyeke din a derew li dezgeh\u00ea medyay\u00ee ya PKK \u00ea RojNews ku li Sil\u00eamaniy\u00ea we\u015fan\u00ea dike hat balavkirin. V\u00ea car\u00ea Rojnews bi ser nav\u00ea Piz\u00ee\u015fk\u00ean Navnetewey\u00ee ji bo P\u00ea\u015f\u00eel\u00eagirtina \u015eer\u00ea Nukleer\u00ee (IPPNW) n\u00fb\u00e7ey\u00ean derew \u00e7\u00eakir. Sernav\u00ea \u201cIPPNW: PDK\u00ea nexwest ku \u00e7ek\u00ean k\u00eemyew\u00ee y\u00ean dewleta Tirk bikar aniye derkeve hol\u00ea\u201d. N\u00fb\u00e7eya Rojnews a ku bi n\u00fb\u00e7ey\u00ean [&hellip;]<\/p>\n","protected":false},"author":2,"featured_media":1033280,"comment_status":"closed","ping_status":"closed","sticky":false,"template":"","format":"standard","meta":{"footnotes":""},"categories":[68],"tags":[37],"class_list":["post-1033279","post","type-post","status-publish","format-standard","has-post-thumbnail","hentry","category-analiz","tag-sereke"],"blocksy_meta":[],"seo_head":"<!-- This site is optimized with the Yoast SEO plugin v27.5 - https:\/\/yoast.com\/product\/yoast-seo-wordpress\/ -->\n<title>V\u00ea car\u00ea PKK\u00ea bi nav\u00ea saziy\u00ean navnetewey\u00ee derew belav kirin - Darka Maz\u00ee<\/title>\n<meta name=\"robots\" content=\"index, follow, max-snippet:-1, max-image-preview:large, max-video-preview:-1\" \/>\n<link rel=\"canonical\" href=\"https:\/\/darkamazi.info\/archives\/1033279\" \/>\n<meta property=\"og:locale\" content=\"en_US\" \/>\n<meta property=\"og:type\" content=\"article\" \/>\n<meta property=\"og:title\" content=\"V\u00ea car\u00ea PKK\u00ea bi nav\u00ea saziy\u00ean navnetewey\u00ee derew belav kirin - Darka Maz\u00ee\" \/>\n<meta property=\"og:description\" content=\"N\u00fb\u00e7eyeke din a derew li dezgeh\u00ea medyay\u00ee ya PKK \u00ea RojNews ku li Sil\u00eamaniy\u00ea we\u015fan\u00ea dike hat balavkirin. V\u00ea car\u00ea Rojnews bi ser nav\u00ea Piz\u00ee\u015fk\u00ean Navnetewey\u00ee ji bo P\u00ea\u015f\u00eel\u00eagirtina \u015eer\u00ea Nukleer\u00ee (IPPNW) n\u00fb\u00e7ey\u00ean derew \u00e7\u00eakir. Sernav\u00ea \u201cIPPNW: PDK\u00ea nexwest ku \u00e7ek\u00ean k\u00eemyew\u00ee y\u00ean dewleta Tirk bikar aniye derkeve hol\u00ea\u201d. N\u00fb\u00e7eya Rojnews a ku bi n\u00fb\u00e7ey\u00ean [&hellip;]\" \/>\n<meta property=\"og:url\" content=\"https:\/\/darkamazi.info\/archives\/1033279\" \/>\n<meta property=\"og:site_name\" content=\"Darka Maz\u00ee\" \/>\n<meta property=\"article:publisher\" content=\"https:\/\/www.facebook.com\/DarMaziKurmanci\" \/>\n<meta property=\"article:published_time\" content=\"2022-10-22T19:00:43+00:00\" \/>\n<meta property=\"og:image\" content=\"https:\/\/darkamazi.info\/file\/2022\/10\/jan-van-akene-pkk-kurdistan-turkey-info.jpg\" \/>\n\t<meta property=\"og:image:width\" content=\"900\" \/>\n\t<meta property=\"og:image:height\" content=\"497\" \/>\n\t<meta property=\"og:image:type\" content=\"image\/jpeg\" \/>\n<meta name=\"author\" content=\"darka mazi\" \/>\n<meta name=\"twitter:card\" content=\"summary_large_image\" \/>\n<meta name=\"twitter:creator\" content=\"@DarkaMaziLatini\" \/>\n<meta name=\"twitter:site\" content=\"@DarkaMaziLatini\" \/>\n<meta name=\"twitter:label1\" content=\"Written by\" \/>\n\t<meta name=\"twitter:data1\" content=\"darka mazi\" \/>\n\t<meta name=\"twitter:label2\" content=\"Est. reading time\" \/>\n\t<meta name=\"twitter:data2\" content=\"3 minutes\" \/>\n<script type=\"application\/ld+json\" class=\"seo-schema-graph\">{\"@context\":\"https:\\\/\\\/schema.org\",\"@graph\":[{\"@type\":\"Article\",\"@id\":\"https:\\\/\\\/darkamazi.info\\\/archives\\\/1033279#article\",\"isPartOf\":{\"@id\":\"https:\\\/\\\/darkamazi.info\\\/archives\\\/1033279\"},\"author\":{\"name\":\"darka mazi\",\"@id\":\"https:\\\/\\\/darkamazi.info\\\/#\\\/schema\\\/person\\\/5ad3e24553a0567993fa8ed4bd0a776c\"},\"headline\":\"V\u00ea car\u00ea PKK\u00ea bi nav\u00ea saziy\u00ean navnetewey\u00ee derew belav kirin\",\"datePublished\":\"2022-10-22T19:00:43+00:00\",\"mainEntityOfPage\":{\"@id\":\"https:\\\/\\\/darkamazi.info\\\/archives\\\/1033279\"},\"wordCount\":802,\"publisher\":{\"@id\":\"https:\\\/\\\/darkamazi.info\\\/#organization\"},\"image\":{\"@id\":\"https:\\\/\\\/darkamazi.info\\\/archives\\\/1033279#primaryimage\"},\"thumbnailUrl\":\"https:\\\/\\\/darkamazi.info\\\/darka-content\\\/uploads\\\/2022\\\/10\\\/jan-van-akene-pkk-kurdistan-turkey-info.jpg\",\"keywords\":[\"sereke\"],\"articleSection\":[\"Anal\u00eez\"],\"inLanguage\":\"en-US\"},{\"@type\":\"WebPage\",\"@id\":\"https:\\\/\\\/darkamazi.info\\\/archives\\\/1033279\",\"url\":\"https:\\\/\\\/darkamazi.info\\\/archives\\\/1033279\",\"name\":\"V\u00ea car\u00ea PKK\u00ea bi nav\u00ea saziy\u00ean navnetewey\u00ee derew belav kirin - Darka Maz\u00ee\",\"isPartOf\":{\"@id\":\"https:\\\/\\\/darkamazi.info\\\/#website\"},\"primaryImageOfPage\":{\"@id\":\"https:\\\/\\\/darkamazi.info\\\/archives\\\/1033279#primaryimage\"},\"image\":{\"@id\":\"https:\\\/\\\/darkamazi.info\\\/archives\\\/1033279#primaryimage\"},\"thumbnailUrl\":\"https:\\\/\\\/darkamazi.info\\\/darka-content\\\/uploads\\\/2022\\\/10\\\/jan-van-akene-pkk-kurdistan-turkey-info.jpg\",\"datePublished\":\"2022-10-22T19:00:43+00:00\",\"breadcrumb\":{\"@id\":\"https:\\\/\\\/darkamazi.info\\\/archives\\\/1033279#breadcrumb\"},\"inLanguage\":\"en-US\",\"potentialAction\":[{\"@type\":\"ReadAction\",\"target\":[\"https:\\\/\\\/darkamazi.info\\\/archives\\\/1033279\"]}]},{\"@type\":\"ImageObject\",\"inLanguage\":\"en-US\",\"@id\":\"https:\\\/\\\/darkamazi.info\\\/archives\\\/1033279#primaryimage\",\"url\":\"https:\\\/\\\/darkamazi.info\\\/darka-content\\\/uploads\\\/2022\\\/10\\\/jan-van-akene-pkk-kurdistan-turkey-info.jpg\",\"contentUrl\":\"https:\\\/\\\/darkamazi.info\\\/darka-content\\\/uploads\\\/2022\\\/10\\\/jan-van-akene-pkk-kurdistan-turkey-info.jpg\",\"width\":900,\"height\":497,\"caption\":\"jan van akene-pkk-kurdistan-turkey-info\"},{\"@type\":\"BreadcrumbList\",\"@id\":\"https:\\\/\\\/darkamazi.info\\\/archives\\\/1033279#breadcrumb\",\"itemListElement\":[{\"@type\":\"ListItem\",\"position\":1,\"name\":\"Home\",\"item\":\"https:\\\/\\\/darkamazi.info\\\/\"},{\"@type\":\"ListItem\",\"position\":2,\"name\":\"V\u00ea car\u00ea PKK\u00ea bi nav\u00ea saziy\u00ean navnetewey\u00ee derew belav kirin\"}]},{\"@type\":\"WebSite\",\"@id\":\"https:\\\/\\\/darkamazi.info\\\/#website\",\"url\":\"https:\\\/\\\/darkamazi.info\\\/\",\"name\":\"Darka Maz\u00ee\",\"description\":\"P\u00eageha Zanyariy\u00ean Nebih\u00eest\u00ee\",\"publisher\":{\"@id\":\"https:\\\/\\\/darkamazi.info\\\/#organization\"},\"potentialAction\":[{\"@type\":\"SearchAction\",\"target\":{\"@type\":\"EntryPoint\",\"urlTemplate\":\"https:\\\/\\\/darkamazi.info\\\/?s={search_term_string}\"},\"query-input\":{\"@type\":\"PropertyValueSpecification\",\"valueRequired\":true,\"valueName\":\"search_term_string\"}}],\"inLanguage\":\"en-US\"},{\"@type\":\"Organization\",\"@id\":\"https:\\\/\\\/darkamazi.info\\\/#organization\",\"name\":\"Darka Maz\u00ee\",\"url\":\"https:\\\/\\\/darkamazi.info\\\/\",\"logo\":{\"@type\":\"ImageObject\",\"inLanguage\":\"en-US\",\"@id\":\"https:\\\/\\\/darkamazi.info\\\/#\\\/schema\\\/logo\\\/image\\\/\",\"url\":\"https:\\\/\\\/darkamazi.info\\\/darka-content\\\/uploads\\\/2017\\\/12\\\/darka-mazi-logo.png\",\"contentUrl\":\"https:\\\/\\\/darkamazi.info\\\/darka-content\\\/uploads\\\/2017\\\/12\\\/darka-mazi-logo.png\",\"width\":151,\"height\":75,\"caption\":\"Darka Maz\u00ee\"},\"image\":{\"@id\":\"https:\\\/\\\/darkamazi.info\\\/#\\\/schema\\\/logo\\\/image\\\/\"},\"sameAs\":[\"https:\\\/\\\/www.facebook.com\\\/DarMaziKurmanci\",\"https:\\\/\\\/x.com\\\/DarkaMaziLatini\",\"https:\\\/\\\/www.instagram.com\\\/darkamazi.kurmanci\\\/\",\"https:\\\/\\\/www.youtube.com\\\/channel\\\/UCa5HkTdmI8U1qCUFuTw8B2g\"]},{\"@type\":\"Person\",\"@id\":\"https:\\\/\\\/darkamazi.info\\\/#\\\/schema\\\/person\\\/5ad3e24553a0567993fa8ed4bd0a776c\",\"name\":\"darka mazi\",\"sameAs\":[\"https:\\\/\\\/darkamazi.info\\\/\"],\"url\":\"https:\\\/\\\/darkamazi.info\\\/archives\\\/author\\\/kurdi\"}]}<\/script>\n<!-- \/ Yoast SEO plugin. -->","seo_head_json":{"title":"V\u00ea car\u00ea PKK\u00ea bi nav\u00ea saziy\u00ean navnetewey\u00ee derew belav kirin - Darka Maz\u00ee","robots":{"index":"index","follow":"follow","max-snippet":"max-snippet:-1","max-image-preview":"max-image-preview:large","max-video-preview":"max-video-preview:-1"},"canonical":"https:\/\/darkamazi.info\/archives\/1033279","og_locale":"en_US","og_type":"article","og_title":"V\u00ea car\u00ea PKK\u00ea bi nav\u00ea saziy\u00ean navnetewey\u00ee derew belav kirin - Darka Maz\u00ee","og_description":"N\u00fb\u00e7eyeke din a derew li dezgeh\u00ea medyay\u00ee ya PKK \u00ea RojNews ku li Sil\u00eamaniy\u00ea we\u015fan\u00ea dike hat balavkirin. V\u00ea car\u00ea Rojnews bi ser nav\u00ea Piz\u00ee\u015fk\u00ean Navnetewey\u00ee ji bo P\u00ea\u015f\u00eel\u00eagirtina \u015eer\u00ea Nukleer\u00ee (IPPNW) n\u00fb\u00e7ey\u00ean derew \u00e7\u00eakir. Sernav\u00ea \u201cIPPNW: PDK\u00ea nexwest ku \u00e7ek\u00ean k\u00eemyew\u00ee y\u00ean dewleta Tirk bikar aniye derkeve hol\u00ea\u201d. N\u00fb\u00e7eya Rojnews a ku bi n\u00fb\u00e7ey\u00ean [&hellip;]","og_url":"https:\/\/darkamazi.info\/archives\/1033279","og_site_name":"Darka Maz\u00ee","article_publisher":"https:\/\/www.facebook.com\/DarMaziKurmanci","article_published_time":"2022-10-22T19:00:43+00:00","og_image":[{"width":900,"height":497,"url":"https:\/\/darkamazi.info\/file\/2022\/10\/jan-van-akene-pkk-kurdistan-turkey-info.jpg","type":"image\/jpeg"}],"author":"darka mazi","twitter_card":"summary_large_image","twitter_creator":"@DarkaMaziLatini","twitter_site":"@DarkaMaziLatini","twitter_misc":{"Written by":"darka mazi","Est. reading time":"3 minutes"},"schema":{"@context":"https:\/\/schema.org","@graph":[{"@type":"Article","@id":"https:\/\/darkamazi.info\/archives\/1033279#article","isPartOf":{"@id":"https:\/\/darkamazi.info\/archives\/1033279"},"author":{"name":"darka mazi","@id":"https:\/\/darkamazi.info\/#\/schema\/person\/5ad3e24553a0567993fa8ed4bd0a776c"},"headline":"V\u00ea car\u00ea PKK\u00ea bi nav\u00ea saziy\u00ean navnetewey\u00ee derew belav kirin","datePublished":"2022-10-22T19:00:43+00:00","mainEntityOfPage":{"@id":"https:\/\/darkamazi.info\/archives\/1033279"},"wordCount":802,"publisher":{"@id":"https:\/\/darkamazi.info\/#organization"},"image":{"@id":"https:\/\/darkamazi.info\/archives\/1033279#primaryimage"},"thumbnailUrl":"https:\/\/darkamazi.info\/file\/2022\/10\/jan-van-akene-pkk-kurdistan-turkey-info.jpg","keywords":["sereke"],"articleSection":["Anal\u00eez"],"inLanguage":"en-US"},{"@type":"WebPage","@id":"https:\/\/darkamazi.info\/archives\/1033279","url":"https:\/\/darkamazi.info\/archives\/1033279","name":"V\u00ea car\u00ea PKK\u00ea bi nav\u00ea saziy\u00ean navnetewey\u00ee derew belav kirin - Darka Maz\u00ee","isPartOf":{"@id":"https:\/\/darkamazi.info\/#website"},"primaryImageOfPage":{"@id":"https:\/\/darkamazi.info\/archives\/1033279#primaryimage"},"image":{"@id":"https:\/\/darkamazi.info\/archives\/1033279#primaryimage"},"thumbnailUrl":"https:\/\/darkamazi.info\/file\/2022\/10\/jan-van-akene-pkk-kurdistan-turkey-info.jpg","datePublished":"2022-10-22T19:00:43+00:00","breadcrumb":{"@id":"https:\/\/darkamazi.info\/archives\/1033279#breadcrumb"},"inLanguage":"en-US","potentialAction":[{"@type":"ReadAction","target":["https:\/\/darkamazi.info\/archives\/1033279"]}]},{"@type":"ImageObject","inLanguage":"en-US","@id":"https:\/\/darkamazi.info\/archives\/1033279#primaryimage","url":"https:\/\/darkamazi.info\/file\/2022\/10\/jan-van-akene-pkk-kurdistan-turkey-info.jpg","contentUrl":"https:\/\/darkamazi.info\/file\/2022\/10\/jan-van-akene-pkk-kurdistan-turkey-info.jpg","width":900,"height":497,"caption":"jan van akene-pkk-kurdistan-turkey-info"},{"@type":"BreadcrumbList","@id":"https:\/\/darkamazi.info\/archives\/1033279#breadcrumb","itemListElement":[{"@type":"ListItem","position":1,"name":"Home","item":"https:\/\/darkamazi.info\/"},{"@type":"ListItem","position":2,"name":"V\u00ea car\u00ea PKK\u00ea bi nav\u00ea saziy\u00ean navnetewey\u00ee derew belav kirin"}]},{"@type":"WebSite","@id":"https:\/\/darkamazi.info\/#website","url":"https:\/\/darkamazi.info\/","name":"Darka Maz\u00ee","description":"P\u00eageha Zanyariy\u00ean Nebih\u00eest\u00ee","publisher":{"@id":"https:\/\/darkamazi.info\/#organization"},"potentialAction":[{"@type":"SearchAction","target":{"@type":"EntryPoint","urlTemplate":"https:\/\/darkamazi.info\/?s={search_term_string}"},"query-input":{"@type":"PropertyValueSpecification","valueRequired":true,"valueName":"search_term_string"}}],"inLanguage":"en-US"},{"@type":"Organization","@id":"https:\/\/darkamazi.info\/#organization","name":"Darka Maz\u00ee","url":"https:\/\/darkamazi.info\/","logo":{"@type":"ImageObject","inLanguage":"en-US","@id":"https:\/\/darkamazi.info\/#\/schema\/logo\/image\/","url":"https:\/\/darkamazi.info\/file\/2017\/12\/darka-mazi-logo.png","contentUrl":"https:\/\/darkamazi.info\/file\/2017\/12\/darka-mazi-logo.png","width":151,"height":75,"caption":"Darka Maz\u00ee"},"image":{"@id":"https:\/\/darkamazi.info\/#\/schema\/logo\/image\/"},"sameAs":["https:\/\/www.facebook.com\/DarMaziKurmanci","https:\/\/x.com\/DarkaMaziLatini","https:\/\/www.instagram.com\/darkamazi.kurmanci\/","https:\/\/www.youtube.com\/channel\/UCa5HkTdmI8U1qCUFuTw8B2g"]},{"@type":"Person","@id":"https:\/\/darkamazi.info\/#\/schema\/person\/5ad3e24553a0567993fa8ed4bd0a776c","name":"darka mazi","sameAs":["https:\/\/darkamazi.info\/"],"url":"https:\/\/darkamazi.info\/archives\/author\/kurdi"}]}},"_links":{"self":[{"href":"https:\/\/darkamazi.info\/funavuv\/wp\/v2\/posts\/1033279","targetHints":{"allow":["GET"]}}],"collection":[{"href":"https:\/\/darkamazi.info\/funavuv\/wp\/v2\/posts"}],"about":[{"href":"https:\/\/darkamazi.info\/funavuv\/wp\/v2\/types\/post"}],"author":[{"embeddable":true,"href":"https:\/\/darkamazi.info\/funavuv\/wp\/v2\/users\/2"}],"replies":[{"embeddable":true,"href":"https:\/\/darkamazi.info\/funavuv\/wp\/v2\/comments?post=1033279"}],"version-history":[{"count":0,"href":"https:\/\/darkamazi.info\/funavuv\/wp\/v2\/posts\/1033279\/revisions"}],"wp:featuredmedia":[{"embeddable":true,"href":"https:\/\/darkamazi.info\/funavuv\/wp\/v2\/media\/1033280"}],"wp:attachment":[{"href":"https:\/\/darkamazi.info\/funavuv\/wp\/v2\/media?parent=1033279"}],"wp:term":[{"taxonomy":"category","embeddable":true,"href":"https:\/\/darkamazi.info\/funavuv\/wp\/v2\/categories?post=1033279"},{"taxonomy":"post_tag","embeddable":true,"href":"https:\/\/darkamazi.info\/funavuv\/wp\/v2\/tags?post=1033279"}],"curies":[{"name":"wp","href":"https:\/\/api.w.org\/{rel}","templated":true}]}}