{"id":1033282,"date":"2022-10-23T17:50:58","date_gmt":"2022-10-23T14:50:58","guid":{"rendered":"https:\/\/darkamazi.info\/?p=1033282"},"modified":"2022-10-23T17:50:58","modified_gmt":"2022-10-23T14:50:58","slug":"xuska-xwe-ji-dest-ciwanen-soresger-rizgar-kir-le-ew-bi-xwe-bu-qurbani","status":"publish","type":"post","link":"https:\/\/darkamazi.info\/archives\/1033282","title":{"rendered":"Xu\u015fka xwe ji dest Ciwan\u00ean \u015eore\u015fger rizgar kir, l\u00ea ew bi xwe b\u00fb qurban\u00ee"},"content":{"rendered":"<h3 style=\"text-align: justify\"><span style=\"font-family: 'arial black', sans-serif\">Li gor agahiy\u00ean taybet y\u00ean p\u00eageha Darka Maz\u00ee, dema \u00e7etey\u00ean bi nav\u00ea &#8220;Ciwan\u00ean \u015eore\u015fger&#8221; y\u00ean ser bi PKK \u00ea ve li Rojava Kurdistan\u00ea dixwest ke\u00e7ek\u00ea birevin in, biray\u00ea ke\u00e7ik\u00ea mudaxele kiriye \u00fb xu\u015fka xwe ji dest wan \u00e7eteyan rizgar kiriye, l\u00ea pi\u015ft re ew bi xwe b\u00fbye qurban\u00ee.<\/span><\/h3>\n<h3 style=\"text-align: justify\">\u00c7avkaniy\u00ean taybet y\u00ean p\u00eageha Darka Maz\u00ee li Rojava Kurdistan\u00ea e\u015fkere kirin, li roja 29\/9\/2022an Ciwan\u00ean \u015eore\u015fger y\u00ean ser bi PKK \u00ea ve hewl daye ke\u00e7eke 14 sal\u00ee ya bi nav\u00ea &#8220;D\u00eecle El\u00ee Ebr\u00fb\u015f&#8221; ku \u015f\u00eaniya gund\u00ea Til \u015e\u00eer\u00ea y\u00ea ser bi bajarok\u00ea Koban\u00ea ye birv\u00eenin, l\u00eabel\u00ea, biray\u00ea w\u00ea y\u00ea bi nav\u00ea Beng\u00een mudaxele kir \u00fb xu\u015fka xwe ji dest wan rizgar kir.<\/h3>\n<h3 style=\"text-align: justify\">\u00c7avkaniy\u00ean me her weha e\u015fkere kirin, pi\u015ft\u00ee ku Beng\u00een xu\u015fka xwe ji dest\u00ean Ciwan\u00ean \u015eore\u015fger rizgar kir\u00ee, h\u00eazeke ser bi YPG \u00ea li roja 30\/9\/2022an \u00e7\u00fbn ser mala wan \u00fb Beng\u00een desteser kir \u00fb w\u00ee veguhastin navenda Dije Terora YPG \u00ea ya li bajar\u00ea Koban\u00ea \u00fb ew \u00ee\u015fkence kir, ji ber \u00ee\u015fkenceya giran ya li Beng\u00een hat\u00ee kirin, li roja 1\/10\/2022an anku pi\u015ft\u00ee rojek\u00ee can\u00ea xwe ji dest daye.<\/h3>\n<h3 style=\"text-align: justify\">Ciwan\u00ean \u015eore\u015fger r\u00eaxistineke ser bi PKK \u00ea ye li Rojava Kurdistan\u00ea, erka w\u00ea ya sereke revandin \u00fb \u00e7ekdarkirina ciwan\u00ean Kurd y\u00ean di bin 18 saliy\u00ea \u00fb \u015fandina wan bo Qend\u00eel\u00ea ye.<\/h3>\n","protected":false},"excerpt":{"rendered":"<p>Li gor agahiy\u00ean taybet y\u00ean p\u00eageha Darka Maz\u00ee, dema \u00e7etey\u00ean bi nav\u00ea &#8220;Ciwan\u00ean \u015eore\u015fger&#8221; y\u00ean ser bi PKK \u00ea ve li Rojava Kurdistan\u00ea dixwest ke\u00e7ek\u00ea birevin in, biray\u00ea ke\u00e7ik\u00ea mudaxele kiriye \u00fb xu\u015fka xwe ji dest wan \u00e7eteyan rizgar kiriye, l\u00ea pi\u015ft re ew bi xwe b\u00fbye qurban\u00ee. \u00c7avkaniy\u00ean taybet y\u00ean p\u00eageha Darka Maz\u00ee li [&hellip;]<\/p>\n","protected":false},"author":2,"featured_media":1033283,"comment_status":"closed","ping_status":"closed","sticky":false,"template":"","format":"standard","meta":{"footnotes":""},"categories":[29],"tags":[37],"class_list":["post-1033282","post","type-post","status-publish","format-standard","has-post-thumbnail","hentry","category-kurdistan","tag-sereke"],"blocksy_meta":[],"seo_head":"<!-- This site is optimized with the Yoast SEO plugin v27.5 - https:\/\/yoast.com\/product\/yoast-seo-wordpress\/ -->\n<title>Xu\u015fka xwe ji dest Ciwan\u00ean \u015eore\u015fger rizgar kir, l\u00ea ew bi xwe b\u00fb qurban\u00ee - Darka Maz\u00ee<\/title>\n<meta name=\"robots\" content=\"index, follow, max-snippet:-1, max-image-preview:large, max-video-preview:-1\" \/>\n<link rel=\"canonical\" href=\"https:\/\/darkamazi.info\/archives\/1033282\" \/>\n<meta property=\"og:locale\" content=\"en_US\" \/>\n<meta property=\"og:type\" content=\"article\" \/>\n<meta property=\"og:title\" content=\"Xu\u015fka xwe ji dest Ciwan\u00ean \u015eore\u015fger rizgar kir, l\u00ea ew bi xwe b\u00fb qurban\u00ee - Darka Maz\u00ee\" \/>\n<meta property=\"og:description\" content=\"Li gor agahiy\u00ean taybet y\u00ean p\u00eageha Darka Maz\u00ee, dema \u00e7etey\u00ean bi nav\u00ea &#8220;Ciwan\u00ean \u015eore\u015fger&#8221; y\u00ean ser bi PKK \u00ea ve li Rojava Kurdistan\u00ea dixwest ke\u00e7ek\u00ea birevin in, biray\u00ea ke\u00e7ik\u00ea mudaxele kiriye \u00fb xu\u015fka xwe ji dest wan \u00e7eteyan rizgar kiriye, l\u00ea pi\u015ft re ew bi xwe b\u00fbye qurban\u00ee. \u00c7avkaniy\u00ean taybet y\u00ean p\u00eageha Darka Maz\u00ee li [&hellip;]\" \/>\n<meta property=\"og:url\" content=\"https:\/\/darkamazi.info\/archives\/1033282\" \/>\n<meta property=\"og:site_name\" content=\"Darka Maz\u00ee\" \/>\n<meta property=\"article:publisher\" content=\"https:\/\/www.facebook.com\/DarMaziKurmanci\" \/>\n<meta property=\"article:published_time\" content=\"2022-10-23T14:50:58+00:00\" \/>\n<meta property=\"og:image\" content=\"https:\/\/darkamazi.info\/file\/2022\/10\/ciwanen-shorashgar-\u0627\u0644\u0634\u0628\u06cc\u0628\u0629-\u0627\u0644\u062b\u0648\u0631\u064a\u0629-2.jpg\" \/>\n\t<meta property=\"og:image:width\" content=\"900\" \/>\n\t<meta property=\"og:image:height\" content=\"497\" \/>\n\t<meta property=\"og:image:type\" content=\"image\/jpeg\" \/>\n<meta name=\"author\" content=\"darka mazi\" \/>\n<meta name=\"twitter:card\" content=\"summary_large_image\" \/>\n<meta name=\"twitter:creator\" content=\"@DarkaMaziLatini\" \/>\n<meta name=\"twitter:site\" content=\"@DarkaMaziLatini\" \/>\n<meta name=\"twitter:label1\" content=\"Written by\" \/>\n\t<meta name=\"twitter:data1\" content=\"darka mazi\" \/>\n\t<meta name=\"twitter:label2\" content=\"Est. reading time\" \/>\n\t<meta name=\"twitter:data2\" content=\"1 minute\" \/>\n<script type=\"application\/ld+json\" class=\"seo-schema-graph\">{\"@context\":\"https:\\\/\\\/schema.org\",\"@graph\":[{\"@type\":\"Article\",\"@id\":\"https:\\\/\\\/darkamazi.info\\\/archives\\\/1033282#article\",\"isPartOf\":{\"@id\":\"https:\\\/\\\/darkamazi.info\\\/archives\\\/1033282\"},\"author\":{\"name\":\"darka mazi\",\"@id\":\"https:\\\/\\\/darkamazi.info\\\/#\\\/schema\\\/person\\\/5ad3e24553a0567993fa8ed4bd0a776c\"},\"headline\":\"Xu\u015fka xwe ji dest Ciwan\u00ean \u015eore\u015fger rizgar kir, l\u00ea ew bi xwe b\u00fb qurban\u00ee\",\"datePublished\":\"2022-10-23T14:50:58+00:00\",\"mainEntityOfPage\":{\"@id\":\"https:\\\/\\\/darkamazi.info\\\/archives\\\/1033282\"},\"wordCount\":256,\"publisher\":{\"@id\":\"https:\\\/\\\/darkamazi.info\\\/#organization\"},\"image\":{\"@id\":\"https:\\\/\\\/darkamazi.info\\\/archives\\\/1033282#primaryimage\"},\"thumbnailUrl\":\"https:\\\/\\\/darkamazi.info\\\/darka-content\\\/uploads\\\/2022\\\/10\\\/ciwanen-shorashgar-\u0627\u0644\u0634\u0628\u06cc\u0628\u0629-\u0627\u0644\u062b\u0648\u0631\u064a\u0629-2.jpg\",\"keywords\":[\"sereke\"],\"articleSection\":[\"Kurdistan\"],\"inLanguage\":\"en-US\"},{\"@type\":\"WebPage\",\"@id\":\"https:\\\/\\\/darkamazi.info\\\/archives\\\/1033282\",\"url\":\"https:\\\/\\\/darkamazi.info\\\/archives\\\/1033282\",\"name\":\"Xu\u015fka xwe ji dest Ciwan\u00ean \u015eore\u015fger rizgar kir, l\u00ea ew bi xwe b\u00fb qurban\u00ee - Darka Maz\u00ee\",\"isPartOf\":{\"@id\":\"https:\\\/\\\/darkamazi.info\\\/#website\"},\"primaryImageOfPage\":{\"@id\":\"https:\\\/\\\/darkamazi.info\\\/archives\\\/1033282#primaryimage\"},\"image\":{\"@id\":\"https:\\\/\\\/darkamazi.info\\\/archives\\\/1033282#primaryimage\"},\"thumbnailUrl\":\"https:\\\/\\\/darkamazi.info\\\/darka-content\\\/uploads\\\/2022\\\/10\\\/ciwanen-shorashgar-\u0627\u0644\u0634\u0628\u06cc\u0628\u0629-\u0627\u0644\u062b\u0648\u0631\u064a\u0629-2.jpg\",\"datePublished\":\"2022-10-23T14:50:58+00:00\",\"breadcrumb\":{\"@id\":\"https:\\\/\\\/darkamazi.info\\\/archives\\\/1033282#breadcrumb\"},\"inLanguage\":\"en-US\",\"potentialAction\":[{\"@type\":\"ReadAction\",\"target\":[\"https:\\\/\\\/darkamazi.info\\\/archives\\\/1033282\"]}]},{\"@type\":\"ImageObject\",\"inLanguage\":\"en-US\",\"@id\":\"https:\\\/\\\/darkamazi.info\\\/archives\\\/1033282#primaryimage\",\"url\":\"https:\\\/\\\/darkamazi.info\\\/darka-content\\\/uploads\\\/2022\\\/10\\\/ciwanen-shorashgar-\u0627\u0644\u0634\u0628\u06cc\u0628\u0629-\u0627\u0644\u062b\u0648\u0631\u064a\u0629-2.jpg\",\"contentUrl\":\"https:\\\/\\\/darkamazi.info\\\/darka-content\\\/uploads\\\/2022\\\/10\\\/ciwanen-shorashgar-\u0627\u0644\u0634\u0628\u06cc\u0628\u0629-\u0627\u0644\u062b\u0648\u0631\u064a\u0629-2.jpg\",\"width\":900,\"height\":497,\"caption\":\"Xu\u015fka xwe ji dest Ciwan\u00ean \u015eore\u015fger rizgar kir, l\u00ea ew bi xwe b\u00fb qurban\u00ee\"},{\"@type\":\"BreadcrumbList\",\"@id\":\"https:\\\/\\\/darkamazi.info\\\/archives\\\/1033282#breadcrumb\",\"itemListElement\":[{\"@type\":\"ListItem\",\"position\":1,\"name\":\"Home\",\"item\":\"https:\\\/\\\/darkamazi.info\\\/\"},{\"@type\":\"ListItem\",\"position\":2,\"name\":\"Xu\u015fka xwe ji dest Ciwan\u00ean \u015eore\u015fger rizgar kir, l\u00ea ew bi xwe b\u00fb qurban\u00ee\"}]},{\"@type\":\"WebSite\",\"@id\":\"https:\\\/\\\/darkamazi.info\\\/#website\",\"url\":\"https:\\\/\\\/darkamazi.info\\\/\",\"name\":\"Darka Maz\u00ee\",\"description\":\"P\u00eageha Zanyariy\u00ean Nebih\u00eest\u00ee\",\"publisher\":{\"@id\":\"https:\\\/\\\/darkamazi.info\\\/#organization\"},\"potentialAction\":[{\"@type\":\"SearchAction\",\"target\":{\"@type\":\"EntryPoint\",\"urlTemplate\":\"https:\\\/\\\/darkamazi.info\\\/?s={search_term_string}\"},\"query-input\":{\"@type\":\"PropertyValueSpecification\",\"valueRequired\":true,\"valueName\":\"search_term_string\"}}],\"inLanguage\":\"en-US\"},{\"@type\":\"Organization\",\"@id\":\"https:\\\/\\\/darkamazi.info\\\/#organization\",\"name\":\"Darka Maz\u00ee\",\"url\":\"https:\\\/\\\/darkamazi.info\\\/\",\"logo\":{\"@type\":\"ImageObject\",\"inLanguage\":\"en-US\",\"@id\":\"https:\\\/\\\/darkamazi.info\\\/#\\\/schema\\\/logo\\\/image\\\/\",\"url\":\"https:\\\/\\\/darkamazi.info\\\/darka-content\\\/uploads\\\/2017\\\/12\\\/darka-mazi-logo.png\",\"contentUrl\":\"https:\\\/\\\/darkamazi.info\\\/darka-content\\\/uploads\\\/2017\\\/12\\\/darka-mazi-logo.png\",\"width\":151,\"height\":75,\"caption\":\"Darka Maz\u00ee\"},\"image\":{\"@id\":\"https:\\\/\\\/darkamazi.info\\\/#\\\/schema\\\/logo\\\/image\\\/\"},\"sameAs\":[\"https:\\\/\\\/www.facebook.com\\\/DarMaziKurmanci\",\"https:\\\/\\\/x.com\\\/DarkaMaziLatini\",\"https:\\\/\\\/www.instagram.com\\\/darkamazi.kurmanci\\\/\",\"https:\\\/\\\/www.youtube.com\\\/channel\\\/UCa5HkTdmI8U1qCUFuTw8B2g\"]},{\"@type\":\"Person\",\"@id\":\"https:\\\/\\\/darkamazi.info\\\/#\\\/schema\\\/person\\\/5ad3e24553a0567993fa8ed4bd0a776c\",\"name\":\"darka mazi\",\"sameAs\":[\"https:\\\/\\\/darkamazi.info\\\/\"],\"url\":\"https:\\\/\\\/darkamazi.info\\\/archives\\\/author\\\/kurdi\"}]}<\/script>\n<!-- \/ Yoast SEO plugin. -->","seo_head_json":{"title":"Xu\u015fka xwe ji dest Ciwan\u00ean \u015eore\u015fger rizgar kir, l\u00ea ew bi xwe b\u00fb qurban\u00ee - Darka Maz\u00ee","robots":{"index":"index","follow":"follow","max-snippet":"max-snippet:-1","max-image-preview":"max-image-preview:large","max-video-preview":"max-video-preview:-1"},"canonical":"https:\/\/darkamazi.info\/archives\/1033282","og_locale":"en_US","og_type":"article","og_title":"Xu\u015fka xwe ji dest Ciwan\u00ean \u015eore\u015fger rizgar kir, l\u00ea ew bi xwe b\u00fb qurban\u00ee - Darka Maz\u00ee","og_description":"Li gor agahiy\u00ean taybet y\u00ean p\u00eageha Darka Maz\u00ee, dema \u00e7etey\u00ean bi nav\u00ea &#8220;Ciwan\u00ean \u015eore\u015fger&#8221; y\u00ean ser bi PKK \u00ea ve li Rojava Kurdistan\u00ea dixwest ke\u00e7ek\u00ea birevin in, biray\u00ea ke\u00e7ik\u00ea mudaxele kiriye \u00fb xu\u015fka xwe ji dest wan \u00e7eteyan rizgar kiriye, l\u00ea pi\u015ft re ew bi xwe b\u00fbye qurban\u00ee. \u00c7avkaniy\u00ean taybet y\u00ean p\u00eageha Darka Maz\u00ee li [&hellip;]","og_url":"https:\/\/darkamazi.info\/archives\/1033282","og_site_name":"Darka Maz\u00ee","article_publisher":"https:\/\/www.facebook.com\/DarMaziKurmanci","article_published_time":"2022-10-23T14:50:58+00:00","og_image":[{"width":900,"height":497,"url":"https:\/\/darkamazi.info\/file\/2022\/10\/ciwanen-shorashgar-\u0627\u0644\u0634\u0628\u06cc\u0628\u0629-\u0627\u0644\u062b\u0648\u0631\u064a\u0629-2.jpg","type":"image\/jpeg"}],"author":"darka mazi","twitter_card":"summary_large_image","twitter_creator":"@DarkaMaziLatini","twitter_site":"@DarkaMaziLatini","twitter_misc":{"Written by":"darka mazi","Est. reading time":"1 minute"},"schema":{"@context":"https:\/\/schema.org","@graph":[{"@type":"Article","@id":"https:\/\/darkamazi.info\/archives\/1033282#article","isPartOf":{"@id":"https:\/\/darkamazi.info\/archives\/1033282"},"author":{"name":"darka mazi","@id":"https:\/\/darkamazi.info\/#\/schema\/person\/5ad3e24553a0567993fa8ed4bd0a776c"},"headline":"Xu\u015fka xwe ji dest Ciwan\u00ean \u015eore\u015fger rizgar kir, l\u00ea ew bi xwe b\u00fb qurban\u00ee","datePublished":"2022-10-23T14:50:58+00:00","mainEntityOfPage":{"@id":"https:\/\/darkamazi.info\/archives\/1033282"},"wordCount":256,"publisher":{"@id":"https:\/\/darkamazi.info\/#organization"},"image":{"@id":"https:\/\/darkamazi.info\/archives\/1033282#primaryimage"},"thumbnailUrl":"https:\/\/darkamazi.info\/file\/2022\/10\/ciwanen-shorashgar-\u0627\u0644\u0634\u0628\u06cc\u0628\u0629-\u0627\u0644\u062b\u0648\u0631\u064a\u0629-2.jpg","keywords":["sereke"],"articleSection":["Kurdistan"],"inLanguage":"en-US"},{"@type":"WebPage","@id":"https:\/\/darkamazi.info\/archives\/1033282","url":"https:\/\/darkamazi.info\/archives\/1033282","name":"Xu\u015fka xwe ji dest Ciwan\u00ean \u015eore\u015fger rizgar kir, l\u00ea ew bi xwe b\u00fb qurban\u00ee - Darka Maz\u00ee","isPartOf":{"@id":"https:\/\/darkamazi.info\/#website"},"primaryImageOfPage":{"@id":"https:\/\/darkamazi.info\/archives\/1033282#primaryimage"},"image":{"@id":"https:\/\/darkamazi.info\/archives\/1033282#primaryimage"},"thumbnailUrl":"https:\/\/darkamazi.info\/file\/2022\/10\/ciwanen-shorashgar-\u0627\u0644\u0634\u0628\u06cc\u0628\u0629-\u0627\u0644\u062b\u0648\u0631\u064a\u0629-2.jpg","datePublished":"2022-10-23T14:50:58+00:00","breadcrumb":{"@id":"https:\/\/darkamazi.info\/archives\/1033282#breadcrumb"},"inLanguage":"en-US","potentialAction":[{"@type":"ReadAction","target":["https:\/\/darkamazi.info\/archives\/1033282"]}]},{"@type":"ImageObject","inLanguage":"en-US","@id":"https:\/\/darkamazi.info\/archives\/1033282#primaryimage","url":"https:\/\/darkamazi.info\/file\/2022\/10\/ciwanen-shorashgar-\u0627\u0644\u0634\u0628\u06cc\u0628\u0629-\u0627\u0644\u062b\u0648\u0631\u064a\u0629-2.jpg","contentUrl":"https:\/\/darkamazi.info\/file\/2022\/10\/ciwanen-shorashgar-\u0627\u0644\u0634\u0628\u06cc\u0628\u0629-\u0627\u0644\u062b\u0648\u0631\u064a\u0629-2.jpg","width":900,"height":497,"caption":"Xu\u015fka xwe ji dest Ciwan\u00ean \u015eore\u015fger rizgar kir, l\u00ea ew bi xwe b\u00fb qurban\u00ee"},{"@type":"BreadcrumbList","@id":"https:\/\/darkamazi.info\/archives\/1033282#breadcrumb","itemListElement":[{"@type":"ListItem","position":1,"name":"Home","item":"https:\/\/darkamazi.info\/"},{"@type":"ListItem","position":2,"name":"Xu\u015fka xwe ji dest Ciwan\u00ean \u015eore\u015fger rizgar kir, l\u00ea ew bi xwe b\u00fb qurban\u00ee"}]},{"@type":"WebSite","@id":"https:\/\/darkamazi.info\/#website","url":"https:\/\/darkamazi.info\/","name":"Darka Maz\u00ee","description":"P\u00eageha Zanyariy\u00ean Nebih\u00eest\u00ee","publisher":{"@id":"https:\/\/darkamazi.info\/#organization"},"potentialAction":[{"@type":"SearchAction","target":{"@type":"EntryPoint","urlTemplate":"https:\/\/darkamazi.info\/?s={search_term_string}"},"query-input":{"@type":"PropertyValueSpecification","valueRequired":true,"valueName":"search_term_string"}}],"inLanguage":"en-US"},{"@type":"Organization","@id":"https:\/\/darkamazi.info\/#organization","name":"Darka Maz\u00ee","url":"https:\/\/darkamazi.info\/","logo":{"@type":"ImageObject","inLanguage":"en-US","@id":"https:\/\/darkamazi.info\/#\/schema\/logo\/image\/","url":"https:\/\/darkamazi.info\/file\/2017\/12\/darka-mazi-logo.png","contentUrl":"https:\/\/darkamazi.info\/file\/2017\/12\/darka-mazi-logo.png","width":151,"height":75,"caption":"Darka Maz\u00ee"},"image":{"@id":"https:\/\/darkamazi.info\/#\/schema\/logo\/image\/"},"sameAs":["https:\/\/www.facebook.com\/DarMaziKurmanci","https:\/\/x.com\/DarkaMaziLatini","https:\/\/www.instagram.com\/darkamazi.kurmanci\/","https:\/\/www.youtube.com\/channel\/UCa5HkTdmI8U1qCUFuTw8B2g"]},{"@type":"Person","@id":"https:\/\/darkamazi.info\/#\/schema\/person\/5ad3e24553a0567993fa8ed4bd0a776c","name":"darka mazi","sameAs":["https:\/\/darkamazi.info\/"],"url":"https:\/\/darkamazi.info\/archives\/author\/kurdi"}]}},"_links":{"self":[{"href":"https:\/\/darkamazi.info\/funavuv\/wp\/v2\/posts\/1033282","targetHints":{"allow":["GET"]}}],"collection":[{"href":"https:\/\/darkamazi.info\/funavuv\/wp\/v2\/posts"}],"about":[{"href":"https:\/\/darkamazi.info\/funavuv\/wp\/v2\/types\/post"}],"author":[{"embeddable":true,"href":"https:\/\/darkamazi.info\/funavuv\/wp\/v2\/users\/2"}],"replies":[{"embeddable":true,"href":"https:\/\/darkamazi.info\/funavuv\/wp\/v2\/comments?post=1033282"}],"version-history":[{"count":0,"href":"https:\/\/darkamazi.info\/funavuv\/wp\/v2\/posts\/1033282\/revisions"}],"wp:featuredmedia":[{"embeddable":true,"href":"https:\/\/darkamazi.info\/funavuv\/wp\/v2\/media\/1033283"}],"wp:attachment":[{"href":"https:\/\/darkamazi.info\/funavuv\/wp\/v2\/media?parent=1033282"}],"wp:term":[{"taxonomy":"category","embeddable":true,"href":"https:\/\/darkamazi.info\/funavuv\/wp\/v2\/categories?post=1033282"},{"taxonomy":"post_tag","embeddable":true,"href":"https:\/\/darkamazi.info\/funavuv\/wp\/v2\/tags?post=1033282"}],"curies":[{"name":"wp","href":"https:\/\/api.w.org\/{rel}","templated":true}]}}