{"id":1033296,"date":"2022-10-24T15:24:44","date_gmt":"2022-10-24T12:24:44","guid":{"rendered":"https:\/\/darkamazi.info\/?p=1033296"},"modified":"2022-10-24T15:24:44","modified_gmt":"2022-10-24T12:24:44","slug":"berpirseki-ypge-di-operasyoneke-taybet-a-tirkiye-de-hat-kustin","status":"publish","type":"post","link":"https:\/\/darkamazi.info\/archives\/1033296","title":{"rendered":"Berpirsek\u00ee YPG\u00ea di operasyoneke taybet a Tirkiy\u00ea de hat ku\u015ftin"},"content":{"rendered":"<h3 style=\"text-align: justify\"><span style=\"font-family: 'arial black', sans-serif\">Berpirsek\u00ee di nava Yek\u00eeney\u00ean Parastina Gel (YPG) de li Rojavay\u00ea Kurdistan\u00ea di encama operasyoneke taybet a Tirkiy\u00ea de hatiye ku\u015ftin.<\/span><\/h3>\n<h3 style=\"text-align: justify\">Li gor\u00ee medyaya Tirkiy\u00ea, Ayub Yakut y\u00ea bi nav\u00ea \u201cAmed Dor\u015f\u00een\u201d t\u00ea naskirin \u00fb Berpirs\u00ea L\u00eewaya \u00c7avra\u015f a YPG\u00ea b\u00fb, li her\u00eama \u015eedad\u00ea ya li ba\u015f\u00fbr\u00ea Hesek\u00ea hatiye ku\u015ftin.<\/h3>\n<h3 style=\"text-align: justify\">Hat ragihandin, Ayub Yakut ji ber kiryar\u00ean li dij\u00ee H\u00eaz\u00ean \u00c7ekdar \u00ean Tirkiy\u00ea, ji aliy\u00ea Dezgeha \u00cestixbarata Tirkiy\u00ea (M\u00ceT) ve dihat \u015fopandin.<\/h3>\n<h3 style=\"text-align: justify\">Li gor agahiy\u00ean hatine belavkirin, Eyub Yakut di sala 2010an da li her\u00eama M\u00fb\u015f\u00ea di nav r\u00eaxistina ciwanan a PKK (Ciwan\u00ean Welatpar\u00eaz\u00ean \u015eore\u015fger) de operasyon kirib\u00fb.<\/h3>\n<h3 style=\"text-align: justify\">Eyup Yakut di sala 2013an da tevl\u00ee kadroy\u00ean gundewar\u00ee y\u00ean PKK\u00ea b\u00fb. Di sala 2020an da li Akademiya Dilovan a li Koban\u00ee-Sirr\u00een\u00ea perwerdeya \u00e7\u00eakirina bombeyan d\u00eetib\u00fb.<\/h3>\n<h3 style=\"text-align: justify\">Tirkiye di meh\u00ean daw\u00ee de li Rojavay\u00ea Kurdistan\u00ea \u00fb li ser s\u00eenor\u00ea ba\u015f\u00fbr\u00ea Kurdistan\u00ea gelek operasyon bi riya dronan \u00fb hermareke ji berpirs\u00ean PKK \u00fb YPG\u00ea kirine armanc.<\/h3>\n","protected":false},"excerpt":{"rendered":"<p>Berpirsek\u00ee di nava Yek\u00eeney\u00ean Parastina Gel (YPG) de li Rojavay\u00ea Kurdistan\u00ea di encama operasyoneke taybet a Tirkiy\u00ea de hatiye ku\u015ftin. Li gor\u00ee medyaya Tirkiy\u00ea, Ayub Yakut y\u00ea bi nav\u00ea \u201cAmed Dor\u015f\u00een\u201d t\u00ea naskirin \u00fb Berpirs\u00ea L\u00eewaya \u00c7avra\u015f a YPG\u00ea b\u00fb, li her\u00eama \u015eedad\u00ea ya li ba\u015f\u00fbr\u00ea Hesek\u00ea hatiye ku\u015ftin. Hat ragihandin, Ayub Yakut ji ber [&hellip;]<\/p>\n","protected":false},"author":2,"featured_media":1033297,"comment_status":"closed","ping_status":"closed","sticky":false,"template":"","format":"standard","meta":{"footnotes":""},"categories":[29],"tags":[37],"class_list":["post-1033296","post","type-post","status-publish","format-standard","has-post-thumbnail","hentry","category-kurdistan","tag-sereke"],"blocksy_meta":[],"seo_head":"<!-- This site is optimized with the Yoast SEO plugin v27.5 - https:\/\/yoast.com\/product\/yoast-seo-wordpress\/ -->\n<title>Berpirsek\u00ee YPG\u00ea di operasyoneke taybet a Tirkiy\u00ea de hat ku\u015ftin - Darka Maz\u00ee<\/title>\n<meta name=\"robots\" content=\"index, follow, max-snippet:-1, max-image-preview:large, max-video-preview:-1\" \/>\n<link rel=\"canonical\" href=\"https:\/\/darkamazi.info\/archives\/1033296\" \/>\n<meta property=\"og:locale\" content=\"en_US\" \/>\n<meta property=\"og:type\" content=\"article\" \/>\n<meta property=\"og:title\" content=\"Berpirsek\u00ee YPG\u00ea di operasyoneke taybet a Tirkiy\u00ea de hat ku\u015ftin - Darka Maz\u00ee\" \/>\n<meta property=\"og:description\" content=\"Berpirsek\u00ee di nava Yek\u00eeney\u00ean Parastina Gel (YPG) de li Rojavay\u00ea Kurdistan\u00ea di encama operasyoneke taybet a Tirkiy\u00ea de hatiye ku\u015ftin. Li gor\u00ee medyaya Tirkiy\u00ea, Ayub Yakut y\u00ea bi nav\u00ea \u201cAmed Dor\u015f\u00een\u201d t\u00ea naskirin \u00fb Berpirs\u00ea L\u00eewaya \u00c7avra\u015f a YPG\u00ea b\u00fb, li her\u00eama \u015eedad\u00ea ya li ba\u015f\u00fbr\u00ea Hesek\u00ea hatiye ku\u015ftin. Hat ragihandin, Ayub Yakut ji ber [&hellip;]\" \/>\n<meta property=\"og:url\" content=\"https:\/\/darkamazi.info\/archives\/1033296\" \/>\n<meta property=\"og:site_name\" content=\"Darka Maz\u00ee\" \/>\n<meta property=\"article:publisher\" content=\"https:\/\/www.facebook.com\/DarMaziKurmanci\" \/>\n<meta property=\"article:published_time\" content=\"2022-10-24T12:24:44+00:00\" \/>\n<meta property=\"og:image\" content=\"https:\/\/darkamazi.info\/file\/2022\/10\/Ayub-Yakut-info.jpg\" \/>\n\t<meta property=\"og:image:width\" content=\"900\" \/>\n\t<meta property=\"og:image:height\" content=\"497\" \/>\n\t<meta property=\"og:image:type\" content=\"image\/jpeg\" \/>\n<meta name=\"author\" content=\"darka mazi\" \/>\n<meta name=\"twitter:card\" content=\"summary_large_image\" \/>\n<meta name=\"twitter:creator\" content=\"@DarkaMaziLatini\" \/>\n<meta name=\"twitter:site\" content=\"@DarkaMaziLatini\" \/>\n<meta name=\"twitter:label1\" content=\"Written by\" \/>\n\t<meta name=\"twitter:data1\" content=\"darka mazi\" \/>\n\t<meta name=\"twitter:label2\" content=\"Est. reading time\" \/>\n\t<meta name=\"twitter:data2\" content=\"1 minute\" \/>\n<script type=\"application\/ld+json\" class=\"seo-schema-graph\">{\"@context\":\"https:\\\/\\\/schema.org\",\"@graph\":[{\"@type\":\"Article\",\"@id\":\"https:\\\/\\\/darkamazi.info\\\/archives\\\/1033296#article\",\"isPartOf\":{\"@id\":\"https:\\\/\\\/darkamazi.info\\\/archives\\\/1033296\"},\"author\":{\"name\":\"darka mazi\",\"@id\":\"https:\\\/\\\/darkamazi.info\\\/#\\\/schema\\\/person\\\/5ad3e24553a0567993fa8ed4bd0a776c\"},\"headline\":\"Berpirsek\u00ee YPG\u00ea di operasyoneke taybet a Tirkiy\u00ea de hat ku\u015ftin\",\"datePublished\":\"2022-10-24T12:24:44+00:00\",\"mainEntityOfPage\":{\"@id\":\"https:\\\/\\\/darkamazi.info\\\/archives\\\/1033296\"},\"wordCount\":186,\"publisher\":{\"@id\":\"https:\\\/\\\/darkamazi.info\\\/#organization\"},\"image\":{\"@id\":\"https:\\\/\\\/darkamazi.info\\\/archives\\\/1033296#primaryimage\"},\"thumbnailUrl\":\"https:\\\/\\\/darkamazi.info\\\/darka-content\\\/uploads\\\/2022\\\/10\\\/Ayub-Yakut-info.jpg\",\"keywords\":[\"sereke\"],\"articleSection\":[\"Kurdistan\"],\"inLanguage\":\"en-US\"},{\"@type\":\"WebPage\",\"@id\":\"https:\\\/\\\/darkamazi.info\\\/archives\\\/1033296\",\"url\":\"https:\\\/\\\/darkamazi.info\\\/archives\\\/1033296\",\"name\":\"Berpirsek\u00ee YPG\u00ea di operasyoneke taybet a Tirkiy\u00ea de hat ku\u015ftin - Darka Maz\u00ee\",\"isPartOf\":{\"@id\":\"https:\\\/\\\/darkamazi.info\\\/#website\"},\"primaryImageOfPage\":{\"@id\":\"https:\\\/\\\/darkamazi.info\\\/archives\\\/1033296#primaryimage\"},\"image\":{\"@id\":\"https:\\\/\\\/darkamazi.info\\\/archives\\\/1033296#primaryimage\"},\"thumbnailUrl\":\"https:\\\/\\\/darkamazi.info\\\/darka-content\\\/uploads\\\/2022\\\/10\\\/Ayub-Yakut-info.jpg\",\"datePublished\":\"2022-10-24T12:24:44+00:00\",\"breadcrumb\":{\"@id\":\"https:\\\/\\\/darkamazi.info\\\/archives\\\/1033296#breadcrumb\"},\"inLanguage\":\"en-US\",\"potentialAction\":[{\"@type\":\"ReadAction\",\"target\":[\"https:\\\/\\\/darkamazi.info\\\/archives\\\/1033296\"]}]},{\"@type\":\"ImageObject\",\"inLanguage\":\"en-US\",\"@id\":\"https:\\\/\\\/darkamazi.info\\\/archives\\\/1033296#primaryimage\",\"url\":\"https:\\\/\\\/darkamazi.info\\\/darka-content\\\/uploads\\\/2022\\\/10\\\/Ayub-Yakut-info.jpg\",\"contentUrl\":\"https:\\\/\\\/darkamazi.info\\\/darka-content\\\/uploads\\\/2022\\\/10\\\/Ayub-Yakut-info.jpg\",\"width\":900,\"height\":497,\"caption\":\"Berpirsek\u00ee YPG\u00ea di operasyoneke taybet a Tirkiy\u00ea de hat ku\u015ftin\"},{\"@type\":\"BreadcrumbList\",\"@id\":\"https:\\\/\\\/darkamazi.info\\\/archives\\\/1033296#breadcrumb\",\"itemListElement\":[{\"@type\":\"ListItem\",\"position\":1,\"name\":\"Home\",\"item\":\"https:\\\/\\\/darkamazi.info\\\/\"},{\"@type\":\"ListItem\",\"position\":2,\"name\":\"Berpirsek\u00ee YPG\u00ea di operasyoneke taybet a Tirkiy\u00ea de hat ku\u015ftin\"}]},{\"@type\":\"WebSite\",\"@id\":\"https:\\\/\\\/darkamazi.info\\\/#website\",\"url\":\"https:\\\/\\\/darkamazi.info\\\/\",\"name\":\"Darka Maz\u00ee\",\"description\":\"P\u00eageha Zanyariy\u00ean Nebih\u00eest\u00ee\",\"publisher\":{\"@id\":\"https:\\\/\\\/darkamazi.info\\\/#organization\"},\"potentialAction\":[{\"@type\":\"SearchAction\",\"target\":{\"@type\":\"EntryPoint\",\"urlTemplate\":\"https:\\\/\\\/darkamazi.info\\\/?s={search_term_string}\"},\"query-input\":{\"@type\":\"PropertyValueSpecification\",\"valueRequired\":true,\"valueName\":\"search_term_string\"}}],\"inLanguage\":\"en-US\"},{\"@type\":\"Organization\",\"@id\":\"https:\\\/\\\/darkamazi.info\\\/#organization\",\"name\":\"Darka Maz\u00ee\",\"url\":\"https:\\\/\\\/darkamazi.info\\\/\",\"logo\":{\"@type\":\"ImageObject\",\"inLanguage\":\"en-US\",\"@id\":\"https:\\\/\\\/darkamazi.info\\\/#\\\/schema\\\/logo\\\/image\\\/\",\"url\":\"https:\\\/\\\/darkamazi.info\\\/darka-content\\\/uploads\\\/2017\\\/12\\\/darka-mazi-logo.png\",\"contentUrl\":\"https:\\\/\\\/darkamazi.info\\\/darka-content\\\/uploads\\\/2017\\\/12\\\/darka-mazi-logo.png\",\"width\":151,\"height\":75,\"caption\":\"Darka Maz\u00ee\"},\"image\":{\"@id\":\"https:\\\/\\\/darkamazi.info\\\/#\\\/schema\\\/logo\\\/image\\\/\"},\"sameAs\":[\"https:\\\/\\\/www.facebook.com\\\/DarMaziKurmanci\",\"https:\\\/\\\/x.com\\\/DarkaMaziLatini\",\"https:\\\/\\\/www.instagram.com\\\/darkamazi.kurmanci\\\/\",\"https:\\\/\\\/www.youtube.com\\\/channel\\\/UCa5HkTdmI8U1qCUFuTw8B2g\"]},{\"@type\":\"Person\",\"@id\":\"https:\\\/\\\/darkamazi.info\\\/#\\\/schema\\\/person\\\/5ad3e24553a0567993fa8ed4bd0a776c\",\"name\":\"darka mazi\",\"sameAs\":[\"https:\\\/\\\/darkamazi.info\\\/\"],\"url\":\"https:\\\/\\\/darkamazi.info\\\/archives\\\/author\\\/kurdi\"}]}<\/script>\n<!-- \/ Yoast SEO plugin. -->","seo_head_json":{"title":"Berpirsek\u00ee YPG\u00ea di operasyoneke taybet a Tirkiy\u00ea de hat ku\u015ftin - Darka Maz\u00ee","robots":{"index":"index","follow":"follow","max-snippet":"max-snippet:-1","max-image-preview":"max-image-preview:large","max-video-preview":"max-video-preview:-1"},"canonical":"https:\/\/darkamazi.info\/archives\/1033296","og_locale":"en_US","og_type":"article","og_title":"Berpirsek\u00ee YPG\u00ea di operasyoneke taybet a Tirkiy\u00ea de hat ku\u015ftin - Darka Maz\u00ee","og_description":"Berpirsek\u00ee di nava Yek\u00eeney\u00ean Parastina Gel (YPG) de li Rojavay\u00ea Kurdistan\u00ea di encama operasyoneke taybet a Tirkiy\u00ea de hatiye ku\u015ftin. Li gor\u00ee medyaya Tirkiy\u00ea, Ayub Yakut y\u00ea bi nav\u00ea \u201cAmed Dor\u015f\u00een\u201d t\u00ea naskirin \u00fb Berpirs\u00ea L\u00eewaya \u00c7avra\u015f a YPG\u00ea b\u00fb, li her\u00eama \u015eedad\u00ea ya li ba\u015f\u00fbr\u00ea Hesek\u00ea hatiye ku\u015ftin. Hat ragihandin, Ayub Yakut ji ber [&hellip;]","og_url":"https:\/\/darkamazi.info\/archives\/1033296","og_site_name":"Darka Maz\u00ee","article_publisher":"https:\/\/www.facebook.com\/DarMaziKurmanci","article_published_time":"2022-10-24T12:24:44+00:00","og_image":[{"width":900,"height":497,"url":"https:\/\/darkamazi.info\/file\/2022\/10\/Ayub-Yakut-info.jpg","type":"image\/jpeg"}],"author":"darka mazi","twitter_card":"summary_large_image","twitter_creator":"@DarkaMaziLatini","twitter_site":"@DarkaMaziLatini","twitter_misc":{"Written by":"darka mazi","Est. reading time":"1 minute"},"schema":{"@context":"https:\/\/schema.org","@graph":[{"@type":"Article","@id":"https:\/\/darkamazi.info\/archives\/1033296#article","isPartOf":{"@id":"https:\/\/darkamazi.info\/archives\/1033296"},"author":{"name":"darka mazi","@id":"https:\/\/darkamazi.info\/#\/schema\/person\/5ad3e24553a0567993fa8ed4bd0a776c"},"headline":"Berpirsek\u00ee YPG\u00ea di operasyoneke taybet a Tirkiy\u00ea de hat ku\u015ftin","datePublished":"2022-10-24T12:24:44+00:00","mainEntityOfPage":{"@id":"https:\/\/darkamazi.info\/archives\/1033296"},"wordCount":186,"publisher":{"@id":"https:\/\/darkamazi.info\/#organization"},"image":{"@id":"https:\/\/darkamazi.info\/archives\/1033296#primaryimage"},"thumbnailUrl":"https:\/\/darkamazi.info\/file\/2022\/10\/Ayub-Yakut-info.jpg","keywords":["sereke"],"articleSection":["Kurdistan"],"inLanguage":"en-US"},{"@type":"WebPage","@id":"https:\/\/darkamazi.info\/archives\/1033296","url":"https:\/\/darkamazi.info\/archives\/1033296","name":"Berpirsek\u00ee YPG\u00ea di operasyoneke taybet a Tirkiy\u00ea de hat ku\u015ftin - Darka Maz\u00ee","isPartOf":{"@id":"https:\/\/darkamazi.info\/#website"},"primaryImageOfPage":{"@id":"https:\/\/darkamazi.info\/archives\/1033296#primaryimage"},"image":{"@id":"https:\/\/darkamazi.info\/archives\/1033296#primaryimage"},"thumbnailUrl":"https:\/\/darkamazi.info\/file\/2022\/10\/Ayub-Yakut-info.jpg","datePublished":"2022-10-24T12:24:44+00:00","breadcrumb":{"@id":"https:\/\/darkamazi.info\/archives\/1033296#breadcrumb"},"inLanguage":"en-US","potentialAction":[{"@type":"ReadAction","target":["https:\/\/darkamazi.info\/archives\/1033296"]}]},{"@type":"ImageObject","inLanguage":"en-US","@id":"https:\/\/darkamazi.info\/archives\/1033296#primaryimage","url":"https:\/\/darkamazi.info\/file\/2022\/10\/Ayub-Yakut-info.jpg","contentUrl":"https:\/\/darkamazi.info\/file\/2022\/10\/Ayub-Yakut-info.jpg","width":900,"height":497,"caption":"Berpirsek\u00ee YPG\u00ea di operasyoneke taybet a Tirkiy\u00ea de hat ku\u015ftin"},{"@type":"BreadcrumbList","@id":"https:\/\/darkamazi.info\/archives\/1033296#breadcrumb","itemListElement":[{"@type":"ListItem","position":1,"name":"Home","item":"https:\/\/darkamazi.info\/"},{"@type":"ListItem","position":2,"name":"Berpirsek\u00ee YPG\u00ea di operasyoneke taybet a Tirkiy\u00ea de hat ku\u015ftin"}]},{"@type":"WebSite","@id":"https:\/\/darkamazi.info\/#website","url":"https:\/\/darkamazi.info\/","name":"Darka Maz\u00ee","description":"P\u00eageha Zanyariy\u00ean Nebih\u00eest\u00ee","publisher":{"@id":"https:\/\/darkamazi.info\/#organization"},"potentialAction":[{"@type":"SearchAction","target":{"@type":"EntryPoint","urlTemplate":"https:\/\/darkamazi.info\/?s={search_term_string}"},"query-input":{"@type":"PropertyValueSpecification","valueRequired":true,"valueName":"search_term_string"}}],"inLanguage":"en-US"},{"@type":"Organization","@id":"https:\/\/darkamazi.info\/#organization","name":"Darka Maz\u00ee","url":"https:\/\/darkamazi.info\/","logo":{"@type":"ImageObject","inLanguage":"en-US","@id":"https:\/\/darkamazi.info\/#\/schema\/logo\/image\/","url":"https:\/\/darkamazi.info\/file\/2017\/12\/darka-mazi-logo.png","contentUrl":"https:\/\/darkamazi.info\/file\/2017\/12\/darka-mazi-logo.png","width":151,"height":75,"caption":"Darka Maz\u00ee"},"image":{"@id":"https:\/\/darkamazi.info\/#\/schema\/logo\/image\/"},"sameAs":["https:\/\/www.facebook.com\/DarMaziKurmanci","https:\/\/x.com\/DarkaMaziLatini","https:\/\/www.instagram.com\/darkamazi.kurmanci\/","https:\/\/www.youtube.com\/channel\/UCa5HkTdmI8U1qCUFuTw8B2g"]},{"@type":"Person","@id":"https:\/\/darkamazi.info\/#\/schema\/person\/5ad3e24553a0567993fa8ed4bd0a776c","name":"darka mazi","sameAs":["https:\/\/darkamazi.info\/"],"url":"https:\/\/darkamazi.info\/archives\/author\/kurdi"}]}},"_links":{"self":[{"href":"https:\/\/darkamazi.info\/funavuv\/wp\/v2\/posts\/1033296","targetHints":{"allow":["GET"]}}],"collection":[{"href":"https:\/\/darkamazi.info\/funavuv\/wp\/v2\/posts"}],"about":[{"href":"https:\/\/darkamazi.info\/funavuv\/wp\/v2\/types\/post"}],"author":[{"embeddable":true,"href":"https:\/\/darkamazi.info\/funavuv\/wp\/v2\/users\/2"}],"replies":[{"embeddable":true,"href":"https:\/\/darkamazi.info\/funavuv\/wp\/v2\/comments?post=1033296"}],"version-history":[{"count":0,"href":"https:\/\/darkamazi.info\/funavuv\/wp\/v2\/posts\/1033296\/revisions"}],"wp:featuredmedia":[{"embeddable":true,"href":"https:\/\/darkamazi.info\/funavuv\/wp\/v2\/media\/1033297"}],"wp:attachment":[{"href":"https:\/\/darkamazi.info\/funavuv\/wp\/v2\/media?parent=1033296"}],"wp:term":[{"taxonomy":"category","embeddable":true,"href":"https:\/\/darkamazi.info\/funavuv\/wp\/v2\/categories?post=1033296"},{"taxonomy":"post_tag","embeddable":true,"href":"https:\/\/darkamazi.info\/funavuv\/wp\/v2\/tags?post=1033296"}],"curies":[{"name":"wp","href":"https:\/\/api.w.org\/{rel}","templated":true}]}}