{"id":1033329,"date":"2022-10-25T19:59:09","date_gmt":"2022-10-25T16:59:09","guid":{"rendered":"https:\/\/darkamazi.info\/?p=1033329"},"modified":"2022-10-25T19:59:09","modified_gmt":"2022-10-25T16:59:09","slug":"barzani-ocalan-dewleta-tirk-u-rastiya-pkke","status":"publish","type":"post","link":"https:\/\/darkamazi.info\/archives\/1033329","title":{"rendered":"Barzan\u00ee, Ocalan, dewleta Tirk \u00fb rastiya PKK\u00ea"},"content":{"rendered":"<h3 style=\"text-align: justify\"><span style=\"font-family: 'arial black', sans-serif\">Hevserok\u00ea KCK\u00ea Cem\u00eel Bay\u00eek, careke din li St\u00eark Tv y\u00ea axiv\u00ee \u00fb hin nirxandin\u00ean din y\u00ean tew\u015fomew\u015fo kirin, Cuma y\u00ea ku di tev jiyana xwe de y\u00eak gulle j\u00ee li dij\u00ee dag\u00eerker\u00ean Kurdistan\u00ea neteqand\u00ee, di axaftin\u00ean xwe de bi qas\u00ee ku \u00ear\u00ee\u015f\u00ee PDK\u00ea \u00fb Barzan\u00ee kir\u00ee, ewqas \u00ear\u00ee\u015f\u00ee Erdogan, Etaturk \u00fb dewleta Tirk nekir, helbet ti\u015ftek\u00ee \u015fa\u015fe mirov li bend\u00ea be Bay\u00eek ba\u015f bi axive; ji ber ku Bay\u00eek heman kese y\u00ea li ser xw\u00eena zarok \u00fb ciwan\u00ean Kurdan jiyan dike, w\u00ee heya r\u00eaheval\u00ean xwe b\u00eay dudil\u00ee qetilkirine, loma j\u00ee w\u00ea ti ba\u015f\u00ee ji Bay\u00eek were h\u00eav\u00ee kirin.<\/span><\/h3>\n<h3 style=\"text-align: justify\"><span style=\"font-family: arial, helvetica, sans-serif\">Bay\u00eek weke her tim xwest bi b\u00eeran\u00eena \u201c\u015feh\u00eed\u00ean\u201d PKK\u00ea bazarek\u00ee bi xw\u00eena wan bike \u00fb r\u00fby\u00ea xwe y\u00ea re\u015f li pi\u015ft xw\u00eena wan ya pak bi ve\u015f\u00eare.<\/span><\/h3>\n<h3 style=\"text-align: justify\"><span style=\"font-family: 'arial black', sans-serif;color: #820303\">Bay\u00eek \u00fb derewa vegera Ocalan bo Tirkiy\u00ea<\/span><\/h3>\n<h3 style=\"text-align: justify\"><span style=\"font-family: arial, helvetica, sans-serif\">Her Kurdek rastiya vegera Ocalan bo Tirkiy\u00ea dizane, her Kurdek dizane \u00e7i komplo li ser Ocalan nehatine me\u015fandin, ti\u015fta hat\u00ee jiyan kirin eve: \u201cY\u00eak ji j \u00e7\u00eakiriy\u00ean dest\u00ea MIT\u00ea veger\u00ee mala xwe, ji bo ku p\u00eelan\u00ean dewlet\u00ea c\u00ee bi c\u00ee bike\u201d.<\/span><\/h3>\n<h3 style=\"text-align: justify\"><span style=\"font-family: arial, helvetica, sans-serif\">Gel\u00ea Kurd bi tevah\u00ee Ocalan nas kir wexta li K\u00eenyay\u00ea tesl\u00eem b\u00fby, wexta raz\u00eeneb\u00fby\u00ee li ber xwe bide, wexta di balafir\u00ea de ji efser\u00ean Tirkan re got\u00ee EZ JI BOY XIZMET\u00ca AMADEME, tesl\u00eemb\u00fbna w\u00ee n\u00ee\u015fan da ku ev zilam \u00e7\u00eakiriy\u00ea MIT\u00ea ye \u00fb erkek\u00ee w\u00ee heye, ger weke PKKe dib\u00eaje girtina Ocalan komplo be, her \u00e7i nebe li w\u00ea dem\u00ea Ocalan da hinek\u00ee li ber xwe bide, da \u00e7ek\u00ee ji pasewana xwe ya jin ya ku dixwest li ber xwe bide bist\u00eene \u00fb \u00ear\u00ee\u015f\u00ea w\u00ea t\u00eem\u00ea bike ya ku ji boy girtina w\u00ee hatine K\u00eenyay\u00ea, l\u00ea Ocalan ne ten\u00ea berxwedan nekir belku got: \u201cJi min dixwestin berxwedaneke kilas\u00eek bikim\u201d ango Ocalan hilgirtina \u00e7ek\u00ee bi berxwedanek kilas\u00eek dizane \u00fb lay\u00eeq\u00ee xwe nab\u00eene, Ocalan v\u00ea yek\u00ea ten\u00ea lay\u00eeq\u00ee ciwan\u00ean Kurdan dib\u00eene, ji xwe erka w\u00ee ya sereke j\u00ee her eve b\u00fb ango \u015fandina ciwan\u00ean Kurdan ji boy mirin\u00ea.<\/span><\/h3>\n<h3 style=\"text-align: justify\"><span style=\"font-family: arial, helvetica, sans-serif\">Gotin\u00ean Ocalan y\u00ean di balafir\u00ea de li dema veger\u00ea, h\u00eajan di hi\u015f\u00ea her Kurdek\u00ee de ne, ji xwe Ocalan di balafir\u00ea de ji endam\u00ean MIT\u00ea got: \u201cDerfet\u00ea bi min bidin, ez ji boy xizmetkirina dewleta Tirk amademe\u201d, her wiha gotin\u00ean w\u00ee y\u00ean li dadgeh\u00ea wexta daxwaza efoy\u00ea ji day\u00eek\u00ean esker\u00ean Tirkan kir\u00ee li b\u00eera her Kurdek\u00ee mane, gelo evca Bay\u00eek qala k\u00eejan komploy\u00ea \u00fb k\u00eejan berxwedan\u00ea dike?! Bay\u00eek difkire Kurdan mej\u00eek\u00ea ker\u00ea xwariye \u00fb ti ti\u015ftek\u00ee f\u00eam nakin? Yan difkire Kurd di guh\u00ea gay de razayne \u00fb haya wan ji ti\u015ftek\u00ee tune? Na ap\u00ea Cuma, Kurd \u015fiyarin her ti\u015ft\u00ee f\u00eam dikin \u00fb p\u00eew\u00eestiya wan bi nirxandin\u00ean p\u00eerepivek\u00ee xerift\u00ee \u00ea m\u00eena we tune.<\/span><\/h3>\n<h3 style=\"text-align: justify\"><span style=\"font-family: arial, helvetica, sans-serif\">Weke h\u00fbn qal dikin, ti komplo li dij\u00ee Ocalan p\u00eak nehatine, di esas de Ocalan bi k\u00eafa dil\u00ea xwe l\u00ea bi pilaneke h\u00fbr er\u00eakirineke p\u00ea\u015fwext veger\u00ee ye mala xwe Tirkiy\u00ea, komploya her\u00ee mezin a li ser gel\u00ea Kurd PKKe bi xwe ye, ti\u015fta ku dewlet\u00ean dag\u00eerker nedkar\u00een bi Kurdan bikin, bi avakirina PKK\u00ea bi Kurdan kirin.<\/span><\/h3>\n<h3 style=\"text-align: justify\"><span style=\"font-family: arial, helvetica, sans-serif\">Ev ne Barzan\u00ee ye weke Cem\u00eel Bay\u00eek dib\u00eaje Tirk her ti\u015ft\u00ee dat\u00eene p\u00ea\u015fber\u00ee w\u00ee ji bo ku p\u00eak b\u00eene, helwest, d\u00eerok \u00fb berxwedana bi dehan salan a Barzan\u00eeyan, xwenetewandina wan ji boy dag\u00eerker\u00ean Kurdistan\u00ea, \u015fore\u015f\u00ean y\u00eak li pey y\u00eak \u00fb r\u00eabertiya wan di rizgarkirina Ba\u015f\u00fbr\u00ea Kurdistan\u00ea de \u015fahid\u00ean welatpar\u00eaziya Barzan\u00ee \u00fb xebata Barzan\u00eeyane.<\/span><\/h3>\n<h3 style=\"text-align: justify\"><span style=\"font-family: arial, helvetica, sans-serif\">Ya rast, ev Ocalan \u00fb PKKe ne ku dewleta Tirk her ti\u015ft\u00ee dat\u00eene p\u00ea\u015fber\u00ee wan \u00fb ew ten\u00ea c\u00ee bi c\u00ee dikin, dewleta Tirk her ti\u015ft dan\u00ee ber s\u00eenga Ocalan \u00fb j\u00ea re gotin p\u00eaw\u00eeste h\u00fbn p\u00eak b\u00eenin; Ocalan j\u00ee bi r\u00eeya PKK\u00ea, ferman \u00fb p\u00eelan\u00ean dewlet\u00ea \u00fb MIT\u00ea p\u00eak t\u00eene.<\/span><\/h3>\n<h3 style=\"text-align: justify\"><span style=\"font-family: 'arial black', sans-serif;color: #820303\">Barzan\u00ee hevkar\u00ea MIT\u00ea ye yan Ocalan?<\/span><\/h3>\n<h3 style=\"text-align: justify\"><span style=\"font-family: arial, helvetica, sans-serif\">Cem\u00eel Bay\u00eek di axaftina xwe de PDKe \u00fb Barzan\u00ee bi hevkar\u00eekirina MIT\u00ea s\u00fb\u00e7bar kir \u00fb got: \u201cHer kes v\u00ea yek\u00ea dizane\u201d l\u00eabel\u00ea her kes dizane Evdila Ocalan \u015f\u00eawrmendiy\u00ea ji boy dewleta Tirk dike \u00fb PKKe j\u00ee m\u00eena pira derbasb\u00fbna Tirkiy\u00ea ye bo Ba\u015f\u00fbr\u00ea Kurdistan\u00ea, ev Kurdistana ku Tirkiye dixwaze dag\u00eer bike.<\/span><\/h3>\n<h3 style=\"text-align: justify\"><span style=\"font-family: arial, helvetica, sans-serif\">Evdila Ocalan bi xwe di z\u00eendana \u00cemraliy\u00ea de ji n\u00fbner\u00ea MIT\u00ea re gotiye: \u201cBarzan\u00ee xetere, ew w\u00ea li gel Emer\u00eekay\u00ea dewleta Kurd\u00ee damezr\u00eene, loma j\u00ee p\u00eaw\u00eeste Tirkiye \u00fb PKKe bi hev re Hewl\u00ear\u00ea dorp\u00ea\u00e7 bikin\u201d, hem\u00fb v\u00eedyoy\u00ean van axiftin\u00ean Apo li ber destin \u00fb her kes\u00ea d\u00eetine, qeyd \u00fb \u00eefadey\u00ean Apo y\u00ean li dadgeh\u00ea j\u00ee hene, evca Bay\u00eek dixwaze \u00e7i b\u00eaje bila bib\u00eaje, Bay\u00eek bi derew\u00ean xwe nikare rastiyeke ewqas zelal \u015f\u00fbl\u00ee bike, nikare weled\u00ea xwe y\u00ea heram bixe ko\u015fa ti kesek din de, ev rast\u00ee demeke hat\u00eeye \u00eesbat kirin ku Ocalan \u00fb PKKe garantor\u00ean peymana \u201cM\u00eesaqa Mill\u00ee\u201d a Tirkiy\u00ea ne.<\/span><\/h3>\n<h3 style=\"text-align: justify\"><span style=\"font-family: arial, helvetica, sans-serif\">Hevkar\u00ea her\u00ee mezin\u00ea MIT\u00ea ew kes \u00fb al\u00ee ne ku ji bo Tirkiyayeka Demokrat\u00eek, ji boy x\u00fb\u015fk \u00fb Biratya saxte a Gelan bi hezaran ciwan\u00ean Kurd bi ku\u015ftin didin, bel\u00ea bi rast\u00ee j\u00ee PKKe \u00fb r\u00eaber\u00ea w\u00ea hevkar\u00ean dewleta Tirkin, hevkar\u00ean w\u00ea dewlet\u00ea ne ku dest\u00ean w\u00ea weke Ala w\u00ea y\u00ea herim\u00ee bi xw\u00eena Kurdan sor b\u00fbye.<\/span><\/h3>\n<h3 style=\"text-align: justify\"><span style=\"font-family: 'arial black', sans-serif;color: #820303\">Gelo Apo bi rast\u00ee j\u00ee di z\u00eendan\u00ea de ye?<\/span><\/h3>\n<h3 style=\"text-align: justify\"><span style=\"font-family: arial, helvetica, sans-serif\">Bay\u00eek di daxuyany\u00ean xwe de pir caran dib\u00eaje: \u201cGer ku me kar\u00ee r\u00eaber Apo bi away\u00ea f\u00eez\u00eek\u00ee azad bikin, pirisgr\u00eaka Kurd \u00e7areser dibe\u201d. Ya rast \u00e7i caran r\u00eaber\u00ea Bay\u00eek bi qas\u00ee niha azad neb\u00fbye, ne ji aliy\u00ea f\u00eez\u00eek\u00ee \u00fb ne j\u00ee ji aliy\u00ea fikr\u00ee, dewleta Tirk ji bo ku Ocalan bikare bi awayek\u00ee serket\u00ee \u015f\u00eawr\u00ea bi wan re bike, li \u00cemraliy\u00ea her ti\u015ft j\u00ea re berhev kir\u00ee ye, li d\u00fbv daxwaza Ocalan hin ji r\u00eaheval\u00ean w\u00ee birine \u00cemraliy\u00ea, telefzyon, pirt\u00fbk \u00fb her ti\u015ft ji w\u00ee re amade kirine, berevaj\u00ee gotin\u00ean Bay\u00eek \u00fb PKK\u00ea dewleta Tirk \u00e7i \u00ee\u015fkenceyek\u00ee li w\u00ee nake, ji ber ku p\u00eaw\u00eest\u00ee bi \u00ee\u015fkencey\u00ea tune, ti\u015fta ku dewlet ji Ocalan dixwaze rasterast p\u00eak t\u00eene.<\/span><\/h3>\n<h3 style=\"text-align: justify\"><span style=\"font-family: arial, helvetica, sans-serif\">Div\u00ea Bay\u00eek \u00fb r\u00eaxistina w\u00ee ba\u015f f\u00eam bikin ku bi pesinday\u00eena berdewam a b\u00ea wate ji boy r\u00eaber\u00ea wan rast\u00ee nay\u00ean ve\u015fartin, daxuyan\u00ee, gotin, sekna saxte \u00fb helwest\u00ean bi \u015fermezar\u00ee y\u00ean Ocalan ku v\u00eedyo hene \u00fb it\u00eeraf\u00ean w\u00ee rastiya w\u00ee n\u00ee\u015fa hem\u00fb c\u00eehan\u00ea \u00fb her Kurdek\u00ee day\u00ee e, ti\u015fta Ocalan kir\u00ee bi derewan nay\u00ea ciwan kirin.<\/span><\/h3>\n<h3 style=\"text-align: justify\"><span style=\"font-family: arial, helvetica, sans-serif\">Ocalan li \u00cemraliy\u00ea ne bi ten\u00ea li ber xwe neda belku nekar\u00ee bi qas\u00ee \u201c\u015eemd\u00een Sakik\u201d ku di nava PKK\u00ea de bi xay\u00een \u00fb it\u00eeraf\u00e7\u00ee t\u00ea naskirin j\u00ee li ber xwe bide, Ocalan li \u00cemraliy\u00ea dijatya xwe ya ji boy Barzan\u00ee \u00fb dewleta Kurd\u00ee bi e\u015fkere aniye ziman, her wiha c\u00eeh \u00fb nav\u00ean yek\u00eeney\u00ean PKK\u00ea \u00fb kes\u00ean al\u00eekar\u00eeya Ger\u00eela dikirin tev bi dewleta Tirkiy\u00ea dan, Ocalan bi dehan r\u00ea ji boy dijat\u00eekirina Barzan\u00ee \u00fb dewleta Kurdistan\u00ea danan ber s\u00eeng\u00ea dewlet\u00ea, evca dewlet \u00e7ima w\u00ea \u00ee\u015fkencey\u00ea li Ocalan bike?<\/span><\/h3>\n<h3 style=\"text-align: justify\"><span style=\"font-family: arial, helvetica, sans-serif\">Ew kes t\u00ea \u00ee\u015fkencekirin ku li ber xwe bide, tesl\u00eem nebe \u00fb it\u00eeraf\u00ea neke, kesek ku m\u00eena Ocalan tev bigere ti p\u00eaw\u00eest\u00ee bi \u00ee\u015fkenceya w\u00ee tune, y\u00ean ku t\u00ean \u00ee\u015fkence kirin ze\u00eef \u00fb jar dibin, l\u00eabel\u00ea ba\u015f li Ocalan bin\u00earin, gelo qey zik\u00ea w\u00ee y\u00ea mezin reng\u00ea \u00ee\u015fkencey\u00ea dide? Yan reng\u00ea k\u00eaf \u00fb xwe\u015fiy\u00ea?!.<\/span><\/h3>\n<h3 style=\"text-align: justify\"><span style=\"font-family: 'arial black', sans-serif;color: #820303\">T\u00eakdana birat\u00eeya Kurdan ji bo avakirina birat\u00eeya gelan!<\/span><\/h3>\n<h3 style=\"text-align: justify\"><span style=\"font-family: arial, helvetica, sans-serif\">Bay\u00eek di bernameya St\u00eark Tv ya PKK\u00ea de ew qas b\u00ea \u015ferim \u00fb b\u00ea edeb di axive ku \u00ear\u00ee\u015f\u00ee ser Barzan\u00ee dike \u00fb berevaj\u00ee j\u00ee pesna dijimn\u00ean Kurdan dide, Bay\u00eek pesna Mistefa Kemal Etaturk dide \u00fb dib\u00eaje: \u201cDema ku komara Tirkiy\u00ea n\u00fb ava dibe j\u00ee axaftina Mistefa Kemal hene, niv\u00ees hene; di mecl\u00eesa Tirkiy\u00ea de Kurd hene, axaftina wan hene, Mistefa Kemal heta xweseriy\u00ea qeb\u00fbl dike\u201d, bi v\u00ea yek\u00ea j\u00ee Bay\u00eek dixwaze dijimn\u00ea sereke y\u00ea Kurdan, kes\u00ea ku Kurd qetilam kirine weke kesek meq\u00fbl n\u00ee\u015fan bide \u00fb bi Kurdan bide qeb\u00fbl kirin, Bay\u00eek pir bi r\u00fb qay\u00eem\u00ee t\u00ea \u00fb dib\u00eaje Mistefa Kemal xweseriya Kurdan qeb\u00fbl dikir\u201d, hoooo Bay\u00eek \u00ea nezan, hinek\u00ea li d\u00eerok\u00ea bin\u00eare, w\u00ea dem\u00ea tu w\u00ea fam bik\u00ee Mistefa Kemal \u00e7i tewan \u00fb s\u00fb\u00e7\u00ean mezin li dij\u00ee Kurdan p\u00eakan\u00eene.<\/span><\/h3>\n<h3 style=\"text-align: justify\"><span style=\"font-family: arial, helvetica, sans-serif\">Ne ti\u015ftek\u00ee ec\u00eabe ku Bay\u00eek pesna Etaturk bide, Bay\u00eek ev yek ji r\u00eaber\u00ea xwe f\u00ear b\u00fbye, Ocalan j\u00ee bi dehan caran pesna Etaturk day\u00ee ye, bi pesinday\u00eena dijimnek\u00ee weke Mistefa Kemal \u00fb b\u00ea r\u00fbmet\u00eekirina welatpar\u00eazek\u00ee weke Barzan\u00ee, Bay\u00eek \u00fb r\u00eaber\u00ea xwe \u00eexanet\u00ea li xw\u00eena \u015feh\u00eed\u00ean Kurdan dikin, \u015feh\u00eed\u00ean ku bi w\u00ea r\u00eabaza Barzan\u00ee avakir\u00ee, Kurdistan ji dest\u00ea hovtir\u00een dewleta dag\u00eerker rizgar\u00een.<\/span><\/h3>\n<h3 style=\"text-align: justify\"><span style=\"font-family: arial, helvetica, sans-serif\">Bay\u00eek bi v\u00ea yek\u00ea nasekine, di mijara ku\u015ftina kadiroya PKK\u00ea ya bi nav\u00ea \u201cNag\u00eehan Akarsel\u201d ku li 4\/10\/2022an li taxa Bextiyar\u00ee ya Sil\u00eamaniy\u00ea hatb\u00fb qetilkirin de bi gotin\u00ean xwe xwest a\u015ftiya civak\u00ee ya Kurdan t\u00eak bide, xwest gel\u00ea me y\u00ea Sil\u00eamaniy\u00ea ji bajar\u00ean din veqet\u00eene \u00fb bajar\u00ea Sil\u00eamaniy\u00ea bi \u201cher\u00eama Soran\u201d bi nav kir, li \u015f\u00fbna dewleta Tirkiy\u00ea rexne bike d\u00eesa PDKe rexne kir.<\/span><\/h3>\n<h3 style=\"text-align: justify\"><span style=\"font-family: arial, helvetica, sans-serif\">Ji xwe her dema kadro yan ger\u00eelayek\u00ee PKK\u00ea li Ba\u015f\u00fbr\u00ea Kurdistan\u00ea t\u00ea ku\u015ftin, PKKe \u00fb berpirs\u00ean w\u00ea b\u00eay ku ti l\u00eakol\u00een\u00ea bikin, b\u00eay ku ti belgeyek di dest\u00ea wan de hebe, rasterast PDK\u00ea \u00fb Barzan\u00ee hedef digirin \u00fb \u00ear\u00ee\u015f\u00ea ser wan dikin, di \u00e7apemeniya xwe de qala w\u00ea yek\u00ea dikin ku PDKe \u00fb \u00eest\u00eexbarata w\u00ea agahiyan didin dewleta Tirkiy\u00ea, PKKe tev\u00ee ku dizane PDKe li Sil\u00eamaniy\u00ea ne desthilatdare, tev\u00ee ku ti belgeyek di dest\u00ea w\u00ea de tune ku PDK\u00ea p\u00ea tawanbar bike, l\u00ea d\u00eesa j\u00ee PDK\u00ea \u00fb Barzan\u00ee bi hevkar\u00eekirina Tirkiy\u00ea \u00fb ku\u015ftina endam\u00ean xwe s\u00fb\u00e7bar dike, PKKe bi h\u00eaza peyvan her ti\u015ftek\u00ee ne ba\u015f dide pal PDK\u00ea, ev j\u00ee ewe ya ku dewlet\u00ean dag\u00eerker j\u00ea dixwazin.<\/span><\/h3>\n<h3 style=\"text-align: justify\"><span style=\"font-family: arial, helvetica, sans-serif\">Navkirina Sil\u00eamaniy\u00ea bi her\u00eama Soran \u00fb nasandina w\u00ea weke \u201cher\u00eama rew\u015fenb\u00eer, ronakb\u00eer, niv\u00eeskar \u00fb akadem\u00eesyenan\u201d bi w\u00ea watey\u00ea t\u00ea ku Sil\u00eamaniy\u00ea ji Hewl\u00ear\u00ea \u00fb Dihok\u00ea veqet\u00eene \u00fb gel\u00ea van du bajar\u00ean Ba\u015f\u00fbr\u00ea Kurdistan\u00ea bi kes\u00ean pa\u015fver\u00fb \u00fb nezan nav bike, ev ne cara yekeme ku Bay\u00eek v\u00ea yek\u00ea dike, p\u00ea\u015f niha j\u00ee Bay\u00eek gel\u00ea Behd\u00eenan\u00ea ku bi hezaran \u015feh\u00eed\u00ean wan hene bi s\u00eexor \u00fb kir\u00eagirtiy\u00ean dewleta Tirkiy\u00ea nav kirb\u00fbn.<\/span><\/h3>\n<h3 style=\"text-align: justify\"><span style=\"font-family: arial, helvetica, sans-serif\">Div\u00ea Bay\u00eek, r\u00eaber\u00ea w\u00ee \u00fb r\u00eaxistina w\u00ee ba\u015f bizanbin Sil\u00eamaniy\u00ea ne her\u00eama Sorane, Sil\u00eamaniy\u00ea weke Hewl\u00ear\u00ea, weke Dihok\u00ea \u00fb weke Kerk\u00fbk\u00ea bajarek\u00ee Ba\u015f\u00fbr\u00ea Kurdistan\u00ea ye, li Kurdistan\u00ea bi ten\u00ea li Sil\u00eamaniy\u00ea gel bi soran\u00ee na axive, li Hewl\u00ear\u00ea, Kerk\u00fbk\u00ea, Germyan\u00ea, her wiha li Mehabad\u00ea, Sine \u00fb Seqiz\u00ea y\u00ean Rojhilata Kurdistan\u00ea j\u00ee gel\u00ea me bi soran\u00ee dipeyve, binavkirina Sil\u00eamaniy\u00ea bi her\u00eama Soran\u00ea nakeve xizmeta Kurdan, berevaj\u00ee dibe sedemek ji boy ji hev d\u00fbrkirina Kurdan \u00fb t\u00eakdana a\u015fit\u00eeya civak\u00ee li Kurdistan\u00ea bi gi\u015ft\u00ee \u00fb li Ba\u015f\u00fbr bi taybet\u00ee.<\/span><\/h3>\n<h3 style=\"text-align: justify\"><span style=\"font-family: 'arial black', sans-serif;color: #820303\">Cerdevan\u00ean Kurdan k\u00eene?<\/span><\/h3>\n<h3 style=\"text-align: justify\"><span style=\"font-family: arial, helvetica, sans-serif\">Binketin yan serketina di \u015fer de bi axaftinan nay\u00ea diyarkirin, ev yek bi heb\u00fbna pirat\u00eeka di qad\u00ean \u015fer de t\u00ea xweyakirin, PKKe li ko b\u00fb \u00fb niha ko ye? Bersiva v\u00ea pirs\u00ea bese ku mirov f\u00eam bike PKKe di \u015fer\u00ea xwe y\u00ea saxte de serketiye yan j\u00ee binketiye, PKKe li Bakur hat damezrandin, p\u00eatir\u00ea 40 salane qala serketin\u00ea dike, l\u00ea her ku di\u00e7e p\u00eatir axa Kurdistan\u00ea tesl\u00eem\u00ee Tirkiy\u00ea dike, PKK\u00ea tev Bakur\u00ea Kurdistan\u00ea tesl\u00eem\u00ee Tirkiy\u00ea kir\u00ee ye.<\/span><\/h3>\n<h3 style=\"text-align: justify\"><span style=\"font-family: arial, helvetica, sans-serif\">PKKe nikare li Bakur\u00ea Kurdistan\u00ea yek \u00e7alakiy\u00ea p\u00eak b\u00eene, ma nikare bingehek\u00ee j\u00ee ji xwe re \u00e7\u00eabike, di rastiy\u00ea de PKK\u00ea ji sal\u00ean 2000 \u00ea \u00fb vir ve ten\u00ea ji bo ku \u00e7erx\u00ean xwe bizivr\u00eene, bi berdewam\u00ee \u015fer\u00ea Ger\u00eela y\u00ea kevnar dubare dike, ciwan\u00ean Kurd dike qurban\u00ee. Kes\u00ean wek\u00ee Cem\u00eel Bay\u00eek di qadeka bi\u00e7\u00fbk a siyas\u00ee \u00fb cograf\u00ee a bi xw\u00eena ciwan\u00ean Kurd hatiye azadkirin jiyana xwe bi rengek\u00ee ewle derbas dike. Niha j\u00ee ji bo ku v\u00ea rastiy\u00ea ve\u015f\u00eare, hewl didin ku PDK\u00ea ji bo wan binketin\u00ean xwe y\u00ean ku li Ba\u015f\u00fbr d\u00eetine tewanbar bikin.<\/span><\/h3>\n<h3 style=\"text-align: justify\"><span style=\"font-family: arial, helvetica, sans-serif\">Bay\u00eek dib\u00eaje: \u201cDewleta Tirk her roj derban li ser hev dixwe \u00fb ji ber ku xwe nagh\u00eene hedef\u00ean xwe, z\u00eadetir \u00ear\u00ee\u015fan dike, dema ku tev\u00ee hem\u00fb derfet\u00ean xwe nikare bi ser bikeve, v\u00ea car\u00ea Barzan\u00eeyan dixe dewr\u00ea, ji xwe li pi\u015ft wan NATO heye, bi hem\u00fb derfet\u00ean NATOy\u00ea v\u00ee \u015fer\u00ee dime\u015f\u00eenin, l\u00ea ev j\u00ee t\u00ear\u00ea nake, div\u00ea hinek kes\u00ean ku ji xwe re dib\u00eajin Kurd t\u00eaxin dewr\u00ea, \u00e7awa ku li Bakur cerdevan xistine dewr\u00ea, li Ba\u015f\u00fbr j\u00ee Barzan\u00eeyan dixin dewr\u00ea, Barzan\u00ee cerdevan\u00ean Ba\u015f\u00fbrin\u201d.<\/span><\/h3>\n<h3 style=\"text-align: justify\"><span style=\"font-family: arial, helvetica, sans-serif\">Gelo Bay\u00eek \u00e7awa difkire? H\u00fbn dib\u00eajin mej\u00eek\u00ea w\u00ee hebe? Axir PKK\u00ea li k\u00eejan qad\u00ea serketin aniye? Gelo serketin bi wateya destveberdana ax\u00ea t\u00ea yan bi dest xistina ax\u00ea? PKK\u00ea tev Bakur\u00ea Kurdistan\u00ea, be\u015fek\u00ee Rojava \u00fb be\u015fek\u00ee Ba\u015f\u00fbr\u00ea Kurdistan\u00ea tesl\u00eem\u00ee Tirkiy\u00ea kirine l\u00ea d\u00eesa xwe weke serket\u00ee dib\u00eene!<\/span><\/h3>\n<h3 style=\"text-align: justify\"><span style=\"font-family: arial, helvetica, sans-serif\">Ma qey li Amed\u00ea, li Garzan\u00ea, li \u015eemz\u00eenan\u00ea, li Serhed\u00ea \u00fb li Efr\u00een\u00ea j\u00ee PDKe \u00fb Barzan\u00ee heb\u00fbn ku ew der tesl\u00eem\u00ee Tirkiy\u00ea kirin? K\u00ee r\u00ea li we girt ku h\u00fbn li wan her\u00eaman berxwedan\u00ea bikin \u00fb dewleta Tirk bi\u015fk\u00eenin \u00fb r\u00ea nedin axa Kurdan dag\u00eer bike, PDK\u00ea? Na her kes dizane PKKe \u00e7\u00eakiriya dest\u00ea Tirkiy\u00ea ye, erka PKK\u00ea r\u00eeya dewleta Tirk vekirine, cerdevan\u00ean Kurdan PKKy\u00ee ne, Ocalan j\u00ee Cerdevan\u00ea mezin \u00fb R\u00eaber\u00ea Cerdevanan ne.<\/span><\/h3>\n<h3 style=\"text-align: justify\"><span style=\"font-family: arial, helvetica, sans-serif\">Bay\u00eek ewqas b\u00ea edeb \u00fb b\u00ea exlaq\u00ee dipeyve ku ti\u015ftek\u00ee Tirkiy\u00ea bi xwe j\u00ee it\u00eeraf li ser kir\u00ee \u00fb di tev medyaya xwe de parve kir\u00eeye j\u00ee dixe ser mil\u00ea PDK\u00ea, derbar\u00ea 5 G\u00ear\u00eelay\u00ean PKK\u00ea y\u00ean li Bal\u00eesan\u00ea ji aliy\u00ea balafir\u00ean Tirkiy\u00ea hat\u00een hedefgirtin dib\u00eaje: \u201cLi gor\u00ee agahiy\u00ean ji me re hatine, balafir\u00ean dewleta Tirk \u00ear\u00ee\u015f\u00ee heval\u00ean me nekirine, PDK\u00ea ji bo heval\u00ean me kem\u00een dan\u00eeb\u00fbn, \u00ear\u00ee\u015f\u00ea heval\u00ean me kirine, du heval\u00ean me \u015feh\u00eed xistin, s\u00ea heval\u00ean ku bir\u00eendar kirin j\u00ee li gel xwe birine, di dest\u00ea me de ev agah\u00ee hene\u201d, l\u00ea bin\u00earin ji boy dijat\u00eekirina PDK\u00ea \u00fb Barzan\u00ee r\u00eaveber\u00ean PKK\u00ea ji bo \u00ear\u00ee\u015f\u00ean Tirkiy\u00ea h\u00eancetan digirin \u00fb dixwazin ku\u015ftina Ger\u00eelayan bixin ser Kurdan, ew qet naxwazin rastiy\u00ea bib\u00eajin, ji ber ku rast\u00ee ne di berjewendiya wan de ne.<\/span><\/h3>\n<h3 style=\"text-align: justify\"><span style=\"font-family: arial, helvetica, sans-serif\">Bay\u00eek ji boy \u00eesbat kirina v\u00ea axaftina xwe j\u00ee dib\u00eaje: \u201cBalafir\u00ean ke\u015ff\u00ea y\u00ean dewleta Tirk nikarin li Bal\u00eesan\u00ea heval\u00ean me tesp\u00eet bikin, l\u00ea Barzan\u00ee dikarin tesp\u00eet bikin \u00fb agahiy\u00ea bidin, nexwe balafir\u00ean ke\u015ff\u00ea y\u00ean dewleta Tirk w\u00ea \u00e7awan bizanbin ku li dola Bal\u00eesan\u00ea 5 kes dime\u015fin? Ti\u015ftek wiha ne p\u00eakane, ev bi dest\u00ea PDK\u00ea \u00fb Barzan\u00eeyan r\u00fb dide\u201d, li vir em ji Bay\u00eek \u00fb r\u00eaxistina w\u00ee dipirsn gelo ger wisa be, ji kerema xwe ji me re b\u00eaje, balafir\u00ean ke\u015ff\u00ea y\u00ean dewleta Tirk \u00e7ewa heval\u00ean we y\u00ean li Rojava tesb\u00eet dikin \u00fb hedef digirin, balafir\u00ean ke\u015ff\u00ea \u00e7awa bi sedan r\u00eaveber\u00ean we y\u00ean li Qend\u00eel\u00ea, \u015eengal\u00ea \u00fb Heften\u00een\u00ea tesb\u00eet kirine \u00fb hedef girtine? Qey li wir j\u00ee Barzan\u00ee hene?!!<\/span><\/h3>\n<h3 style=\"text-align: justify\"><span style=\"font-family: arial, helvetica, sans-serif\">Bi kurtas\u00ee, bila Cuma \u00fb r\u00eaheval\u00ean w\u00ee y\u00ean r\u00eavebr\u00eeya r\u00eaxistin\u00ea ba\u015f bizanin, gel\u00ea Kurd \u00ead\u00ee nema bi van axaftin\u00ean b\u00ea wate, were xapandin, gel\u00ea Kurd ji m\u00eaj ve ye welatpar\u00eaz nas kir\u00ee ne \u00fb Cerdevanan j\u00ee nas kir\u00eene.<\/span><\/h3>\n","protected":false},"excerpt":{"rendered":"<p>Hevserok\u00ea KCK\u00ea Cem\u00eel Bay\u00eek, careke din li St\u00eark Tv y\u00ea axiv\u00ee \u00fb hin nirxandin\u00ean din y\u00ean tew\u015fomew\u015fo kirin, Cuma y\u00ea ku di tev jiyana xwe de y\u00eak gulle j\u00ee li dij\u00ee dag\u00eerker\u00ean Kurdistan\u00ea neteqand\u00ee, di axaftin\u00ean xwe de bi qas\u00ee ku \u00ear\u00ee\u015f\u00ee PDK\u00ea \u00fb Barzan\u00ee kir\u00ee, ewqas \u00ear\u00ee\u015f\u00ee Erdogan, Etaturk \u00fb dewleta Tirk nekir, helbet [&hellip;]<\/p>\n","protected":false},"author":2,"featured_media":1033330,"comment_status":"closed","ping_status":"closed","sticky":false,"template":"","format":"standard","meta":{"footnotes":""},"categories":[68],"tags":[45,37],"class_list":["post-1033329","post","type-post","status-publish","format-standard","has-post-thumbnail","hentry","category-analiz","tag-cemil-bayik","tag-sereke"],"blocksy_meta":[],"seo_head":"<!-- This site is optimized with the Yoast SEO plugin v27.5 - https:\/\/yoast.com\/product\/yoast-seo-wordpress\/ -->\n<title>Barzan\u00ee, Ocalan, dewleta Tirk \u00fb rastiya PKK\u00ea - Darka Maz\u00ee<\/title>\n<meta name=\"robots\" content=\"index, follow, max-snippet:-1, max-image-preview:large, max-video-preview:-1\" \/>\n<link rel=\"canonical\" href=\"https:\/\/darkamazi.info\/archives\/1033329\" \/>\n<meta property=\"og:locale\" content=\"en_US\" \/>\n<meta property=\"og:type\" content=\"article\" \/>\n<meta property=\"og:title\" content=\"Barzan\u00ee, Ocalan, dewleta Tirk \u00fb rastiya PKK\u00ea - Darka Maz\u00ee\" \/>\n<meta property=\"og:description\" content=\"Hevserok\u00ea KCK\u00ea Cem\u00eel Bay\u00eek, careke din li St\u00eark Tv y\u00ea axiv\u00ee \u00fb hin nirxandin\u00ean din y\u00ean tew\u015fomew\u015fo kirin, Cuma y\u00ea ku di tev jiyana xwe de y\u00eak gulle j\u00ee li dij\u00ee dag\u00eerker\u00ean Kurdistan\u00ea neteqand\u00ee, di axaftin\u00ean xwe de bi qas\u00ee ku \u00ear\u00ee\u015f\u00ee PDK\u00ea \u00fb Barzan\u00ee kir\u00ee, ewqas \u00ear\u00ee\u015f\u00ee Erdogan, Etaturk \u00fb dewleta Tirk nekir, helbet [&hellip;]\" \/>\n<meta property=\"og:url\" content=\"https:\/\/darkamazi.info\/archives\/1033329\" \/>\n<meta property=\"og:site_name\" content=\"Darka Maz\u00ee\" \/>\n<meta property=\"article:publisher\" content=\"https:\/\/www.facebook.com\/DarMaziKurmanci\" \/>\n<meta property=\"article:published_time\" content=\"2022-10-25T16:59:09+00:00\" \/>\n<meta property=\"og:image\" content=\"https:\/\/darkamazi.info\/file\/2022\/10\/Barzani-serok-pkk-cemil-bayik-turkey-info.jpg\" \/>\n\t<meta property=\"og:image:width\" content=\"900\" \/>\n\t<meta property=\"og:image:height\" content=\"497\" \/>\n\t<meta property=\"og:image:type\" content=\"image\/jpeg\" \/>\n<meta name=\"author\" content=\"darka mazi\" \/>\n<meta name=\"twitter:card\" content=\"summary_large_image\" \/>\n<meta name=\"twitter:creator\" content=\"@DarkaMaziLatini\" \/>\n<meta name=\"twitter:site\" content=\"@DarkaMaziLatini\" \/>\n<meta name=\"twitter:label1\" content=\"Written by\" \/>\n\t<meta name=\"twitter:data1\" content=\"darka mazi\" \/>\n\t<meta name=\"twitter:label2\" content=\"Est. reading time\" \/>\n\t<meta name=\"twitter:data2\" content=\"11 minutes\" \/>\n<script type=\"application\/ld+json\" class=\"seo-schema-graph\">{\"@context\":\"https:\\\/\\\/schema.org\",\"@graph\":[{\"@type\":\"Article\",\"@id\":\"https:\\\/\\\/darkamazi.info\\\/archives\\\/1033329#article\",\"isPartOf\":{\"@id\":\"https:\\\/\\\/darkamazi.info\\\/archives\\\/1033329\"},\"author\":{\"name\":\"darka mazi\",\"@id\":\"https:\\\/\\\/darkamazi.info\\\/#\\\/schema\\\/person\\\/5ad3e24553a0567993fa8ed4bd0a776c\"},\"headline\":\"Barzan\u00ee, Ocalan, dewleta Tirk \u00fb rastiya PKK\u00ea\",\"datePublished\":\"2022-10-25T16:59:09+00:00\",\"mainEntityOfPage\":{\"@id\":\"https:\\\/\\\/darkamazi.info\\\/archives\\\/1033329\"},\"wordCount\":2747,\"publisher\":{\"@id\":\"https:\\\/\\\/darkamazi.info\\\/#organization\"},\"image\":{\"@id\":\"https:\\\/\\\/darkamazi.info\\\/archives\\\/1033329#primaryimage\"},\"thumbnailUrl\":\"https:\\\/\\\/darkamazi.info\\\/darka-content\\\/uploads\\\/2022\\\/10\\\/Barzani-serok-pkk-cemil-bayik-turkey-info.jpg\",\"keywords\":[\"Cem\u00eel Bayik\",\"sereke\"],\"articleSection\":[\"Anal\u00eez\"],\"inLanguage\":\"en-US\"},{\"@type\":\"WebPage\",\"@id\":\"https:\\\/\\\/darkamazi.info\\\/archives\\\/1033329\",\"url\":\"https:\\\/\\\/darkamazi.info\\\/archives\\\/1033329\",\"name\":\"Barzan\u00ee, Ocalan, dewleta Tirk \u00fb rastiya PKK\u00ea - Darka Maz\u00ee\",\"isPartOf\":{\"@id\":\"https:\\\/\\\/darkamazi.info\\\/#website\"},\"primaryImageOfPage\":{\"@id\":\"https:\\\/\\\/darkamazi.info\\\/archives\\\/1033329#primaryimage\"},\"image\":{\"@id\":\"https:\\\/\\\/darkamazi.info\\\/archives\\\/1033329#primaryimage\"},\"thumbnailUrl\":\"https:\\\/\\\/darkamazi.info\\\/darka-content\\\/uploads\\\/2022\\\/10\\\/Barzani-serok-pkk-cemil-bayik-turkey-info.jpg\",\"datePublished\":\"2022-10-25T16:59:09+00:00\",\"breadcrumb\":{\"@id\":\"https:\\\/\\\/darkamazi.info\\\/archives\\\/1033329#breadcrumb\"},\"inLanguage\":\"en-US\",\"potentialAction\":[{\"@type\":\"ReadAction\",\"target\":[\"https:\\\/\\\/darkamazi.info\\\/archives\\\/1033329\"]}]},{\"@type\":\"ImageObject\",\"inLanguage\":\"en-US\",\"@id\":\"https:\\\/\\\/darkamazi.info\\\/archives\\\/1033329#primaryimage\",\"url\":\"https:\\\/\\\/darkamazi.info\\\/darka-content\\\/uploads\\\/2022\\\/10\\\/Barzani-serok-pkk-cemil-bayik-turkey-info.jpg\",\"contentUrl\":\"https:\\\/\\\/darkamazi.info\\\/darka-content\\\/uploads\\\/2022\\\/10\\\/Barzani-serok-pkk-cemil-bayik-turkey-info.jpg\",\"width\":900,\"height\":497,\"caption\":\"Barzani-serok-pkk-cemil-bayik-turkey-info\"},{\"@type\":\"BreadcrumbList\",\"@id\":\"https:\\\/\\\/darkamazi.info\\\/archives\\\/1033329#breadcrumb\",\"itemListElement\":[{\"@type\":\"ListItem\",\"position\":1,\"name\":\"Home\",\"item\":\"https:\\\/\\\/darkamazi.info\\\/\"},{\"@type\":\"ListItem\",\"position\":2,\"name\":\"Barzan\u00ee, Ocalan, dewleta Tirk \u00fb rastiya PKK\u00ea\"}]},{\"@type\":\"WebSite\",\"@id\":\"https:\\\/\\\/darkamazi.info\\\/#website\",\"url\":\"https:\\\/\\\/darkamazi.info\\\/\",\"name\":\"Darka Maz\u00ee\",\"description\":\"P\u00eageha Zanyariy\u00ean Nebih\u00eest\u00ee\",\"publisher\":{\"@id\":\"https:\\\/\\\/darkamazi.info\\\/#organization\"},\"potentialAction\":[{\"@type\":\"SearchAction\",\"target\":{\"@type\":\"EntryPoint\",\"urlTemplate\":\"https:\\\/\\\/darkamazi.info\\\/?s={search_term_string}\"},\"query-input\":{\"@type\":\"PropertyValueSpecification\",\"valueRequired\":true,\"valueName\":\"search_term_string\"}}],\"inLanguage\":\"en-US\"},{\"@type\":\"Organization\",\"@id\":\"https:\\\/\\\/darkamazi.info\\\/#organization\",\"name\":\"Darka Maz\u00ee\",\"url\":\"https:\\\/\\\/darkamazi.info\\\/\",\"logo\":{\"@type\":\"ImageObject\",\"inLanguage\":\"en-US\",\"@id\":\"https:\\\/\\\/darkamazi.info\\\/#\\\/schema\\\/logo\\\/image\\\/\",\"url\":\"https:\\\/\\\/darkamazi.info\\\/darka-content\\\/uploads\\\/2017\\\/12\\\/darka-mazi-logo.png\",\"contentUrl\":\"https:\\\/\\\/darkamazi.info\\\/darka-content\\\/uploads\\\/2017\\\/12\\\/darka-mazi-logo.png\",\"width\":151,\"height\":75,\"caption\":\"Darka Maz\u00ee\"},\"image\":{\"@id\":\"https:\\\/\\\/darkamazi.info\\\/#\\\/schema\\\/logo\\\/image\\\/\"},\"sameAs\":[\"https:\\\/\\\/www.facebook.com\\\/DarMaziKurmanci\",\"https:\\\/\\\/x.com\\\/DarkaMaziLatini\",\"https:\\\/\\\/www.instagram.com\\\/darkamazi.kurmanci\\\/\",\"https:\\\/\\\/www.youtube.com\\\/channel\\\/UCa5HkTdmI8U1qCUFuTw8B2g\"]},{\"@type\":\"Person\",\"@id\":\"https:\\\/\\\/darkamazi.info\\\/#\\\/schema\\\/person\\\/5ad3e24553a0567993fa8ed4bd0a776c\",\"name\":\"darka mazi\",\"sameAs\":[\"https:\\\/\\\/darkamazi.info\\\/\"],\"url\":\"https:\\\/\\\/darkamazi.info\\\/archives\\\/author\\\/kurdi\"}]}<\/script>\n<!-- \/ Yoast SEO plugin. -->","seo_head_json":{"title":"Barzan\u00ee, Ocalan, dewleta Tirk \u00fb rastiya PKK\u00ea - Darka Maz\u00ee","robots":{"index":"index","follow":"follow","max-snippet":"max-snippet:-1","max-image-preview":"max-image-preview:large","max-video-preview":"max-video-preview:-1"},"canonical":"https:\/\/darkamazi.info\/archives\/1033329","og_locale":"en_US","og_type":"article","og_title":"Barzan\u00ee, Ocalan, dewleta Tirk \u00fb rastiya PKK\u00ea - Darka Maz\u00ee","og_description":"Hevserok\u00ea KCK\u00ea Cem\u00eel Bay\u00eek, careke din li St\u00eark Tv y\u00ea axiv\u00ee \u00fb hin nirxandin\u00ean din y\u00ean tew\u015fomew\u015fo kirin, Cuma y\u00ea ku di tev jiyana xwe de y\u00eak gulle j\u00ee li dij\u00ee dag\u00eerker\u00ean Kurdistan\u00ea neteqand\u00ee, di axaftin\u00ean xwe de bi qas\u00ee ku \u00ear\u00ee\u015f\u00ee PDK\u00ea \u00fb Barzan\u00ee kir\u00ee, ewqas \u00ear\u00ee\u015f\u00ee Erdogan, Etaturk \u00fb dewleta Tirk nekir, helbet [&hellip;]","og_url":"https:\/\/darkamazi.info\/archives\/1033329","og_site_name":"Darka Maz\u00ee","article_publisher":"https:\/\/www.facebook.com\/DarMaziKurmanci","article_published_time":"2022-10-25T16:59:09+00:00","og_image":[{"width":900,"height":497,"url":"https:\/\/darkamazi.info\/file\/2022\/10\/Barzani-serok-pkk-cemil-bayik-turkey-info.jpg","type":"image\/jpeg"}],"author":"darka mazi","twitter_card":"summary_large_image","twitter_creator":"@DarkaMaziLatini","twitter_site":"@DarkaMaziLatini","twitter_misc":{"Written by":"darka mazi","Est. reading time":"11 minutes"},"schema":{"@context":"https:\/\/schema.org","@graph":[{"@type":"Article","@id":"https:\/\/darkamazi.info\/archives\/1033329#article","isPartOf":{"@id":"https:\/\/darkamazi.info\/archives\/1033329"},"author":{"name":"darka mazi","@id":"https:\/\/darkamazi.info\/#\/schema\/person\/5ad3e24553a0567993fa8ed4bd0a776c"},"headline":"Barzan\u00ee, Ocalan, dewleta Tirk \u00fb rastiya PKK\u00ea","datePublished":"2022-10-25T16:59:09+00:00","mainEntityOfPage":{"@id":"https:\/\/darkamazi.info\/archives\/1033329"},"wordCount":2747,"publisher":{"@id":"https:\/\/darkamazi.info\/#organization"},"image":{"@id":"https:\/\/darkamazi.info\/archives\/1033329#primaryimage"},"thumbnailUrl":"https:\/\/darkamazi.info\/file\/2022\/10\/Barzani-serok-pkk-cemil-bayik-turkey-info.jpg","keywords":["Cem\u00eel Bayik","sereke"],"articleSection":["Anal\u00eez"],"inLanguage":"en-US"},{"@type":"WebPage","@id":"https:\/\/darkamazi.info\/archives\/1033329","url":"https:\/\/darkamazi.info\/archives\/1033329","name":"Barzan\u00ee, Ocalan, dewleta Tirk \u00fb rastiya PKK\u00ea - Darka Maz\u00ee","isPartOf":{"@id":"https:\/\/darkamazi.info\/#website"},"primaryImageOfPage":{"@id":"https:\/\/darkamazi.info\/archives\/1033329#primaryimage"},"image":{"@id":"https:\/\/darkamazi.info\/archives\/1033329#primaryimage"},"thumbnailUrl":"https:\/\/darkamazi.info\/file\/2022\/10\/Barzani-serok-pkk-cemil-bayik-turkey-info.jpg","datePublished":"2022-10-25T16:59:09+00:00","breadcrumb":{"@id":"https:\/\/darkamazi.info\/archives\/1033329#breadcrumb"},"inLanguage":"en-US","potentialAction":[{"@type":"ReadAction","target":["https:\/\/darkamazi.info\/archives\/1033329"]}]},{"@type":"ImageObject","inLanguage":"en-US","@id":"https:\/\/darkamazi.info\/archives\/1033329#primaryimage","url":"https:\/\/darkamazi.info\/file\/2022\/10\/Barzani-serok-pkk-cemil-bayik-turkey-info.jpg","contentUrl":"https:\/\/darkamazi.info\/file\/2022\/10\/Barzani-serok-pkk-cemil-bayik-turkey-info.jpg","width":900,"height":497,"caption":"Barzani-serok-pkk-cemil-bayik-turkey-info"},{"@type":"BreadcrumbList","@id":"https:\/\/darkamazi.info\/archives\/1033329#breadcrumb","itemListElement":[{"@type":"ListItem","position":1,"name":"Home","item":"https:\/\/darkamazi.info\/"},{"@type":"ListItem","position":2,"name":"Barzan\u00ee, Ocalan, dewleta Tirk \u00fb rastiya PKK\u00ea"}]},{"@type":"WebSite","@id":"https:\/\/darkamazi.info\/#website","url":"https:\/\/darkamazi.info\/","name":"Darka Maz\u00ee","description":"P\u00eageha Zanyariy\u00ean Nebih\u00eest\u00ee","publisher":{"@id":"https:\/\/darkamazi.info\/#organization"},"potentialAction":[{"@type":"SearchAction","target":{"@type":"EntryPoint","urlTemplate":"https:\/\/darkamazi.info\/?s={search_term_string}"},"query-input":{"@type":"PropertyValueSpecification","valueRequired":true,"valueName":"search_term_string"}}],"inLanguage":"en-US"},{"@type":"Organization","@id":"https:\/\/darkamazi.info\/#organization","name":"Darka Maz\u00ee","url":"https:\/\/darkamazi.info\/","logo":{"@type":"ImageObject","inLanguage":"en-US","@id":"https:\/\/darkamazi.info\/#\/schema\/logo\/image\/","url":"https:\/\/darkamazi.info\/file\/2017\/12\/darka-mazi-logo.png","contentUrl":"https:\/\/darkamazi.info\/file\/2017\/12\/darka-mazi-logo.png","width":151,"height":75,"caption":"Darka Maz\u00ee"},"image":{"@id":"https:\/\/darkamazi.info\/#\/schema\/logo\/image\/"},"sameAs":["https:\/\/www.facebook.com\/DarMaziKurmanci","https:\/\/x.com\/DarkaMaziLatini","https:\/\/www.instagram.com\/darkamazi.kurmanci\/","https:\/\/www.youtube.com\/channel\/UCa5HkTdmI8U1qCUFuTw8B2g"]},{"@type":"Person","@id":"https:\/\/darkamazi.info\/#\/schema\/person\/5ad3e24553a0567993fa8ed4bd0a776c","name":"darka mazi","sameAs":["https:\/\/darkamazi.info\/"],"url":"https:\/\/darkamazi.info\/archives\/author\/kurdi"}]}},"_links":{"self":[{"href":"https:\/\/darkamazi.info\/funavuv\/wp\/v2\/posts\/1033329","targetHints":{"allow":["GET"]}}],"collection":[{"href":"https:\/\/darkamazi.info\/funavuv\/wp\/v2\/posts"}],"about":[{"href":"https:\/\/darkamazi.info\/funavuv\/wp\/v2\/types\/post"}],"author":[{"embeddable":true,"href":"https:\/\/darkamazi.info\/funavuv\/wp\/v2\/users\/2"}],"replies":[{"embeddable":true,"href":"https:\/\/darkamazi.info\/funavuv\/wp\/v2\/comments?post=1033329"}],"version-history":[{"count":0,"href":"https:\/\/darkamazi.info\/funavuv\/wp\/v2\/posts\/1033329\/revisions"}],"wp:featuredmedia":[{"embeddable":true,"href":"https:\/\/darkamazi.info\/funavuv\/wp\/v2\/media\/1033330"}],"wp:attachment":[{"href":"https:\/\/darkamazi.info\/funavuv\/wp\/v2\/media?parent=1033329"}],"wp:term":[{"taxonomy":"category","embeddable":true,"href":"https:\/\/darkamazi.info\/funavuv\/wp\/v2\/categories?post=1033329"},{"taxonomy":"post_tag","embeddable":true,"href":"https:\/\/darkamazi.info\/funavuv\/wp\/v2\/tags?post=1033329"}],"curies":[{"name":"wp","href":"https:\/\/api.w.org\/{rel}","templated":true}]}}