{"id":1033343,"date":"2022-10-26T19:41:21","date_gmt":"2022-10-26T16:41:21","guid":{"rendered":"https:\/\/darkamazi.info\/?p=1033343"},"modified":"2022-10-26T19:42:06","modified_gmt":"2022-10-26T16:42:06","slug":"di-buyereke-teqekirine-de-li-irane-15-kes-hatin-kustin","status":"publish","type":"post","link":"https:\/\/darkamazi.info\/archives\/1033343","title":{"rendered":"Di b\u00fbyereke teqekirin\u00ea de li \u00ceran\u00ea 15 kes hatin ku\u015ftin"},"content":{"rendered":"<h3 style=\"text-align: justify\"><span style=\"font-family: 'arial black', sans-serif\">Medyaya \u00ceran\u00ea ragihand, di b\u00fbyereke teqekirin\u00ea de li bajar\u00ea \u015e\u00eeraz\u00ea y\u00ea navenda par\u00eazgeha Faris, 15 kes hatin ku\u015ftin \u00fb 40 kes j\u00ee bir\u00eendar b\u00fbn.<\/span><\/h3>\n<h3 style=\"text-align: justify\">Li gor zanyariy\u00ean destp\u00eak\u00ea, teqe bi \u00e7ek\u00ean c\u00fbreya kala\u015fn\u00eekov hatiye kirin \u00fb \u00ear\u00ee\u015f bi ser mezargeheke ol\u00ee b\u00fbye \u00fb gelek kes hatine ku\u015ftin \u00fb bir\u00eendarkirin.<\/h3>\n<h3 style=\"text-align: justify\">Medyaya \u00ceran\u00ea e\u015fkere kir, \u00ear\u00ee\u015fkar s\u00ea kes b\u00fbne, du ji wan hatine desteserkirin \u00fb li dezgeh\u00ean ewlehiy\u00ea ne \u00fb herwiha hewla desteserkirina \u00ear\u00ee\u015fkar\u00ea s\u00eayem didin.<\/h3>\n","protected":false},"excerpt":{"rendered":"<p>Medyaya \u00ceran\u00ea ragihand, di b\u00fbyereke teqekirin\u00ea de li bajar\u00ea \u015e\u00eeraz\u00ea y\u00ea navenda par\u00eazgeha Faris, 15 kes hatin ku\u015ftin \u00fb 40 kes j\u00ee bir\u00eendar b\u00fbn. Li gor zanyariy\u00ean destp\u00eak\u00ea, teqe bi \u00e7ek\u00ean c\u00fbreya kala\u015fn\u00eekov hatiye kirin \u00fb \u00ear\u00ee\u015f bi ser mezargeheke ol\u00ee b\u00fbye \u00fb gelek kes hatine ku\u015ftin \u00fb bir\u00eendarkirin. Medyaya \u00ceran\u00ea e\u015fkere kir, \u00ear\u00ee\u015fkar s\u00ea [&hellip;]<\/p>\n","protected":false},"author":2,"featured_media":1033344,"comment_status":"closed","ping_status":"closed","sticky":false,"template":"","format":"standard","meta":{"footnotes":""},"categories":[29],"tags":[37],"class_list":["post-1033343","post","type-post","status-publish","format-standard","has-post-thumbnail","hentry","category-kurdistan","tag-sereke"],"blocksy_meta":[],"seo_head":"<!-- This site is optimized with the Yoast SEO plugin v27.5 - https:\/\/yoast.com\/product\/yoast-seo-wordpress\/ -->\n<title>Di b\u00fbyereke teqekirin\u00ea de li \u00ceran\u00ea 15 kes hatin ku\u015ftin - Darka Maz\u00ee<\/title>\n<meta name=\"robots\" content=\"index, follow, max-snippet:-1, max-image-preview:large, max-video-preview:-1\" \/>\n<link rel=\"canonical\" href=\"https:\/\/darkamazi.info\/archives\/1033343\" \/>\n<meta property=\"og:locale\" content=\"en_US\" \/>\n<meta property=\"og:type\" content=\"article\" \/>\n<meta property=\"og:title\" content=\"Di b\u00fbyereke teqekirin\u00ea de li \u00ceran\u00ea 15 kes hatin ku\u015ftin - Darka Maz\u00ee\" \/>\n<meta property=\"og:description\" content=\"Medyaya \u00ceran\u00ea ragihand, di b\u00fbyereke teqekirin\u00ea de li bajar\u00ea \u015e\u00eeraz\u00ea y\u00ea navenda par\u00eazgeha Faris, 15 kes hatin ku\u015ftin \u00fb 40 kes j\u00ee bir\u00eendar b\u00fbn. Li gor zanyariy\u00ean destp\u00eak\u00ea, teqe bi \u00e7ek\u00ean c\u00fbreya kala\u015fn\u00eekov hatiye kirin \u00fb \u00ear\u00ee\u015f bi ser mezargeheke ol\u00ee b\u00fbye \u00fb gelek kes hatine ku\u015ftin \u00fb bir\u00eendarkirin. Medyaya \u00ceran\u00ea e\u015fkere kir, \u00ear\u00ee\u015fkar s\u00ea [&hellip;]\" \/>\n<meta property=\"og:url\" content=\"https:\/\/darkamazi.info\/archives\/1033343\" \/>\n<meta property=\"og:site_name\" content=\"Darka Maz\u00ee\" \/>\n<meta property=\"article:publisher\" content=\"https:\/\/www.facebook.com\/DarMaziKurmanci\" \/>\n<meta property=\"article:published_time\" content=\"2022-10-26T16:41:21+00:00\" \/>\n<meta property=\"article:modified_time\" content=\"2022-10-26T16:42:06+00:00\" \/>\n<meta property=\"og:image\" content=\"https:\/\/darkamazi.info\/file\/2022\/10\/shiraz-iran.jpg\" \/>\n\t<meta property=\"og:image:width\" content=\"900\" \/>\n\t<meta property=\"og:image:height\" content=\"497\" \/>\n\t<meta property=\"og:image:type\" content=\"image\/jpeg\" \/>\n<meta name=\"author\" content=\"darka mazi\" \/>\n<meta name=\"twitter:card\" content=\"summary_large_image\" \/>\n<meta name=\"twitter:creator\" content=\"@DarkaMaziLatini\" \/>\n<meta name=\"twitter:site\" content=\"@DarkaMaziLatini\" \/>\n<meta name=\"twitter:label1\" content=\"Written by\" \/>\n\t<meta name=\"twitter:data1\" content=\"darka mazi\" \/>\n\t<meta name=\"twitter:label2\" content=\"Est. reading time\" \/>\n\t<meta name=\"twitter:data2\" content=\"1 minute\" \/>\n<script type=\"application\/ld+json\" class=\"seo-schema-graph\">{\"@context\":\"https:\\\/\\\/schema.org\",\"@graph\":[{\"@type\":\"Article\",\"@id\":\"https:\\\/\\\/darkamazi.info\\\/archives\\\/1033343#article\",\"isPartOf\":{\"@id\":\"https:\\\/\\\/darkamazi.info\\\/archives\\\/1033343\"},\"author\":{\"name\":\"darka mazi\",\"@id\":\"https:\\\/\\\/darkamazi.info\\\/#\\\/schema\\\/person\\\/5ad3e24553a0567993fa8ed4bd0a776c\"},\"headline\":\"Di b\u00fbyereke teqekirin\u00ea de li \u00ceran\u00ea 15 kes hatin ku\u015ftin\",\"datePublished\":\"2022-10-26T16:41:21+00:00\",\"dateModified\":\"2022-10-26T16:42:06+00:00\",\"mainEntityOfPage\":{\"@id\":\"https:\\\/\\\/darkamazi.info\\\/archives\\\/1033343\"},\"wordCount\":97,\"publisher\":{\"@id\":\"https:\\\/\\\/darkamazi.info\\\/#organization\"},\"image\":{\"@id\":\"https:\\\/\\\/darkamazi.info\\\/archives\\\/1033343#primaryimage\"},\"thumbnailUrl\":\"https:\\\/\\\/darkamazi.info\\\/darka-content\\\/uploads\\\/2022\\\/10\\\/shiraz-iran.jpg\",\"keywords\":[\"sereke\"],\"articleSection\":[\"Kurdistan\"],\"inLanguage\":\"en-US\"},{\"@type\":\"WebPage\",\"@id\":\"https:\\\/\\\/darkamazi.info\\\/archives\\\/1033343\",\"url\":\"https:\\\/\\\/darkamazi.info\\\/archives\\\/1033343\",\"name\":\"Di b\u00fbyereke teqekirin\u00ea de li \u00ceran\u00ea 15 kes hatin ku\u015ftin - Darka Maz\u00ee\",\"isPartOf\":{\"@id\":\"https:\\\/\\\/darkamazi.info\\\/#website\"},\"primaryImageOfPage\":{\"@id\":\"https:\\\/\\\/darkamazi.info\\\/archives\\\/1033343#primaryimage\"},\"image\":{\"@id\":\"https:\\\/\\\/darkamazi.info\\\/archives\\\/1033343#primaryimage\"},\"thumbnailUrl\":\"https:\\\/\\\/darkamazi.info\\\/darka-content\\\/uploads\\\/2022\\\/10\\\/shiraz-iran.jpg\",\"datePublished\":\"2022-10-26T16:41:21+00:00\",\"dateModified\":\"2022-10-26T16:42:06+00:00\",\"breadcrumb\":{\"@id\":\"https:\\\/\\\/darkamazi.info\\\/archives\\\/1033343#breadcrumb\"},\"inLanguage\":\"en-US\",\"potentialAction\":[{\"@type\":\"ReadAction\",\"target\":[\"https:\\\/\\\/darkamazi.info\\\/archives\\\/1033343\"]}]},{\"@type\":\"ImageObject\",\"inLanguage\":\"en-US\",\"@id\":\"https:\\\/\\\/darkamazi.info\\\/archives\\\/1033343#primaryimage\",\"url\":\"https:\\\/\\\/darkamazi.info\\\/darka-content\\\/uploads\\\/2022\\\/10\\\/shiraz-iran.jpg\",\"contentUrl\":\"https:\\\/\\\/darkamazi.info\\\/darka-content\\\/uploads\\\/2022\\\/10\\\/shiraz-iran.jpg\",\"width\":900,\"height\":497,\"caption\":\"Di b\u00fbyereke teqekirin\u00ea de li \u00ceran\u00ea 15 kes hatin ku\u015ftin\"},{\"@type\":\"BreadcrumbList\",\"@id\":\"https:\\\/\\\/darkamazi.info\\\/archives\\\/1033343#breadcrumb\",\"itemListElement\":[{\"@type\":\"ListItem\",\"position\":1,\"name\":\"Home\",\"item\":\"https:\\\/\\\/darkamazi.info\\\/\"},{\"@type\":\"ListItem\",\"position\":2,\"name\":\"Di b\u00fbyereke teqekirin\u00ea de li \u00ceran\u00ea 15 kes hatin ku\u015ftin\"}]},{\"@type\":\"WebSite\",\"@id\":\"https:\\\/\\\/darkamazi.info\\\/#website\",\"url\":\"https:\\\/\\\/darkamazi.info\\\/\",\"name\":\"Darka Maz\u00ee\",\"description\":\"P\u00eageha Zanyariy\u00ean Nebih\u00eest\u00ee\",\"publisher\":{\"@id\":\"https:\\\/\\\/darkamazi.info\\\/#organization\"},\"potentialAction\":[{\"@type\":\"SearchAction\",\"target\":{\"@type\":\"EntryPoint\",\"urlTemplate\":\"https:\\\/\\\/darkamazi.info\\\/?s={search_term_string}\"},\"query-input\":{\"@type\":\"PropertyValueSpecification\",\"valueRequired\":true,\"valueName\":\"search_term_string\"}}],\"inLanguage\":\"en-US\"},{\"@type\":\"Organization\",\"@id\":\"https:\\\/\\\/darkamazi.info\\\/#organization\",\"name\":\"Darka Maz\u00ee\",\"url\":\"https:\\\/\\\/darkamazi.info\\\/\",\"logo\":{\"@type\":\"ImageObject\",\"inLanguage\":\"en-US\",\"@id\":\"https:\\\/\\\/darkamazi.info\\\/#\\\/schema\\\/logo\\\/image\\\/\",\"url\":\"https:\\\/\\\/darkamazi.info\\\/darka-content\\\/uploads\\\/2017\\\/12\\\/darka-mazi-logo.png\",\"contentUrl\":\"https:\\\/\\\/darkamazi.info\\\/darka-content\\\/uploads\\\/2017\\\/12\\\/darka-mazi-logo.png\",\"width\":151,\"height\":75,\"caption\":\"Darka Maz\u00ee\"},\"image\":{\"@id\":\"https:\\\/\\\/darkamazi.info\\\/#\\\/schema\\\/logo\\\/image\\\/\"},\"sameAs\":[\"https:\\\/\\\/www.facebook.com\\\/DarMaziKurmanci\",\"https:\\\/\\\/x.com\\\/DarkaMaziLatini\",\"https:\\\/\\\/www.instagram.com\\\/darkamazi.kurmanci\\\/\",\"https:\\\/\\\/www.youtube.com\\\/channel\\\/UCa5HkTdmI8U1qCUFuTw8B2g\"]},{\"@type\":\"Person\",\"@id\":\"https:\\\/\\\/darkamazi.info\\\/#\\\/schema\\\/person\\\/5ad3e24553a0567993fa8ed4bd0a776c\",\"name\":\"darka mazi\",\"sameAs\":[\"https:\\\/\\\/darkamazi.info\\\/\"],\"url\":\"https:\\\/\\\/darkamazi.info\\\/archives\\\/author\\\/kurdi\"}]}<\/script>\n<!-- \/ Yoast SEO plugin. -->","seo_head_json":{"title":"Di b\u00fbyereke teqekirin\u00ea de li \u00ceran\u00ea 15 kes hatin ku\u015ftin - Darka Maz\u00ee","robots":{"index":"index","follow":"follow","max-snippet":"max-snippet:-1","max-image-preview":"max-image-preview:large","max-video-preview":"max-video-preview:-1"},"canonical":"https:\/\/darkamazi.info\/archives\/1033343","og_locale":"en_US","og_type":"article","og_title":"Di b\u00fbyereke teqekirin\u00ea de li \u00ceran\u00ea 15 kes hatin ku\u015ftin - Darka Maz\u00ee","og_description":"Medyaya \u00ceran\u00ea ragihand, di b\u00fbyereke teqekirin\u00ea de li bajar\u00ea \u015e\u00eeraz\u00ea y\u00ea navenda par\u00eazgeha Faris, 15 kes hatin ku\u015ftin \u00fb 40 kes j\u00ee bir\u00eendar b\u00fbn. Li gor zanyariy\u00ean destp\u00eak\u00ea, teqe bi \u00e7ek\u00ean c\u00fbreya kala\u015fn\u00eekov hatiye kirin \u00fb \u00ear\u00ee\u015f bi ser mezargeheke ol\u00ee b\u00fbye \u00fb gelek kes hatine ku\u015ftin \u00fb bir\u00eendarkirin. Medyaya \u00ceran\u00ea e\u015fkere kir, \u00ear\u00ee\u015fkar s\u00ea [&hellip;]","og_url":"https:\/\/darkamazi.info\/archives\/1033343","og_site_name":"Darka Maz\u00ee","article_publisher":"https:\/\/www.facebook.com\/DarMaziKurmanci","article_published_time":"2022-10-26T16:41:21+00:00","article_modified_time":"2022-10-26T16:42:06+00:00","og_image":[{"width":900,"height":497,"url":"https:\/\/darkamazi.info\/file\/2022\/10\/shiraz-iran.jpg","type":"image\/jpeg"}],"author":"darka mazi","twitter_card":"summary_large_image","twitter_creator":"@DarkaMaziLatini","twitter_site":"@DarkaMaziLatini","twitter_misc":{"Written by":"darka mazi","Est. reading time":"1 minute"},"schema":{"@context":"https:\/\/schema.org","@graph":[{"@type":"Article","@id":"https:\/\/darkamazi.info\/archives\/1033343#article","isPartOf":{"@id":"https:\/\/darkamazi.info\/archives\/1033343"},"author":{"name":"darka mazi","@id":"https:\/\/darkamazi.info\/#\/schema\/person\/5ad3e24553a0567993fa8ed4bd0a776c"},"headline":"Di b\u00fbyereke teqekirin\u00ea de li \u00ceran\u00ea 15 kes hatin ku\u015ftin","datePublished":"2022-10-26T16:41:21+00:00","dateModified":"2022-10-26T16:42:06+00:00","mainEntityOfPage":{"@id":"https:\/\/darkamazi.info\/archives\/1033343"},"wordCount":97,"publisher":{"@id":"https:\/\/darkamazi.info\/#organization"},"image":{"@id":"https:\/\/darkamazi.info\/archives\/1033343#primaryimage"},"thumbnailUrl":"https:\/\/darkamazi.info\/file\/2022\/10\/shiraz-iran.jpg","keywords":["sereke"],"articleSection":["Kurdistan"],"inLanguage":"en-US"},{"@type":"WebPage","@id":"https:\/\/darkamazi.info\/archives\/1033343","url":"https:\/\/darkamazi.info\/archives\/1033343","name":"Di b\u00fbyereke teqekirin\u00ea de li \u00ceran\u00ea 15 kes hatin ku\u015ftin - Darka Maz\u00ee","isPartOf":{"@id":"https:\/\/darkamazi.info\/#website"},"primaryImageOfPage":{"@id":"https:\/\/darkamazi.info\/archives\/1033343#primaryimage"},"image":{"@id":"https:\/\/darkamazi.info\/archives\/1033343#primaryimage"},"thumbnailUrl":"https:\/\/darkamazi.info\/file\/2022\/10\/shiraz-iran.jpg","datePublished":"2022-10-26T16:41:21+00:00","dateModified":"2022-10-26T16:42:06+00:00","breadcrumb":{"@id":"https:\/\/darkamazi.info\/archives\/1033343#breadcrumb"},"inLanguage":"en-US","potentialAction":[{"@type":"ReadAction","target":["https:\/\/darkamazi.info\/archives\/1033343"]}]},{"@type":"ImageObject","inLanguage":"en-US","@id":"https:\/\/darkamazi.info\/archives\/1033343#primaryimage","url":"https:\/\/darkamazi.info\/file\/2022\/10\/shiraz-iran.jpg","contentUrl":"https:\/\/darkamazi.info\/file\/2022\/10\/shiraz-iran.jpg","width":900,"height":497,"caption":"Di b\u00fbyereke teqekirin\u00ea de li \u00ceran\u00ea 15 kes hatin ku\u015ftin"},{"@type":"BreadcrumbList","@id":"https:\/\/darkamazi.info\/archives\/1033343#breadcrumb","itemListElement":[{"@type":"ListItem","position":1,"name":"Home","item":"https:\/\/darkamazi.info\/"},{"@type":"ListItem","position":2,"name":"Di b\u00fbyereke teqekirin\u00ea de li \u00ceran\u00ea 15 kes hatin ku\u015ftin"}]},{"@type":"WebSite","@id":"https:\/\/darkamazi.info\/#website","url":"https:\/\/darkamazi.info\/","name":"Darka Maz\u00ee","description":"P\u00eageha Zanyariy\u00ean Nebih\u00eest\u00ee","publisher":{"@id":"https:\/\/darkamazi.info\/#organization"},"potentialAction":[{"@type":"SearchAction","target":{"@type":"EntryPoint","urlTemplate":"https:\/\/darkamazi.info\/?s={search_term_string}"},"query-input":{"@type":"PropertyValueSpecification","valueRequired":true,"valueName":"search_term_string"}}],"inLanguage":"en-US"},{"@type":"Organization","@id":"https:\/\/darkamazi.info\/#organization","name":"Darka Maz\u00ee","url":"https:\/\/darkamazi.info\/","logo":{"@type":"ImageObject","inLanguage":"en-US","@id":"https:\/\/darkamazi.info\/#\/schema\/logo\/image\/","url":"https:\/\/darkamazi.info\/file\/2017\/12\/darka-mazi-logo.png","contentUrl":"https:\/\/darkamazi.info\/file\/2017\/12\/darka-mazi-logo.png","width":151,"height":75,"caption":"Darka Maz\u00ee"},"image":{"@id":"https:\/\/darkamazi.info\/#\/schema\/logo\/image\/"},"sameAs":["https:\/\/www.facebook.com\/DarMaziKurmanci","https:\/\/x.com\/DarkaMaziLatini","https:\/\/www.instagram.com\/darkamazi.kurmanci\/","https:\/\/www.youtube.com\/channel\/UCa5HkTdmI8U1qCUFuTw8B2g"]},{"@type":"Person","@id":"https:\/\/darkamazi.info\/#\/schema\/person\/5ad3e24553a0567993fa8ed4bd0a776c","name":"darka mazi","sameAs":["https:\/\/darkamazi.info\/"],"url":"https:\/\/darkamazi.info\/archives\/author\/kurdi"}]}},"_links":{"self":[{"href":"https:\/\/darkamazi.info\/funavuv\/wp\/v2\/posts\/1033343","targetHints":{"allow":["GET"]}}],"collection":[{"href":"https:\/\/darkamazi.info\/funavuv\/wp\/v2\/posts"}],"about":[{"href":"https:\/\/darkamazi.info\/funavuv\/wp\/v2\/types\/post"}],"author":[{"embeddable":true,"href":"https:\/\/darkamazi.info\/funavuv\/wp\/v2\/users\/2"}],"replies":[{"embeddable":true,"href":"https:\/\/darkamazi.info\/funavuv\/wp\/v2\/comments?post=1033343"}],"version-history":[{"count":0,"href":"https:\/\/darkamazi.info\/funavuv\/wp\/v2\/posts\/1033343\/revisions"}],"wp:featuredmedia":[{"embeddable":true,"href":"https:\/\/darkamazi.info\/funavuv\/wp\/v2\/media\/1033344"}],"wp:attachment":[{"href":"https:\/\/darkamazi.info\/funavuv\/wp\/v2\/media?parent=1033343"}],"wp:term":[{"taxonomy":"category","embeddable":true,"href":"https:\/\/darkamazi.info\/funavuv\/wp\/v2\/categories?post=1033343"},{"taxonomy":"post_tag","embeddable":true,"href":"https:\/\/darkamazi.info\/funavuv\/wp\/v2\/tags?post=1033343"}],"curies":[{"name":"wp","href":"https:\/\/api.w.org\/{rel}","templated":true}]}}