{"id":1033371,"date":"2022-10-27T21:25:52","date_gmt":"2022-10-27T18:25:52","guid":{"rendered":"https:\/\/darkamazi.info\/?p=1033371"},"modified":"2022-10-27T21:25:52","modified_gmt":"2022-10-27T18:25:52","slug":"buyera-behzad-dursun-di-dehemin-salvegera-kustina-wi-de","status":"publish","type":"post","link":"https:\/\/darkamazi.info\/archives\/1033371","title":{"rendered":"B\u00fbyera Behzad Dursun di dehem\u00een salvegera ku\u015ftina w\u00ee de"},"content":{"rendered":"<h3 style=\"text-align: justify\"><span style=\"font-family: 'arial black', sans-serif\">Di 24 \u00ea Cotmeha 2012 an de li n\u00eaz\u00ee bajar\u00ea D\u00earik\u00ea y\u00ea Rojava 2 kes bi astengkirina wesay\u00eet\u00ean wan hatin revandin. Yek ji kes\u00ean hatin revandin j\u00ee endam\u00ea Pol\u00eetburoya PDK-S \u00ea Behzad Dursun yek ji kesayet\u00ean gir\u00eeng \u00ean Rojava b\u00fb. Dursun dema hat revandin, N\u00fbner\u00ea D\u00earik\u00ea y\u00ea Enc\u00fbmena Ni\u015ftiman\u00ee ya Kurd\u00ee b\u00fb. Li k\u00ealeka w\u00ee pasewan\u00ea w\u00ee N\u00eedal Sel\u00eem heb\u00fb.<\/span><\/h3>\n<h3 style=\"text-align: justify\">Her sal gel\u00ea D\u00earik\u00ea ji bo Behzad Dursun daxuyaniyek\u00ea belav dikin \u00fb t\u00eade t\u00ea xwestin ku \u00e7areniv\u00eesa w\u00ee were zan\u00een. L\u00eabel\u00ea, \u00e7areniv\u00eesa w\u00ee diyar e.<\/h3>\n<h3 style=\"text-align: center\"><span style=\"font-family: 'arial black', sans-serif;color: #8c0808\">K\u00ea Behzad Dursun revand?<\/span><\/h3>\n<h3 style=\"text-align: justify\">Behzat Dursun ji aliy\u00ea komeke ser bi PKK \u00ea ve hat revandin. Ev gr\u00fbp ji endam\u00ean h\u00eaz\u00ean taybet \u00ean Bakur\u00ea Kurdistan\u00ea p\u00eakhateya le\u015fker\u00ee ya PKK \u00ea p\u00eak dihat, l\u00ea kar\u00ea ciwanan dikir. Ev kom rasterast gir\u00eaday\u00ee \u015eah\u00een Koban\u00ee Mazl\u00fbm Ebd\u00ee b\u00fbn. \u015eah\u00een komek ciwan\u00ean Rojava y\u00ean ku bi xwe j\u00ee n\u00eaz\u00ee w\u00ee b\u00fbn li v\u00ea kom\u00ea z\u00eade kir. Her wiha ev kom li ser nav\u00ea HPG\u2019\u00ea bi Bahoz Erdal re j\u00ee gir\u00eaday\u00ee b\u00fb.<\/h3>\n<h3 style=\"text-align: justify\">V\u00ea kom\u00ea gelek meh ber\u00ea Behzat Dursun di\u015fopand. Behzad li D\u00earik\u00ea xwed\u00ee bandor b\u00fb. D\u00earik j\u00ee yek ji wan her\u00eaman b\u00fb ku PDK-S l\u00ea xort b\u00fb. N\u00eaz\u00eek\u00ee ji sed\u00ee 80 \u00ea gund\u00ean D\u00earik\u00ea dilsoz\u00ean partiy\u00ean xwecih\u00ee b\u00fbn. Bi taybet\u00ee j\u00ee Behzat Dursun ku di v\u00ee war\u00ee de berpirsyar b\u00fb, hem ji aliy\u00ea abor\u00ee, aliy\u00ea civak\u00ee ev girse bi r\u00eaxistin kir. Li dora w\u00ee ciwan kom dib\u00fbn.<\/h3>\n<h3 style=\"text-align: justify\">Behzat Dursun ji bo bi\u00e7e Ba\u015f\u00fbr\u00ea Kurdistan\u00ea bi wesay\u00eeta Toyota ku pasawan\u00ea w\u00ee li k\u00ealeka w\u00ee b\u00fb ji her\u00eama Ko\u00e7erata derbas dib\u00fb. Di navbera gund\u00ean \u015eekirxa\u00e7 \u00fb Teqilbiqil\u00ea de wesay\u00eeta du k\u00eelometre d\u00fbr\u00ee s\u00eenor hat rawestandin. Y\u00ean ku wesay\u00eeta Behzad Dursun rawestand\u00ee yek\u00eeneya taybet a PKK \u00ea b\u00fbn. Cil \u00fb berg\u00ean siv\u00eelan li xwe kirib\u00fbn \u00fb m\u00eena ku al\u00eekariy\u00ea bixwazin rawestiyb\u00fbn. D\u00fbv re mirov\u00ean din \u00ean ku li dora r\u00ea xwe ve\u015fart\u00ee ji ni\u015fka ve derketin ser r\u00ea. T\u00eema PKK \u00ea ya ji 4 kesan p\u00eak dihat ji Behzad xwest ku ji wesay\u00eet\u00ea dakeve. Behzat qet bawer nedikir ku ti\u015ftek xirab bibe. M\u00eena sohbeteke normal n\u00eaz b\u00fb. Ji w\u00ee hat xwestin ku derbas\u00ee k\u00ealeka r\u00ea bibe. Dema Behzat got maf\u00ea we n\u00eene, kom\u00ea gule li w\u00ee \u00fb pasawan\u00ea w\u00ee re\u015fandin \u00fb her du j\u00ee gulebaran kirin. Cenaze yekser li qiraxa ava D\u00eecley\u00ea ku Rojava j\u00ea re digotin Ava Mezin, hatin definkirin.<\/h3>\n<h3 style=\"text-align: justify\">Ew devereke berfireh e \u00fb bi dehan gund\u00ean Ko\u00e7er \u00ean gir\u00eaday\u00ee Her\u00eama Ko\u00e7erat e \u00fb boriya petrol\u00ea di gelek gundan re derbas dibe. PKK bi salan e di v\u00ea herem\u00eade xwed\u00ee bandor e. Esad di sala 1991 \u00ea de dest\u00fbr dab\u00fb PKK \u00ea ku s\u00eenor bi kar b\u00eene \u00fb le\u015fker\u00ean Sur\u00eeye ji s\u00eenor veki\u015fandib\u00fb. Her hefte h\u00eaz\u00ean PKK \u00ea ji vir bi r\u00eak \u00fb beleman derbas\u00ee devera \u00c7iyaye Sp\u00ee, Ba\u015f\u00fbr\u00ea Kurdistan\u00ea dib\u00fbn. Dema ku Behzat Dursun hat\u00ee teror kirin, h\u00eaz\u00ean PKK \u00ea li her\u00eam\u00ea binkey\u00ean kontrol\u00ea dan\u00ee b\u00fbn.<\/h3>\n<h3 style=\"text-align: center\"><span style=\"color: #8c0808;font-family: 'arial black', sans-serif\">Tel\u00eemata ku\u015ftin\u00ea Mezl\u00fbm Ebd\u00ee da b\u00fb<\/span><\/h3>\n<h3 style=\"text-align: justify\">Behzat Dursun rasterast ji aliy\u00ea ek\u00eeba ku Mezl\u00fbm Ebd\u00ee tal\u00eemat dab\u00fb ve hat ku\u015ftin. Agahiy\u00ean ku Dursun kesayetek\u00ee metirs\u00eedar e \u00fb ji bo jinav birina PDK-S div\u00ea Dursun were tunekirin hatib\u00fbn day\u00een. Ev n\u00ear\u00een ji aliy\u00ea berpirs\u00ean w\u00ea dem\u00ea y\u00ean TEV-DEM \u00ea \u00fb taybet ji al\u00eey\u00ea Aldar Xel\u00eel ve hatib\u00fb day\u00een.<\/h3>\n<h3 style=\"text-align: justify\">W\u00ea dem\u00ea \u015eah\u00een Koban\u00ee li Rojava xebat\u00ean ve\u015fart\u00ee dikir \u00fb di \u00e7apemeniy\u00ea de nav\u00ea w\u00ee derneket b\u00fb. Ew rasterast li ser nav\u00ea PKK \u00ea dixebit\u00ee. \u00c7eteyek\u00ee ciwanan p\u00ea ve gir\u00eaday\u00ee heb\u00fb. PKK \u00ea siyasetek diyar kirib\u00fb ku ew nav \u00fb malbat\u00ean ku di nava gel de bibandor in, w\u00ea bene arman\u00e7 kirin yan ku\u015ftin an j\u00ee li Rojava derxistin. Ger hewce bike d\u00ea \u015f\u00eedet were bikaran\u00een. PKK \u00ea Cil \u00fb berg\u00ean le\u015fker\u00ean rej\u00eem\u00ea li endam\u00ean xwe di kirin \u00fb dibirin ser mal \u00ean ne PKK\u2019ey\u00ee.\u00a0 Bi v\u00ee reng\u00ee weke ku rejim\u00ea h\u00ear\u00ee\u015f\u00ee wan dike, tevdiger\u00eeyan. Zext li ser mal\u00ean muxal\u00eefan di me\u015fandin, di qetilkirina Mijel Temo de j\u00ee heman r\u00eabaz hat bikaran\u00een.<\/h3>\n<h3 style=\"text-align: center\"><span style=\"color: #8c0808;font-family: 'arial black', sans-serif\">Mazl\u00fbm Ebd\u00ee ne mirovek\u00ee maq\u00fbl e, biryarder\u00ea hem\u00fb b\u00fbyer\u00ean tar\u00eeye<\/span><\/h3>\n<h3 style=\"text-align: justify\">Niha j\u00ee Mazl\u00fbm Ebd\u00ee li ser PYD \u00fb partiy\u00ean din rola mirovek\u00ee maq\u00fbl y\u00ea lihevgir dil\u00eeze. Li aliy\u00ea din partiy\u00ean Rojava her tim bang li w\u00ee dikin. L\u00ea berpirsyar\u00ea hem\u00fb kiryar nediyar, revandina kes\u00ean s\u00eeyas\u00ee, qetilkirin \u00fb \u015fewitandina Mazl\u00fbm Abd\u00ee bi xwe ye.<\/h3>\n<h3 style=\"text-align: justify\">Div\u00ea em \u00ead\u00ee neb\u00eajin \u00c7areniv\u00eesa Behzad Dursun ne diyar e. \u00c7areniv\u00eesa w\u00ee d\u00eeyar e. div\u00ea niha em v\u00ea pirs\u00ea bikin, bila kujer derkevin hol\u00ea, cenazey\u00ean qurban\u00eeyan k\u00eeve ne?<\/h3>\n<h3 style=\"text-align: center\"><span style=\"color: #8c0808;font-family: 'arial black', sans-serif\">Behzad Dursun k\u00ee ye?<\/span><\/h3>\n<h3 style=\"text-align: justify\">Behzad Dursun di sala 1965 an de li gund\u00ea Kiderike y\u00ea ser bi D\u00earika Hemko ve ji dayik b\u00fbye. Gelek endam\u00ean malbat\u00ea y\u00ean ku pi\u015ftgir\u00ee dan \u015fore\u015fa Ba\u015f\u00fbr\u00ea Kurdistan\u00ea heb\u00fbn. Dursun j\u00ee dinava v\u00ee cew\u00ea s\u00eeyas\u00ee de mezin dibe, di sala 1980 de dibe endam\u00ea PDK-S. Ji ser\u00ee ve dest bi xebat\u00ea kir. Li Zan\u00eengeha Firat\u00ea, Fakulteya Perwerdehiy\u00ea qedand\u00eeye.<\/h3>\n<h3 style=\"text-align: justify\">Di gulana 2007 an de di kongreya 10 em\u00een a KDP-S \u00ea de ji bo Kom\u00eeteya Navend\u00ee hate hilbijartin. Bi taybet\u00ee li Her\u00eama D\u00earik\u00ea navek\u00ee nasyar b\u00fb. bi j\u00eer\u00ee ya xwe a r\u00eaxistinkirina ciwanan dihat naskirin. Dursun gir\u00eeng\u00ee di da h\u00eaza p\u00ea\u015fmerge ji bo parastin \u00fb berevaniy\u00ea gel \u00fb welat.<\/h3>\n","protected":false},"excerpt":{"rendered":"<p>Di 24 \u00ea Cotmeha 2012 an de li n\u00eaz\u00ee bajar\u00ea D\u00earik\u00ea y\u00ea Rojava 2 kes bi astengkirina wesay\u00eet\u00ean wan hatin revandin. Yek ji kes\u00ean hatin revandin j\u00ee endam\u00ea Pol\u00eetburoya PDK-S \u00ea Behzad Dursun yek ji kesayet\u00ean gir\u00eeng \u00ean Rojava b\u00fb. Dursun dema hat revandin, N\u00fbner\u00ea D\u00earik\u00ea y\u00ea Enc\u00fbmena Ni\u015ftiman\u00ee ya Kurd\u00ee b\u00fb. Li k\u00ealeka w\u00ee [&hellip;]<\/p>\n","protected":false},"author":2,"featured_media":1033372,"comment_status":"closed","ping_status":"closed","sticky":false,"template":"","format":"standard","meta":{"footnotes":""},"categories":[40],"tags":[37],"class_list":["post-1033371","post","type-post","status-publish","format-standard","has-post-thumbnail","hentry","category-niheni","tag-sereke"],"blocksy_meta":[],"seo_head":"<!-- This site is optimized with the Yoast SEO plugin v27.5 - https:\/\/yoast.com\/product\/yoast-seo-wordpress\/ -->\n<title>B\u00fbyera Behzad Dursun di dehem\u00een salvegera ku\u015ftina w\u00ee de - Darka Maz\u00ee<\/title>\n<meta name=\"robots\" content=\"index, follow, max-snippet:-1, max-image-preview:large, max-video-preview:-1\" \/>\n<link rel=\"canonical\" href=\"https:\/\/darkamazi.info\/archives\/1033371\" \/>\n<meta property=\"og:locale\" content=\"en_US\" \/>\n<meta property=\"og:type\" content=\"article\" \/>\n<meta property=\"og:title\" content=\"B\u00fbyera Behzad Dursun di dehem\u00een salvegera ku\u015ftina w\u00ee de - Darka Maz\u00ee\" \/>\n<meta property=\"og:description\" content=\"Di 24 \u00ea Cotmeha 2012 an de li n\u00eaz\u00ee bajar\u00ea D\u00earik\u00ea y\u00ea Rojava 2 kes bi astengkirina wesay\u00eet\u00ean wan hatin revandin. Yek ji kes\u00ean hatin revandin j\u00ee endam\u00ea Pol\u00eetburoya PDK-S \u00ea Behzad Dursun yek ji kesayet\u00ean gir\u00eeng \u00ean Rojava b\u00fb. Dursun dema hat revandin, N\u00fbner\u00ea D\u00earik\u00ea y\u00ea Enc\u00fbmena Ni\u015ftiman\u00ee ya Kurd\u00ee b\u00fb. Li k\u00ealeka w\u00ee [&hellip;]\" \/>\n<meta property=\"og:url\" content=\"https:\/\/darkamazi.info\/archives\/1033371\" \/>\n<meta property=\"og:site_name\" content=\"Darka Maz\u00ee\" \/>\n<meta property=\"article:publisher\" content=\"https:\/\/www.facebook.com\/DarMaziKurmanci\" \/>\n<meta property=\"article:published_time\" content=\"2022-10-27T18:25:52+00:00\" \/>\n<meta property=\"og:image\" content=\"https:\/\/darkamazi.info\/file\/2022\/10\/bahzad-dursun-behzad-dursun.jpg\" \/>\n\t<meta property=\"og:image:width\" content=\"900\" \/>\n\t<meta property=\"og:image:height\" content=\"497\" \/>\n\t<meta property=\"og:image:type\" content=\"image\/jpeg\" \/>\n<meta name=\"author\" content=\"darka mazi\" \/>\n<meta name=\"twitter:card\" content=\"summary_large_image\" \/>\n<meta name=\"twitter:creator\" content=\"@DarkaMaziLatini\" \/>\n<meta name=\"twitter:site\" content=\"@DarkaMaziLatini\" \/>\n<meta name=\"twitter:label1\" content=\"Written by\" \/>\n\t<meta name=\"twitter:data1\" content=\"darka mazi\" \/>\n\t<meta name=\"twitter:label2\" content=\"Est. reading time\" \/>\n\t<meta name=\"twitter:data2\" content=\"4 minutes\" \/>\n<script type=\"application\/ld+json\" class=\"seo-schema-graph\">{\"@context\":\"https:\\\/\\\/schema.org\",\"@graph\":[{\"@type\":\"Article\",\"@id\":\"https:\\\/\\\/darkamazi.info\\\/archives\\\/1033371#article\",\"isPartOf\":{\"@id\":\"https:\\\/\\\/darkamazi.info\\\/archives\\\/1033371\"},\"author\":{\"name\":\"darka mazi\",\"@id\":\"https:\\\/\\\/darkamazi.info\\\/#\\\/schema\\\/person\\\/5ad3e24553a0567993fa8ed4bd0a776c\"},\"headline\":\"B\u00fbyera Behzad Dursun di dehem\u00een salvegera ku\u015ftina w\u00ee de\",\"datePublished\":\"2022-10-27T18:25:52+00:00\",\"mainEntityOfPage\":{\"@id\":\"https:\\\/\\\/darkamazi.info\\\/archives\\\/1033371\"},\"wordCount\":985,\"publisher\":{\"@id\":\"https:\\\/\\\/darkamazi.info\\\/#organization\"},\"image\":{\"@id\":\"https:\\\/\\\/darkamazi.info\\\/archives\\\/1033371#primaryimage\"},\"thumbnailUrl\":\"https:\\\/\\\/darkamazi.info\\\/darka-content\\\/uploads\\\/2022\\\/10\\\/bahzad-dursun-behzad-dursun.jpg\",\"keywords\":[\"sereke\"],\"articleSection\":[\"Nih\u00ean\u00ee\"],\"inLanguage\":\"en-US\"},{\"@type\":\"WebPage\",\"@id\":\"https:\\\/\\\/darkamazi.info\\\/archives\\\/1033371\",\"url\":\"https:\\\/\\\/darkamazi.info\\\/archives\\\/1033371\",\"name\":\"B\u00fbyera Behzad Dursun di dehem\u00een salvegera ku\u015ftina w\u00ee de - Darka Maz\u00ee\",\"isPartOf\":{\"@id\":\"https:\\\/\\\/darkamazi.info\\\/#website\"},\"primaryImageOfPage\":{\"@id\":\"https:\\\/\\\/darkamazi.info\\\/archives\\\/1033371#primaryimage\"},\"image\":{\"@id\":\"https:\\\/\\\/darkamazi.info\\\/archives\\\/1033371#primaryimage\"},\"thumbnailUrl\":\"https:\\\/\\\/darkamazi.info\\\/darka-content\\\/uploads\\\/2022\\\/10\\\/bahzad-dursun-behzad-dursun.jpg\",\"datePublished\":\"2022-10-27T18:25:52+00:00\",\"breadcrumb\":{\"@id\":\"https:\\\/\\\/darkamazi.info\\\/archives\\\/1033371#breadcrumb\"},\"inLanguage\":\"en-US\",\"potentialAction\":[{\"@type\":\"ReadAction\",\"target\":[\"https:\\\/\\\/darkamazi.info\\\/archives\\\/1033371\"]}]},{\"@type\":\"ImageObject\",\"inLanguage\":\"en-US\",\"@id\":\"https:\\\/\\\/darkamazi.info\\\/archives\\\/1033371#primaryimage\",\"url\":\"https:\\\/\\\/darkamazi.info\\\/darka-content\\\/uploads\\\/2022\\\/10\\\/bahzad-dursun-behzad-dursun.jpg\",\"contentUrl\":\"https:\\\/\\\/darkamazi.info\\\/darka-content\\\/uploads\\\/2022\\\/10\\\/bahzad-dursun-behzad-dursun.jpg\",\"width\":900,\"height\":497,\"caption\":\"B\u00fbyera Behzad Dursun di dehem\u00een salvegera ku\u015ftina w\u00ee de\"},{\"@type\":\"BreadcrumbList\",\"@id\":\"https:\\\/\\\/darkamazi.info\\\/archives\\\/1033371#breadcrumb\",\"itemListElement\":[{\"@type\":\"ListItem\",\"position\":1,\"name\":\"Home\",\"item\":\"https:\\\/\\\/darkamazi.info\\\/\"},{\"@type\":\"ListItem\",\"position\":2,\"name\":\"B\u00fbyera Behzad Dursun di dehem\u00een salvegera ku\u015ftina w\u00ee de\"}]},{\"@type\":\"WebSite\",\"@id\":\"https:\\\/\\\/darkamazi.info\\\/#website\",\"url\":\"https:\\\/\\\/darkamazi.info\\\/\",\"name\":\"Darka Maz\u00ee\",\"description\":\"P\u00eageha Zanyariy\u00ean Nebih\u00eest\u00ee\",\"publisher\":{\"@id\":\"https:\\\/\\\/darkamazi.info\\\/#organization\"},\"potentialAction\":[{\"@type\":\"SearchAction\",\"target\":{\"@type\":\"EntryPoint\",\"urlTemplate\":\"https:\\\/\\\/darkamazi.info\\\/?s={search_term_string}\"},\"query-input\":{\"@type\":\"PropertyValueSpecification\",\"valueRequired\":true,\"valueName\":\"search_term_string\"}}],\"inLanguage\":\"en-US\"},{\"@type\":\"Organization\",\"@id\":\"https:\\\/\\\/darkamazi.info\\\/#organization\",\"name\":\"Darka Maz\u00ee\",\"url\":\"https:\\\/\\\/darkamazi.info\\\/\",\"logo\":{\"@type\":\"ImageObject\",\"inLanguage\":\"en-US\",\"@id\":\"https:\\\/\\\/darkamazi.info\\\/#\\\/schema\\\/logo\\\/image\\\/\",\"url\":\"https:\\\/\\\/darkamazi.info\\\/darka-content\\\/uploads\\\/2017\\\/12\\\/darka-mazi-logo.png\",\"contentUrl\":\"https:\\\/\\\/darkamazi.info\\\/darka-content\\\/uploads\\\/2017\\\/12\\\/darka-mazi-logo.png\",\"width\":151,\"height\":75,\"caption\":\"Darka Maz\u00ee\"},\"image\":{\"@id\":\"https:\\\/\\\/darkamazi.info\\\/#\\\/schema\\\/logo\\\/image\\\/\"},\"sameAs\":[\"https:\\\/\\\/www.facebook.com\\\/DarMaziKurmanci\",\"https:\\\/\\\/x.com\\\/DarkaMaziLatini\",\"https:\\\/\\\/www.instagram.com\\\/darkamazi.kurmanci\\\/\",\"https:\\\/\\\/www.youtube.com\\\/channel\\\/UCa5HkTdmI8U1qCUFuTw8B2g\"]},{\"@type\":\"Person\",\"@id\":\"https:\\\/\\\/darkamazi.info\\\/#\\\/schema\\\/person\\\/5ad3e24553a0567993fa8ed4bd0a776c\",\"name\":\"darka mazi\",\"sameAs\":[\"https:\\\/\\\/darkamazi.info\\\/\"],\"url\":\"https:\\\/\\\/darkamazi.info\\\/archives\\\/author\\\/kurdi\"}]}<\/script>\n<!-- \/ Yoast SEO plugin. -->","seo_head_json":{"title":"B\u00fbyera Behzad Dursun di dehem\u00een salvegera ku\u015ftina w\u00ee de - Darka Maz\u00ee","robots":{"index":"index","follow":"follow","max-snippet":"max-snippet:-1","max-image-preview":"max-image-preview:large","max-video-preview":"max-video-preview:-1"},"canonical":"https:\/\/darkamazi.info\/archives\/1033371","og_locale":"en_US","og_type":"article","og_title":"B\u00fbyera Behzad Dursun di dehem\u00een salvegera ku\u015ftina w\u00ee de - Darka Maz\u00ee","og_description":"Di 24 \u00ea Cotmeha 2012 an de li n\u00eaz\u00ee bajar\u00ea D\u00earik\u00ea y\u00ea Rojava 2 kes bi astengkirina wesay\u00eet\u00ean wan hatin revandin. Yek ji kes\u00ean hatin revandin j\u00ee endam\u00ea Pol\u00eetburoya PDK-S \u00ea Behzad Dursun yek ji kesayet\u00ean gir\u00eeng \u00ean Rojava b\u00fb. Dursun dema hat revandin, N\u00fbner\u00ea D\u00earik\u00ea y\u00ea Enc\u00fbmena Ni\u015ftiman\u00ee ya Kurd\u00ee b\u00fb. Li k\u00ealeka w\u00ee [&hellip;]","og_url":"https:\/\/darkamazi.info\/archives\/1033371","og_site_name":"Darka Maz\u00ee","article_publisher":"https:\/\/www.facebook.com\/DarMaziKurmanci","article_published_time":"2022-10-27T18:25:52+00:00","og_image":[{"width":900,"height":497,"url":"https:\/\/darkamazi.info\/file\/2022\/10\/bahzad-dursun-behzad-dursun.jpg","type":"image\/jpeg"}],"author":"darka mazi","twitter_card":"summary_large_image","twitter_creator":"@DarkaMaziLatini","twitter_site":"@DarkaMaziLatini","twitter_misc":{"Written by":"darka mazi","Est. reading time":"4 minutes"},"schema":{"@context":"https:\/\/schema.org","@graph":[{"@type":"Article","@id":"https:\/\/darkamazi.info\/archives\/1033371#article","isPartOf":{"@id":"https:\/\/darkamazi.info\/archives\/1033371"},"author":{"name":"darka mazi","@id":"https:\/\/darkamazi.info\/#\/schema\/person\/5ad3e24553a0567993fa8ed4bd0a776c"},"headline":"B\u00fbyera Behzad Dursun di dehem\u00een salvegera ku\u015ftina w\u00ee de","datePublished":"2022-10-27T18:25:52+00:00","mainEntityOfPage":{"@id":"https:\/\/darkamazi.info\/archives\/1033371"},"wordCount":985,"publisher":{"@id":"https:\/\/darkamazi.info\/#organization"},"image":{"@id":"https:\/\/darkamazi.info\/archives\/1033371#primaryimage"},"thumbnailUrl":"https:\/\/darkamazi.info\/file\/2022\/10\/bahzad-dursun-behzad-dursun.jpg","keywords":["sereke"],"articleSection":["Nih\u00ean\u00ee"],"inLanguage":"en-US"},{"@type":"WebPage","@id":"https:\/\/darkamazi.info\/archives\/1033371","url":"https:\/\/darkamazi.info\/archives\/1033371","name":"B\u00fbyera Behzad Dursun di dehem\u00een salvegera ku\u015ftina w\u00ee de - Darka Maz\u00ee","isPartOf":{"@id":"https:\/\/darkamazi.info\/#website"},"primaryImageOfPage":{"@id":"https:\/\/darkamazi.info\/archives\/1033371#primaryimage"},"image":{"@id":"https:\/\/darkamazi.info\/archives\/1033371#primaryimage"},"thumbnailUrl":"https:\/\/darkamazi.info\/file\/2022\/10\/bahzad-dursun-behzad-dursun.jpg","datePublished":"2022-10-27T18:25:52+00:00","breadcrumb":{"@id":"https:\/\/darkamazi.info\/archives\/1033371#breadcrumb"},"inLanguage":"en-US","potentialAction":[{"@type":"ReadAction","target":["https:\/\/darkamazi.info\/archives\/1033371"]}]},{"@type":"ImageObject","inLanguage":"en-US","@id":"https:\/\/darkamazi.info\/archives\/1033371#primaryimage","url":"https:\/\/darkamazi.info\/file\/2022\/10\/bahzad-dursun-behzad-dursun.jpg","contentUrl":"https:\/\/darkamazi.info\/file\/2022\/10\/bahzad-dursun-behzad-dursun.jpg","width":900,"height":497,"caption":"B\u00fbyera Behzad Dursun di dehem\u00een salvegera ku\u015ftina w\u00ee de"},{"@type":"BreadcrumbList","@id":"https:\/\/darkamazi.info\/archives\/1033371#breadcrumb","itemListElement":[{"@type":"ListItem","position":1,"name":"Home","item":"https:\/\/darkamazi.info\/"},{"@type":"ListItem","position":2,"name":"B\u00fbyera Behzad Dursun di dehem\u00een salvegera ku\u015ftina w\u00ee de"}]},{"@type":"WebSite","@id":"https:\/\/darkamazi.info\/#website","url":"https:\/\/darkamazi.info\/","name":"Darka Maz\u00ee","description":"P\u00eageha Zanyariy\u00ean Nebih\u00eest\u00ee","publisher":{"@id":"https:\/\/darkamazi.info\/#organization"},"potentialAction":[{"@type":"SearchAction","target":{"@type":"EntryPoint","urlTemplate":"https:\/\/darkamazi.info\/?s={search_term_string}"},"query-input":{"@type":"PropertyValueSpecification","valueRequired":true,"valueName":"search_term_string"}}],"inLanguage":"en-US"},{"@type":"Organization","@id":"https:\/\/darkamazi.info\/#organization","name":"Darka Maz\u00ee","url":"https:\/\/darkamazi.info\/","logo":{"@type":"ImageObject","inLanguage":"en-US","@id":"https:\/\/darkamazi.info\/#\/schema\/logo\/image\/","url":"https:\/\/darkamazi.info\/file\/2017\/12\/darka-mazi-logo.png","contentUrl":"https:\/\/darkamazi.info\/file\/2017\/12\/darka-mazi-logo.png","width":151,"height":75,"caption":"Darka Maz\u00ee"},"image":{"@id":"https:\/\/darkamazi.info\/#\/schema\/logo\/image\/"},"sameAs":["https:\/\/www.facebook.com\/DarMaziKurmanci","https:\/\/x.com\/DarkaMaziLatini","https:\/\/www.instagram.com\/darkamazi.kurmanci\/","https:\/\/www.youtube.com\/channel\/UCa5HkTdmI8U1qCUFuTw8B2g"]},{"@type":"Person","@id":"https:\/\/darkamazi.info\/#\/schema\/person\/5ad3e24553a0567993fa8ed4bd0a776c","name":"darka mazi","sameAs":["https:\/\/darkamazi.info\/"],"url":"https:\/\/darkamazi.info\/archives\/author\/kurdi"}]}},"_links":{"self":[{"href":"https:\/\/darkamazi.info\/funavuv\/wp\/v2\/posts\/1033371","targetHints":{"allow":["GET"]}}],"collection":[{"href":"https:\/\/darkamazi.info\/funavuv\/wp\/v2\/posts"}],"about":[{"href":"https:\/\/darkamazi.info\/funavuv\/wp\/v2\/types\/post"}],"author":[{"embeddable":true,"href":"https:\/\/darkamazi.info\/funavuv\/wp\/v2\/users\/2"}],"replies":[{"embeddable":true,"href":"https:\/\/darkamazi.info\/funavuv\/wp\/v2\/comments?post=1033371"}],"version-history":[{"count":0,"href":"https:\/\/darkamazi.info\/funavuv\/wp\/v2\/posts\/1033371\/revisions"}],"wp:featuredmedia":[{"embeddable":true,"href":"https:\/\/darkamazi.info\/funavuv\/wp\/v2\/media\/1033372"}],"wp:attachment":[{"href":"https:\/\/darkamazi.info\/funavuv\/wp\/v2\/media?parent=1033371"}],"wp:term":[{"taxonomy":"category","embeddable":true,"href":"https:\/\/darkamazi.info\/funavuv\/wp\/v2\/categories?post=1033371"},{"taxonomy":"post_tag","embeddable":true,"href":"https:\/\/darkamazi.info\/funavuv\/wp\/v2\/tags?post=1033371"}],"curies":[{"name":"wp","href":"https:\/\/api.w.org\/{rel}","templated":true}]}}