{"id":1033387,"date":"2022-10-29T14:26:01","date_gmt":"2022-10-29T11:26:01","guid":{"rendered":"https:\/\/darkamazi.info\/?p=1033387"},"modified":"2022-10-29T14:26:01","modified_gmt":"2022-10-29T11:26:01","slug":"fermandareki-pesmerge-gotegoten-erisa-daise-ya-ser-ceperen-me-ne-rast-in","status":"publish","type":"post","link":"https:\/\/darkamazi.info\/archives\/1033387","title":{"rendered":"Fermandarek\u00ee P\u00ea\u015fmerge: Gotegot\u00ean \u00ear\u00ee\u015fa DAI\u015e\u00ea ya ser \u00e7eper\u00ean me ne rast in"},"content":{"rendered":"<h3 style=\"text-align: justify\"><span style=\"font-family: 'arial black', sans-serif\">\u00a0Dereng\u00ea \u015feva bor\u00ee gotegot\u00ean \u00ear\u00ee\u015fa teror\u00eest\u00ean DAI\u015e\u00ea ya ji nahyeya Gulale (Celewla) bi \u00e7ek\u00ean segvaniy\u00ea y\u00ean Qenas\u00ea ve ber bi nav\u00e7eya Kuleco ya li Germiyan\u00ea \u00ear\u00ee\u015f\u00ee \u00e7eper\u00ean P\u00ea\u015fmerge kiriye belav b\u00fbn, l\u00ea efserek\u00ee P\u00ea\u015fmerge ew gotegot red kirin.<\/span><\/h3>\n<h3 style=\"text-align: justify\">\u00cero 29.10.2022y\u00ea Fermandar\u00ea P\u00ea\u015fmerge y\u00ea l\u00eewaya 5 a piyade ya H\u00eaz\u00ean P\u00ea\u015fmerge li gir\u00ean Kelan a Kuleco ya ser bi Kifr\u00ee Muqadem Mer\u00eewan ji BasNews\u00ea re ragehand: \u2018\u2019Ew gotegot\u00ean hatine belav kirin li ser w\u00ea yek\u00ea ku DAI\u015e\u00ea \u00ear\u00ee\u015f kiriye d\u00fbrin ji rastiy\u00ea. L\u00ea li hember \u00e7eper\u00ean me \u00e7eper\u00ean He\u015fd\u00ee \u015eeib\u00ee hene \u00fb wan hin \u00e7ek ceribandine \u00fb li ser \u00e7eper\u00ean me re gule berdane.\u2019\u2019<\/h3>\n<h3 style=\"text-align: justify\">Herwaha got: \u2018\u2019Eger em bib\u00eajin DAI\u015e tine rast niye, \u00e7ekdar\u00ean DAI\u015e\u00ea di valatiy\u00ean ewlehiy\u00ea de hene, l\u00ea \u015feva bor\u00ee ti \u00ear\u00ee\u015fek nekirine, ten\u00ea gule berdan \u00fb \u00e7ek ceribandina He\u015fd\u00ee \u015eeib\u00ee heb\u00fbye.\u2019\u2019<\/h3>\n","protected":false},"excerpt":{"rendered":"<p>\u00a0Dereng\u00ea \u015feva bor\u00ee gotegot\u00ean \u00ear\u00ee\u015fa teror\u00eest\u00ean DAI\u015e\u00ea ya ji nahyeya Gulale (Celewla) bi \u00e7ek\u00ean segvaniy\u00ea y\u00ean Qenas\u00ea ve ber bi nav\u00e7eya Kuleco ya li Germiyan\u00ea \u00ear\u00ee\u015f\u00ee \u00e7eper\u00ean P\u00ea\u015fmerge kiriye belav b\u00fbn, l\u00ea efserek\u00ee P\u00ea\u015fmerge ew gotegot red kirin. \u00cero 29.10.2022y\u00ea Fermandar\u00ea P\u00ea\u015fmerge y\u00ea l\u00eewaya 5 a piyade ya H\u00eaz\u00ean P\u00ea\u015fmerge li gir\u00ean Kelan a Kuleco [&hellip;]<\/p>\n","protected":false},"author":2,"featured_media":1033388,"comment_status":"closed","ping_status":"closed","sticky":false,"template":"","format":"standard","meta":{"footnotes":""},"categories":[29],"tags":[37],"class_list":["post-1033387","post","type-post","status-publish","format-standard","has-post-thumbnail","hentry","category-kurdistan","tag-sereke"],"blocksy_meta":[],"seo_head":"<!-- This site is optimized with the Yoast SEO plugin v27.5 - https:\/\/yoast.com\/product\/yoast-seo-wordpress\/ -->\n<title>Fermandarek\u00ee P\u00ea\u015fmerge: Gotegot\u00ean \u00ear\u00ee\u015fa DAI\u015e\u00ea ya ser \u00e7eper\u00ean me ne rast in - Darka Maz\u00ee<\/title>\n<meta name=\"robots\" content=\"index, follow, max-snippet:-1, max-image-preview:large, max-video-preview:-1\" \/>\n<link rel=\"canonical\" href=\"https:\/\/darkamazi.info\/archives\/1033387\" \/>\n<meta property=\"og:locale\" content=\"en_US\" \/>\n<meta property=\"og:type\" content=\"article\" \/>\n<meta property=\"og:title\" content=\"Fermandarek\u00ee P\u00ea\u015fmerge: Gotegot\u00ean \u00ear\u00ee\u015fa DAI\u015e\u00ea ya ser \u00e7eper\u00ean me ne rast in - Darka Maz\u00ee\" \/>\n<meta property=\"og:description\" content=\"\u00a0Dereng\u00ea \u015feva bor\u00ee gotegot\u00ean \u00ear\u00ee\u015fa teror\u00eest\u00ean DAI\u015e\u00ea ya ji nahyeya Gulale (Celewla) bi \u00e7ek\u00ean segvaniy\u00ea y\u00ean Qenas\u00ea ve ber bi nav\u00e7eya Kuleco ya li Germiyan\u00ea \u00ear\u00ee\u015f\u00ee \u00e7eper\u00ean P\u00ea\u015fmerge kiriye belav b\u00fbn, l\u00ea efserek\u00ee P\u00ea\u015fmerge ew gotegot red kirin. \u00cero 29.10.2022y\u00ea Fermandar\u00ea P\u00ea\u015fmerge y\u00ea l\u00eewaya 5 a piyade ya H\u00eaz\u00ean P\u00ea\u015fmerge li gir\u00ean Kelan a Kuleco [&hellip;]\" \/>\n<meta property=\"og:url\" content=\"https:\/\/darkamazi.info\/archives\/1033387\" \/>\n<meta property=\"og:site_name\" content=\"Darka Maz\u00ee\" \/>\n<meta property=\"article:publisher\" content=\"https:\/\/www.facebook.com\/DarMaziKurmanci\" \/>\n<meta property=\"article:published_time\" content=\"2022-10-29T11:26:01+00:00\" \/>\n<meta property=\"og:image\" content=\"https:\/\/darkamazi.info\/file\/2022\/10\/prshmarga-kurdistan.jpg\" \/>\n\t<meta property=\"og:image:width\" content=\"900\" \/>\n\t<meta property=\"og:image:height\" content=\"497\" \/>\n\t<meta property=\"og:image:type\" content=\"image\/jpeg\" \/>\n<meta name=\"author\" content=\"darka mazi\" \/>\n<meta name=\"twitter:card\" content=\"summary_large_image\" \/>\n<meta name=\"twitter:creator\" content=\"@DarkaMaziLatini\" \/>\n<meta name=\"twitter:site\" content=\"@DarkaMaziLatini\" \/>\n<meta name=\"twitter:label1\" content=\"Written by\" \/>\n\t<meta name=\"twitter:data1\" content=\"darka mazi\" \/>\n\t<meta name=\"twitter:label2\" content=\"Est. reading time\" \/>\n\t<meta name=\"twitter:data2\" content=\"1 minute\" \/>\n<script type=\"application\/ld+json\" class=\"seo-schema-graph\">{\"@context\":\"https:\\\/\\\/schema.org\",\"@graph\":[{\"@type\":\"Article\",\"@id\":\"https:\\\/\\\/darkamazi.info\\\/archives\\\/1033387#article\",\"isPartOf\":{\"@id\":\"https:\\\/\\\/darkamazi.info\\\/archives\\\/1033387\"},\"author\":{\"name\":\"darka mazi\",\"@id\":\"https:\\\/\\\/darkamazi.info\\\/#\\\/schema\\\/person\\\/5ad3e24553a0567993fa8ed4bd0a776c\"},\"headline\":\"Fermandarek\u00ee P\u00ea\u015fmerge: Gotegot\u00ean \u00ear\u00ee\u015fa DAI\u015e\u00ea ya ser \u00e7eper\u00ean me ne rast in\",\"datePublished\":\"2022-10-29T11:26:01+00:00\",\"mainEntityOfPage\":{\"@id\":\"https:\\\/\\\/darkamazi.info\\\/archives\\\/1033387\"},\"wordCount\":176,\"publisher\":{\"@id\":\"https:\\\/\\\/darkamazi.info\\\/#organization\"},\"image\":{\"@id\":\"https:\\\/\\\/darkamazi.info\\\/archives\\\/1033387#primaryimage\"},\"thumbnailUrl\":\"https:\\\/\\\/darkamazi.info\\\/darka-content\\\/uploads\\\/2022\\\/10\\\/prshmarga-kurdistan.jpg\",\"keywords\":[\"sereke\"],\"articleSection\":[\"Kurdistan\"],\"inLanguage\":\"en-US\"},{\"@type\":\"WebPage\",\"@id\":\"https:\\\/\\\/darkamazi.info\\\/archives\\\/1033387\",\"url\":\"https:\\\/\\\/darkamazi.info\\\/archives\\\/1033387\",\"name\":\"Fermandarek\u00ee P\u00ea\u015fmerge: Gotegot\u00ean \u00ear\u00ee\u015fa DAI\u015e\u00ea ya ser \u00e7eper\u00ean me ne rast in - Darka Maz\u00ee\",\"isPartOf\":{\"@id\":\"https:\\\/\\\/darkamazi.info\\\/#website\"},\"primaryImageOfPage\":{\"@id\":\"https:\\\/\\\/darkamazi.info\\\/archives\\\/1033387#primaryimage\"},\"image\":{\"@id\":\"https:\\\/\\\/darkamazi.info\\\/archives\\\/1033387#primaryimage\"},\"thumbnailUrl\":\"https:\\\/\\\/darkamazi.info\\\/darka-content\\\/uploads\\\/2022\\\/10\\\/prshmarga-kurdistan.jpg\",\"datePublished\":\"2022-10-29T11:26:01+00:00\",\"breadcrumb\":{\"@id\":\"https:\\\/\\\/darkamazi.info\\\/archives\\\/1033387#breadcrumb\"},\"inLanguage\":\"en-US\",\"potentialAction\":[{\"@type\":\"ReadAction\",\"target\":[\"https:\\\/\\\/darkamazi.info\\\/archives\\\/1033387\"]}]},{\"@type\":\"ImageObject\",\"inLanguage\":\"en-US\",\"@id\":\"https:\\\/\\\/darkamazi.info\\\/archives\\\/1033387#primaryimage\",\"url\":\"https:\\\/\\\/darkamazi.info\\\/darka-content\\\/uploads\\\/2022\\\/10\\\/prshmarga-kurdistan.jpg\",\"contentUrl\":\"https:\\\/\\\/darkamazi.info\\\/darka-content\\\/uploads\\\/2022\\\/10\\\/prshmarga-kurdistan.jpg\",\"width\":900,\"height\":497,\"caption\":\"Fermandarek\u00ee P\u00ea\u015fmerge: Gotegot\u00ean \u00ear\u00ee\u015fa DAI\u015e\u00ea ya ser \u00e7eper\u00ean me ne rast in\"},{\"@type\":\"BreadcrumbList\",\"@id\":\"https:\\\/\\\/darkamazi.info\\\/archives\\\/1033387#breadcrumb\",\"itemListElement\":[{\"@type\":\"ListItem\",\"position\":1,\"name\":\"Home\",\"item\":\"https:\\\/\\\/darkamazi.info\\\/\"},{\"@type\":\"ListItem\",\"position\":2,\"name\":\"Fermandarek\u00ee P\u00ea\u015fmerge: Gotegot\u00ean \u00ear\u00ee\u015fa DAI\u015e\u00ea ya ser \u00e7eper\u00ean me ne rast in\"}]},{\"@type\":\"WebSite\",\"@id\":\"https:\\\/\\\/darkamazi.info\\\/#website\",\"url\":\"https:\\\/\\\/darkamazi.info\\\/\",\"name\":\"Darka Maz\u00ee\",\"description\":\"P\u00eageha Zanyariy\u00ean Nebih\u00eest\u00ee\",\"publisher\":{\"@id\":\"https:\\\/\\\/darkamazi.info\\\/#organization\"},\"potentialAction\":[{\"@type\":\"SearchAction\",\"target\":{\"@type\":\"EntryPoint\",\"urlTemplate\":\"https:\\\/\\\/darkamazi.info\\\/?s={search_term_string}\"},\"query-input\":{\"@type\":\"PropertyValueSpecification\",\"valueRequired\":true,\"valueName\":\"search_term_string\"}}],\"inLanguage\":\"en-US\"},{\"@type\":\"Organization\",\"@id\":\"https:\\\/\\\/darkamazi.info\\\/#organization\",\"name\":\"Darka Maz\u00ee\",\"url\":\"https:\\\/\\\/darkamazi.info\\\/\",\"logo\":{\"@type\":\"ImageObject\",\"inLanguage\":\"en-US\",\"@id\":\"https:\\\/\\\/darkamazi.info\\\/#\\\/schema\\\/logo\\\/image\\\/\",\"url\":\"https:\\\/\\\/darkamazi.info\\\/darka-content\\\/uploads\\\/2017\\\/12\\\/darka-mazi-logo.png\",\"contentUrl\":\"https:\\\/\\\/darkamazi.info\\\/darka-content\\\/uploads\\\/2017\\\/12\\\/darka-mazi-logo.png\",\"width\":151,\"height\":75,\"caption\":\"Darka Maz\u00ee\"},\"image\":{\"@id\":\"https:\\\/\\\/darkamazi.info\\\/#\\\/schema\\\/logo\\\/image\\\/\"},\"sameAs\":[\"https:\\\/\\\/www.facebook.com\\\/DarMaziKurmanci\",\"https:\\\/\\\/x.com\\\/DarkaMaziLatini\",\"https:\\\/\\\/www.instagram.com\\\/darkamazi.kurmanci\\\/\",\"https:\\\/\\\/www.youtube.com\\\/channel\\\/UCa5HkTdmI8U1qCUFuTw8B2g\"]},{\"@type\":\"Person\",\"@id\":\"https:\\\/\\\/darkamazi.info\\\/#\\\/schema\\\/person\\\/5ad3e24553a0567993fa8ed4bd0a776c\",\"name\":\"darka mazi\",\"sameAs\":[\"https:\\\/\\\/darkamazi.info\\\/\"],\"url\":\"https:\\\/\\\/darkamazi.info\\\/archives\\\/author\\\/kurdi\"}]}<\/script>\n<!-- \/ Yoast SEO plugin. -->","seo_head_json":{"title":"Fermandarek\u00ee P\u00ea\u015fmerge: Gotegot\u00ean \u00ear\u00ee\u015fa DAI\u015e\u00ea ya ser \u00e7eper\u00ean me ne rast in - Darka Maz\u00ee","robots":{"index":"index","follow":"follow","max-snippet":"max-snippet:-1","max-image-preview":"max-image-preview:large","max-video-preview":"max-video-preview:-1"},"canonical":"https:\/\/darkamazi.info\/archives\/1033387","og_locale":"en_US","og_type":"article","og_title":"Fermandarek\u00ee P\u00ea\u015fmerge: Gotegot\u00ean \u00ear\u00ee\u015fa DAI\u015e\u00ea ya ser \u00e7eper\u00ean me ne rast in - Darka Maz\u00ee","og_description":"\u00a0Dereng\u00ea \u015feva bor\u00ee gotegot\u00ean \u00ear\u00ee\u015fa teror\u00eest\u00ean DAI\u015e\u00ea ya ji nahyeya Gulale (Celewla) bi \u00e7ek\u00ean segvaniy\u00ea y\u00ean Qenas\u00ea ve ber bi nav\u00e7eya Kuleco ya li Germiyan\u00ea \u00ear\u00ee\u015f\u00ee \u00e7eper\u00ean P\u00ea\u015fmerge kiriye belav b\u00fbn, l\u00ea efserek\u00ee P\u00ea\u015fmerge ew gotegot red kirin. \u00cero 29.10.2022y\u00ea Fermandar\u00ea P\u00ea\u015fmerge y\u00ea l\u00eewaya 5 a piyade ya H\u00eaz\u00ean P\u00ea\u015fmerge li gir\u00ean Kelan a Kuleco [&hellip;]","og_url":"https:\/\/darkamazi.info\/archives\/1033387","og_site_name":"Darka Maz\u00ee","article_publisher":"https:\/\/www.facebook.com\/DarMaziKurmanci","article_published_time":"2022-10-29T11:26:01+00:00","og_image":[{"width":900,"height":497,"url":"https:\/\/darkamazi.info\/file\/2022\/10\/prshmarga-kurdistan.jpg","type":"image\/jpeg"}],"author":"darka mazi","twitter_card":"summary_large_image","twitter_creator":"@DarkaMaziLatini","twitter_site":"@DarkaMaziLatini","twitter_misc":{"Written by":"darka mazi","Est. reading time":"1 minute"},"schema":{"@context":"https:\/\/schema.org","@graph":[{"@type":"Article","@id":"https:\/\/darkamazi.info\/archives\/1033387#article","isPartOf":{"@id":"https:\/\/darkamazi.info\/archives\/1033387"},"author":{"name":"darka mazi","@id":"https:\/\/darkamazi.info\/#\/schema\/person\/5ad3e24553a0567993fa8ed4bd0a776c"},"headline":"Fermandarek\u00ee P\u00ea\u015fmerge: Gotegot\u00ean \u00ear\u00ee\u015fa DAI\u015e\u00ea ya ser \u00e7eper\u00ean me ne rast in","datePublished":"2022-10-29T11:26:01+00:00","mainEntityOfPage":{"@id":"https:\/\/darkamazi.info\/archives\/1033387"},"wordCount":176,"publisher":{"@id":"https:\/\/darkamazi.info\/#organization"},"image":{"@id":"https:\/\/darkamazi.info\/archives\/1033387#primaryimage"},"thumbnailUrl":"https:\/\/darkamazi.info\/file\/2022\/10\/prshmarga-kurdistan.jpg","keywords":["sereke"],"articleSection":["Kurdistan"],"inLanguage":"en-US"},{"@type":"WebPage","@id":"https:\/\/darkamazi.info\/archives\/1033387","url":"https:\/\/darkamazi.info\/archives\/1033387","name":"Fermandarek\u00ee P\u00ea\u015fmerge: Gotegot\u00ean \u00ear\u00ee\u015fa DAI\u015e\u00ea ya ser \u00e7eper\u00ean me ne rast in - Darka Maz\u00ee","isPartOf":{"@id":"https:\/\/darkamazi.info\/#website"},"primaryImageOfPage":{"@id":"https:\/\/darkamazi.info\/archives\/1033387#primaryimage"},"image":{"@id":"https:\/\/darkamazi.info\/archives\/1033387#primaryimage"},"thumbnailUrl":"https:\/\/darkamazi.info\/file\/2022\/10\/prshmarga-kurdistan.jpg","datePublished":"2022-10-29T11:26:01+00:00","breadcrumb":{"@id":"https:\/\/darkamazi.info\/archives\/1033387#breadcrumb"},"inLanguage":"en-US","potentialAction":[{"@type":"ReadAction","target":["https:\/\/darkamazi.info\/archives\/1033387"]}]},{"@type":"ImageObject","inLanguage":"en-US","@id":"https:\/\/darkamazi.info\/archives\/1033387#primaryimage","url":"https:\/\/darkamazi.info\/file\/2022\/10\/prshmarga-kurdistan.jpg","contentUrl":"https:\/\/darkamazi.info\/file\/2022\/10\/prshmarga-kurdistan.jpg","width":900,"height":497,"caption":"Fermandarek\u00ee P\u00ea\u015fmerge: Gotegot\u00ean \u00ear\u00ee\u015fa DAI\u015e\u00ea ya ser \u00e7eper\u00ean me ne rast in"},{"@type":"BreadcrumbList","@id":"https:\/\/darkamazi.info\/archives\/1033387#breadcrumb","itemListElement":[{"@type":"ListItem","position":1,"name":"Home","item":"https:\/\/darkamazi.info\/"},{"@type":"ListItem","position":2,"name":"Fermandarek\u00ee P\u00ea\u015fmerge: Gotegot\u00ean \u00ear\u00ee\u015fa DAI\u015e\u00ea ya ser \u00e7eper\u00ean me ne rast in"}]},{"@type":"WebSite","@id":"https:\/\/darkamazi.info\/#website","url":"https:\/\/darkamazi.info\/","name":"Darka Maz\u00ee","description":"P\u00eageha Zanyariy\u00ean Nebih\u00eest\u00ee","publisher":{"@id":"https:\/\/darkamazi.info\/#organization"},"potentialAction":[{"@type":"SearchAction","target":{"@type":"EntryPoint","urlTemplate":"https:\/\/darkamazi.info\/?s={search_term_string}"},"query-input":{"@type":"PropertyValueSpecification","valueRequired":true,"valueName":"search_term_string"}}],"inLanguage":"en-US"},{"@type":"Organization","@id":"https:\/\/darkamazi.info\/#organization","name":"Darka Maz\u00ee","url":"https:\/\/darkamazi.info\/","logo":{"@type":"ImageObject","inLanguage":"en-US","@id":"https:\/\/darkamazi.info\/#\/schema\/logo\/image\/","url":"https:\/\/darkamazi.info\/file\/2017\/12\/darka-mazi-logo.png","contentUrl":"https:\/\/darkamazi.info\/file\/2017\/12\/darka-mazi-logo.png","width":151,"height":75,"caption":"Darka Maz\u00ee"},"image":{"@id":"https:\/\/darkamazi.info\/#\/schema\/logo\/image\/"},"sameAs":["https:\/\/www.facebook.com\/DarMaziKurmanci","https:\/\/x.com\/DarkaMaziLatini","https:\/\/www.instagram.com\/darkamazi.kurmanci\/","https:\/\/www.youtube.com\/channel\/UCa5HkTdmI8U1qCUFuTw8B2g"]},{"@type":"Person","@id":"https:\/\/darkamazi.info\/#\/schema\/person\/5ad3e24553a0567993fa8ed4bd0a776c","name":"darka mazi","sameAs":["https:\/\/darkamazi.info\/"],"url":"https:\/\/darkamazi.info\/archives\/author\/kurdi"}]}},"_links":{"self":[{"href":"https:\/\/darkamazi.info\/funavuv\/wp\/v2\/posts\/1033387","targetHints":{"allow":["GET"]}}],"collection":[{"href":"https:\/\/darkamazi.info\/funavuv\/wp\/v2\/posts"}],"about":[{"href":"https:\/\/darkamazi.info\/funavuv\/wp\/v2\/types\/post"}],"author":[{"embeddable":true,"href":"https:\/\/darkamazi.info\/funavuv\/wp\/v2\/users\/2"}],"replies":[{"embeddable":true,"href":"https:\/\/darkamazi.info\/funavuv\/wp\/v2\/comments?post=1033387"}],"version-history":[{"count":0,"href":"https:\/\/darkamazi.info\/funavuv\/wp\/v2\/posts\/1033387\/revisions"}],"wp:featuredmedia":[{"embeddable":true,"href":"https:\/\/darkamazi.info\/funavuv\/wp\/v2\/media\/1033388"}],"wp:attachment":[{"href":"https:\/\/darkamazi.info\/funavuv\/wp\/v2\/media?parent=1033387"}],"wp:term":[{"taxonomy":"category","embeddable":true,"href":"https:\/\/darkamazi.info\/funavuv\/wp\/v2\/categories?post=1033387"},{"taxonomy":"post_tag","embeddable":true,"href":"https:\/\/darkamazi.info\/funavuv\/wp\/v2\/tags?post=1033387"}],"curies":[{"name":"wp","href":"https:\/\/api.w.org\/{rel}","templated":true}]}}