{"id":1033390,"date":"2022-10-29T15:11:06","date_gmt":"2022-10-29T12:11:06","guid":{"rendered":"https:\/\/darkamazi.info\/?p=1033390"},"modified":"2022-10-29T15:11:27","modified_gmt":"2022-10-29T12:11:27","slug":"1033390","status":"publish","type":"post","link":"https:\/\/darkamazi.info\/archives\/1033390","title":{"rendered":"PKK \u00fb bandora w\u00ea"},"content":{"rendered":"<h3 style=\"text-align: justify\"><span style=\"font-family: 'arial black', sans-serif;color: #0000ff\">B\u00fbb\u00ea Eser<\/span><\/h3>\n<h3 style=\"text-align: justify\"><span style=\"font-family: 'arial black', sans-serif\">Ji roja PKK damezrandine \u00fb heta niha armanc \u00fb hedefa w\u00ea tenha ji bona t\u00eakbirina berjewendiya kurd \u00fb kurdistan\u00ea b\u00fb ye. Li ku der\u00ea h\u00eajayiyek Kurdistan\u00ee hebe ji bona t\u00eakbirina w\u00ea \u00e7i j\u00ea hatiye texs\u00eer nekir\u00ee ye \u00fb d\u00ea neke. Ji ber v\u00ea b\u00fb ku dema dagirkeran ew damezrandin \u00fb xwestin ew ango PKK li bakur\u00ea Kurdistan\u00ea bibe desthilat da ku kar\u00ea wan rehet b\u00ea me\u015fandin. Ji bona v\u00ea j\u00ee ji roja PKK derxistin hola Kurdistan\u00ea, w\u00ea bi ku\u015ftina kurdan nav\u00ea xwe belav kir \u00fb xwest bi v\u00ea yek\u00ea hem\u00ee kurdan bitirs\u00eene \u00fb bixe bin kontrola xwe l\u00ea ev yeka ku dagirkeran ji wan dixwest p\u00eak nehat. Her \u00e7iqas\u00ee ew daxwaza dagirkeran p\u00eak nehat j\u00ee, bi dest\u00ea PKK tirs \u00fb xofek xiste nava part\u00ee \u00fb tevger\u00ean hey\u00ee. Bi v\u00ea tirs \u00fb xof\u00ea j\u00ee PKK li ser hin r\u00eaxistinan bandora xwe p\u00eak an\u00ee b\u00fb. L\u00ea v\u00ea t\u00eara dagirkeran ne dikir.<\/span><\/h3>\n<h3 style=\"text-align: justify\">Ji bona PKK bikin desthilata bakur\u00ea Kurdistan\u00ea \u00fb tunekirina part\u00ee \u00fb tevger\u00ean din, karbidest\u00ean tirk darbeyke (hukm\u00ea le\u015fker\u00ee) \u00e7\u00eakirin bi w\u00ea hem\u00ee part\u00ee \u00fb r\u00eaxistin\u00ean kurdan ji hev belav kirin. Pi\u015ftre li ser nav\u00ea PKK \u015fer\u00ea tunekirina kurdan dane destp\u00eakirin \u00fb nav l\u00ea kirin \u015fer\u00ea xilaskirina kurdan. Bi w\u00ea teq\u00een\u00ee \u00fb \u015fer\u00ee, weke \u015fer\u00ea azadiya Kurdistan\u00ea hate bi navkirin \u00fb her ku \u00e7\u00fb \u015fer ge\u015f kirin. W\u00ea dem\u00ea ya div\u00ea herkes li gel w\u00ee \u015fer\u00eebana yan xa\u00een dihatin bi navkirin. Herdu ling\u00ean kurdan xistin solek\u00ea ku ew j\u00ee ya dewleta Kemal\u00eest b\u00fb.<\/h3>\n<h3 style=\"text-align: justify\">\u00c7\u00eeroka w\u00ee \u015fer\u00ee d\u00fbr \u00fb dir\u00eaje. L\u00ea bi qas\u00ee dir\u00eajiya xwe buhisteke axa bakur\u00ea Kurdistan\u00ea azad nekirin. B\u00eatir xerab kirin \u00fb ji bona kurdan w\u00earan\u00ee \u00fb talan\u00ee, ko\u00e7ber\u00ee \u00fb welat\u00ea xwe terkirin an\u00ee. Y\u00ean man j\u00ee piraniya wan ya ji tirsa ya j\u00ee ji ber berjewendiy\u00ean \u015fexs\u00ee ketin bin bondora PKK \u00fb w\u00ea j\u00ee \u00e7i xwest an\u00ee ser\u00ea wan.<\/h3>\n<h3 style=\"text-align: justify\">Topkirina peran, ku\u015ftin \u00fb valakirina gundan \u00ead\u00ee ji bona PKK b\u00fbb\u00fb weke l\u00eestikek\u00ea. Ji ber ku dagirkeran qet \u00fb qet mudaxeley\u00ee kar\u00ea w\u00ea ne dikir. Loma ew kar li gor dil\u00ea wan j\u00ee b\u00fb. Bi kurt kurtas\u00ee tevgera bakur\u00ea Kurdistan\u00ea ya welatpar\u00eaz h\u00eas\u00eer girtin \u00fb kirin y\u00ean xwe.<\/h3>\n<h3 style=\"text-align: justify\">Kes\u00ean ew rexne dikirin an li dij\u00ee wan derdiketin diku\u015ftin y\u00ean nikar\u00eeb\u00fbn an nedixwestin bikujin tesl\u00eem\u00ea dewlet\u00ea dikirin. Dewlet\u00ea j\u00ee wan kesan dixistin z\u00eendan\u00ean xwe \u00fb di virde ew perwerde dikirin da ku ji wan re kar bikin. Wan kes\u00ean weha dema ji z\u00eendan\u00ea derdiketin an dihatin berdan, weke zilam\u00ean dewlet\u00ea di nava PKK de bi cih dikirin da ku xelk xwefiro\u015fiya wan neb\u00eenin.<\/h3>\n<h3 style=\"text-align: justify\">L\u00ea dagirker\u00ean me dizan\u00eeb\u00fbn w\u00ea \u00e7awa xelk\u00ea bikin PKK y\u00ee. Loma ji bona v\u00ea bi dest\u00ean xwe medyayek xurt ku hem\u00ee berpirs\u00ean yekem j\u00ee zilam\u00ean dawlet\u00ean b\u00fbn, ava kirin. Di w\u00ea medyay\u00ea de herroj jahra Kemal\u00eezm\u00ea didan kurdan, ji ber ku hedef \u00fb armanca wan, kurdan bikin tirk\u00ean Kemal\u00eest, b\u00fb.<\/h3>\n<h3 style=\"text-align: justify\">Di nava kar\u00ea medyay\u00ea de yekem car televizyonek dane vekirin \u00fb xistin dest\u00ea PKK da ku ew j\u00ee w\u00ea ji bona fikra Kemal\u00eezm\u00ea bi kurdan bidin qeb\u00fblkirin\u00ea b\u00fb. Helbet kar\u00ea wan ne ten\u00ea ev b\u00fb. Bi r\u00eaya w\u00ea televizyon\u00ea piraniya siyasetmedar, dengb\u00eaj \u00fb hunermendin kurdan derdixistin w\u00ea televizyon\u00ea \u00fb ew canik \u00fb cam\u00earana bi r\u00eaya we televizyon\u00ea dikirin xizmeta Kemal\u00eezm\u00ea. Her ku di\u00e7\u00fb \u015fer\u00ea \u00e7ekdar\u00ee k\u00eam l\u00ea y\u00ea medya y\u00ea z\u00eade dikirin. Bi dehan kovar \u00fb rojname derdixistin. Di destp\u00eak\u00ea de gelekan ji wan re niv\u00ees\u00een \u00fb b\u00fbne rojnemevan\u00ea wan. Kes\u00ean<\/h3>\n<h3 style=\"text-align: justify\">ji w\u00ea xet\u00ea derketana j\u00ee dihatin ku\u015ftin an dixistin z\u00eendan\u00ea da ku wan j\u00ee di wirde weke siyasetmedar\u00ean ku \u015fert\u00ean dewlet\u00ea qeb\u00fbldikirin da ku ji wan re kar bikin, perwerde dikirin. Niha bi saya wan kovar, rojname \u00fb televisyonan piraniya kurdan kirine y\u00ean xwe. Kes\u00ean li wan televizyonan tema\u015fe j\u00ee dikin \u00ead\u00ee dibin ew. Yan\u00ee \u00ead\u00ee doza ti\u015ftek\u00ee nakin \u00fb li dij\u00ee per\u00e7kirina(!) Tirkiye y\u00ea dernakevin. Ya rast\u00ea \u00ead\u00ee doza maf\u00ea xwe y\u00ean rewa j\u00ee nakin. Niha PKK tu ti\u015ftek\u00ee nekin j\u00ee bi saya w\u00ea medya xurt ku bi dest\u00ea dewleta k\u00fbr ji PKK re hatiye amadkirin, kurdan ji fikira netewey\u00ee d\u00fbr dixin. Roj bi roj hizra netewey\u00ee di nava ciwan\u00ean kurdan de dimire \u00fb hezkirina Kemal\u00eezm\u00ea z\u00eade dibe.<\/h3>\n<h3 style=\"text-align: justify\"><span style=\"font-family: 'arial black', sans-serif\">\u00c7areser\u00ee:<\/span><\/h3>\n<h3 style=\"text-align: justify\">Yekitiya h\u00eazeke netewey\u00ee li bakur Kurdista\u00ea \u00fb medyayek ji ya PKK xurtir p\u00eaw\u00eest e. Heger hem\u00ee part\u00ee \u00fb tevger\u00ean hey\u00ee y\u00ean bakur\u00ea Kurdistan\u00ea bi hevre eniyeke netewey\u00ee damezr\u00eenin, dikarin rew\u015f\u00ea hinek\u00ee veger\u00eenin.<\/h3>\n<h3 style=\"text-align: justify\">Ya j\u00ee dezgeheke netewey\u00ee tenha ji bona ziman \u00fb \u00e7anda kurdan b\u00ea damezrandin ev ji kar\u00ea siyas\u00ee d\u00fbr be. Kar \u00fb xebat\u00ean w\u00ea tenha ji bona ziman \u00fb \u00e7anda kurd\u00ee be. Dibe ku bi saya dezgegeke weha, xelk \u00fb ciwan li ziman\u00ea xwe vegerin. Heb\u00fbna ziman \u00fb bi karan\u00eena w\u00ee d\u00ea hizra netewey\u00ee di nava ciwanan de ge\u015f bike. Ge\u015fb\u00fbn \u00fb bilindb\u00fbna hizra netewey\u00ee j\u00ee d\u00ea bibe sedema daxwaza maf\u00ea xwe \u00ea rewa. Loma niha kar tenha div\u00ea bibe hizra netewey\u00ee di nava ciwanan de ge\u015fkirin. Ew j\u00ee li ziman\u00ea xwe, li adet \u00fb torey\u00ean xwe veger\u00een\u00ea dibe\u2026<\/h3>\n","protected":false},"excerpt":{"rendered":"<p>B\u00fbb\u00ea Eser Ji roja PKK damezrandine \u00fb heta niha armanc \u00fb hedefa w\u00ea tenha ji bona t\u00eakbirina berjewendiya kurd \u00fb kurdistan\u00ea b\u00fb ye. Li ku der\u00ea h\u00eajayiyek Kurdistan\u00ee hebe ji bona t\u00eakbirina w\u00ea \u00e7i j\u00ea hatiye texs\u00eer nekir\u00ee ye \u00fb d\u00ea neke. Ji ber v\u00ea b\u00fb ku dema dagirkeran ew damezrandin \u00fb xwestin ew ango [&hellip;]<\/p>\n","protected":false},"author":2,"featured_media":1033391,"comment_status":"closed","ping_status":"closed","sticky":false,"template":"","format":"standard","meta":{"footnotes":""},"categories":[28],"tags":[37],"class_list":["post-1033390","post","type-post","status-publish","format-standard","has-post-thumbnail","hentry","category-nerin","tag-sereke"],"blocksy_meta":[],"seo_head":"<!-- This site is optimized with the Yoast SEO plugin v27.5 - https:\/\/yoast.com\/product\/yoast-seo-wordpress\/ -->\n<title>PKK \u00fb bandora w\u00ea - Darka Maz\u00ee<\/title>\n<meta name=\"robots\" content=\"index, follow, max-snippet:-1, max-image-preview:large, max-video-preview:-1\" \/>\n<link rel=\"canonical\" href=\"https:\/\/darkamazi.info\/archives\/1033390\" \/>\n<meta property=\"og:locale\" content=\"en_US\" \/>\n<meta property=\"og:type\" content=\"article\" \/>\n<meta property=\"og:title\" content=\"PKK \u00fb bandora w\u00ea - Darka Maz\u00ee\" \/>\n<meta property=\"og:description\" content=\"B\u00fbb\u00ea Eser Ji roja PKK damezrandine \u00fb heta niha armanc \u00fb hedefa w\u00ea tenha ji bona t\u00eakbirina berjewendiya kurd \u00fb kurdistan\u00ea b\u00fb ye. Li ku der\u00ea h\u00eajayiyek Kurdistan\u00ee hebe ji bona t\u00eakbirina w\u00ea \u00e7i j\u00ea hatiye texs\u00eer nekir\u00ee ye \u00fb d\u00ea neke. Ji ber v\u00ea b\u00fb ku dema dagirkeran ew damezrandin \u00fb xwestin ew ango [&hellip;]\" \/>\n<meta property=\"og:url\" content=\"https:\/\/darkamazi.info\/archives\/1033390\" \/>\n<meta property=\"og:site_name\" content=\"Darka Maz\u00ee\" \/>\n<meta property=\"article:publisher\" content=\"https:\/\/www.facebook.com\/DarMaziKurmanci\" \/>\n<meta property=\"article:published_time\" content=\"2022-10-29T12:11:06+00:00\" \/>\n<meta property=\"article:modified_time\" content=\"2022-10-29T12:11:27+00:00\" \/>\n<meta property=\"og:image\" content=\"https:\/\/darkamazi.info\/file\/2022\/10\/Bube-eser.jpg\" \/>\n\t<meta property=\"og:image:width\" content=\"900\" \/>\n\t<meta property=\"og:image:height\" content=\"497\" \/>\n\t<meta property=\"og:image:type\" content=\"image\/jpeg\" \/>\n<meta name=\"author\" content=\"darka mazi\" \/>\n<meta name=\"twitter:card\" content=\"summary_large_image\" \/>\n<meta name=\"twitter:creator\" content=\"@DarkaMaziLatini\" \/>\n<meta name=\"twitter:site\" content=\"@DarkaMaziLatini\" \/>\n<meta name=\"twitter:label1\" content=\"Written by\" \/>\n\t<meta name=\"twitter:data1\" content=\"darka mazi\" \/>\n\t<meta name=\"twitter:label2\" content=\"Est. reading time\" \/>\n\t<meta name=\"twitter:data2\" content=\"4 minutes\" \/>\n<script type=\"application\/ld+json\" class=\"seo-schema-graph\">{\"@context\":\"https:\\\/\\\/schema.org\",\"@graph\":[{\"@type\":\"Article\",\"@id\":\"https:\\\/\\\/darkamazi.info\\\/archives\\\/1033390#article\",\"isPartOf\":{\"@id\":\"https:\\\/\\\/darkamazi.info\\\/archives\\\/1033390\"},\"author\":{\"name\":\"darka mazi\",\"@id\":\"https:\\\/\\\/darkamazi.info\\\/#\\\/schema\\\/person\\\/5ad3e24553a0567993fa8ed4bd0a776c\"},\"headline\":\"PKK \u00fb bandora w\u00ea\",\"datePublished\":\"2022-10-29T12:11:06+00:00\",\"dateModified\":\"2022-10-29T12:11:27+00:00\",\"mainEntityOfPage\":{\"@id\":\"https:\\\/\\\/darkamazi.info\\\/archives\\\/1033390\"},\"wordCount\":875,\"publisher\":{\"@id\":\"https:\\\/\\\/darkamazi.info\\\/#organization\"},\"image\":{\"@id\":\"https:\\\/\\\/darkamazi.info\\\/archives\\\/1033390#primaryimage\"},\"thumbnailUrl\":\"https:\\\/\\\/darkamazi.info\\\/darka-content\\\/uploads\\\/2022\\\/10\\\/Bube-eser.jpg\",\"keywords\":[\"sereke\"],\"articleSection\":[\"Ner\u00een\"],\"inLanguage\":\"en-US\"},{\"@type\":\"WebPage\",\"@id\":\"https:\\\/\\\/darkamazi.info\\\/archives\\\/1033390\",\"url\":\"https:\\\/\\\/darkamazi.info\\\/archives\\\/1033390\",\"name\":\"PKK \u00fb bandora w\u00ea - Darka Maz\u00ee\",\"isPartOf\":{\"@id\":\"https:\\\/\\\/darkamazi.info\\\/#website\"},\"primaryImageOfPage\":{\"@id\":\"https:\\\/\\\/darkamazi.info\\\/archives\\\/1033390#primaryimage\"},\"image\":{\"@id\":\"https:\\\/\\\/darkamazi.info\\\/archives\\\/1033390#primaryimage\"},\"thumbnailUrl\":\"https:\\\/\\\/darkamazi.info\\\/darka-content\\\/uploads\\\/2022\\\/10\\\/Bube-eser.jpg\",\"datePublished\":\"2022-10-29T12:11:06+00:00\",\"dateModified\":\"2022-10-29T12:11:27+00:00\",\"breadcrumb\":{\"@id\":\"https:\\\/\\\/darkamazi.info\\\/archives\\\/1033390#breadcrumb\"},\"inLanguage\":\"en-US\",\"potentialAction\":[{\"@type\":\"ReadAction\",\"target\":[\"https:\\\/\\\/darkamazi.info\\\/archives\\\/1033390\"]}]},{\"@type\":\"ImageObject\",\"inLanguage\":\"en-US\",\"@id\":\"https:\\\/\\\/darkamazi.info\\\/archives\\\/1033390#primaryimage\",\"url\":\"https:\\\/\\\/darkamazi.info\\\/darka-content\\\/uploads\\\/2022\\\/10\\\/Bube-eser.jpg\",\"contentUrl\":\"https:\\\/\\\/darkamazi.info\\\/darka-content\\\/uploads\\\/2022\\\/10\\\/Bube-eser.jpg\",\"width\":900,\"height\":497,\"caption\":\"PKK \u00fb bandora w\u00ea\"},{\"@type\":\"BreadcrumbList\",\"@id\":\"https:\\\/\\\/darkamazi.info\\\/archives\\\/1033390#breadcrumb\",\"itemListElement\":[{\"@type\":\"ListItem\",\"position\":1,\"name\":\"Home\",\"item\":\"https:\\\/\\\/darkamazi.info\\\/\"},{\"@type\":\"ListItem\",\"position\":2,\"name\":\"PKK \u00fb bandora w\u00ea\"}]},{\"@type\":\"WebSite\",\"@id\":\"https:\\\/\\\/darkamazi.info\\\/#website\",\"url\":\"https:\\\/\\\/darkamazi.info\\\/\",\"name\":\"Darka Maz\u00ee\",\"description\":\"P\u00eageha Zanyariy\u00ean Nebih\u00eest\u00ee\",\"publisher\":{\"@id\":\"https:\\\/\\\/darkamazi.info\\\/#organization\"},\"potentialAction\":[{\"@type\":\"SearchAction\",\"target\":{\"@type\":\"EntryPoint\",\"urlTemplate\":\"https:\\\/\\\/darkamazi.info\\\/?s={search_term_string}\"},\"query-input\":{\"@type\":\"PropertyValueSpecification\",\"valueRequired\":true,\"valueName\":\"search_term_string\"}}],\"inLanguage\":\"en-US\"},{\"@type\":\"Organization\",\"@id\":\"https:\\\/\\\/darkamazi.info\\\/#organization\",\"name\":\"Darka Maz\u00ee\",\"url\":\"https:\\\/\\\/darkamazi.info\\\/\",\"logo\":{\"@type\":\"ImageObject\",\"inLanguage\":\"en-US\",\"@id\":\"https:\\\/\\\/darkamazi.info\\\/#\\\/schema\\\/logo\\\/image\\\/\",\"url\":\"https:\\\/\\\/darkamazi.info\\\/darka-content\\\/uploads\\\/2017\\\/12\\\/darka-mazi-logo.png\",\"contentUrl\":\"https:\\\/\\\/darkamazi.info\\\/darka-content\\\/uploads\\\/2017\\\/12\\\/darka-mazi-logo.png\",\"width\":151,\"height\":75,\"caption\":\"Darka Maz\u00ee\"},\"image\":{\"@id\":\"https:\\\/\\\/darkamazi.info\\\/#\\\/schema\\\/logo\\\/image\\\/\"},\"sameAs\":[\"https:\\\/\\\/www.facebook.com\\\/DarMaziKurmanci\",\"https:\\\/\\\/x.com\\\/DarkaMaziLatini\",\"https:\\\/\\\/www.instagram.com\\\/darkamazi.kurmanci\\\/\",\"https:\\\/\\\/www.youtube.com\\\/channel\\\/UCa5HkTdmI8U1qCUFuTw8B2g\"]},{\"@type\":\"Person\",\"@id\":\"https:\\\/\\\/darkamazi.info\\\/#\\\/schema\\\/person\\\/5ad3e24553a0567993fa8ed4bd0a776c\",\"name\":\"darka mazi\",\"sameAs\":[\"https:\\\/\\\/darkamazi.info\\\/\"],\"url\":\"https:\\\/\\\/darkamazi.info\\\/archives\\\/author\\\/kurdi\"}]}<\/script>\n<!-- \/ Yoast SEO plugin. -->","seo_head_json":{"title":"PKK \u00fb bandora w\u00ea - Darka Maz\u00ee","robots":{"index":"index","follow":"follow","max-snippet":"max-snippet:-1","max-image-preview":"max-image-preview:large","max-video-preview":"max-video-preview:-1"},"canonical":"https:\/\/darkamazi.info\/archives\/1033390","og_locale":"en_US","og_type":"article","og_title":"PKK \u00fb bandora w\u00ea - Darka Maz\u00ee","og_description":"B\u00fbb\u00ea Eser Ji roja PKK damezrandine \u00fb heta niha armanc \u00fb hedefa w\u00ea tenha ji bona t\u00eakbirina berjewendiya kurd \u00fb kurdistan\u00ea b\u00fb ye. Li ku der\u00ea h\u00eajayiyek Kurdistan\u00ee hebe ji bona t\u00eakbirina w\u00ea \u00e7i j\u00ea hatiye texs\u00eer nekir\u00ee ye \u00fb d\u00ea neke. Ji ber v\u00ea b\u00fb ku dema dagirkeran ew damezrandin \u00fb xwestin ew ango [&hellip;]","og_url":"https:\/\/darkamazi.info\/archives\/1033390","og_site_name":"Darka Maz\u00ee","article_publisher":"https:\/\/www.facebook.com\/DarMaziKurmanci","article_published_time":"2022-10-29T12:11:06+00:00","article_modified_time":"2022-10-29T12:11:27+00:00","og_image":[{"width":900,"height":497,"url":"https:\/\/darkamazi.info\/file\/2022\/10\/Bube-eser.jpg","type":"image\/jpeg"}],"author":"darka mazi","twitter_card":"summary_large_image","twitter_creator":"@DarkaMaziLatini","twitter_site":"@DarkaMaziLatini","twitter_misc":{"Written by":"darka mazi","Est. reading time":"4 minutes"},"schema":{"@context":"https:\/\/schema.org","@graph":[{"@type":"Article","@id":"https:\/\/darkamazi.info\/archives\/1033390#article","isPartOf":{"@id":"https:\/\/darkamazi.info\/archives\/1033390"},"author":{"name":"darka mazi","@id":"https:\/\/darkamazi.info\/#\/schema\/person\/5ad3e24553a0567993fa8ed4bd0a776c"},"headline":"PKK \u00fb bandora w\u00ea","datePublished":"2022-10-29T12:11:06+00:00","dateModified":"2022-10-29T12:11:27+00:00","mainEntityOfPage":{"@id":"https:\/\/darkamazi.info\/archives\/1033390"},"wordCount":875,"publisher":{"@id":"https:\/\/darkamazi.info\/#organization"},"image":{"@id":"https:\/\/darkamazi.info\/archives\/1033390#primaryimage"},"thumbnailUrl":"https:\/\/darkamazi.info\/file\/2022\/10\/Bube-eser.jpg","keywords":["sereke"],"articleSection":["Ner\u00een"],"inLanguage":"en-US"},{"@type":"WebPage","@id":"https:\/\/darkamazi.info\/archives\/1033390","url":"https:\/\/darkamazi.info\/archives\/1033390","name":"PKK \u00fb bandora w\u00ea - Darka Maz\u00ee","isPartOf":{"@id":"https:\/\/darkamazi.info\/#website"},"primaryImageOfPage":{"@id":"https:\/\/darkamazi.info\/archives\/1033390#primaryimage"},"image":{"@id":"https:\/\/darkamazi.info\/archives\/1033390#primaryimage"},"thumbnailUrl":"https:\/\/darkamazi.info\/file\/2022\/10\/Bube-eser.jpg","datePublished":"2022-10-29T12:11:06+00:00","dateModified":"2022-10-29T12:11:27+00:00","breadcrumb":{"@id":"https:\/\/darkamazi.info\/archives\/1033390#breadcrumb"},"inLanguage":"en-US","potentialAction":[{"@type":"ReadAction","target":["https:\/\/darkamazi.info\/archives\/1033390"]}]},{"@type":"ImageObject","inLanguage":"en-US","@id":"https:\/\/darkamazi.info\/archives\/1033390#primaryimage","url":"https:\/\/darkamazi.info\/file\/2022\/10\/Bube-eser.jpg","contentUrl":"https:\/\/darkamazi.info\/file\/2022\/10\/Bube-eser.jpg","width":900,"height":497,"caption":"PKK \u00fb bandora w\u00ea"},{"@type":"BreadcrumbList","@id":"https:\/\/darkamazi.info\/archives\/1033390#breadcrumb","itemListElement":[{"@type":"ListItem","position":1,"name":"Home","item":"https:\/\/darkamazi.info\/"},{"@type":"ListItem","position":2,"name":"PKK \u00fb bandora w\u00ea"}]},{"@type":"WebSite","@id":"https:\/\/darkamazi.info\/#website","url":"https:\/\/darkamazi.info\/","name":"Darka Maz\u00ee","description":"P\u00eageha Zanyariy\u00ean Nebih\u00eest\u00ee","publisher":{"@id":"https:\/\/darkamazi.info\/#organization"},"potentialAction":[{"@type":"SearchAction","target":{"@type":"EntryPoint","urlTemplate":"https:\/\/darkamazi.info\/?s={search_term_string}"},"query-input":{"@type":"PropertyValueSpecification","valueRequired":true,"valueName":"search_term_string"}}],"inLanguage":"en-US"},{"@type":"Organization","@id":"https:\/\/darkamazi.info\/#organization","name":"Darka Maz\u00ee","url":"https:\/\/darkamazi.info\/","logo":{"@type":"ImageObject","inLanguage":"en-US","@id":"https:\/\/darkamazi.info\/#\/schema\/logo\/image\/","url":"https:\/\/darkamazi.info\/file\/2017\/12\/darka-mazi-logo.png","contentUrl":"https:\/\/darkamazi.info\/file\/2017\/12\/darka-mazi-logo.png","width":151,"height":75,"caption":"Darka Maz\u00ee"},"image":{"@id":"https:\/\/darkamazi.info\/#\/schema\/logo\/image\/"},"sameAs":["https:\/\/www.facebook.com\/DarMaziKurmanci","https:\/\/x.com\/DarkaMaziLatini","https:\/\/www.instagram.com\/darkamazi.kurmanci\/","https:\/\/www.youtube.com\/channel\/UCa5HkTdmI8U1qCUFuTw8B2g"]},{"@type":"Person","@id":"https:\/\/darkamazi.info\/#\/schema\/person\/5ad3e24553a0567993fa8ed4bd0a776c","name":"darka mazi","sameAs":["https:\/\/darkamazi.info\/"],"url":"https:\/\/darkamazi.info\/archives\/author\/kurdi"}]}},"_links":{"self":[{"href":"https:\/\/darkamazi.info\/funavuv\/wp\/v2\/posts\/1033390","targetHints":{"allow":["GET"]}}],"collection":[{"href":"https:\/\/darkamazi.info\/funavuv\/wp\/v2\/posts"}],"about":[{"href":"https:\/\/darkamazi.info\/funavuv\/wp\/v2\/types\/post"}],"author":[{"embeddable":true,"href":"https:\/\/darkamazi.info\/funavuv\/wp\/v2\/users\/2"}],"replies":[{"embeddable":true,"href":"https:\/\/darkamazi.info\/funavuv\/wp\/v2\/comments?post=1033390"}],"version-history":[{"count":0,"href":"https:\/\/darkamazi.info\/funavuv\/wp\/v2\/posts\/1033390\/revisions"}],"wp:featuredmedia":[{"embeddable":true,"href":"https:\/\/darkamazi.info\/funavuv\/wp\/v2\/media\/1033391"}],"wp:attachment":[{"href":"https:\/\/darkamazi.info\/funavuv\/wp\/v2\/media?parent=1033390"}],"wp:term":[{"taxonomy":"category","embeddable":true,"href":"https:\/\/darkamazi.info\/funavuv\/wp\/v2\/categories?post=1033390"},{"taxonomy":"post_tag","embeddable":true,"href":"https:\/\/darkamazi.info\/funavuv\/wp\/v2\/tags?post=1033390"}],"curies":[{"name":"wp","href":"https:\/\/api.w.org\/{rel}","templated":true}]}}