{"id":1033407,"date":"2022-10-30T12:00:40","date_gmt":"2022-10-30T09:00:40","guid":{"rendered":"https:\/\/darkamazi.info\/?p=1033407"},"modified":"2022-10-30T12:00:40","modified_gmt":"2022-10-30T09:00:40","slug":"psk-kongreya-xwe-ya-3emin-li-dar-dixe","status":"publish","type":"post","link":"https:\/\/darkamazi.info\/archives\/1033407","title":{"rendered":"PSK kongreya xwe ya 3em\u00een li dar dixe"},"content":{"rendered":"<h3 style=\"text-align: justify\"><span style=\"font-family: 'arial black', sans-serif\">Partiya Sosyal\u00eest a Kurdistan\u00ea (PSK) li Diyarbekir\u00ea kongreya xwe 3. li dar dixe. T\u00ea p\u00ea\u015fb\u00een\u00eekirin ku Bayram Bozyel bibe serok\u00ea n\u00fb y\u00ea PSK\u00ea.<\/span><\/h3>\n<h3 style=\"text-align: justify\"><span style=\"font-family: arial, helvetica, sans-serif\">Partiya Sosyal\u00eesta Kurdistan\u00ea (PSK) kongreya xwe ya s\u00eayem li Diyarbekir\u00ea li dar dixe. Di kongreya s\u00eayem de Mes\u00fbt Tek ku ji destp\u00eaka PSK\u00ea ve ango ji sala 2016an ve serok\u00ea partiye ye nabe namzed\u00ea serokatiya PSK\u00ea.<\/span><\/h3>\n<h3 style=\"text-align: justify\"><span style=\"font-family: arial, helvetica, sans-serif\">Di kongrey\u00ea de namzedek\u00ee ten\u00ea heye, ew j\u00ee Bayram Bozyel e ku c\u00eegir\u00ea Mes\u00fbt Tek b\u00fb \u00fb yek ji damezr\u00eaner\u00ean partiy\u00ea ye.<\/span><\/h3>\n<h3 style=\"text-align: justify\"><span style=\"font-family: arial, helvetica, sans-serif\">Partiya Sosyal\u00eest a Kurdistan\u00ea (PSK) di Gulana 2016an de bi awayek\u00ee ferm\u00ee hatiye damezirandin, l\u00ea ji ber ku di nav\u00ea w\u00ea de peyva Kurdistan\u00ea heye, rast\u00ee astengiyan hat.<\/span><\/h3>\n<h3 style=\"text-align: justify\"><span style=\"font-family: arial, helvetica, sans-serif\">P\u00ea\u015f\u00ee Serdozgeriya Komar\u00ee ji ber ku di nav\u00ea w\u00ea de Kurdistan heye \u00fb r\u00eaziknameya w\u00ea de t\u00ea gotin \u201cMaf\u00ea Destn\u00ee\u015fankirina \u00c7areniv\u00eesa Kurdan Heye\u201d hi\u015fyar\u00ee da PSK\u00ea.<\/span><\/h3>\n<h3 style=\"text-align: justify\"><span style=\"font-family: arial, helvetica, sans-serif\">Di sala 2019an de j\u00ee bi heman sedeman Serdozgeriya Komar\u00ee ya Dadgeha Bilind li Dadgeha Makezagon\u00ea doza girtin\u00ea li PSK\u00ea vekir.<\/span><\/h3>\n<h3 style=\"text-align: justify\"><span style=\"font-family: arial, helvetica, sans-serif\">Ji ber ku di nav\u00ea w\u00ea de Kurdistan derbas dibe li bajar\u00ean Rojavay\u00ea Tirkiyey\u00ea y\u00ean wek Izm\u00eer \u00fb man\u00eesay\u00ea rast\u00ee \u00ear\u00ee\u015fan hatib\u00fb.<\/span><\/h3>\n","protected":false},"excerpt":{"rendered":"<p>Partiya Sosyal\u00eest a Kurdistan\u00ea (PSK) li Diyarbekir\u00ea kongreya xwe 3. li dar dixe. T\u00ea p\u00ea\u015fb\u00een\u00eekirin ku Bayram Bozyel bibe serok\u00ea n\u00fb y\u00ea PSK\u00ea. Partiya Sosyal\u00eesta Kurdistan\u00ea (PSK) kongreya xwe ya s\u00eayem li Diyarbekir\u00ea li dar dixe. Di kongreya s\u00eayem de Mes\u00fbt Tek ku ji destp\u00eaka PSK\u00ea ve ango ji sala 2016an ve serok\u00ea partiye ye [&hellip;]<\/p>\n","protected":false},"author":2,"featured_media":1033408,"comment_status":"closed","ping_status":"closed","sticky":false,"template":"","format":"standard","meta":{"footnotes":""},"categories":[29],"tags":[37],"class_list":["post-1033407","post","type-post","status-publish","format-standard","has-post-thumbnail","hentry","category-kurdistan","tag-sereke"],"blocksy_meta":[],"seo_head":"<!-- This site is optimized with the Yoast SEO plugin v27.5 - https:\/\/yoast.com\/product\/yoast-seo-wordpress\/ -->\n<title>PSK kongreya xwe ya 3em\u00een li dar dixe - Darka Maz\u00ee<\/title>\n<meta name=\"robots\" content=\"index, follow, max-snippet:-1, max-image-preview:large, max-video-preview:-1\" \/>\n<link rel=\"canonical\" href=\"https:\/\/darkamazi.info\/archives\/1033407\" \/>\n<meta property=\"og:locale\" content=\"en_US\" \/>\n<meta property=\"og:type\" content=\"article\" \/>\n<meta property=\"og:title\" content=\"PSK kongreya xwe ya 3em\u00een li dar dixe - Darka Maz\u00ee\" \/>\n<meta property=\"og:description\" content=\"Partiya Sosyal\u00eest a Kurdistan\u00ea (PSK) li Diyarbekir\u00ea kongreya xwe 3. li dar dixe. T\u00ea p\u00ea\u015fb\u00een\u00eekirin ku Bayram Bozyel bibe serok\u00ea n\u00fb y\u00ea PSK\u00ea. Partiya Sosyal\u00eesta Kurdistan\u00ea (PSK) kongreya xwe ya s\u00eayem li Diyarbekir\u00ea li dar dixe. Di kongreya s\u00eayem de Mes\u00fbt Tek ku ji destp\u00eaka PSK\u00ea ve ango ji sala 2016an ve serok\u00ea partiye ye [&hellip;]\" \/>\n<meta property=\"og:url\" content=\"https:\/\/darkamazi.info\/archives\/1033407\" \/>\n<meta property=\"og:site_name\" content=\"Darka Maz\u00ee\" \/>\n<meta property=\"article:publisher\" content=\"https:\/\/www.facebook.com\/DarMaziKurmanci\" \/>\n<meta property=\"article:published_time\" content=\"2022-10-30T09:00:40+00:00\" \/>\n<meta property=\"og:image\" content=\"https:\/\/darkamazi.info\/file\/2022\/10\/psk-kurdistan-diyarbekir.jpg\" \/>\n\t<meta property=\"og:image:width\" content=\"900\" \/>\n\t<meta property=\"og:image:height\" content=\"497\" \/>\n\t<meta property=\"og:image:type\" content=\"image\/jpeg\" \/>\n<meta name=\"author\" content=\"darka mazi\" \/>\n<meta name=\"twitter:card\" content=\"summary_large_image\" \/>\n<meta name=\"twitter:creator\" content=\"@DarkaMaziLatini\" \/>\n<meta name=\"twitter:site\" content=\"@DarkaMaziLatini\" \/>\n<meta name=\"twitter:label1\" content=\"Written by\" \/>\n\t<meta name=\"twitter:data1\" content=\"darka mazi\" \/>\n\t<meta name=\"twitter:label2\" content=\"Est. reading time\" \/>\n\t<meta name=\"twitter:data2\" content=\"1 minute\" \/>\n<script type=\"application\/ld+json\" class=\"seo-schema-graph\">{\"@context\":\"https:\\\/\\\/schema.org\",\"@graph\":[{\"@type\":\"Article\",\"@id\":\"https:\\\/\\\/darkamazi.info\\\/archives\\\/1033407#article\",\"isPartOf\":{\"@id\":\"https:\\\/\\\/darkamazi.info\\\/archives\\\/1033407\"},\"author\":{\"name\":\"darka mazi\",\"@id\":\"https:\\\/\\\/darkamazi.info\\\/#\\\/schema\\\/person\\\/5ad3e24553a0567993fa8ed4bd0a776c\"},\"headline\":\"PSK kongreya xwe ya 3em\u00een li dar dixe\",\"datePublished\":\"2022-10-30T09:00:40+00:00\",\"mainEntityOfPage\":{\"@id\":\"https:\\\/\\\/darkamazi.info\\\/archives\\\/1033407\"},\"wordCount\":206,\"publisher\":{\"@id\":\"https:\\\/\\\/darkamazi.info\\\/#organization\"},\"image\":{\"@id\":\"https:\\\/\\\/darkamazi.info\\\/archives\\\/1033407#primaryimage\"},\"thumbnailUrl\":\"https:\\\/\\\/darkamazi.info\\\/darka-content\\\/uploads\\\/2022\\\/10\\\/psk-kurdistan-diyarbekir.jpg\",\"keywords\":[\"sereke\"],\"articleSection\":[\"Kurdistan\"],\"inLanguage\":\"en-US\"},{\"@type\":\"WebPage\",\"@id\":\"https:\\\/\\\/darkamazi.info\\\/archives\\\/1033407\",\"url\":\"https:\\\/\\\/darkamazi.info\\\/archives\\\/1033407\",\"name\":\"PSK kongreya xwe ya 3em\u00een li dar dixe - Darka Maz\u00ee\",\"isPartOf\":{\"@id\":\"https:\\\/\\\/darkamazi.info\\\/#website\"},\"primaryImageOfPage\":{\"@id\":\"https:\\\/\\\/darkamazi.info\\\/archives\\\/1033407#primaryimage\"},\"image\":{\"@id\":\"https:\\\/\\\/darkamazi.info\\\/archives\\\/1033407#primaryimage\"},\"thumbnailUrl\":\"https:\\\/\\\/darkamazi.info\\\/darka-content\\\/uploads\\\/2022\\\/10\\\/psk-kurdistan-diyarbekir.jpg\",\"datePublished\":\"2022-10-30T09:00:40+00:00\",\"breadcrumb\":{\"@id\":\"https:\\\/\\\/darkamazi.info\\\/archives\\\/1033407#breadcrumb\"},\"inLanguage\":\"en-US\",\"potentialAction\":[{\"@type\":\"ReadAction\",\"target\":[\"https:\\\/\\\/darkamazi.info\\\/archives\\\/1033407\"]}]},{\"@type\":\"ImageObject\",\"inLanguage\":\"en-US\",\"@id\":\"https:\\\/\\\/darkamazi.info\\\/archives\\\/1033407#primaryimage\",\"url\":\"https:\\\/\\\/darkamazi.info\\\/darka-content\\\/uploads\\\/2022\\\/10\\\/psk-kurdistan-diyarbekir.jpg\",\"contentUrl\":\"https:\\\/\\\/darkamazi.info\\\/darka-content\\\/uploads\\\/2022\\\/10\\\/psk-kurdistan-diyarbekir.jpg\",\"width\":900,\"height\":497,\"caption\":\"psk-kurdistan-diyarbekir\"},{\"@type\":\"BreadcrumbList\",\"@id\":\"https:\\\/\\\/darkamazi.info\\\/archives\\\/1033407#breadcrumb\",\"itemListElement\":[{\"@type\":\"ListItem\",\"position\":1,\"name\":\"Home\",\"item\":\"https:\\\/\\\/darkamazi.info\\\/\"},{\"@type\":\"ListItem\",\"position\":2,\"name\":\"PSK kongreya xwe ya 3em\u00een li dar dixe\"}]},{\"@type\":\"WebSite\",\"@id\":\"https:\\\/\\\/darkamazi.info\\\/#website\",\"url\":\"https:\\\/\\\/darkamazi.info\\\/\",\"name\":\"Darka Maz\u00ee\",\"description\":\"P\u00eageha Zanyariy\u00ean Nebih\u00eest\u00ee\",\"publisher\":{\"@id\":\"https:\\\/\\\/darkamazi.info\\\/#organization\"},\"potentialAction\":[{\"@type\":\"SearchAction\",\"target\":{\"@type\":\"EntryPoint\",\"urlTemplate\":\"https:\\\/\\\/darkamazi.info\\\/?s={search_term_string}\"},\"query-input\":{\"@type\":\"PropertyValueSpecification\",\"valueRequired\":true,\"valueName\":\"search_term_string\"}}],\"inLanguage\":\"en-US\"},{\"@type\":\"Organization\",\"@id\":\"https:\\\/\\\/darkamazi.info\\\/#organization\",\"name\":\"Darka Maz\u00ee\",\"url\":\"https:\\\/\\\/darkamazi.info\\\/\",\"logo\":{\"@type\":\"ImageObject\",\"inLanguage\":\"en-US\",\"@id\":\"https:\\\/\\\/darkamazi.info\\\/#\\\/schema\\\/logo\\\/image\\\/\",\"url\":\"https:\\\/\\\/darkamazi.info\\\/darka-content\\\/uploads\\\/2017\\\/12\\\/darka-mazi-logo.png\",\"contentUrl\":\"https:\\\/\\\/darkamazi.info\\\/darka-content\\\/uploads\\\/2017\\\/12\\\/darka-mazi-logo.png\",\"width\":151,\"height\":75,\"caption\":\"Darka Maz\u00ee\"},\"image\":{\"@id\":\"https:\\\/\\\/darkamazi.info\\\/#\\\/schema\\\/logo\\\/image\\\/\"},\"sameAs\":[\"https:\\\/\\\/www.facebook.com\\\/DarMaziKurmanci\",\"https:\\\/\\\/x.com\\\/DarkaMaziLatini\",\"https:\\\/\\\/www.instagram.com\\\/darkamazi.kurmanci\\\/\",\"https:\\\/\\\/www.youtube.com\\\/channel\\\/UCa5HkTdmI8U1qCUFuTw8B2g\"]},{\"@type\":\"Person\",\"@id\":\"https:\\\/\\\/darkamazi.info\\\/#\\\/schema\\\/person\\\/5ad3e24553a0567993fa8ed4bd0a776c\",\"name\":\"darka mazi\",\"sameAs\":[\"https:\\\/\\\/darkamazi.info\\\/\"],\"url\":\"https:\\\/\\\/darkamazi.info\\\/archives\\\/author\\\/kurdi\"}]}<\/script>\n<!-- \/ Yoast SEO plugin. -->","seo_head_json":{"title":"PSK kongreya xwe ya 3em\u00een li dar dixe - Darka Maz\u00ee","robots":{"index":"index","follow":"follow","max-snippet":"max-snippet:-1","max-image-preview":"max-image-preview:large","max-video-preview":"max-video-preview:-1"},"canonical":"https:\/\/darkamazi.info\/archives\/1033407","og_locale":"en_US","og_type":"article","og_title":"PSK kongreya xwe ya 3em\u00een li dar dixe - Darka Maz\u00ee","og_description":"Partiya Sosyal\u00eest a Kurdistan\u00ea (PSK) li Diyarbekir\u00ea kongreya xwe 3. li dar dixe. T\u00ea p\u00ea\u015fb\u00een\u00eekirin ku Bayram Bozyel bibe serok\u00ea n\u00fb y\u00ea PSK\u00ea. Partiya Sosyal\u00eesta Kurdistan\u00ea (PSK) kongreya xwe ya s\u00eayem li Diyarbekir\u00ea li dar dixe. Di kongreya s\u00eayem de Mes\u00fbt Tek ku ji destp\u00eaka PSK\u00ea ve ango ji sala 2016an ve serok\u00ea partiye ye [&hellip;]","og_url":"https:\/\/darkamazi.info\/archives\/1033407","og_site_name":"Darka Maz\u00ee","article_publisher":"https:\/\/www.facebook.com\/DarMaziKurmanci","article_published_time":"2022-10-30T09:00:40+00:00","og_image":[{"width":900,"height":497,"url":"https:\/\/darkamazi.info\/file\/2022\/10\/psk-kurdistan-diyarbekir.jpg","type":"image\/jpeg"}],"author":"darka mazi","twitter_card":"summary_large_image","twitter_creator":"@DarkaMaziLatini","twitter_site":"@DarkaMaziLatini","twitter_misc":{"Written by":"darka mazi","Est. reading time":"1 minute"},"schema":{"@context":"https:\/\/schema.org","@graph":[{"@type":"Article","@id":"https:\/\/darkamazi.info\/archives\/1033407#article","isPartOf":{"@id":"https:\/\/darkamazi.info\/archives\/1033407"},"author":{"name":"darka mazi","@id":"https:\/\/darkamazi.info\/#\/schema\/person\/5ad3e24553a0567993fa8ed4bd0a776c"},"headline":"PSK kongreya xwe ya 3em\u00een li dar dixe","datePublished":"2022-10-30T09:00:40+00:00","mainEntityOfPage":{"@id":"https:\/\/darkamazi.info\/archives\/1033407"},"wordCount":206,"publisher":{"@id":"https:\/\/darkamazi.info\/#organization"},"image":{"@id":"https:\/\/darkamazi.info\/archives\/1033407#primaryimage"},"thumbnailUrl":"https:\/\/darkamazi.info\/file\/2022\/10\/psk-kurdistan-diyarbekir.jpg","keywords":["sereke"],"articleSection":["Kurdistan"],"inLanguage":"en-US"},{"@type":"WebPage","@id":"https:\/\/darkamazi.info\/archives\/1033407","url":"https:\/\/darkamazi.info\/archives\/1033407","name":"PSK kongreya xwe ya 3em\u00een li dar dixe - Darka Maz\u00ee","isPartOf":{"@id":"https:\/\/darkamazi.info\/#website"},"primaryImageOfPage":{"@id":"https:\/\/darkamazi.info\/archives\/1033407#primaryimage"},"image":{"@id":"https:\/\/darkamazi.info\/archives\/1033407#primaryimage"},"thumbnailUrl":"https:\/\/darkamazi.info\/file\/2022\/10\/psk-kurdistan-diyarbekir.jpg","datePublished":"2022-10-30T09:00:40+00:00","breadcrumb":{"@id":"https:\/\/darkamazi.info\/archives\/1033407#breadcrumb"},"inLanguage":"en-US","potentialAction":[{"@type":"ReadAction","target":["https:\/\/darkamazi.info\/archives\/1033407"]}]},{"@type":"ImageObject","inLanguage":"en-US","@id":"https:\/\/darkamazi.info\/archives\/1033407#primaryimage","url":"https:\/\/darkamazi.info\/file\/2022\/10\/psk-kurdistan-diyarbekir.jpg","contentUrl":"https:\/\/darkamazi.info\/file\/2022\/10\/psk-kurdistan-diyarbekir.jpg","width":900,"height":497,"caption":"psk-kurdistan-diyarbekir"},{"@type":"BreadcrumbList","@id":"https:\/\/darkamazi.info\/archives\/1033407#breadcrumb","itemListElement":[{"@type":"ListItem","position":1,"name":"Home","item":"https:\/\/darkamazi.info\/"},{"@type":"ListItem","position":2,"name":"PSK kongreya xwe ya 3em\u00een li dar dixe"}]},{"@type":"WebSite","@id":"https:\/\/darkamazi.info\/#website","url":"https:\/\/darkamazi.info\/","name":"Darka Maz\u00ee","description":"P\u00eageha Zanyariy\u00ean Nebih\u00eest\u00ee","publisher":{"@id":"https:\/\/darkamazi.info\/#organization"},"potentialAction":[{"@type":"SearchAction","target":{"@type":"EntryPoint","urlTemplate":"https:\/\/darkamazi.info\/?s={search_term_string}"},"query-input":{"@type":"PropertyValueSpecification","valueRequired":true,"valueName":"search_term_string"}}],"inLanguage":"en-US"},{"@type":"Organization","@id":"https:\/\/darkamazi.info\/#organization","name":"Darka Maz\u00ee","url":"https:\/\/darkamazi.info\/","logo":{"@type":"ImageObject","inLanguage":"en-US","@id":"https:\/\/darkamazi.info\/#\/schema\/logo\/image\/","url":"https:\/\/darkamazi.info\/file\/2017\/12\/darka-mazi-logo.png","contentUrl":"https:\/\/darkamazi.info\/file\/2017\/12\/darka-mazi-logo.png","width":151,"height":75,"caption":"Darka Maz\u00ee"},"image":{"@id":"https:\/\/darkamazi.info\/#\/schema\/logo\/image\/"},"sameAs":["https:\/\/www.facebook.com\/DarMaziKurmanci","https:\/\/x.com\/DarkaMaziLatini","https:\/\/www.instagram.com\/darkamazi.kurmanci\/","https:\/\/www.youtube.com\/channel\/UCa5HkTdmI8U1qCUFuTw8B2g"]},{"@type":"Person","@id":"https:\/\/darkamazi.info\/#\/schema\/person\/5ad3e24553a0567993fa8ed4bd0a776c","name":"darka mazi","sameAs":["https:\/\/darkamazi.info\/"],"url":"https:\/\/darkamazi.info\/archives\/author\/kurdi"}]}},"_links":{"self":[{"href":"https:\/\/darkamazi.info\/funavuv\/wp\/v2\/posts\/1033407","targetHints":{"allow":["GET"]}}],"collection":[{"href":"https:\/\/darkamazi.info\/funavuv\/wp\/v2\/posts"}],"about":[{"href":"https:\/\/darkamazi.info\/funavuv\/wp\/v2\/types\/post"}],"author":[{"embeddable":true,"href":"https:\/\/darkamazi.info\/funavuv\/wp\/v2\/users\/2"}],"replies":[{"embeddable":true,"href":"https:\/\/darkamazi.info\/funavuv\/wp\/v2\/comments?post=1033407"}],"version-history":[{"count":0,"href":"https:\/\/darkamazi.info\/funavuv\/wp\/v2\/posts\/1033407\/revisions"}],"wp:featuredmedia":[{"embeddable":true,"href":"https:\/\/darkamazi.info\/funavuv\/wp\/v2\/media\/1033408"}],"wp:attachment":[{"href":"https:\/\/darkamazi.info\/funavuv\/wp\/v2\/media?parent=1033407"}],"wp:term":[{"taxonomy":"category","embeddable":true,"href":"https:\/\/darkamazi.info\/funavuv\/wp\/v2\/categories?post=1033407"},{"taxonomy":"post_tag","embeddable":true,"href":"https:\/\/darkamazi.info\/funavuv\/wp\/v2\/tags?post=1033407"}],"curies":[{"name":"wp","href":"https:\/\/api.w.org\/{rel}","templated":true}]}}