{"id":1033414,"date":"2022-10-30T19:32:30","date_gmt":"2022-10-30T16:32:30","guid":{"rendered":"https:\/\/darkamazi.info\/?p=1033414"},"modified":"2022-10-30T19:32:30","modified_gmt":"2022-10-30T16:32:30","slug":"kurdistan-zin-e-le-em-nebun-mem","status":"publish","type":"post","link":"https:\/\/darkamazi.info\/archives\/1033414","title":{"rendered":"Kurdistan Z\u00een e, l\u00ea em neb\u00fbn Mem"},"content":{"rendered":"<h3 style=\"text-align: justify\"><span style=\"font-family: 'arial black', sans-serif;color: #0000ff\">N\u00fbr\u00ee \u00c7el\u00eek<\/span><\/h3>\n<h3 style=\"text-align: justify\"><span style=\"font-family: 'arial black', sans-serif\">Netewperest\u00ee \u00e7i ye, em Kurd \u00e7iqas\u00ee netewperest in \u00fb me \u00e7i ji netewperest\u00eey\u00ea f\u00eahm kiriye. Gelek pirs\u00ean ku b\u00ea bersiv mane, yan j\u00ee bersiv\u00ean ku li gor \u00eedeoloj\u00ee, r\u00eabaz \u00fbberjewend\u00eey\u00ean tevger yan part\u00eeyan hatine day\u00een, hene.L\u00ea me ji wan bersivan \u00e7i f\u00eahm kiriye, em \u00e7iqas\u00ee ji wan bersivan re sadiq mane, me \u00e7iqas\u00ee erka xwe bi c\u00eeh an\u00eeye, c\u00eeh\u00ea \u015fik \u00fb guman\u00ea ye.<\/span><\/h3>\n<h3 style=\"text-align: justify\">Netewperest\u00ee hezkirina millet, gir\u00eadana bi xak\u00ea \u00fb ev\u00eendar\u00eeya ni\u015ftiman e. Netewperest\u00ee ne hezkirin \u00fb ev\u00eenek demk\u00ee ye, gir\u00eadan \u00fb ev\u00eenek k\u00fbr \u00fb b\u00ea s\u00eenor e. \u00c7awa ku Mem xwe li ser ev\u00eena Z\u00een\u00ea kir, \u00e7awa ku Ferhad ji bo \u015e\u00eer\u00een \u00e7iya qul kirin, \u00e7awa ku Mecn\u00fbn ji bo Leyla bi \u00e7olan ket, \u00fb \u00e7awa ku Siyabend ji bo Xec\u00ea can da, netewperest j\u00ee div\u00ea wek wan ev\u00eendaran bi ev\u00eenek xas \u00fb b\u00ea s\u00eenor bi millet, welat, ziman \u00fb \u00e7anda xwe ve gir\u00eaday\u00ee bin.<\/h3>\n<h3 style=\"text-align: justify\">Millet \u00fb netew ji yek\u00eeneya ziman, ol, kok, ni\u015ftiman, d\u00eerok \u00fb berjewend\u00eey\u00ean civak\u00ea p\u00eak t\u00ean. Kes\u00ean netewperesta\u00eed\u00eeyet, hi\u015fmend\u00ee \u00fb hesten xwe ji civaka xwe digrin. Ji ber v\u00ea, div\u00ea netewperest wek go\u015ft \u00fb nen\u00fbk\u00ea bi civaka xwe ve b\u00ea gir\u00eadan \u00fb nirx\u00ean civaka xwe bipar\u00eazin, j\u00ea hez bikin \u00fb xwed\u00ee l\u00ea derkevin. Yan\u00ee, div\u00ea ev\u00eendar\u00ea civak \u00fb nirx\u00ean civaka xwe bin \u00fb j\u00ea re bibin Mem, bibin Ferhad, bibin Mecn\u00fbn \u00fb Siyabend. Heger ev\u00eena millet \u00fb netew\u00ee di hest \u00fb helwesta wan de nemey\u00ea \u00fb \u015fax \u00fb per\u00ean xwe bernede, netewperest\u00ee di hi\u015f \u00fb bedena wan de namey\u00ea \u00fb kamil nabe. Netewperest\u00eeya nekemil\u00ee \u00fb nemeyay\u00ee meriv ji nirx\u00ean civaka xwe d\u00fbr dixe, hi\u015fmend\u00ee \u00fb hest\u00ean d\u00fbr\u00ee civaka Kurd bi meriv re diafir\u00eene \u00fb meriv dav\u00eaje hemb\u00eaza hi\u015fmend\u00ee, hest \u00fb \u00eedeoloj\u00eey\u00ean biyan\u00ee.<\/h3>\n<h3 style=\"text-align: justify\">Gava em d\u00ean \u00fb bala xwe didin netew yan k\u00eamnetewey\u00ean din, dib\u00eenin ku ji \u00e7ep \u00fb rast\u00ean wan bigrin heta bi oldar \u00fb neoldar\u00ean wan netewperest in. Belk\u00ee di gotin\u00ean girover de xwe wek merivhez \u00fb par\u00eazer\u00ean maf\u00ea merivan bib\u00eenin. L\u00ea gava berjewend\u00eey\u00ean millet \u00fb welat\u00ea wan t\u00ea hol\u00ea yan dikevin xeter\u00ea, kiras\u00ea merivhez\u00eey\u00ea ji xwe dikin \u00fb r\u00fby\u00ea xwe y\u00ea rast e\u015fkere dikin. \u00db gelek caran ev netewperest\u00eeya wan s\u00eenor\u00ea netewpar\u00eaz\u00ee yan netewperest\u00eey\u00ea di\u00e7ir\u00eene \u00fb xwe digh\u00eene asta n\u00eejadperest\u00eey\u00ea j\u00ee. Her \u00e7iqas\u00ee n\u00eejadperest\u00ee asta her\u00ee bilind a netewperest\u00eey\u00ea be j\u00ee, ev yek li gor \u015fert \u00fb \u015fir\u00fbt\u00ean millet\u00ean serdest \u00fb bindest t\u00ea guhertin. Netewperest\u00eeya millet\u00ean serdest wek n\u00eejadperest\u00ee \u00fb netewperest\u00eey\u00ea millet\u00ean blindest j\u00ee ji bo azad\u00eeya millet \u00fb rizgar\u00eeya wel\u00eat mafek\u00ee rewa \u00fb d\u00fbr\u00ee n\u00eejadperest\u00eey\u00ea t\u00ea qeb\u00fblkirin. Bi k\u00eaman\u00ee di hizra \u00e7ep\u00eet\u00eey\u00ea de wilo ye.<\/h3>\n<h3 style=\"text-align: justify\">Gorbihu\u015ft M\u00fbsa Anter ev yek bi zimanek\u00ee zelal an\u00eeb\u00fb ser zim\u00ean \u00fb digot :\u201d Ez netewperestek\u00ee Kurd im. Netewperest\u00eeya min wek netewperest\u00eeya Naz\u00eeyan, Fa\u015f\u00eestan \u00fb T\u00fbranc\u00eeyan n\u00eejad\u00ean din pi\u00e7\u00fbk nab\u00eene \u00fb serdest\u00eey\u00ea li wan nake. Armanca netewperest\u00eeya min azad\u00eeya millet\u00ea min \u00ea per\u00ee\u015fan \u00fb bindest e.\u201c<\/h3>\n<h3 style=\"text-align: justify\">Bi ser ku armanca netewperest\u00eeya millet\u00ean blindest azad\u00eeya wan \u00fb welat\u00ea wan e \u00fb ev yek ji al\u00ee piran\u00eeya Kurdan \u00fb part\u00eey\u00ean wan ve k\u00eam z\u00eade t\u00ea zan\u00een j\u00ee, d\u00eesa j\u00ee em xwe d\u00fbr\u00ee netewperest\u00eey\u00ea digrin \u00fb bi hizra dag\u00eerker\u00ean xwe n\u00eaz\u00eek\u00ee netewperest\u00eey\u00ea dibin. Dag\u00eerker\u00ean me dib\u00eajin \u201cem tev misilman in \u00fb bray\u00ean hev in, netewperest\u00ee heram e\u201d \u00fb bi gelek mahney\u00ean din Kurd ji hizra netew\u00ee \u00fb netewperest\u00eey\u00ea d\u00fbr xistine \u00fb dixin. Ji ber v\u00ea, \u00e7i siyas\u00ee \u00e7i ne siyas\u00ee, piran\u00eeya me Kurd\u00ean Bakur di bin bandora operasyon\u00ean hizr\u00ee y\u00ean dewlet\u00ea de mane \u00fb \u00e7awa ku cin ji hesin ditirse, em j\u00ee ji netewperest\u00eeya xwe ditirsin \u00fb xwe j\u00ea d\u00fbr digrin. Ev yek b\u00fbye sebeb\u00ea ku em Kurd xwe nas nekin, ji nirx\u00ean xwe d\u00fbr bikevin \u00fb bi kiras\u00ea enternasyonal\u00eezm \u00fb ummetperest\u00eey\u00ea \u00eenkara xwe \u00fb doza xwe bikin.<\/h3>\n<h3 style=\"text-align: justify\">Bi kurt \u00fb Kurmanc\u00ee; netewperest\u00eeya me ji bo azad\u00eeya millet\u00ea me y\u00ea blindest e. Netewperest\u00ee ji millet\u00ean serdest \u00fb dewlet\u00ean dag\u00eerker re \u00e7iqas\u00ee helal be, ji me re j\u00ee ewqas\u00ee helal e. \u00c7awa ku ev\u00eena Mem \u00fb Z\u00een\u00ea k\u00fbr \u00fb ji dil\u00ea saf\u00ee b\u00fb, div\u00ea netewperest\u00eeya me ya Kurd \u00fb Kurdistan\u00ee j\u00ee ewqas\u00ee k\u00fbr \u00fb saf\u00ee be.<\/h3>\n","protected":false},"excerpt":{"rendered":"<p>N\u00fbr\u00ee \u00c7el\u00eek Netewperest\u00ee \u00e7i ye, em Kurd \u00e7iqas\u00ee netewperest in \u00fb me \u00e7i ji netewperest\u00eey\u00ea f\u00eahm kiriye. Gelek pirs\u00ean ku b\u00ea bersiv mane, yan j\u00ee bersiv\u00ean ku li gor \u00eedeoloj\u00ee, r\u00eabaz \u00fbberjewend\u00eey\u00ean tevger yan part\u00eeyan hatine day\u00een, hene.L\u00ea me ji wan bersivan \u00e7i f\u00eahm kiriye, em \u00e7iqas\u00ee ji wan bersivan re sadiq mane, me \u00e7iqas\u00ee [&hellip;]<\/p>\n","protected":false},"author":2,"featured_media":1033415,"comment_status":"closed","ping_status":"closed","sticky":false,"template":"","format":"standard","meta":{"footnotes":""},"categories":[28],"tags":[37],"class_list":["post-1033414","post","type-post","status-publish","format-standard","has-post-thumbnail","hentry","category-nerin","tag-sereke"],"blocksy_meta":[],"seo_head":"<!-- This site is optimized with the Yoast SEO plugin v27.5 - https:\/\/yoast.com\/product\/yoast-seo-wordpress\/ -->\n<title>Kurdistan Z\u00een e, l\u00ea em neb\u00fbn Mem - Darka Maz\u00ee<\/title>\n<meta name=\"robots\" content=\"index, follow, max-snippet:-1, max-image-preview:large, max-video-preview:-1\" \/>\n<link rel=\"canonical\" href=\"https:\/\/darkamazi.info\/archives\/1033414\" \/>\n<meta property=\"og:locale\" content=\"en_US\" \/>\n<meta property=\"og:type\" content=\"article\" \/>\n<meta property=\"og:title\" content=\"Kurdistan Z\u00een e, l\u00ea em neb\u00fbn Mem - Darka Maz\u00ee\" \/>\n<meta property=\"og:description\" content=\"N\u00fbr\u00ee \u00c7el\u00eek Netewperest\u00ee \u00e7i ye, em Kurd \u00e7iqas\u00ee netewperest in \u00fb me \u00e7i ji netewperest\u00eey\u00ea f\u00eahm kiriye. Gelek pirs\u00ean ku b\u00ea bersiv mane, yan j\u00ee bersiv\u00ean ku li gor \u00eedeoloj\u00ee, r\u00eabaz \u00fbberjewend\u00eey\u00ean tevger yan part\u00eeyan hatine day\u00een, hene.L\u00ea me ji wan bersivan \u00e7i f\u00eahm kiriye, em \u00e7iqas\u00ee ji wan bersivan re sadiq mane, me \u00e7iqas\u00ee [&hellip;]\" \/>\n<meta property=\"og:url\" content=\"https:\/\/darkamazi.info\/archives\/1033414\" \/>\n<meta property=\"og:site_name\" content=\"Darka Maz\u00ee\" \/>\n<meta property=\"article:publisher\" content=\"https:\/\/www.facebook.com\/DarMaziKurmanci\" \/>\n<meta property=\"article:published_time\" content=\"2022-10-30T16:32:30+00:00\" \/>\n<meta property=\"og:image\" content=\"https:\/\/darkamazi.info\/file\/2022\/10\/Nuri-Celik.jpg\" \/>\n\t<meta property=\"og:image:width\" content=\"900\" \/>\n\t<meta property=\"og:image:height\" content=\"497\" \/>\n\t<meta property=\"og:image:type\" content=\"image\/jpeg\" \/>\n<meta name=\"author\" content=\"darka mazi\" \/>\n<meta name=\"twitter:card\" content=\"summary_large_image\" \/>\n<meta name=\"twitter:creator\" content=\"@DarkaMaziLatini\" \/>\n<meta name=\"twitter:site\" content=\"@DarkaMaziLatini\" \/>\n<meta name=\"twitter:label1\" content=\"Written by\" \/>\n\t<meta name=\"twitter:data1\" content=\"darka mazi\" \/>\n\t<meta name=\"twitter:label2\" content=\"Est. reading time\" \/>\n\t<meta name=\"twitter:data2\" content=\"3 minutes\" \/>\n<script type=\"application\/ld+json\" class=\"seo-schema-graph\">{\"@context\":\"https:\\\/\\\/schema.org\",\"@graph\":[{\"@type\":\"Article\",\"@id\":\"https:\\\/\\\/darkamazi.info\\\/archives\\\/1033414#article\",\"isPartOf\":{\"@id\":\"https:\\\/\\\/darkamazi.info\\\/archives\\\/1033414\"},\"author\":{\"name\":\"darka mazi\",\"@id\":\"https:\\\/\\\/darkamazi.info\\\/#\\\/schema\\\/person\\\/5ad3e24553a0567993fa8ed4bd0a776c\"},\"headline\":\"Kurdistan Z\u00een e, l\u00ea em neb\u00fbn Mem\",\"datePublished\":\"2022-10-30T16:32:30+00:00\",\"mainEntityOfPage\":{\"@id\":\"https:\\\/\\\/darkamazi.info\\\/archives\\\/1033414\"},\"wordCount\":773,\"publisher\":{\"@id\":\"https:\\\/\\\/darkamazi.info\\\/#organization\"},\"image\":{\"@id\":\"https:\\\/\\\/darkamazi.info\\\/archives\\\/1033414#primaryimage\"},\"thumbnailUrl\":\"https:\\\/\\\/darkamazi.info\\\/darka-content\\\/uploads\\\/2022\\\/10\\\/Nuri-Celik.jpg\",\"keywords\":[\"sereke\"],\"articleSection\":[\"Ner\u00een\"],\"inLanguage\":\"en-US\"},{\"@type\":\"WebPage\",\"@id\":\"https:\\\/\\\/darkamazi.info\\\/archives\\\/1033414\",\"url\":\"https:\\\/\\\/darkamazi.info\\\/archives\\\/1033414\",\"name\":\"Kurdistan Z\u00een e, l\u00ea em neb\u00fbn Mem - Darka Maz\u00ee\",\"isPartOf\":{\"@id\":\"https:\\\/\\\/darkamazi.info\\\/#website\"},\"primaryImageOfPage\":{\"@id\":\"https:\\\/\\\/darkamazi.info\\\/archives\\\/1033414#primaryimage\"},\"image\":{\"@id\":\"https:\\\/\\\/darkamazi.info\\\/archives\\\/1033414#primaryimage\"},\"thumbnailUrl\":\"https:\\\/\\\/darkamazi.info\\\/darka-content\\\/uploads\\\/2022\\\/10\\\/Nuri-Celik.jpg\",\"datePublished\":\"2022-10-30T16:32:30+00:00\",\"breadcrumb\":{\"@id\":\"https:\\\/\\\/darkamazi.info\\\/archives\\\/1033414#breadcrumb\"},\"inLanguage\":\"en-US\",\"potentialAction\":[{\"@type\":\"ReadAction\",\"target\":[\"https:\\\/\\\/darkamazi.info\\\/archives\\\/1033414\"]}]},{\"@type\":\"ImageObject\",\"inLanguage\":\"en-US\",\"@id\":\"https:\\\/\\\/darkamazi.info\\\/archives\\\/1033414#primaryimage\",\"url\":\"https:\\\/\\\/darkamazi.info\\\/darka-content\\\/uploads\\\/2022\\\/10\\\/Nuri-Celik.jpg\",\"contentUrl\":\"https:\\\/\\\/darkamazi.info\\\/darka-content\\\/uploads\\\/2022\\\/10\\\/Nuri-Celik.jpg\",\"width\":900,\"height\":497,\"caption\":\"Kurdistan Z\u00een e, l\u00ea em neb\u00fbn Mem.\"},{\"@type\":\"BreadcrumbList\",\"@id\":\"https:\\\/\\\/darkamazi.info\\\/archives\\\/1033414#breadcrumb\",\"itemListElement\":[{\"@type\":\"ListItem\",\"position\":1,\"name\":\"Home\",\"item\":\"https:\\\/\\\/darkamazi.info\\\/\"},{\"@type\":\"ListItem\",\"position\":2,\"name\":\"Kurdistan Z\u00een e, l\u00ea em neb\u00fbn Mem\"}]},{\"@type\":\"WebSite\",\"@id\":\"https:\\\/\\\/darkamazi.info\\\/#website\",\"url\":\"https:\\\/\\\/darkamazi.info\\\/\",\"name\":\"Darka Maz\u00ee\",\"description\":\"P\u00eageha Zanyariy\u00ean Nebih\u00eest\u00ee\",\"publisher\":{\"@id\":\"https:\\\/\\\/darkamazi.info\\\/#organization\"},\"potentialAction\":[{\"@type\":\"SearchAction\",\"target\":{\"@type\":\"EntryPoint\",\"urlTemplate\":\"https:\\\/\\\/darkamazi.info\\\/?s={search_term_string}\"},\"query-input\":{\"@type\":\"PropertyValueSpecification\",\"valueRequired\":true,\"valueName\":\"search_term_string\"}}],\"inLanguage\":\"en-US\"},{\"@type\":\"Organization\",\"@id\":\"https:\\\/\\\/darkamazi.info\\\/#organization\",\"name\":\"Darka Maz\u00ee\",\"url\":\"https:\\\/\\\/darkamazi.info\\\/\",\"logo\":{\"@type\":\"ImageObject\",\"inLanguage\":\"en-US\",\"@id\":\"https:\\\/\\\/darkamazi.info\\\/#\\\/schema\\\/logo\\\/image\\\/\",\"url\":\"https:\\\/\\\/darkamazi.info\\\/darka-content\\\/uploads\\\/2017\\\/12\\\/darka-mazi-logo.png\",\"contentUrl\":\"https:\\\/\\\/darkamazi.info\\\/darka-content\\\/uploads\\\/2017\\\/12\\\/darka-mazi-logo.png\",\"width\":151,\"height\":75,\"caption\":\"Darka Maz\u00ee\"},\"image\":{\"@id\":\"https:\\\/\\\/darkamazi.info\\\/#\\\/schema\\\/logo\\\/image\\\/\"},\"sameAs\":[\"https:\\\/\\\/www.facebook.com\\\/DarMaziKurmanci\",\"https:\\\/\\\/x.com\\\/DarkaMaziLatini\",\"https:\\\/\\\/www.instagram.com\\\/darkamazi.kurmanci\\\/\",\"https:\\\/\\\/www.youtube.com\\\/channel\\\/UCa5HkTdmI8U1qCUFuTw8B2g\"]},{\"@type\":\"Person\",\"@id\":\"https:\\\/\\\/darkamazi.info\\\/#\\\/schema\\\/person\\\/5ad3e24553a0567993fa8ed4bd0a776c\",\"name\":\"darka mazi\",\"sameAs\":[\"https:\\\/\\\/darkamazi.info\\\/\"],\"url\":\"https:\\\/\\\/darkamazi.info\\\/archives\\\/author\\\/kurdi\"}]}<\/script>\n<!-- \/ Yoast SEO plugin. -->","seo_head_json":{"title":"Kurdistan Z\u00een e, l\u00ea em neb\u00fbn Mem - Darka Maz\u00ee","robots":{"index":"index","follow":"follow","max-snippet":"max-snippet:-1","max-image-preview":"max-image-preview:large","max-video-preview":"max-video-preview:-1"},"canonical":"https:\/\/darkamazi.info\/archives\/1033414","og_locale":"en_US","og_type":"article","og_title":"Kurdistan Z\u00een e, l\u00ea em neb\u00fbn Mem - Darka Maz\u00ee","og_description":"N\u00fbr\u00ee \u00c7el\u00eek Netewperest\u00ee \u00e7i ye, em Kurd \u00e7iqas\u00ee netewperest in \u00fb me \u00e7i ji netewperest\u00eey\u00ea f\u00eahm kiriye. Gelek pirs\u00ean ku b\u00ea bersiv mane, yan j\u00ee bersiv\u00ean ku li gor \u00eedeoloj\u00ee, r\u00eabaz \u00fbberjewend\u00eey\u00ean tevger yan part\u00eeyan hatine day\u00een, hene.L\u00ea me ji wan bersivan \u00e7i f\u00eahm kiriye, em \u00e7iqas\u00ee ji wan bersivan re sadiq mane, me \u00e7iqas\u00ee [&hellip;]","og_url":"https:\/\/darkamazi.info\/archives\/1033414","og_site_name":"Darka Maz\u00ee","article_publisher":"https:\/\/www.facebook.com\/DarMaziKurmanci","article_published_time":"2022-10-30T16:32:30+00:00","og_image":[{"width":900,"height":497,"url":"https:\/\/darkamazi.info\/file\/2022\/10\/Nuri-Celik.jpg","type":"image\/jpeg"}],"author":"darka mazi","twitter_card":"summary_large_image","twitter_creator":"@DarkaMaziLatini","twitter_site":"@DarkaMaziLatini","twitter_misc":{"Written by":"darka mazi","Est. reading time":"3 minutes"},"schema":{"@context":"https:\/\/schema.org","@graph":[{"@type":"Article","@id":"https:\/\/darkamazi.info\/archives\/1033414#article","isPartOf":{"@id":"https:\/\/darkamazi.info\/archives\/1033414"},"author":{"name":"darka mazi","@id":"https:\/\/darkamazi.info\/#\/schema\/person\/5ad3e24553a0567993fa8ed4bd0a776c"},"headline":"Kurdistan Z\u00een e, l\u00ea em neb\u00fbn Mem","datePublished":"2022-10-30T16:32:30+00:00","mainEntityOfPage":{"@id":"https:\/\/darkamazi.info\/archives\/1033414"},"wordCount":773,"publisher":{"@id":"https:\/\/darkamazi.info\/#organization"},"image":{"@id":"https:\/\/darkamazi.info\/archives\/1033414#primaryimage"},"thumbnailUrl":"https:\/\/darkamazi.info\/file\/2022\/10\/Nuri-Celik.jpg","keywords":["sereke"],"articleSection":["Ner\u00een"],"inLanguage":"en-US"},{"@type":"WebPage","@id":"https:\/\/darkamazi.info\/archives\/1033414","url":"https:\/\/darkamazi.info\/archives\/1033414","name":"Kurdistan Z\u00een e, l\u00ea em neb\u00fbn Mem - Darka Maz\u00ee","isPartOf":{"@id":"https:\/\/darkamazi.info\/#website"},"primaryImageOfPage":{"@id":"https:\/\/darkamazi.info\/archives\/1033414#primaryimage"},"image":{"@id":"https:\/\/darkamazi.info\/archives\/1033414#primaryimage"},"thumbnailUrl":"https:\/\/darkamazi.info\/file\/2022\/10\/Nuri-Celik.jpg","datePublished":"2022-10-30T16:32:30+00:00","breadcrumb":{"@id":"https:\/\/darkamazi.info\/archives\/1033414#breadcrumb"},"inLanguage":"en-US","potentialAction":[{"@type":"ReadAction","target":["https:\/\/darkamazi.info\/archives\/1033414"]}]},{"@type":"ImageObject","inLanguage":"en-US","@id":"https:\/\/darkamazi.info\/archives\/1033414#primaryimage","url":"https:\/\/darkamazi.info\/file\/2022\/10\/Nuri-Celik.jpg","contentUrl":"https:\/\/darkamazi.info\/file\/2022\/10\/Nuri-Celik.jpg","width":900,"height":497,"caption":"Kurdistan Z\u00een e, l\u00ea em neb\u00fbn Mem."},{"@type":"BreadcrumbList","@id":"https:\/\/darkamazi.info\/archives\/1033414#breadcrumb","itemListElement":[{"@type":"ListItem","position":1,"name":"Home","item":"https:\/\/darkamazi.info\/"},{"@type":"ListItem","position":2,"name":"Kurdistan Z\u00een e, l\u00ea em neb\u00fbn Mem"}]},{"@type":"WebSite","@id":"https:\/\/darkamazi.info\/#website","url":"https:\/\/darkamazi.info\/","name":"Darka Maz\u00ee","description":"P\u00eageha Zanyariy\u00ean Nebih\u00eest\u00ee","publisher":{"@id":"https:\/\/darkamazi.info\/#organization"},"potentialAction":[{"@type":"SearchAction","target":{"@type":"EntryPoint","urlTemplate":"https:\/\/darkamazi.info\/?s={search_term_string}"},"query-input":{"@type":"PropertyValueSpecification","valueRequired":true,"valueName":"search_term_string"}}],"inLanguage":"en-US"},{"@type":"Organization","@id":"https:\/\/darkamazi.info\/#organization","name":"Darka Maz\u00ee","url":"https:\/\/darkamazi.info\/","logo":{"@type":"ImageObject","inLanguage":"en-US","@id":"https:\/\/darkamazi.info\/#\/schema\/logo\/image\/","url":"https:\/\/darkamazi.info\/file\/2017\/12\/darka-mazi-logo.png","contentUrl":"https:\/\/darkamazi.info\/file\/2017\/12\/darka-mazi-logo.png","width":151,"height":75,"caption":"Darka Maz\u00ee"},"image":{"@id":"https:\/\/darkamazi.info\/#\/schema\/logo\/image\/"},"sameAs":["https:\/\/www.facebook.com\/DarMaziKurmanci","https:\/\/x.com\/DarkaMaziLatini","https:\/\/www.instagram.com\/darkamazi.kurmanci\/","https:\/\/www.youtube.com\/channel\/UCa5HkTdmI8U1qCUFuTw8B2g"]},{"@type":"Person","@id":"https:\/\/darkamazi.info\/#\/schema\/person\/5ad3e24553a0567993fa8ed4bd0a776c","name":"darka mazi","sameAs":["https:\/\/darkamazi.info\/"],"url":"https:\/\/darkamazi.info\/archives\/author\/kurdi"}]}},"_links":{"self":[{"href":"https:\/\/darkamazi.info\/funavuv\/wp\/v2\/posts\/1033414","targetHints":{"allow":["GET"]}}],"collection":[{"href":"https:\/\/darkamazi.info\/funavuv\/wp\/v2\/posts"}],"about":[{"href":"https:\/\/darkamazi.info\/funavuv\/wp\/v2\/types\/post"}],"author":[{"embeddable":true,"href":"https:\/\/darkamazi.info\/funavuv\/wp\/v2\/users\/2"}],"replies":[{"embeddable":true,"href":"https:\/\/darkamazi.info\/funavuv\/wp\/v2\/comments?post=1033414"}],"version-history":[{"count":0,"href":"https:\/\/darkamazi.info\/funavuv\/wp\/v2\/posts\/1033414\/revisions"}],"wp:featuredmedia":[{"embeddable":true,"href":"https:\/\/darkamazi.info\/funavuv\/wp\/v2\/media\/1033415"}],"wp:attachment":[{"href":"https:\/\/darkamazi.info\/funavuv\/wp\/v2\/media?parent=1033414"}],"wp:term":[{"taxonomy":"category","embeddable":true,"href":"https:\/\/darkamazi.info\/funavuv\/wp\/v2\/categories?post=1033414"},{"taxonomy":"post_tag","embeddable":true,"href":"https:\/\/darkamazi.info\/funavuv\/wp\/v2\/tags?post=1033414"}],"curies":[{"name":"wp","href":"https:\/\/api.w.org\/{rel}","templated":true}]}}