{"id":1033425,"date":"2022-10-31T12:54:36","date_gmt":"2022-10-31T09:54:36","guid":{"rendered":"https:\/\/darkamazi.info\/?p=1033425"},"modified":"2022-10-31T12:54:36","modified_gmt":"2022-10-31T09:54:36","slug":"artesa-tirkiye-li-cewlige-operasyon-da-destpekirin","status":"publish","type":"post","link":"https:\/\/darkamazi.info\/archives\/1033425","title":{"rendered":"Art\u00ea\u015fa Tirkiy\u00ea li \u00c7ewlig\u00ea operasyon da destp\u00eakirin"},"content":{"rendered":"<h3 style=\"text-align: justify\"><span style=\"font-family: 'arial black', sans-serif\">Li piraniya par\u00eazgeh\u00ean Bakur\u00ea Kurdistan\u00ea operasyon\u00ean art\u00ea\u015fa Tirkiy\u00ea berdewam in. Wezareta Navxwe ya Tirkiy\u00ea ragihand ku art\u00ea\u015fa wan li par\u00eazgeha \u00c7ewlig a Bakur\u00ea Kurdistan\u00ea, operasyoneke le\u015fker\u00ee daye destp\u00eakirin.<\/span><\/h3>\n<h3 style=\"text-align: justify\"><span style=\"font-family: arial, helvetica, sans-serif\">Wezareta Navxwe ya Tirkiy\u00ea \u00eero Du\u015fem\u00ea 31\u00ea Cotmeha 2022an ragihand ku li nav\u00e7eya Dara H\u00ean\u00ea ser bi par\u00eazgeha \u00c7ewlig\u00ea li dij\u00ee PKK\u00ea \u201cOperasyona Pay\u00eez-Zivistan-7 a Eren Dorp\u00ea\u00e7\u201d hatiye destp\u00eakirin.<\/span><\/h3>\n<h3 style=\"text-align: justify\"><span style=\"font-family: arial, helvetica, sans-serif\">Wezareta navbor\u00ee ragihandiye ku d\u00ea operasyon li nav\u00e7eya Dara H\u00ean\u00ea, ji aliy\u00ea Fermandariy\u00ean Cendirme y\u00ean \u00c7ewlig\u00ea ve b\u00ea bir\u00eavebirin \u00fb 464 cendirmey\u00ean h\u00eaz\u00ean taybet, pol\u00ees\u00ean h\u00eaz\u00ean taybet, komando \u00fb cerdevan be\u015fdar bibin ku ji 40 t\u00eeman p\u00eak t\u00ean.<\/span><\/h3>\n<h3 style=\"text-align: justify\"><span style=\"font-family: arial, helvetica, sans-serif\">Ber\u00ee \u00e7end rojan li par\u00eazgeh\u00ean D\u00earsim\u00ea \u00fb Colem\u00earg\u00ea j\u00ee bi heman nav\u00ee art\u00ea\u015fa Tirkiy\u00ea operasyon dab\u00fbn destp\u00eakirin ku heta niha j\u00ee berdewam in.<\/span><\/h3>\n","protected":false},"excerpt":{"rendered":"<p>Li piraniya par\u00eazgeh\u00ean Bakur\u00ea Kurdistan\u00ea operasyon\u00ean art\u00ea\u015fa Tirkiy\u00ea berdewam in. Wezareta Navxwe ya Tirkiy\u00ea ragihand ku art\u00ea\u015fa wan li par\u00eazgeha \u00c7ewlig a Bakur\u00ea Kurdistan\u00ea, operasyoneke le\u015fker\u00ee daye destp\u00eakirin. Wezareta Navxwe ya Tirkiy\u00ea \u00eero Du\u015fem\u00ea 31\u00ea Cotmeha 2022an ragihand ku li nav\u00e7eya Dara H\u00ean\u00ea ser bi par\u00eazgeha \u00c7ewlig\u00ea li dij\u00ee PKK\u00ea \u201cOperasyona Pay\u00eez-Zivistan-7 a Eren Dorp\u00ea\u00e7\u201d [&hellip;]<\/p>\n","protected":false},"author":2,"featured_media":1033426,"comment_status":"closed","ping_status":"closed","sticky":false,"template":"","format":"standard","meta":{"footnotes":""},"categories":[29],"tags":[37],"class_list":["post-1033425","post","type-post","status-publish","format-standard","has-post-thumbnail","hentry","category-kurdistan","tag-sereke"],"blocksy_meta":[],"seo_head":"<!-- This site is optimized with the Yoast SEO plugin v27.5 - https:\/\/yoast.com\/product\/yoast-seo-wordpress\/ -->\n<title>Art\u00ea\u015fa Tirkiy\u00ea li \u00c7ewlig\u00ea operasyon da destp\u00eakirin - Darka Maz\u00ee<\/title>\n<meta name=\"robots\" content=\"index, follow, max-snippet:-1, max-image-preview:large, max-video-preview:-1\" \/>\n<link rel=\"canonical\" href=\"https:\/\/darkamazi.info\/archives\/1033425\" \/>\n<meta property=\"og:locale\" content=\"en_US\" \/>\n<meta property=\"og:type\" content=\"article\" \/>\n<meta property=\"og:title\" content=\"Art\u00ea\u015fa Tirkiy\u00ea li \u00c7ewlig\u00ea operasyon da destp\u00eakirin - Darka Maz\u00ee\" \/>\n<meta property=\"og:description\" content=\"Li piraniya par\u00eazgeh\u00ean Bakur\u00ea Kurdistan\u00ea operasyon\u00ean art\u00ea\u015fa Tirkiy\u00ea berdewam in. Wezareta Navxwe ya Tirkiy\u00ea ragihand ku art\u00ea\u015fa wan li par\u00eazgeha \u00c7ewlig a Bakur\u00ea Kurdistan\u00ea, operasyoneke le\u015fker\u00ee daye destp\u00eakirin. Wezareta Navxwe ya Tirkiy\u00ea \u00eero Du\u015fem\u00ea 31\u00ea Cotmeha 2022an ragihand ku li nav\u00e7eya Dara H\u00ean\u00ea ser bi par\u00eazgeha \u00c7ewlig\u00ea li dij\u00ee PKK\u00ea \u201cOperasyona Pay\u00eez-Zivistan-7 a Eren Dorp\u00ea\u00e7\u201d [&hellip;]\" \/>\n<meta property=\"og:url\" content=\"https:\/\/darkamazi.info\/archives\/1033425\" \/>\n<meta property=\"og:site_name\" content=\"Darka Maz\u00ee\" \/>\n<meta property=\"article:publisher\" content=\"https:\/\/www.facebook.com\/DarMaziKurmanci\" \/>\n<meta property=\"article:published_time\" content=\"2022-10-31T09:54:36+00:00\" \/>\n<meta property=\"og:image\" content=\"https:\/\/darkamazi.info\/file\/2022\/10\/Cewlige-eren-pkk.jpg\" \/>\n\t<meta property=\"og:image:width\" content=\"900\" \/>\n\t<meta property=\"og:image:height\" content=\"497\" \/>\n\t<meta property=\"og:image:type\" content=\"image\/jpeg\" \/>\n<meta name=\"author\" content=\"darka mazi\" \/>\n<meta name=\"twitter:card\" content=\"summary_large_image\" \/>\n<meta name=\"twitter:creator\" content=\"@DarkaMaziLatini\" \/>\n<meta name=\"twitter:site\" content=\"@DarkaMaziLatini\" \/>\n<meta name=\"twitter:label1\" content=\"Written by\" \/>\n\t<meta name=\"twitter:data1\" content=\"darka mazi\" \/>\n\t<meta name=\"twitter:label2\" content=\"Est. reading time\" \/>\n\t<meta name=\"twitter:data2\" content=\"1 minute\" \/>\n<script type=\"application\/ld+json\" class=\"seo-schema-graph\">{\"@context\":\"https:\\\/\\\/schema.org\",\"@graph\":[{\"@type\":\"Article\",\"@id\":\"https:\\\/\\\/darkamazi.info\\\/archives\\\/1033425#article\",\"isPartOf\":{\"@id\":\"https:\\\/\\\/darkamazi.info\\\/archives\\\/1033425\"},\"author\":{\"name\":\"darka mazi\",\"@id\":\"https:\\\/\\\/darkamazi.info\\\/#\\\/schema\\\/person\\\/5ad3e24553a0567993fa8ed4bd0a776c\"},\"headline\":\"Art\u00ea\u015fa Tirkiy\u00ea li \u00c7ewlig\u00ea operasyon da destp\u00eakirin\",\"datePublished\":\"2022-10-31T09:54:36+00:00\",\"mainEntityOfPage\":{\"@id\":\"https:\\\/\\\/darkamazi.info\\\/archives\\\/1033425\"},\"wordCount\":158,\"publisher\":{\"@id\":\"https:\\\/\\\/darkamazi.info\\\/#organization\"},\"image\":{\"@id\":\"https:\\\/\\\/darkamazi.info\\\/archives\\\/1033425#primaryimage\"},\"thumbnailUrl\":\"https:\\\/\\\/darkamazi.info\\\/darka-content\\\/uploads\\\/2022\\\/10\\\/Cewlige-eren-pkk.jpg\",\"keywords\":[\"sereke\"],\"articleSection\":[\"Kurdistan\"],\"inLanguage\":\"en-US\"},{\"@type\":\"WebPage\",\"@id\":\"https:\\\/\\\/darkamazi.info\\\/archives\\\/1033425\",\"url\":\"https:\\\/\\\/darkamazi.info\\\/archives\\\/1033425\",\"name\":\"Art\u00ea\u015fa Tirkiy\u00ea li \u00c7ewlig\u00ea operasyon da destp\u00eakirin - Darka Maz\u00ee\",\"isPartOf\":{\"@id\":\"https:\\\/\\\/darkamazi.info\\\/#website\"},\"primaryImageOfPage\":{\"@id\":\"https:\\\/\\\/darkamazi.info\\\/archives\\\/1033425#primaryimage\"},\"image\":{\"@id\":\"https:\\\/\\\/darkamazi.info\\\/archives\\\/1033425#primaryimage\"},\"thumbnailUrl\":\"https:\\\/\\\/darkamazi.info\\\/darka-content\\\/uploads\\\/2022\\\/10\\\/Cewlige-eren-pkk.jpg\",\"datePublished\":\"2022-10-31T09:54:36+00:00\",\"breadcrumb\":{\"@id\":\"https:\\\/\\\/darkamazi.info\\\/archives\\\/1033425#breadcrumb\"},\"inLanguage\":\"en-US\",\"potentialAction\":[{\"@type\":\"ReadAction\",\"target\":[\"https:\\\/\\\/darkamazi.info\\\/archives\\\/1033425\"]}]},{\"@type\":\"ImageObject\",\"inLanguage\":\"en-US\",\"@id\":\"https:\\\/\\\/darkamazi.info\\\/archives\\\/1033425#primaryimage\",\"url\":\"https:\\\/\\\/darkamazi.info\\\/darka-content\\\/uploads\\\/2022\\\/10\\\/Cewlige-eren-pkk.jpg\",\"contentUrl\":\"https:\\\/\\\/darkamazi.info\\\/darka-content\\\/uploads\\\/2022\\\/10\\\/Cewlige-eren-pkk.jpg\",\"width\":900,\"height\":497,\"caption\":\"\u00c7ewlig\u00ea-eren-pkk\"},{\"@type\":\"BreadcrumbList\",\"@id\":\"https:\\\/\\\/darkamazi.info\\\/archives\\\/1033425#breadcrumb\",\"itemListElement\":[{\"@type\":\"ListItem\",\"position\":1,\"name\":\"Home\",\"item\":\"https:\\\/\\\/darkamazi.info\\\/\"},{\"@type\":\"ListItem\",\"position\":2,\"name\":\"Art\u00ea\u015fa Tirkiy\u00ea li \u00c7ewlig\u00ea operasyon da destp\u00eakirin\"}]},{\"@type\":\"WebSite\",\"@id\":\"https:\\\/\\\/darkamazi.info\\\/#website\",\"url\":\"https:\\\/\\\/darkamazi.info\\\/\",\"name\":\"Darka Maz\u00ee\",\"description\":\"P\u00eageha Zanyariy\u00ean Nebih\u00eest\u00ee\",\"publisher\":{\"@id\":\"https:\\\/\\\/darkamazi.info\\\/#organization\"},\"potentialAction\":[{\"@type\":\"SearchAction\",\"target\":{\"@type\":\"EntryPoint\",\"urlTemplate\":\"https:\\\/\\\/darkamazi.info\\\/?s={search_term_string}\"},\"query-input\":{\"@type\":\"PropertyValueSpecification\",\"valueRequired\":true,\"valueName\":\"search_term_string\"}}],\"inLanguage\":\"en-US\"},{\"@type\":\"Organization\",\"@id\":\"https:\\\/\\\/darkamazi.info\\\/#organization\",\"name\":\"Darka Maz\u00ee\",\"url\":\"https:\\\/\\\/darkamazi.info\\\/\",\"logo\":{\"@type\":\"ImageObject\",\"inLanguage\":\"en-US\",\"@id\":\"https:\\\/\\\/darkamazi.info\\\/#\\\/schema\\\/logo\\\/image\\\/\",\"url\":\"https:\\\/\\\/darkamazi.info\\\/darka-content\\\/uploads\\\/2017\\\/12\\\/darka-mazi-logo.png\",\"contentUrl\":\"https:\\\/\\\/darkamazi.info\\\/darka-content\\\/uploads\\\/2017\\\/12\\\/darka-mazi-logo.png\",\"width\":151,\"height\":75,\"caption\":\"Darka Maz\u00ee\"},\"image\":{\"@id\":\"https:\\\/\\\/darkamazi.info\\\/#\\\/schema\\\/logo\\\/image\\\/\"},\"sameAs\":[\"https:\\\/\\\/www.facebook.com\\\/DarMaziKurmanci\",\"https:\\\/\\\/x.com\\\/DarkaMaziLatini\",\"https:\\\/\\\/www.instagram.com\\\/darkamazi.kurmanci\\\/\",\"https:\\\/\\\/www.youtube.com\\\/channel\\\/UCa5HkTdmI8U1qCUFuTw8B2g\"]},{\"@type\":\"Person\",\"@id\":\"https:\\\/\\\/darkamazi.info\\\/#\\\/schema\\\/person\\\/5ad3e24553a0567993fa8ed4bd0a776c\",\"name\":\"darka mazi\",\"sameAs\":[\"https:\\\/\\\/darkamazi.info\\\/\"],\"url\":\"https:\\\/\\\/darkamazi.info\\\/archives\\\/author\\\/kurdi\"}]}<\/script>\n<!-- \/ Yoast SEO plugin. -->","seo_head_json":{"title":"Art\u00ea\u015fa Tirkiy\u00ea li \u00c7ewlig\u00ea operasyon da destp\u00eakirin - Darka Maz\u00ee","robots":{"index":"index","follow":"follow","max-snippet":"max-snippet:-1","max-image-preview":"max-image-preview:large","max-video-preview":"max-video-preview:-1"},"canonical":"https:\/\/darkamazi.info\/archives\/1033425","og_locale":"en_US","og_type":"article","og_title":"Art\u00ea\u015fa Tirkiy\u00ea li \u00c7ewlig\u00ea operasyon da destp\u00eakirin - Darka Maz\u00ee","og_description":"Li piraniya par\u00eazgeh\u00ean Bakur\u00ea Kurdistan\u00ea operasyon\u00ean art\u00ea\u015fa Tirkiy\u00ea berdewam in. Wezareta Navxwe ya Tirkiy\u00ea ragihand ku art\u00ea\u015fa wan li par\u00eazgeha \u00c7ewlig a Bakur\u00ea Kurdistan\u00ea, operasyoneke le\u015fker\u00ee daye destp\u00eakirin. Wezareta Navxwe ya Tirkiy\u00ea \u00eero Du\u015fem\u00ea 31\u00ea Cotmeha 2022an ragihand ku li nav\u00e7eya Dara H\u00ean\u00ea ser bi par\u00eazgeha \u00c7ewlig\u00ea li dij\u00ee PKK\u00ea \u201cOperasyona Pay\u00eez-Zivistan-7 a Eren Dorp\u00ea\u00e7\u201d [&hellip;]","og_url":"https:\/\/darkamazi.info\/archives\/1033425","og_site_name":"Darka Maz\u00ee","article_publisher":"https:\/\/www.facebook.com\/DarMaziKurmanci","article_published_time":"2022-10-31T09:54:36+00:00","og_image":[{"width":900,"height":497,"url":"https:\/\/darkamazi.info\/file\/2022\/10\/Cewlige-eren-pkk.jpg","type":"image\/jpeg"}],"author":"darka mazi","twitter_card":"summary_large_image","twitter_creator":"@DarkaMaziLatini","twitter_site":"@DarkaMaziLatini","twitter_misc":{"Written by":"darka mazi","Est. reading time":"1 minute"},"schema":{"@context":"https:\/\/schema.org","@graph":[{"@type":"Article","@id":"https:\/\/darkamazi.info\/archives\/1033425#article","isPartOf":{"@id":"https:\/\/darkamazi.info\/archives\/1033425"},"author":{"name":"darka mazi","@id":"https:\/\/darkamazi.info\/#\/schema\/person\/5ad3e24553a0567993fa8ed4bd0a776c"},"headline":"Art\u00ea\u015fa Tirkiy\u00ea li \u00c7ewlig\u00ea operasyon da destp\u00eakirin","datePublished":"2022-10-31T09:54:36+00:00","mainEntityOfPage":{"@id":"https:\/\/darkamazi.info\/archives\/1033425"},"wordCount":158,"publisher":{"@id":"https:\/\/darkamazi.info\/#organization"},"image":{"@id":"https:\/\/darkamazi.info\/archives\/1033425#primaryimage"},"thumbnailUrl":"https:\/\/darkamazi.info\/file\/2022\/10\/Cewlige-eren-pkk.jpg","keywords":["sereke"],"articleSection":["Kurdistan"],"inLanguage":"en-US"},{"@type":"WebPage","@id":"https:\/\/darkamazi.info\/archives\/1033425","url":"https:\/\/darkamazi.info\/archives\/1033425","name":"Art\u00ea\u015fa Tirkiy\u00ea li \u00c7ewlig\u00ea operasyon da destp\u00eakirin - Darka Maz\u00ee","isPartOf":{"@id":"https:\/\/darkamazi.info\/#website"},"primaryImageOfPage":{"@id":"https:\/\/darkamazi.info\/archives\/1033425#primaryimage"},"image":{"@id":"https:\/\/darkamazi.info\/archives\/1033425#primaryimage"},"thumbnailUrl":"https:\/\/darkamazi.info\/file\/2022\/10\/Cewlige-eren-pkk.jpg","datePublished":"2022-10-31T09:54:36+00:00","breadcrumb":{"@id":"https:\/\/darkamazi.info\/archives\/1033425#breadcrumb"},"inLanguage":"en-US","potentialAction":[{"@type":"ReadAction","target":["https:\/\/darkamazi.info\/archives\/1033425"]}]},{"@type":"ImageObject","inLanguage":"en-US","@id":"https:\/\/darkamazi.info\/archives\/1033425#primaryimage","url":"https:\/\/darkamazi.info\/file\/2022\/10\/Cewlige-eren-pkk.jpg","contentUrl":"https:\/\/darkamazi.info\/file\/2022\/10\/Cewlige-eren-pkk.jpg","width":900,"height":497,"caption":"\u00c7ewlig\u00ea-eren-pkk"},{"@type":"BreadcrumbList","@id":"https:\/\/darkamazi.info\/archives\/1033425#breadcrumb","itemListElement":[{"@type":"ListItem","position":1,"name":"Home","item":"https:\/\/darkamazi.info\/"},{"@type":"ListItem","position":2,"name":"Art\u00ea\u015fa Tirkiy\u00ea li \u00c7ewlig\u00ea operasyon da destp\u00eakirin"}]},{"@type":"WebSite","@id":"https:\/\/darkamazi.info\/#website","url":"https:\/\/darkamazi.info\/","name":"Darka Maz\u00ee","description":"P\u00eageha Zanyariy\u00ean Nebih\u00eest\u00ee","publisher":{"@id":"https:\/\/darkamazi.info\/#organization"},"potentialAction":[{"@type":"SearchAction","target":{"@type":"EntryPoint","urlTemplate":"https:\/\/darkamazi.info\/?s={search_term_string}"},"query-input":{"@type":"PropertyValueSpecification","valueRequired":true,"valueName":"search_term_string"}}],"inLanguage":"en-US"},{"@type":"Organization","@id":"https:\/\/darkamazi.info\/#organization","name":"Darka Maz\u00ee","url":"https:\/\/darkamazi.info\/","logo":{"@type":"ImageObject","inLanguage":"en-US","@id":"https:\/\/darkamazi.info\/#\/schema\/logo\/image\/","url":"https:\/\/darkamazi.info\/file\/2017\/12\/darka-mazi-logo.png","contentUrl":"https:\/\/darkamazi.info\/file\/2017\/12\/darka-mazi-logo.png","width":151,"height":75,"caption":"Darka Maz\u00ee"},"image":{"@id":"https:\/\/darkamazi.info\/#\/schema\/logo\/image\/"},"sameAs":["https:\/\/www.facebook.com\/DarMaziKurmanci","https:\/\/x.com\/DarkaMaziLatini","https:\/\/www.instagram.com\/darkamazi.kurmanci\/","https:\/\/www.youtube.com\/channel\/UCa5HkTdmI8U1qCUFuTw8B2g"]},{"@type":"Person","@id":"https:\/\/darkamazi.info\/#\/schema\/person\/5ad3e24553a0567993fa8ed4bd0a776c","name":"darka mazi","sameAs":["https:\/\/darkamazi.info\/"],"url":"https:\/\/darkamazi.info\/archives\/author\/kurdi"}]}},"_links":{"self":[{"href":"https:\/\/darkamazi.info\/funavuv\/wp\/v2\/posts\/1033425","targetHints":{"allow":["GET"]}}],"collection":[{"href":"https:\/\/darkamazi.info\/funavuv\/wp\/v2\/posts"}],"about":[{"href":"https:\/\/darkamazi.info\/funavuv\/wp\/v2\/types\/post"}],"author":[{"embeddable":true,"href":"https:\/\/darkamazi.info\/funavuv\/wp\/v2\/users\/2"}],"replies":[{"embeddable":true,"href":"https:\/\/darkamazi.info\/funavuv\/wp\/v2\/comments?post=1033425"}],"version-history":[{"count":0,"href":"https:\/\/darkamazi.info\/funavuv\/wp\/v2\/posts\/1033425\/revisions"}],"wp:featuredmedia":[{"embeddable":true,"href":"https:\/\/darkamazi.info\/funavuv\/wp\/v2\/media\/1033426"}],"wp:attachment":[{"href":"https:\/\/darkamazi.info\/funavuv\/wp\/v2\/media?parent=1033425"}],"wp:term":[{"taxonomy":"category","embeddable":true,"href":"https:\/\/darkamazi.info\/funavuv\/wp\/v2\/categories?post=1033425"},{"taxonomy":"post_tag","embeddable":true,"href":"https:\/\/darkamazi.info\/funavuv\/wp\/v2\/tags?post=1033425"}],"curies":[{"name":"wp","href":"https:\/\/api.w.org\/{rel}","templated":true}]}}