{"id":1033430,"date":"2022-10-31T21:26:18","date_gmt":"2022-10-31T18:26:18","guid":{"rendered":"https:\/\/darkamazi.info\/?p=1033430"},"modified":"2022-10-31T21:26:18","modified_gmt":"2022-10-31T18:26:18","slug":"mahir-unal-ji-erke-serokwekiliya-fraksiyona-ak-partiye-istifa-kir","status":"publish","type":"post","link":"https:\/\/darkamazi.info\/archives\/1033430","title":{"rendered":"Mah\u00eer Unal ji erk\u00ea Serokwek\u00eeliya Fraksiyona AK Partiy\u00ea \u00eest\u00eefa kir"},"content":{"rendered":"<h3 style=\"text-align: justify\"><span style=\"font-family: 'arial black', sans-serif\">Serokwek\u00eel\u00ea Fraksiyona AK Partiy\u00ea Mah\u00eer Unal ragihand ku w\u00ee dest ji erk\u00ea xwe berdaye.<\/span><\/h3>\n<h3 style=\"text-align: justify\">Mah\u00eer Unal li ser hesab\u00ea xwe y\u00ea Twitter\u00ea ragihand: \u201cJi \u00eero ve min daxwaza destjikarberdana erk\u00ea xwe y\u00ea serokwek\u00eeliy\u00ea kir. Ez ji bo bawer\u00ee \u00fb berpirsyariy\u00ean ku heta niha serokkomar \u00fb serok\u00ea me y\u00ea gi\u015ft\u00ee bir\u00eaz Recep Tay\u00eep Erdogan dane min spasiya w\u00ee dikim. Ez v\u00ea yek\u00ea bi r\u00eazdar\u00ee bo raya gi\u015ft\u00ee radigeh\u00eenim.\u201d<\/h3>\n<h3 style=\"text-align: justify\">\u00c7end roj ber\u00ea Serokwek\u00eel\u00ea Fraksiyona AK Partiy\u00ea Mah\u00eer Unal rexne li s\u00eestema komar\u00ee ya Tirkiy\u00ea girtib\u00fbn \u00fb gotib\u00fb: \u201cKomar\u00ea ziman, alfabe \u00fb hem\u00fb berbest\u00ean me y\u00ea fikir\u00een\u00ea ji hole rakirine.\u201d<\/h3>\n<h3 style=\"text-align: justify\">Ev gotin\u00ea Unal di nav xelk\u00ea\u00a0 Tirkiy\u00ea \u00fb aliy\u00ean siyas\u00ee de b\u00fbb\u00fb sedema neraz\u00eeb\u00fbnan \u00fb Serok\u00ea MHP\u00ea Devlet Bah\u00e7el\u00ee di civ\u00eena partiya xwe de\u00a0 gotib\u00fb: \u201cEw kes\u00ean ku dib\u00eajin Komar\u00ea zirar gihandiye \u00e7and ziman \u00fb berbest\u00ean me y\u00ean fikir\u00een\u00ea, di xeletiyeke b\u00ea m\u00eenak \u00fb b\u00ea bingeh de ne.\u201d<\/h3>\n","protected":false},"excerpt":{"rendered":"<p>Serokwek\u00eel\u00ea Fraksiyona AK Partiy\u00ea Mah\u00eer Unal ragihand ku w\u00ee dest ji erk\u00ea xwe berdaye. Mah\u00eer Unal li ser hesab\u00ea xwe y\u00ea Twitter\u00ea ragihand: \u201cJi \u00eero ve min daxwaza destjikarberdana erk\u00ea xwe y\u00ea serokwek\u00eeliy\u00ea kir. Ez ji bo bawer\u00ee \u00fb berpirsyariy\u00ean ku heta niha serokkomar \u00fb serok\u00ea me y\u00ea gi\u015ft\u00ee bir\u00eaz Recep Tay\u00eep Erdogan dane min [&hellip;]<\/p>\n","protected":false},"author":2,"featured_media":1033432,"comment_status":"closed","ping_status":"closed","sticky":false,"template":"","format":"standard","meta":{"footnotes":""},"categories":[31],"tags":[37],"class_list":["post-1033430","post","type-post","status-publish","format-standard","has-post-thumbnail","hentry","category-rojhelata-navin","tag-sereke"],"blocksy_meta":[],"seo_head":"<!-- This site is optimized with the Yoast SEO plugin v27.5 - https:\/\/yoast.com\/product\/yoast-seo-wordpress\/ -->\n<title>Mah\u00eer Unal ji erk\u00ea Serokwek\u00eeliya Fraksiyona AK Partiy\u00ea \u00eest\u00eefa kir - Darka Maz\u00ee<\/title>\n<meta name=\"robots\" content=\"index, follow, max-snippet:-1, max-image-preview:large, max-video-preview:-1\" \/>\n<link rel=\"canonical\" href=\"https:\/\/darkamazi.info\/archives\/1033430\" \/>\n<meta property=\"og:locale\" content=\"en_US\" \/>\n<meta property=\"og:type\" content=\"article\" \/>\n<meta property=\"og:title\" content=\"Mah\u00eer Unal ji erk\u00ea Serokwek\u00eeliya Fraksiyona AK Partiy\u00ea \u00eest\u00eefa kir - Darka Maz\u00ee\" \/>\n<meta property=\"og:description\" content=\"Serokwek\u00eel\u00ea Fraksiyona AK Partiy\u00ea Mah\u00eer Unal ragihand ku w\u00ee dest ji erk\u00ea xwe berdaye. Mah\u00eer Unal li ser hesab\u00ea xwe y\u00ea Twitter\u00ea ragihand: \u201cJi \u00eero ve min daxwaza destjikarberdana erk\u00ea xwe y\u00ea serokwek\u00eeliy\u00ea kir. Ez ji bo bawer\u00ee \u00fb berpirsyariy\u00ean ku heta niha serokkomar \u00fb serok\u00ea me y\u00ea gi\u015ft\u00ee bir\u00eaz Recep Tay\u00eep Erdogan dane min [&hellip;]\" \/>\n<meta property=\"og:url\" content=\"https:\/\/darkamazi.info\/archives\/1033430\" \/>\n<meta property=\"og:site_name\" content=\"Darka Maz\u00ee\" \/>\n<meta property=\"article:publisher\" content=\"https:\/\/www.facebook.com\/DarMaziKurmanci\" \/>\n<meta property=\"article:published_time\" content=\"2022-10-31T18:26:18+00:00\" \/>\n<meta property=\"og:image\" content=\"https:\/\/darkamazi.info\/file\/2022\/10\/Mahir-Unal.jpg\" \/>\n\t<meta property=\"og:image:width\" content=\"900\" \/>\n\t<meta property=\"og:image:height\" content=\"497\" \/>\n\t<meta property=\"og:image:type\" content=\"image\/jpeg\" \/>\n<meta name=\"author\" content=\"darka mazi\" \/>\n<meta name=\"twitter:card\" content=\"summary_large_image\" \/>\n<meta name=\"twitter:creator\" content=\"@DarkaMaziLatini\" \/>\n<meta name=\"twitter:site\" content=\"@DarkaMaziLatini\" \/>\n<meta name=\"twitter:label1\" content=\"Written by\" \/>\n\t<meta name=\"twitter:data1\" content=\"darka mazi\" \/>\n\t<meta name=\"twitter:label2\" content=\"Est. reading time\" \/>\n\t<meta name=\"twitter:data2\" content=\"1 minute\" \/>\n<script type=\"application\/ld+json\" class=\"seo-schema-graph\">{\"@context\":\"https:\\\/\\\/schema.org\",\"@graph\":[{\"@type\":\"Article\",\"@id\":\"https:\\\/\\\/darkamazi.info\\\/archives\\\/1033430#article\",\"isPartOf\":{\"@id\":\"https:\\\/\\\/darkamazi.info\\\/archives\\\/1033430\"},\"author\":{\"name\":\"darka mazi\",\"@id\":\"https:\\\/\\\/darkamazi.info\\\/#\\\/schema\\\/person\\\/5ad3e24553a0567993fa8ed4bd0a776c\"},\"headline\":\"Mah\u00eer Unal ji erk\u00ea Serokwek\u00eeliya Fraksiyona AK Partiy\u00ea \u00eest\u00eefa kir\",\"datePublished\":\"2022-10-31T18:26:18+00:00\",\"mainEntityOfPage\":{\"@id\":\"https:\\\/\\\/darkamazi.info\\\/archives\\\/1033430\"},\"wordCount\":179,\"publisher\":{\"@id\":\"https:\\\/\\\/darkamazi.info\\\/#organization\"},\"image\":{\"@id\":\"https:\\\/\\\/darkamazi.info\\\/archives\\\/1033430#primaryimage\"},\"thumbnailUrl\":\"https:\\\/\\\/darkamazi.info\\\/darka-content\\\/uploads\\\/2022\\\/10\\\/Mahir-Unal.jpg\",\"keywords\":[\"sereke\"],\"articleSection\":[\"Rojhelata nav\u00een\"],\"inLanguage\":\"en-US\"},{\"@type\":\"WebPage\",\"@id\":\"https:\\\/\\\/darkamazi.info\\\/archives\\\/1033430\",\"url\":\"https:\\\/\\\/darkamazi.info\\\/archives\\\/1033430\",\"name\":\"Mah\u00eer Unal ji erk\u00ea Serokwek\u00eeliya Fraksiyona AK Partiy\u00ea \u00eest\u00eefa kir - Darka Maz\u00ee\",\"isPartOf\":{\"@id\":\"https:\\\/\\\/darkamazi.info\\\/#website\"},\"primaryImageOfPage\":{\"@id\":\"https:\\\/\\\/darkamazi.info\\\/archives\\\/1033430#primaryimage\"},\"image\":{\"@id\":\"https:\\\/\\\/darkamazi.info\\\/archives\\\/1033430#primaryimage\"},\"thumbnailUrl\":\"https:\\\/\\\/darkamazi.info\\\/darka-content\\\/uploads\\\/2022\\\/10\\\/Mahir-Unal.jpg\",\"datePublished\":\"2022-10-31T18:26:18+00:00\",\"breadcrumb\":{\"@id\":\"https:\\\/\\\/darkamazi.info\\\/archives\\\/1033430#breadcrumb\"},\"inLanguage\":\"en-US\",\"potentialAction\":[{\"@type\":\"ReadAction\",\"target\":[\"https:\\\/\\\/darkamazi.info\\\/archives\\\/1033430\"]}]},{\"@type\":\"ImageObject\",\"inLanguage\":\"en-US\",\"@id\":\"https:\\\/\\\/darkamazi.info\\\/archives\\\/1033430#primaryimage\",\"url\":\"https:\\\/\\\/darkamazi.info\\\/darka-content\\\/uploads\\\/2022\\\/10\\\/Mahir-Unal.jpg\",\"contentUrl\":\"https:\\\/\\\/darkamazi.info\\\/darka-content\\\/uploads\\\/2022\\\/10\\\/Mahir-Unal.jpg\",\"width\":900,\"height\":497,\"caption\":\"Mah\u00eer Unal ji erk\u00ea Serokwek\u00eeliya Fraksiyona AK Partiy\u00ea \u00eest\u00eefa kir\"},{\"@type\":\"BreadcrumbList\",\"@id\":\"https:\\\/\\\/darkamazi.info\\\/archives\\\/1033430#breadcrumb\",\"itemListElement\":[{\"@type\":\"ListItem\",\"position\":1,\"name\":\"Home\",\"item\":\"https:\\\/\\\/darkamazi.info\\\/\"},{\"@type\":\"ListItem\",\"position\":2,\"name\":\"Mah\u00eer Unal ji erk\u00ea Serokwek\u00eeliya Fraksiyona AK Partiy\u00ea \u00eest\u00eefa kir\"}]},{\"@type\":\"WebSite\",\"@id\":\"https:\\\/\\\/darkamazi.info\\\/#website\",\"url\":\"https:\\\/\\\/darkamazi.info\\\/\",\"name\":\"Darka Maz\u00ee\",\"description\":\"P\u00eageha Zanyariy\u00ean Nebih\u00eest\u00ee\",\"publisher\":{\"@id\":\"https:\\\/\\\/darkamazi.info\\\/#organization\"},\"potentialAction\":[{\"@type\":\"SearchAction\",\"target\":{\"@type\":\"EntryPoint\",\"urlTemplate\":\"https:\\\/\\\/darkamazi.info\\\/?s={search_term_string}\"},\"query-input\":{\"@type\":\"PropertyValueSpecification\",\"valueRequired\":true,\"valueName\":\"search_term_string\"}}],\"inLanguage\":\"en-US\"},{\"@type\":\"Organization\",\"@id\":\"https:\\\/\\\/darkamazi.info\\\/#organization\",\"name\":\"Darka Maz\u00ee\",\"url\":\"https:\\\/\\\/darkamazi.info\\\/\",\"logo\":{\"@type\":\"ImageObject\",\"inLanguage\":\"en-US\",\"@id\":\"https:\\\/\\\/darkamazi.info\\\/#\\\/schema\\\/logo\\\/image\\\/\",\"url\":\"https:\\\/\\\/darkamazi.info\\\/darka-content\\\/uploads\\\/2017\\\/12\\\/darka-mazi-logo.png\",\"contentUrl\":\"https:\\\/\\\/darkamazi.info\\\/darka-content\\\/uploads\\\/2017\\\/12\\\/darka-mazi-logo.png\",\"width\":151,\"height\":75,\"caption\":\"Darka Maz\u00ee\"},\"image\":{\"@id\":\"https:\\\/\\\/darkamazi.info\\\/#\\\/schema\\\/logo\\\/image\\\/\"},\"sameAs\":[\"https:\\\/\\\/www.facebook.com\\\/DarMaziKurmanci\",\"https:\\\/\\\/x.com\\\/DarkaMaziLatini\",\"https:\\\/\\\/www.instagram.com\\\/darkamazi.kurmanci\\\/\",\"https:\\\/\\\/www.youtube.com\\\/channel\\\/UCa5HkTdmI8U1qCUFuTw8B2g\"]},{\"@type\":\"Person\",\"@id\":\"https:\\\/\\\/darkamazi.info\\\/#\\\/schema\\\/person\\\/5ad3e24553a0567993fa8ed4bd0a776c\",\"name\":\"darka mazi\",\"sameAs\":[\"https:\\\/\\\/darkamazi.info\\\/\"],\"url\":\"https:\\\/\\\/darkamazi.info\\\/archives\\\/author\\\/kurdi\"}]}<\/script>\n<!-- \/ Yoast SEO plugin. -->","seo_head_json":{"title":"Mah\u00eer Unal ji erk\u00ea Serokwek\u00eeliya Fraksiyona AK Partiy\u00ea \u00eest\u00eefa kir - Darka Maz\u00ee","robots":{"index":"index","follow":"follow","max-snippet":"max-snippet:-1","max-image-preview":"max-image-preview:large","max-video-preview":"max-video-preview:-1"},"canonical":"https:\/\/darkamazi.info\/archives\/1033430","og_locale":"en_US","og_type":"article","og_title":"Mah\u00eer Unal ji erk\u00ea Serokwek\u00eeliya Fraksiyona AK Partiy\u00ea \u00eest\u00eefa kir - Darka Maz\u00ee","og_description":"Serokwek\u00eel\u00ea Fraksiyona AK Partiy\u00ea Mah\u00eer Unal ragihand ku w\u00ee dest ji erk\u00ea xwe berdaye. Mah\u00eer Unal li ser hesab\u00ea xwe y\u00ea Twitter\u00ea ragihand: \u201cJi \u00eero ve min daxwaza destjikarberdana erk\u00ea xwe y\u00ea serokwek\u00eeliy\u00ea kir. Ez ji bo bawer\u00ee \u00fb berpirsyariy\u00ean ku heta niha serokkomar \u00fb serok\u00ea me y\u00ea gi\u015ft\u00ee bir\u00eaz Recep Tay\u00eep Erdogan dane min [&hellip;]","og_url":"https:\/\/darkamazi.info\/archives\/1033430","og_site_name":"Darka Maz\u00ee","article_publisher":"https:\/\/www.facebook.com\/DarMaziKurmanci","article_published_time":"2022-10-31T18:26:18+00:00","og_image":[{"width":900,"height":497,"url":"https:\/\/darkamazi.info\/file\/2022\/10\/Mahir-Unal.jpg","type":"image\/jpeg"}],"author":"darka mazi","twitter_card":"summary_large_image","twitter_creator":"@DarkaMaziLatini","twitter_site":"@DarkaMaziLatini","twitter_misc":{"Written by":"darka mazi","Est. reading time":"1 minute"},"schema":{"@context":"https:\/\/schema.org","@graph":[{"@type":"Article","@id":"https:\/\/darkamazi.info\/archives\/1033430#article","isPartOf":{"@id":"https:\/\/darkamazi.info\/archives\/1033430"},"author":{"name":"darka mazi","@id":"https:\/\/darkamazi.info\/#\/schema\/person\/5ad3e24553a0567993fa8ed4bd0a776c"},"headline":"Mah\u00eer Unal ji erk\u00ea Serokwek\u00eeliya Fraksiyona AK Partiy\u00ea \u00eest\u00eefa kir","datePublished":"2022-10-31T18:26:18+00:00","mainEntityOfPage":{"@id":"https:\/\/darkamazi.info\/archives\/1033430"},"wordCount":179,"publisher":{"@id":"https:\/\/darkamazi.info\/#organization"},"image":{"@id":"https:\/\/darkamazi.info\/archives\/1033430#primaryimage"},"thumbnailUrl":"https:\/\/darkamazi.info\/file\/2022\/10\/Mahir-Unal.jpg","keywords":["sereke"],"articleSection":["Rojhelata nav\u00een"],"inLanguage":"en-US"},{"@type":"WebPage","@id":"https:\/\/darkamazi.info\/archives\/1033430","url":"https:\/\/darkamazi.info\/archives\/1033430","name":"Mah\u00eer Unal ji erk\u00ea Serokwek\u00eeliya Fraksiyona AK Partiy\u00ea \u00eest\u00eefa kir - Darka Maz\u00ee","isPartOf":{"@id":"https:\/\/darkamazi.info\/#website"},"primaryImageOfPage":{"@id":"https:\/\/darkamazi.info\/archives\/1033430#primaryimage"},"image":{"@id":"https:\/\/darkamazi.info\/archives\/1033430#primaryimage"},"thumbnailUrl":"https:\/\/darkamazi.info\/file\/2022\/10\/Mahir-Unal.jpg","datePublished":"2022-10-31T18:26:18+00:00","breadcrumb":{"@id":"https:\/\/darkamazi.info\/archives\/1033430#breadcrumb"},"inLanguage":"en-US","potentialAction":[{"@type":"ReadAction","target":["https:\/\/darkamazi.info\/archives\/1033430"]}]},{"@type":"ImageObject","inLanguage":"en-US","@id":"https:\/\/darkamazi.info\/archives\/1033430#primaryimage","url":"https:\/\/darkamazi.info\/file\/2022\/10\/Mahir-Unal.jpg","contentUrl":"https:\/\/darkamazi.info\/file\/2022\/10\/Mahir-Unal.jpg","width":900,"height":497,"caption":"Mah\u00eer Unal ji erk\u00ea Serokwek\u00eeliya Fraksiyona AK Partiy\u00ea \u00eest\u00eefa kir"},{"@type":"BreadcrumbList","@id":"https:\/\/darkamazi.info\/archives\/1033430#breadcrumb","itemListElement":[{"@type":"ListItem","position":1,"name":"Home","item":"https:\/\/darkamazi.info\/"},{"@type":"ListItem","position":2,"name":"Mah\u00eer Unal ji erk\u00ea Serokwek\u00eeliya Fraksiyona AK Partiy\u00ea \u00eest\u00eefa kir"}]},{"@type":"WebSite","@id":"https:\/\/darkamazi.info\/#website","url":"https:\/\/darkamazi.info\/","name":"Darka Maz\u00ee","description":"P\u00eageha Zanyariy\u00ean Nebih\u00eest\u00ee","publisher":{"@id":"https:\/\/darkamazi.info\/#organization"},"potentialAction":[{"@type":"SearchAction","target":{"@type":"EntryPoint","urlTemplate":"https:\/\/darkamazi.info\/?s={search_term_string}"},"query-input":{"@type":"PropertyValueSpecification","valueRequired":true,"valueName":"search_term_string"}}],"inLanguage":"en-US"},{"@type":"Organization","@id":"https:\/\/darkamazi.info\/#organization","name":"Darka Maz\u00ee","url":"https:\/\/darkamazi.info\/","logo":{"@type":"ImageObject","inLanguage":"en-US","@id":"https:\/\/darkamazi.info\/#\/schema\/logo\/image\/","url":"https:\/\/darkamazi.info\/file\/2017\/12\/darka-mazi-logo.png","contentUrl":"https:\/\/darkamazi.info\/file\/2017\/12\/darka-mazi-logo.png","width":151,"height":75,"caption":"Darka Maz\u00ee"},"image":{"@id":"https:\/\/darkamazi.info\/#\/schema\/logo\/image\/"},"sameAs":["https:\/\/www.facebook.com\/DarMaziKurmanci","https:\/\/x.com\/DarkaMaziLatini","https:\/\/www.instagram.com\/darkamazi.kurmanci\/","https:\/\/www.youtube.com\/channel\/UCa5HkTdmI8U1qCUFuTw8B2g"]},{"@type":"Person","@id":"https:\/\/darkamazi.info\/#\/schema\/person\/5ad3e24553a0567993fa8ed4bd0a776c","name":"darka mazi","sameAs":["https:\/\/darkamazi.info\/"],"url":"https:\/\/darkamazi.info\/archives\/author\/kurdi"}]}},"_links":{"self":[{"href":"https:\/\/darkamazi.info\/funavuv\/wp\/v2\/posts\/1033430","targetHints":{"allow":["GET"]}}],"collection":[{"href":"https:\/\/darkamazi.info\/funavuv\/wp\/v2\/posts"}],"about":[{"href":"https:\/\/darkamazi.info\/funavuv\/wp\/v2\/types\/post"}],"author":[{"embeddable":true,"href":"https:\/\/darkamazi.info\/funavuv\/wp\/v2\/users\/2"}],"replies":[{"embeddable":true,"href":"https:\/\/darkamazi.info\/funavuv\/wp\/v2\/comments?post=1033430"}],"version-history":[{"count":0,"href":"https:\/\/darkamazi.info\/funavuv\/wp\/v2\/posts\/1033430\/revisions"}],"wp:featuredmedia":[{"embeddable":true,"href":"https:\/\/darkamazi.info\/funavuv\/wp\/v2\/media\/1033432"}],"wp:attachment":[{"href":"https:\/\/darkamazi.info\/funavuv\/wp\/v2\/media?parent=1033430"}],"wp:term":[{"taxonomy":"category","embeddable":true,"href":"https:\/\/darkamazi.info\/funavuv\/wp\/v2\/categories?post=1033430"},{"taxonomy":"post_tag","embeddable":true,"href":"https:\/\/darkamazi.info\/funavuv\/wp\/v2\/tags?post=1033430"}],"curies":[{"name":"wp","href":"https:\/\/api.w.org\/{rel}","templated":true}]}}