{"id":1033434,"date":"2022-11-01T11:36:16","date_gmt":"2022-11-01T08:36:16","guid":{"rendered":"https:\/\/darkamazi.info\/?p=1033434"},"modified":"2022-11-01T11:36:16","modified_gmt":"2022-11-01T08:36:16","slug":"malbata-cihan-xelil-em-dixwazin-keca-me-be-vegerandin","status":"publish","type":"post","link":"https:\/\/darkamazi.info\/archives\/1033434","title":{"rendered":"Malbata C\u00eehan Xel\u00eel: Em dixwazin ke\u00e7a me b\u00ea vegerandin"},"content":{"rendered":"<h3 style=\"text-align: justify\"><span style=\"font-family: 'arial black', sans-serif\">\u00a0Li gund\u00ea Siw\u00eadiy\u00ea y\u00ea D\u00earika Hemko li Rojavay\u00ea Kurdistan\u00ea malbata zarokeke 13 sal\u00ee dib\u00eaje, Ciwan\u00ean \u015eore\u015fger ke\u00e7a wan birine le\u015fkeriy\u00ea, daxwaza vegerandina ke\u00e7a xwe dikin.<\/span><\/h3>\n<h3 style=\"text-align: justify\">Malbata ke\u00e7a bi nav\u00ea C\u00eehan Xel\u00eel Ibrah\u00eem dib\u00eaje, ke\u00e7a wan ku di sala 2009an de ji day\u00eek b\u00fb ye \u00fb 13 sal\u00ee ye, li p\u00ea\u015fiya deriy\u00ea mal\u00ea li gund\u00ea Siw\u00eadiy\u00ea y\u00ea D\u00earika Hemko hatiye birin.<\/h3>\n<h3 style=\"text-align: justify\">Metika C\u00eehan Xel\u00eel Ibrah\u00eem, Leyla Ibrah\u00eem\u00a0\u00a0dib\u00eaje\u00a0\u00a0dema ku C\u00eehan birina biray\u00ea w\u00ea bi otomb\u00eal\u00ea daye pey wan: \u201cL\u00ea Ciwan\u00ean \u015eore\u015fger gule bi ser w\u00ee de av\u00eatine \u00fb ne\u00e7ar b\u00fbye vegere mal.\u201d<\/h3>\n<h3 style=\"text-align: justify\">Metika C\u00eehan ku dayika \u015feh\u00eedek\u00ee YPG\u00ea ye ji R\u00fbdaw\u00ea re dib\u00eaje, biraziya w\u00ea s\u00eaw\u00ee ye \u00fb zarok e, nikare \u00e7ek hilgire, ji Fermandar\u00ea Gi\u015ft\u00ee y\u00ea HSD\u00ea Mezl\u00fbm Ebd\u00ee dixwaze ke\u00e7ik\u00ea veger\u00eene.<\/h3>\n","protected":false},"excerpt":{"rendered":"<p>\u00a0Li gund\u00ea Siw\u00eadiy\u00ea y\u00ea D\u00earika Hemko li Rojavay\u00ea Kurdistan\u00ea malbata zarokeke 13 sal\u00ee dib\u00eaje, Ciwan\u00ean \u015eore\u015fger ke\u00e7a wan birine le\u015fkeriy\u00ea, daxwaza vegerandina ke\u00e7a xwe dikin. Malbata ke\u00e7a bi nav\u00ea C\u00eehan Xel\u00eel Ibrah\u00eem dib\u00eaje, ke\u00e7a wan ku di sala 2009an de ji day\u00eek b\u00fb ye \u00fb 13 sal\u00ee ye, li p\u00ea\u015fiya deriy\u00ea mal\u00ea li gund\u00ea Siw\u00eadiy\u00ea [&hellip;]<\/p>\n","protected":false},"author":2,"featured_media":1033435,"comment_status":"closed","ping_status":"closed","sticky":false,"template":"","format":"standard","meta":{"footnotes":""},"categories":[29],"tags":[37],"class_list":["post-1033434","post","type-post","status-publish","format-standard","has-post-thumbnail","hentry","category-kurdistan","tag-sereke"],"blocksy_meta":[],"seo_head":"<!-- This site is optimized with the Yoast SEO plugin v27.5 - https:\/\/yoast.com\/product\/yoast-seo-wordpress\/ -->\n<title>Malbata C\u00eehan Xel\u00eel: Em dixwazin ke\u00e7a me b\u00ea vegerandin - Darka Maz\u00ee<\/title>\n<meta name=\"robots\" content=\"index, follow, max-snippet:-1, max-image-preview:large, max-video-preview:-1\" \/>\n<link rel=\"canonical\" href=\"https:\/\/darkamazi.info\/archives\/1033434\" \/>\n<meta property=\"og:locale\" content=\"en_US\" \/>\n<meta property=\"og:type\" content=\"article\" \/>\n<meta property=\"og:title\" content=\"Malbata C\u00eehan Xel\u00eel: Em dixwazin ke\u00e7a me b\u00ea vegerandin - Darka Maz\u00ee\" \/>\n<meta property=\"og:description\" content=\"\u00a0Li gund\u00ea Siw\u00eadiy\u00ea y\u00ea D\u00earika Hemko li Rojavay\u00ea Kurdistan\u00ea malbata zarokeke 13 sal\u00ee dib\u00eaje, Ciwan\u00ean \u015eore\u015fger ke\u00e7a wan birine le\u015fkeriy\u00ea, daxwaza vegerandina ke\u00e7a xwe dikin. Malbata ke\u00e7a bi nav\u00ea C\u00eehan Xel\u00eel Ibrah\u00eem dib\u00eaje, ke\u00e7a wan ku di sala 2009an de ji day\u00eek b\u00fb ye \u00fb 13 sal\u00ee ye, li p\u00ea\u015fiya deriy\u00ea mal\u00ea li gund\u00ea Siw\u00eadiy\u00ea [&hellip;]\" \/>\n<meta property=\"og:url\" content=\"https:\/\/darkamazi.info\/archives\/1033434\" \/>\n<meta property=\"og:site_name\" content=\"Darka Maz\u00ee\" \/>\n<meta property=\"article:publisher\" content=\"https:\/\/www.facebook.com\/DarMaziKurmanci\" \/>\n<meta property=\"article:published_time\" content=\"2022-11-01T08:36:16+00:00\" \/>\n<meta property=\"og:image\" content=\"https:\/\/darkamazi.info\/file\/2022\/11\/cihan-xelil.jpg\" \/>\n\t<meta property=\"og:image:width\" content=\"880\" \/>\n\t<meta property=\"og:image:height\" content=\"440\" \/>\n\t<meta property=\"og:image:type\" content=\"image\/jpeg\" \/>\n<meta name=\"author\" content=\"darka mazi\" \/>\n<meta name=\"twitter:card\" content=\"summary_large_image\" \/>\n<meta name=\"twitter:creator\" content=\"@DarkaMaziLatini\" \/>\n<meta name=\"twitter:site\" content=\"@DarkaMaziLatini\" \/>\n<meta name=\"twitter:label1\" content=\"Written by\" \/>\n\t<meta name=\"twitter:data1\" content=\"darka mazi\" \/>\n\t<meta name=\"twitter:label2\" content=\"Est. reading time\" \/>\n\t<meta name=\"twitter:data2\" content=\"1 minute\" \/>\n<script type=\"application\/ld+json\" class=\"seo-schema-graph\">{\"@context\":\"https:\\\/\\\/schema.org\",\"@graph\":[{\"@type\":\"Article\",\"@id\":\"https:\\\/\\\/darkamazi.info\\\/archives\\\/1033434#article\",\"isPartOf\":{\"@id\":\"https:\\\/\\\/darkamazi.info\\\/archives\\\/1033434\"},\"author\":{\"name\":\"darka mazi\",\"@id\":\"https:\\\/\\\/darkamazi.info\\\/#\\\/schema\\\/person\\\/5ad3e24553a0567993fa8ed4bd0a776c\"},\"headline\":\"Malbata C\u00eehan Xel\u00eel: Em dixwazin ke\u00e7a me b\u00ea vegerandin\",\"datePublished\":\"2022-11-01T08:36:16+00:00\",\"mainEntityOfPage\":{\"@id\":\"https:\\\/\\\/darkamazi.info\\\/archives\\\/1033434\"},\"wordCount\":169,\"publisher\":{\"@id\":\"https:\\\/\\\/darkamazi.info\\\/#organization\"},\"image\":{\"@id\":\"https:\\\/\\\/darkamazi.info\\\/archives\\\/1033434#primaryimage\"},\"thumbnailUrl\":\"https:\\\/\\\/darkamazi.info\\\/darka-content\\\/uploads\\\/2022\\\/11\\\/cihan-xelil.jpg\",\"keywords\":[\"sereke\"],\"articleSection\":[\"Kurdistan\"],\"inLanguage\":\"en-US\"},{\"@type\":\"WebPage\",\"@id\":\"https:\\\/\\\/darkamazi.info\\\/archives\\\/1033434\",\"url\":\"https:\\\/\\\/darkamazi.info\\\/archives\\\/1033434\",\"name\":\"Malbata C\u00eehan Xel\u00eel: Em dixwazin ke\u00e7a me b\u00ea vegerandin - Darka Maz\u00ee\",\"isPartOf\":{\"@id\":\"https:\\\/\\\/darkamazi.info\\\/#website\"},\"primaryImageOfPage\":{\"@id\":\"https:\\\/\\\/darkamazi.info\\\/archives\\\/1033434#primaryimage\"},\"image\":{\"@id\":\"https:\\\/\\\/darkamazi.info\\\/archives\\\/1033434#primaryimage\"},\"thumbnailUrl\":\"https:\\\/\\\/darkamazi.info\\\/darka-content\\\/uploads\\\/2022\\\/11\\\/cihan-xelil.jpg\",\"datePublished\":\"2022-11-01T08:36:16+00:00\",\"breadcrumb\":{\"@id\":\"https:\\\/\\\/darkamazi.info\\\/archives\\\/1033434#breadcrumb\"},\"inLanguage\":\"en-US\",\"potentialAction\":[{\"@type\":\"ReadAction\",\"target\":[\"https:\\\/\\\/darkamazi.info\\\/archives\\\/1033434\"]}]},{\"@type\":\"ImageObject\",\"inLanguage\":\"en-US\",\"@id\":\"https:\\\/\\\/darkamazi.info\\\/archives\\\/1033434#primaryimage\",\"url\":\"https:\\\/\\\/darkamazi.info\\\/darka-content\\\/uploads\\\/2022\\\/11\\\/cihan-xelil.jpg\",\"contentUrl\":\"https:\\\/\\\/darkamazi.info\\\/darka-content\\\/uploads\\\/2022\\\/11\\\/cihan-xelil.jpg\",\"width\":880,\"height\":440,\"caption\":\"Malbata C\u00eehan Xel\u00eel: Em dixwazin ke\u00e7a me b\u00ea vegerandin\"},{\"@type\":\"BreadcrumbList\",\"@id\":\"https:\\\/\\\/darkamazi.info\\\/archives\\\/1033434#breadcrumb\",\"itemListElement\":[{\"@type\":\"ListItem\",\"position\":1,\"name\":\"Home\",\"item\":\"https:\\\/\\\/darkamazi.info\\\/\"},{\"@type\":\"ListItem\",\"position\":2,\"name\":\"Malbata C\u00eehan Xel\u00eel: Em dixwazin ke\u00e7a me b\u00ea vegerandin\"}]},{\"@type\":\"WebSite\",\"@id\":\"https:\\\/\\\/darkamazi.info\\\/#website\",\"url\":\"https:\\\/\\\/darkamazi.info\\\/\",\"name\":\"Darka Maz\u00ee\",\"description\":\"P\u00eageha Zanyariy\u00ean Nebih\u00eest\u00ee\",\"publisher\":{\"@id\":\"https:\\\/\\\/darkamazi.info\\\/#organization\"},\"potentialAction\":[{\"@type\":\"SearchAction\",\"target\":{\"@type\":\"EntryPoint\",\"urlTemplate\":\"https:\\\/\\\/darkamazi.info\\\/?s={search_term_string}\"},\"query-input\":{\"@type\":\"PropertyValueSpecification\",\"valueRequired\":true,\"valueName\":\"search_term_string\"}}],\"inLanguage\":\"en-US\"},{\"@type\":\"Organization\",\"@id\":\"https:\\\/\\\/darkamazi.info\\\/#organization\",\"name\":\"Darka Maz\u00ee\",\"url\":\"https:\\\/\\\/darkamazi.info\\\/\",\"logo\":{\"@type\":\"ImageObject\",\"inLanguage\":\"en-US\",\"@id\":\"https:\\\/\\\/darkamazi.info\\\/#\\\/schema\\\/logo\\\/image\\\/\",\"url\":\"https:\\\/\\\/darkamazi.info\\\/darka-content\\\/uploads\\\/2017\\\/12\\\/darka-mazi-logo.png\",\"contentUrl\":\"https:\\\/\\\/darkamazi.info\\\/darka-content\\\/uploads\\\/2017\\\/12\\\/darka-mazi-logo.png\",\"width\":151,\"height\":75,\"caption\":\"Darka Maz\u00ee\"},\"image\":{\"@id\":\"https:\\\/\\\/darkamazi.info\\\/#\\\/schema\\\/logo\\\/image\\\/\"},\"sameAs\":[\"https:\\\/\\\/www.facebook.com\\\/DarMaziKurmanci\",\"https:\\\/\\\/x.com\\\/DarkaMaziLatini\",\"https:\\\/\\\/www.instagram.com\\\/darkamazi.kurmanci\\\/\",\"https:\\\/\\\/www.youtube.com\\\/channel\\\/UCa5HkTdmI8U1qCUFuTw8B2g\"]},{\"@type\":\"Person\",\"@id\":\"https:\\\/\\\/darkamazi.info\\\/#\\\/schema\\\/person\\\/5ad3e24553a0567993fa8ed4bd0a776c\",\"name\":\"darka mazi\",\"sameAs\":[\"https:\\\/\\\/darkamazi.info\\\/\"],\"url\":\"https:\\\/\\\/darkamazi.info\\\/archives\\\/author\\\/kurdi\"}]}<\/script>\n<!-- \/ Yoast SEO plugin. -->","seo_head_json":{"title":"Malbata C\u00eehan Xel\u00eel: Em dixwazin ke\u00e7a me b\u00ea vegerandin - Darka Maz\u00ee","robots":{"index":"index","follow":"follow","max-snippet":"max-snippet:-1","max-image-preview":"max-image-preview:large","max-video-preview":"max-video-preview:-1"},"canonical":"https:\/\/darkamazi.info\/archives\/1033434","og_locale":"en_US","og_type":"article","og_title":"Malbata C\u00eehan Xel\u00eel: Em dixwazin ke\u00e7a me b\u00ea vegerandin - Darka Maz\u00ee","og_description":"\u00a0Li gund\u00ea Siw\u00eadiy\u00ea y\u00ea D\u00earika Hemko li Rojavay\u00ea Kurdistan\u00ea malbata zarokeke 13 sal\u00ee dib\u00eaje, Ciwan\u00ean \u015eore\u015fger ke\u00e7a wan birine le\u015fkeriy\u00ea, daxwaza vegerandina ke\u00e7a xwe dikin. Malbata ke\u00e7a bi nav\u00ea C\u00eehan Xel\u00eel Ibrah\u00eem dib\u00eaje, ke\u00e7a wan ku di sala 2009an de ji day\u00eek b\u00fb ye \u00fb 13 sal\u00ee ye, li p\u00ea\u015fiya deriy\u00ea mal\u00ea li gund\u00ea Siw\u00eadiy\u00ea [&hellip;]","og_url":"https:\/\/darkamazi.info\/archives\/1033434","og_site_name":"Darka Maz\u00ee","article_publisher":"https:\/\/www.facebook.com\/DarMaziKurmanci","article_published_time":"2022-11-01T08:36:16+00:00","og_image":[{"width":880,"height":440,"url":"https:\/\/darkamazi.info\/file\/2022\/11\/cihan-xelil.jpg","type":"image\/jpeg"}],"author":"darka mazi","twitter_card":"summary_large_image","twitter_creator":"@DarkaMaziLatini","twitter_site":"@DarkaMaziLatini","twitter_misc":{"Written by":"darka mazi","Est. reading time":"1 minute"},"schema":{"@context":"https:\/\/schema.org","@graph":[{"@type":"Article","@id":"https:\/\/darkamazi.info\/archives\/1033434#article","isPartOf":{"@id":"https:\/\/darkamazi.info\/archives\/1033434"},"author":{"name":"darka mazi","@id":"https:\/\/darkamazi.info\/#\/schema\/person\/5ad3e24553a0567993fa8ed4bd0a776c"},"headline":"Malbata C\u00eehan Xel\u00eel: Em dixwazin ke\u00e7a me b\u00ea vegerandin","datePublished":"2022-11-01T08:36:16+00:00","mainEntityOfPage":{"@id":"https:\/\/darkamazi.info\/archives\/1033434"},"wordCount":169,"publisher":{"@id":"https:\/\/darkamazi.info\/#organization"},"image":{"@id":"https:\/\/darkamazi.info\/archives\/1033434#primaryimage"},"thumbnailUrl":"https:\/\/darkamazi.info\/file\/2022\/11\/cihan-xelil.jpg","keywords":["sereke"],"articleSection":["Kurdistan"],"inLanguage":"en-US"},{"@type":"WebPage","@id":"https:\/\/darkamazi.info\/archives\/1033434","url":"https:\/\/darkamazi.info\/archives\/1033434","name":"Malbata C\u00eehan Xel\u00eel: Em dixwazin ke\u00e7a me b\u00ea vegerandin - Darka Maz\u00ee","isPartOf":{"@id":"https:\/\/darkamazi.info\/#website"},"primaryImageOfPage":{"@id":"https:\/\/darkamazi.info\/archives\/1033434#primaryimage"},"image":{"@id":"https:\/\/darkamazi.info\/archives\/1033434#primaryimage"},"thumbnailUrl":"https:\/\/darkamazi.info\/file\/2022\/11\/cihan-xelil.jpg","datePublished":"2022-11-01T08:36:16+00:00","breadcrumb":{"@id":"https:\/\/darkamazi.info\/archives\/1033434#breadcrumb"},"inLanguage":"en-US","potentialAction":[{"@type":"ReadAction","target":["https:\/\/darkamazi.info\/archives\/1033434"]}]},{"@type":"ImageObject","inLanguage":"en-US","@id":"https:\/\/darkamazi.info\/archives\/1033434#primaryimage","url":"https:\/\/darkamazi.info\/file\/2022\/11\/cihan-xelil.jpg","contentUrl":"https:\/\/darkamazi.info\/file\/2022\/11\/cihan-xelil.jpg","width":880,"height":440,"caption":"Malbata C\u00eehan Xel\u00eel: Em dixwazin ke\u00e7a me b\u00ea vegerandin"},{"@type":"BreadcrumbList","@id":"https:\/\/darkamazi.info\/archives\/1033434#breadcrumb","itemListElement":[{"@type":"ListItem","position":1,"name":"Home","item":"https:\/\/darkamazi.info\/"},{"@type":"ListItem","position":2,"name":"Malbata C\u00eehan Xel\u00eel: Em dixwazin ke\u00e7a me b\u00ea vegerandin"}]},{"@type":"WebSite","@id":"https:\/\/darkamazi.info\/#website","url":"https:\/\/darkamazi.info\/","name":"Darka Maz\u00ee","description":"P\u00eageha Zanyariy\u00ean Nebih\u00eest\u00ee","publisher":{"@id":"https:\/\/darkamazi.info\/#organization"},"potentialAction":[{"@type":"SearchAction","target":{"@type":"EntryPoint","urlTemplate":"https:\/\/darkamazi.info\/?s={search_term_string}"},"query-input":{"@type":"PropertyValueSpecification","valueRequired":true,"valueName":"search_term_string"}}],"inLanguage":"en-US"},{"@type":"Organization","@id":"https:\/\/darkamazi.info\/#organization","name":"Darka Maz\u00ee","url":"https:\/\/darkamazi.info\/","logo":{"@type":"ImageObject","inLanguage":"en-US","@id":"https:\/\/darkamazi.info\/#\/schema\/logo\/image\/","url":"https:\/\/darkamazi.info\/file\/2017\/12\/darka-mazi-logo.png","contentUrl":"https:\/\/darkamazi.info\/file\/2017\/12\/darka-mazi-logo.png","width":151,"height":75,"caption":"Darka Maz\u00ee"},"image":{"@id":"https:\/\/darkamazi.info\/#\/schema\/logo\/image\/"},"sameAs":["https:\/\/www.facebook.com\/DarMaziKurmanci","https:\/\/x.com\/DarkaMaziLatini","https:\/\/www.instagram.com\/darkamazi.kurmanci\/","https:\/\/www.youtube.com\/channel\/UCa5HkTdmI8U1qCUFuTw8B2g"]},{"@type":"Person","@id":"https:\/\/darkamazi.info\/#\/schema\/person\/5ad3e24553a0567993fa8ed4bd0a776c","name":"darka mazi","sameAs":["https:\/\/darkamazi.info\/"],"url":"https:\/\/darkamazi.info\/archives\/author\/kurdi"}]}},"_links":{"self":[{"href":"https:\/\/darkamazi.info\/funavuv\/wp\/v2\/posts\/1033434","targetHints":{"allow":["GET"]}}],"collection":[{"href":"https:\/\/darkamazi.info\/funavuv\/wp\/v2\/posts"}],"about":[{"href":"https:\/\/darkamazi.info\/funavuv\/wp\/v2\/types\/post"}],"author":[{"embeddable":true,"href":"https:\/\/darkamazi.info\/funavuv\/wp\/v2\/users\/2"}],"replies":[{"embeddable":true,"href":"https:\/\/darkamazi.info\/funavuv\/wp\/v2\/comments?post=1033434"}],"version-history":[{"count":0,"href":"https:\/\/darkamazi.info\/funavuv\/wp\/v2\/posts\/1033434\/revisions"}],"wp:featuredmedia":[{"embeddable":true,"href":"https:\/\/darkamazi.info\/funavuv\/wp\/v2\/media\/1033435"}],"wp:attachment":[{"href":"https:\/\/darkamazi.info\/funavuv\/wp\/v2\/media?parent=1033434"}],"wp:term":[{"taxonomy":"category","embeddable":true,"href":"https:\/\/darkamazi.info\/funavuv\/wp\/v2\/categories?post=1033434"},{"taxonomy":"post_tag","embeddable":true,"href":"https:\/\/darkamazi.info\/funavuv\/wp\/v2\/tags?post=1033434"}],"curies":[{"name":"wp","href":"https:\/\/api.w.org\/{rel}","templated":true}]}}