{"id":1033464,"date":"2022-11-02T16:03:29","date_gmt":"2022-11-02T13:03:29","guid":{"rendered":"https:\/\/darkamazi.info\/?p=1033464"},"modified":"2023-02-22T14:24:18","modified_gmt":"2023-02-22T11:24:18","slug":"li-rojava-pisti-nave-kurdistane-zimane-kurdi-ji-hat-rakirin","status":"publish","type":"post","link":"https:\/\/darkamazi.info\/archives\/1033464","title":{"rendered":"Li Rojava Pi\u015ft\u00ee nav\u00ea Kurdistan\u00ea ziman\u00ea Kurd\u00ee j\u00ee hat rakirin"},"content":{"rendered":"<div class=\"wpb-content-wrapper\"><p>[darkamazi_row][darkamazi_column][darkamazi_column_text]<\/p>\n<h3><span style=\"font-family: 'arial black', sans-serif;\"><strong>Li Rojava Kurdistan\u00ea konferansa Gaz\u00eeya hat \u00e7ekirin, l\u00ea gelek balke\u015f b\u00fb ku ev konferans bes bi ziman\u00ea Areb\u00ee \u00e7eb\u00fb, ziman\u00ea Kurd\u00ee li konferans\u00ea ne hate bi kar an\u00een.<\/strong><\/span><\/h3>\n<h3><strong>Bir\u00eendar\u00ean \u015fer\u00ea Rojava Kurdistan\u00ea ber\u00ea ji boy xwe Federasyonek ava kirib\u00fbn, v\u00ea federasyon\u00ea duh Kongreya xwe a 2\u2019em\u00een \u00e7ekir, Nav\u00ea Kongre wisa hatib\u00fb niv\u00eesandin \u201cKongereya Federasyona Gaziyan a Bakur \u00fb Rojhilat\u00ea S\u00fbriy\u00ea\u201d Fedarasyona Gaz\u00eeyan tu nav\u00ean Kurd\u00ee ji boy v\u00ea Kongerya xwe bi kar ne an\u00een.<\/strong><\/h3>\n<h3><strong>Heman dem\u00ea d\u00eemen\u00ean v\u00ee kongrey belav b\u00fbn ku t\u00eade ten\u00ea ziman\u00ea Areb\u00ee hat\u00eeye bi karan\u00een.<\/strong><\/h3>\n<h3><strong>Li Kongrey n\u00eaz\u00ee 300 kesan tevl\u00ee b\u00fbn \u00fb du rojan berdewam b\u00fb, ev Kongre li ser axa Kurdistana Rojava \u00e7eb\u00fbye \u00fb heman dem\u00ea kes\u00ean ku tevl\u00ee b\u00fbne j\u00ee 90% z\u00eadetir Kurdin.<\/strong><\/h3>\n<h3><strong>Heman dem\u00ea li Rojava ne ten\u00ea Kurd\u00ean Rojava tevl\u00ee \u015fer b\u00fbn, dehan genc\u00ean Bakur \u00fb Rojh\u00eelat j\u00ee tevl\u00ee b\u00fbn, ev genc ji boy azad\u00eeya Kurdistan\u00ea \u00e7\u00fbb\u00fbn, l\u00eabel\u00ea ana em l\u00ea dimeyz\u00eanin ku Rojava ala Kurdistan\u00ea t\u00eade ne maye, Nav\u00ea w\u00ea ne Rojava Kurdistan\u00ea ye, saz\u00ee \u00fb dezgeh\u00ean w\u00ea nav\u00ea Bakur\u00ea Suriy\u00ea bi kar t\u00eenin, ana ziman\u00ea Kurd\u00ee j\u00ee \u00ead\u00ee nay\u00ea bi kar an\u00een.<\/strong><\/h3>\n<h3><strong>Ma gelo ev genc\u00ean Kurdan w\u00ea dem\u00ea ji boy \u00e7i hatin ku\u015ftin \u00fb dest \u00fb ling\u00ean xwe dan.<\/strong><\/h3>\n<h3><strong>Ev rew\u015fa Rojava biryarek\u00ee bi ser\u00ea xwe n\u00eene, ew biryar \u00fb ramana PKK\u00ea ve gir\u00eaday\u00ee ye, PKKe her ku di\u00e7e nasnameya Kurd\u00ee \u00fb sembol\u00ean Kurd\u00ee li per\u00e7ey\u00ean Kurdistan\u00ea lawaz dike.<\/strong><\/h3>\n<p>[\/darkamazi_column_text][darkamazi_wp_text]<\/p>\n<div style=\"width: 1080px;\" class=\"darka-video\"><video class=\"darka-video-shortcode\" id=\"video-1033464-1\" width=\"1080\" height=\"720\" preload=\"metadata\" controls=\"controls\"><source type=\"video\/mp4\" src=\"https:\/\/darkamazi.info\/file\/2022\/11\/Konferansa-Federasyona-Gaziyan-a-Bakur-u-Rojhilate-Suriye-bi-dawihat.mp4?_=1\" \/><a href=\"https:\/\/darkamazi.info\/file\/2022\/11\/Konferansa-Federasyona-Gaziyan-a-Bakur-u-Rojhilate-Suriye-bi-dawihat.mp4\">https:\/\/darkamazi.info\/file\/2022\/11\/Konferansa-Federasyona-Gaziyan-a-Bakur-u-Rojhilate-Suriye-bi-dawihat.mp4<\/a><\/video><\/div>\n<p>[\/vc_wp_text][\/vc_column][\/vc_row]<\/p>\n<\/div>","protected":false},"excerpt":{"rendered":"<p>[darkamazi_row][darkamazi_column][darkamazi_column_text] Li Rojava Kurdistan\u00ea konferansa Gaz\u00eeya hat \u00e7ekirin, l\u00ea gelek balke\u015f b\u00fb ku ev konferans bes bi ziman\u00ea Areb\u00ee \u00e7eb\u00fb, ziman\u00ea Kurd\u00ee li konferans\u00ea ne hate bi kar an\u00een. Bir\u00eendar\u00ean \u015fer\u00ea Rojava Kurdistan\u00ea ber\u00ea ji boy xwe Federasyonek ava kirib\u00fbn, v\u00ea federasyon\u00ea duh Kongreya xwe a 2\u2019em\u00een \u00e7ekir, Nav\u00ea Kongre wisa hatib\u00fb niv\u00eesandin \u201cKongereya Federasyona [&hellip;]<\/p>\n","protected":false},"author":2,"featured_media":1033465,"comment_status":"closed","ping_status":"closed","sticky":false,"template":"","format":"standard","meta":{"footnotes":""},"categories":[29],"tags":[37],"class_list":["post-1033464","post","type-post","status-publish","format-standard","has-post-thumbnail","hentry","category-kurdistan","tag-sereke"],"blocksy_meta":[],"seo_head":"<!-- This site is optimized with the Yoast SEO plugin v27.5 - https:\/\/yoast.com\/product\/yoast-seo-wordpress\/ -->\n<title>Li Rojava Pi\u015ft\u00ee nav\u00ea Kurdistan\u00ea ziman\u00ea Kurd\u00ee j\u00ee hat rakirin - Darka Maz\u00ee<\/title>\n<meta name=\"robots\" content=\"index, follow, max-snippet:-1, max-image-preview:large, max-video-preview:-1\" \/>\n<link rel=\"canonical\" href=\"https:\/\/darkamazi.info\/archives\/1033464\" \/>\n<meta property=\"og:locale\" content=\"en_US\" \/>\n<meta property=\"og:type\" content=\"article\" \/>\n<meta property=\"og:title\" content=\"Li Rojava Pi\u015ft\u00ee nav\u00ea Kurdistan\u00ea ziman\u00ea Kurd\u00ee j\u00ee hat rakirin - Darka Maz\u00ee\" \/>\n<meta property=\"og:description\" content=\"[darkamazi_row][darkamazi_column][darkamazi_column_text] Li Rojava Kurdistan\u00ea konferansa Gaz\u00eeya hat \u00e7ekirin, l\u00ea gelek balke\u015f b\u00fb ku ev konferans bes bi ziman\u00ea Areb\u00ee \u00e7eb\u00fb, ziman\u00ea Kurd\u00ee li konferans\u00ea ne hate bi kar an\u00een. Bir\u00eendar\u00ean \u015fer\u00ea Rojava Kurdistan\u00ea ber\u00ea ji boy xwe Federasyonek ava kirib\u00fbn, v\u00ea federasyon\u00ea duh Kongreya xwe a 2\u2019em\u00een \u00e7ekir, Nav\u00ea Kongre wisa hatib\u00fb niv\u00eesandin \u201cKongereya Federasyona [&hellip;]\" \/>\n<meta property=\"og:url\" content=\"https:\/\/darkamazi.info\/archives\/1033464\" \/>\n<meta property=\"og:site_name\" content=\"Darka Maz\u00ee\" \/>\n<meta property=\"article:publisher\" content=\"https:\/\/www.facebook.com\/DarMaziKurmanci\" \/>\n<meta property=\"article:published_time\" content=\"2022-11-02T13:03:29+00:00\" \/>\n<meta property=\"article:modified_time\" content=\"2023-02-22T11:24:18+00:00\" \/>\n<meta property=\"og:image\" content=\"https:\/\/darkamazi.info\/file\/2022\/11\/Kongerya-Federasyona-Gaziyan.jpg\" \/>\n\t<meta property=\"og:image:width\" content=\"900\" \/>\n\t<meta property=\"og:image:height\" content=\"497\" \/>\n\t<meta property=\"og:image:type\" content=\"image\/jpeg\" \/>\n<meta name=\"author\" content=\"darka mazi\" \/>\n<meta name=\"twitter:card\" content=\"summary_large_image\" \/>\n<meta name=\"twitter:creator\" content=\"@DarkaMaziLatini\" \/>\n<meta name=\"twitter:site\" content=\"@DarkaMaziLatini\" \/>\n<meta name=\"twitter:label1\" content=\"Written by\" \/>\n\t<meta name=\"twitter:data1\" content=\"darka mazi\" \/>\n\t<meta name=\"twitter:label2\" content=\"Est. reading time\" \/>\n\t<meta name=\"twitter:data2\" content=\"2 minutes\" \/>\n<script type=\"application\/ld+json\" class=\"seo-schema-graph\">{\"@context\":\"https:\\\/\\\/schema.org\",\"@graph\":[{\"@type\":\"Article\",\"@id\":\"https:\\\/\\\/darkamazi.info\\\/archives\\\/1033464#article\",\"isPartOf\":{\"@id\":\"https:\\\/\\\/darkamazi.info\\\/archives\\\/1033464\"},\"author\":{\"name\":\"darka mazi\",\"@id\":\"https:\\\/\\\/darkamazi.info\\\/#\\\/schema\\\/person\\\/5ad3e24553a0567993fa8ed4bd0a776c\"},\"headline\":\"Li Rojava Pi\u015ft\u00ee nav\u00ea Kurdistan\u00ea ziman\u00ea Kurd\u00ee j\u00ee hat rakirin\",\"datePublished\":\"2022-11-02T13:03:29+00:00\",\"dateModified\":\"2023-02-22T11:24:18+00:00\",\"mainEntityOfPage\":{\"@id\":\"https:\\\/\\\/darkamazi.info\\\/archives\\\/1033464\"},\"wordCount\":309,\"publisher\":{\"@id\":\"https:\\\/\\\/darkamazi.info\\\/#organization\"},\"image\":{\"@id\":\"https:\\\/\\\/darkamazi.info\\\/archives\\\/1033464#primaryimage\"},\"thumbnailUrl\":\"https:\\\/\\\/darkamazi.info\\\/darka-content\\\/uploads\\\/2022\\\/11\\\/Kongerya-Federasyona-Gaziyan.jpg\",\"keywords\":[\"sereke\"],\"articleSection\":[\"Kurdistan\"],\"inLanguage\":\"en-US\"},{\"@type\":\"WebPage\",\"@id\":\"https:\\\/\\\/darkamazi.info\\\/archives\\\/1033464\",\"url\":\"https:\\\/\\\/darkamazi.info\\\/archives\\\/1033464\",\"name\":\"Li Rojava Pi\u015ft\u00ee nav\u00ea Kurdistan\u00ea ziman\u00ea Kurd\u00ee j\u00ee hat rakirin - Darka Maz\u00ee\",\"isPartOf\":{\"@id\":\"https:\\\/\\\/darkamazi.info\\\/#website\"},\"primaryImageOfPage\":{\"@id\":\"https:\\\/\\\/darkamazi.info\\\/archives\\\/1033464#primaryimage\"},\"image\":{\"@id\":\"https:\\\/\\\/darkamazi.info\\\/archives\\\/1033464#primaryimage\"},\"thumbnailUrl\":\"https:\\\/\\\/darkamazi.info\\\/darka-content\\\/uploads\\\/2022\\\/11\\\/Kongerya-Federasyona-Gaziyan.jpg\",\"datePublished\":\"2022-11-02T13:03:29+00:00\",\"dateModified\":\"2023-02-22T11:24:18+00:00\",\"breadcrumb\":{\"@id\":\"https:\\\/\\\/darkamazi.info\\\/archives\\\/1033464#breadcrumb\"},\"inLanguage\":\"en-US\",\"potentialAction\":[{\"@type\":\"ReadAction\",\"target\":[\"https:\\\/\\\/darkamazi.info\\\/archives\\\/1033464\"]}]},{\"@type\":\"ImageObject\",\"inLanguage\":\"en-US\",\"@id\":\"https:\\\/\\\/darkamazi.info\\\/archives\\\/1033464#primaryimage\",\"url\":\"https:\\\/\\\/darkamazi.info\\\/darka-content\\\/uploads\\\/2022\\\/11\\\/Kongerya-Federasyona-Gaziyan.jpg\",\"contentUrl\":\"https:\\\/\\\/darkamazi.info\\\/darka-content\\\/uploads\\\/2022\\\/11\\\/Kongerya-Federasyona-Gaziyan.jpg\",\"width\":900,\"height\":497,\"caption\":\"Li Rojava Pi\u015ft\u00ee nav\u00ea Kurdistan\u00ea ziman\u00ea Kurd\u00ee j\u00ee hat rakirin\"},{\"@type\":\"BreadcrumbList\",\"@id\":\"https:\\\/\\\/darkamazi.info\\\/archives\\\/1033464#breadcrumb\",\"itemListElement\":[{\"@type\":\"ListItem\",\"position\":1,\"name\":\"Home\",\"item\":\"https:\\\/\\\/darkamazi.info\\\/\"},{\"@type\":\"ListItem\",\"position\":2,\"name\":\"Li Rojava Pi\u015ft\u00ee nav\u00ea Kurdistan\u00ea ziman\u00ea Kurd\u00ee j\u00ee hat rakirin\"}]},{\"@type\":\"WebSite\",\"@id\":\"https:\\\/\\\/darkamazi.info\\\/#website\",\"url\":\"https:\\\/\\\/darkamazi.info\\\/\",\"name\":\"Darka Maz\u00ee\",\"description\":\"P\u00eageha Zanyariy\u00ean Nebih\u00eest\u00ee\",\"publisher\":{\"@id\":\"https:\\\/\\\/darkamazi.info\\\/#organization\"},\"potentialAction\":[{\"@type\":\"SearchAction\",\"target\":{\"@type\":\"EntryPoint\",\"urlTemplate\":\"https:\\\/\\\/darkamazi.info\\\/?s={search_term_string}\"},\"query-input\":{\"@type\":\"PropertyValueSpecification\",\"valueRequired\":true,\"valueName\":\"search_term_string\"}}],\"inLanguage\":\"en-US\"},{\"@type\":\"Organization\",\"@id\":\"https:\\\/\\\/darkamazi.info\\\/#organization\",\"name\":\"Darka Maz\u00ee\",\"url\":\"https:\\\/\\\/darkamazi.info\\\/\",\"logo\":{\"@type\":\"ImageObject\",\"inLanguage\":\"en-US\",\"@id\":\"https:\\\/\\\/darkamazi.info\\\/#\\\/schema\\\/logo\\\/image\\\/\",\"url\":\"https:\\\/\\\/darkamazi.info\\\/darka-content\\\/uploads\\\/2017\\\/12\\\/darka-mazi-logo.png\",\"contentUrl\":\"https:\\\/\\\/darkamazi.info\\\/darka-content\\\/uploads\\\/2017\\\/12\\\/darka-mazi-logo.png\",\"width\":151,\"height\":75,\"caption\":\"Darka Maz\u00ee\"},\"image\":{\"@id\":\"https:\\\/\\\/darkamazi.info\\\/#\\\/schema\\\/logo\\\/image\\\/\"},\"sameAs\":[\"https:\\\/\\\/www.facebook.com\\\/DarMaziKurmanci\",\"https:\\\/\\\/x.com\\\/DarkaMaziLatini\",\"https:\\\/\\\/www.instagram.com\\\/darkamazi.kurmanci\\\/\",\"https:\\\/\\\/www.youtube.com\\\/channel\\\/UCa5HkTdmI8U1qCUFuTw8B2g\"]},{\"@type\":\"Person\",\"@id\":\"https:\\\/\\\/darkamazi.info\\\/#\\\/schema\\\/person\\\/5ad3e24553a0567993fa8ed4bd0a776c\",\"name\":\"darka mazi\",\"sameAs\":[\"https:\\\/\\\/darkamazi.info\\\/\"],\"url\":\"https:\\\/\\\/darkamazi.info\\\/archives\\\/author\\\/kurdi\"}]}<\/script>\n<!-- \/ Yoast SEO plugin. -->","seo_head_json":{"title":"Li Rojava Pi\u015ft\u00ee nav\u00ea Kurdistan\u00ea ziman\u00ea Kurd\u00ee j\u00ee hat rakirin - Darka Maz\u00ee","robots":{"index":"index","follow":"follow","max-snippet":"max-snippet:-1","max-image-preview":"max-image-preview:large","max-video-preview":"max-video-preview:-1"},"canonical":"https:\/\/darkamazi.info\/archives\/1033464","og_locale":"en_US","og_type":"article","og_title":"Li Rojava Pi\u015ft\u00ee nav\u00ea Kurdistan\u00ea ziman\u00ea Kurd\u00ee j\u00ee hat rakirin - Darka Maz\u00ee","og_description":"[darkamazi_row][darkamazi_column][darkamazi_column_text] Li Rojava Kurdistan\u00ea konferansa Gaz\u00eeya hat \u00e7ekirin, l\u00ea gelek balke\u015f b\u00fb ku ev konferans bes bi ziman\u00ea Areb\u00ee \u00e7eb\u00fb, ziman\u00ea Kurd\u00ee li konferans\u00ea ne hate bi kar an\u00een. Bir\u00eendar\u00ean \u015fer\u00ea Rojava Kurdistan\u00ea ber\u00ea ji boy xwe Federasyonek ava kirib\u00fbn, v\u00ea federasyon\u00ea duh Kongreya xwe a 2\u2019em\u00een \u00e7ekir, Nav\u00ea Kongre wisa hatib\u00fb niv\u00eesandin \u201cKongereya Federasyona [&hellip;]","og_url":"https:\/\/darkamazi.info\/archives\/1033464","og_site_name":"Darka Maz\u00ee","article_publisher":"https:\/\/www.facebook.com\/DarMaziKurmanci","article_published_time":"2022-11-02T13:03:29+00:00","article_modified_time":"2023-02-22T11:24:18+00:00","og_image":[{"width":900,"height":497,"url":"https:\/\/darkamazi.info\/file\/2022\/11\/Kongerya-Federasyona-Gaziyan.jpg","type":"image\/jpeg"}],"author":"darka mazi","twitter_card":"summary_large_image","twitter_creator":"@DarkaMaziLatini","twitter_site":"@DarkaMaziLatini","twitter_misc":{"Written by":"darka mazi","Est. reading time":"2 minutes"},"schema":{"@context":"https:\/\/schema.org","@graph":[{"@type":"Article","@id":"https:\/\/darkamazi.info\/archives\/1033464#article","isPartOf":{"@id":"https:\/\/darkamazi.info\/archives\/1033464"},"author":{"name":"darka mazi","@id":"https:\/\/darkamazi.info\/#\/schema\/person\/5ad3e24553a0567993fa8ed4bd0a776c"},"headline":"Li Rojava Pi\u015ft\u00ee nav\u00ea Kurdistan\u00ea ziman\u00ea Kurd\u00ee j\u00ee hat rakirin","datePublished":"2022-11-02T13:03:29+00:00","dateModified":"2023-02-22T11:24:18+00:00","mainEntityOfPage":{"@id":"https:\/\/darkamazi.info\/archives\/1033464"},"wordCount":309,"publisher":{"@id":"https:\/\/darkamazi.info\/#organization"},"image":{"@id":"https:\/\/darkamazi.info\/archives\/1033464#primaryimage"},"thumbnailUrl":"https:\/\/darkamazi.info\/file\/2022\/11\/Kongerya-Federasyona-Gaziyan.jpg","keywords":["sereke"],"articleSection":["Kurdistan"],"inLanguage":"en-US"},{"@type":"WebPage","@id":"https:\/\/darkamazi.info\/archives\/1033464","url":"https:\/\/darkamazi.info\/archives\/1033464","name":"Li Rojava Pi\u015ft\u00ee nav\u00ea Kurdistan\u00ea ziman\u00ea Kurd\u00ee j\u00ee hat rakirin - Darka Maz\u00ee","isPartOf":{"@id":"https:\/\/darkamazi.info\/#website"},"primaryImageOfPage":{"@id":"https:\/\/darkamazi.info\/archives\/1033464#primaryimage"},"image":{"@id":"https:\/\/darkamazi.info\/archives\/1033464#primaryimage"},"thumbnailUrl":"https:\/\/darkamazi.info\/file\/2022\/11\/Kongerya-Federasyona-Gaziyan.jpg","datePublished":"2022-11-02T13:03:29+00:00","dateModified":"2023-02-22T11:24:18+00:00","breadcrumb":{"@id":"https:\/\/darkamazi.info\/archives\/1033464#breadcrumb"},"inLanguage":"en-US","potentialAction":[{"@type":"ReadAction","target":["https:\/\/darkamazi.info\/archives\/1033464"]}]},{"@type":"ImageObject","inLanguage":"en-US","@id":"https:\/\/darkamazi.info\/archives\/1033464#primaryimage","url":"https:\/\/darkamazi.info\/file\/2022\/11\/Kongerya-Federasyona-Gaziyan.jpg","contentUrl":"https:\/\/darkamazi.info\/file\/2022\/11\/Kongerya-Federasyona-Gaziyan.jpg","width":900,"height":497,"caption":"Li Rojava Pi\u015ft\u00ee nav\u00ea Kurdistan\u00ea ziman\u00ea Kurd\u00ee j\u00ee hat rakirin"},{"@type":"BreadcrumbList","@id":"https:\/\/darkamazi.info\/archives\/1033464#breadcrumb","itemListElement":[{"@type":"ListItem","position":1,"name":"Home","item":"https:\/\/darkamazi.info\/"},{"@type":"ListItem","position":2,"name":"Li Rojava Pi\u015ft\u00ee nav\u00ea Kurdistan\u00ea ziman\u00ea Kurd\u00ee j\u00ee hat rakirin"}]},{"@type":"WebSite","@id":"https:\/\/darkamazi.info\/#website","url":"https:\/\/darkamazi.info\/","name":"Darka Maz\u00ee","description":"P\u00eageha Zanyariy\u00ean Nebih\u00eest\u00ee","publisher":{"@id":"https:\/\/darkamazi.info\/#organization"},"potentialAction":[{"@type":"SearchAction","target":{"@type":"EntryPoint","urlTemplate":"https:\/\/darkamazi.info\/?s={search_term_string}"},"query-input":{"@type":"PropertyValueSpecification","valueRequired":true,"valueName":"search_term_string"}}],"inLanguage":"en-US"},{"@type":"Organization","@id":"https:\/\/darkamazi.info\/#organization","name":"Darka Maz\u00ee","url":"https:\/\/darkamazi.info\/","logo":{"@type":"ImageObject","inLanguage":"en-US","@id":"https:\/\/darkamazi.info\/#\/schema\/logo\/image\/","url":"https:\/\/darkamazi.info\/file\/2017\/12\/darka-mazi-logo.png","contentUrl":"https:\/\/darkamazi.info\/file\/2017\/12\/darka-mazi-logo.png","width":151,"height":75,"caption":"Darka Maz\u00ee"},"image":{"@id":"https:\/\/darkamazi.info\/#\/schema\/logo\/image\/"},"sameAs":["https:\/\/www.facebook.com\/DarMaziKurmanci","https:\/\/x.com\/DarkaMaziLatini","https:\/\/www.instagram.com\/darkamazi.kurmanci\/","https:\/\/www.youtube.com\/channel\/UCa5HkTdmI8U1qCUFuTw8B2g"]},{"@type":"Person","@id":"https:\/\/darkamazi.info\/#\/schema\/person\/5ad3e24553a0567993fa8ed4bd0a776c","name":"darka mazi","sameAs":["https:\/\/darkamazi.info\/"],"url":"https:\/\/darkamazi.info\/archives\/author\/kurdi"}]}},"_links":{"self":[{"href":"https:\/\/darkamazi.info\/funavuv\/wp\/v2\/posts\/1033464","targetHints":{"allow":["GET"]}}],"collection":[{"href":"https:\/\/darkamazi.info\/funavuv\/wp\/v2\/posts"}],"about":[{"href":"https:\/\/darkamazi.info\/funavuv\/wp\/v2\/types\/post"}],"author":[{"embeddable":true,"href":"https:\/\/darkamazi.info\/funavuv\/wp\/v2\/users\/2"}],"replies":[{"embeddable":true,"href":"https:\/\/darkamazi.info\/funavuv\/wp\/v2\/comments?post=1033464"}],"version-history":[{"count":0,"href":"https:\/\/darkamazi.info\/funavuv\/wp\/v2\/posts\/1033464\/revisions"}],"wp:featuredmedia":[{"embeddable":true,"href":"https:\/\/darkamazi.info\/funavuv\/wp\/v2\/media\/1033465"}],"wp:attachment":[{"href":"https:\/\/darkamazi.info\/funavuv\/wp\/v2\/media?parent=1033464"}],"wp:term":[{"taxonomy":"category","embeddable":true,"href":"https:\/\/darkamazi.info\/funavuv\/wp\/v2\/categories?post=1033464"},{"taxonomy":"post_tag","embeddable":true,"href":"https:\/\/darkamazi.info\/funavuv\/wp\/v2\/tags?post=1033464"}],"curies":[{"name":"wp","href":"https:\/\/api.w.org\/{rel}","templated":true}]}}