{"id":1033471,"date":"2022-11-02T19:33:41","date_gmt":"2022-11-02T16:33:41","guid":{"rendered":"https:\/\/darkamazi.info\/?p=1033471"},"modified":"2022-11-02T19:33:41","modified_gmt":"2022-11-02T16:33:41","slug":"sanda-ak-partiye-serdana-hdpe-kir","status":"publish","type":"post","link":"https:\/\/darkamazi.info\/archives\/1033471","title":{"rendered":"\u015eanda AK Partiy\u00ea serdana HDP\u00ea kir"},"content":{"rendered":"<h3 style=\"text-align: justify\"><span style=\"font-family: 'arial black', sans-serif\">\u015eanda Partiya Dad \u00fb Ge\u015fep\u00eadan\u00ea (AK Part\u00ee) bi serokatiya Wez\u00eer\u00ea Dad\u00ea y\u00ea Tirkiy\u00ea, li ser projeyasaya\u00a0 dest\u00fbr\u00ea\u00a0 ya derbar\u00ea serpo\u015f\u00ea de serdana Partiya Demokrat\u00eek a Gelan (HDP) kir.<\/span><\/h3>\n<h3 style=\"text-align: justify\">Wez\u00eer\u00ea Dad\u00ea y\u00ea Tirkiy\u00ea Bek\u00eer Bozdag, Wek\u00eel\u00ea Serok\u00ea Firaksiyona Ak Partiy\u00ea Mustafa El\u00eeta\u015f \u00fb C\u00eegir\u00ea Serok\u00ea AK Partiy\u00ea Al\u00ee \u00cehsan Yavuz \u00eero 2y\u00ea Mijdara 2022yan derbar\u00ea projeyasaya h\u00eecab\u00ea de, pi\u015ft\u00ee serdan\u00ean xwe y\u00ean bo CHP \u00fb \u00ceY\u00ce Partiy\u00ea serdana koma Partiya Demokrat\u00eek a Gelan (HDP) j\u00ee kir.<\/h3>\n<h3 style=\"text-align: justify\">Di serdan\u00ea de berdevka HDP Ebru Gunay \u00fb wek\u00eel\u00ean serok\u00ea firaksiyona w\u00ea partiy\u00ea Meral Dani\u015f Be\u015fta\u015f \u00fb Saruhan Olu\u00e7 p\u00ea\u015fwaz\u00ee li w\u00ea \u015fanda AK Partiy\u00ea kirin.<\/h3>\n<h3 style=\"text-align: justify\">Wek\u00eela Serok\u00ea Firaksiyona HDP\u00ea Meral Dani\u015f Be\u015fta\u015f pi\u015ft\u00ee serdan\u00ea ragihand ku ew d\u00ea di encama \u015f\u00eawra ligel R\u00eavebiriya Navend\u00ee ya partiya xwe de hew\u00easta xwe ya derbar\u00ea p\u00ea\u015fniyara AK Partiy\u00ea de bi raya gi\u015ft\u00ee re parve bikin \u00fb got \u201cDerbar\u00ea azadiya cil\u00fbbergan, h\u00eecab \u00fb maf\u00ean jinan de helw\u00easta me zelal e. L\u00ea di serdemek wiha de em d\u00ea biryareke \u00e7awa werbigirin, em d\u00ea li ser v\u00ea bi enc\u00fbmen\u00ean xwe re bihev re biryar\u00ea bidin.\u201d<\/h3>\n","protected":false},"excerpt":{"rendered":"<p>\u015eanda Partiya Dad \u00fb Ge\u015fep\u00eadan\u00ea (AK Part\u00ee) bi serokatiya Wez\u00eer\u00ea Dad\u00ea y\u00ea Tirkiy\u00ea, li ser projeyasaya\u00a0 dest\u00fbr\u00ea\u00a0 ya derbar\u00ea serpo\u015f\u00ea de serdana Partiya Demokrat\u00eek a Gelan (HDP) kir. Wez\u00eer\u00ea Dad\u00ea y\u00ea Tirkiy\u00ea Bek\u00eer Bozdag, Wek\u00eel\u00ea Serok\u00ea Firaksiyona Ak Partiy\u00ea Mustafa El\u00eeta\u015f \u00fb C\u00eegir\u00ea Serok\u00ea AK Partiy\u00ea Al\u00ee \u00cehsan Yavuz \u00eero 2y\u00ea Mijdara 2022yan derbar\u00ea projeyasaya [&hellip;]<\/p>\n","protected":false},"author":2,"featured_media":1033472,"comment_status":"closed","ping_status":"closed","sticky":false,"template":"","format":"standard","meta":{"footnotes":""},"categories":[31],"tags":[37],"class_list":["post-1033471","post","type-post","status-publish","format-standard","has-post-thumbnail","hentry","category-rojhelata-navin","tag-sereke"],"blocksy_meta":[],"seo_head":"<!-- This site is optimized with the Yoast SEO plugin v27.5 - https:\/\/yoast.com\/product\/yoast-seo-wordpress\/ -->\n<title>\u015eanda AK Partiy\u00ea serdana HDP\u00ea kir - Darka Maz\u00ee<\/title>\n<meta name=\"robots\" content=\"index, follow, max-snippet:-1, max-image-preview:large, max-video-preview:-1\" \/>\n<link rel=\"canonical\" href=\"https:\/\/darkamazi.info\/archives\/1033471\" \/>\n<meta property=\"og:locale\" content=\"en_US\" \/>\n<meta property=\"og:type\" content=\"article\" \/>\n<meta property=\"og:title\" content=\"\u015eanda AK Partiy\u00ea serdana HDP\u00ea kir - Darka Maz\u00ee\" \/>\n<meta property=\"og:description\" content=\"\u015eanda Partiya Dad \u00fb Ge\u015fep\u00eadan\u00ea (AK Part\u00ee) bi serokatiya Wez\u00eer\u00ea Dad\u00ea y\u00ea Tirkiy\u00ea, li ser projeyasaya\u00a0 dest\u00fbr\u00ea\u00a0 ya derbar\u00ea serpo\u015f\u00ea de serdana Partiya Demokrat\u00eek a Gelan (HDP) kir. Wez\u00eer\u00ea Dad\u00ea y\u00ea Tirkiy\u00ea Bek\u00eer Bozdag, Wek\u00eel\u00ea Serok\u00ea Firaksiyona Ak Partiy\u00ea Mustafa El\u00eeta\u015f \u00fb C\u00eegir\u00ea Serok\u00ea AK Partiy\u00ea Al\u00ee \u00cehsan Yavuz \u00eero 2y\u00ea Mijdara 2022yan derbar\u00ea projeyasaya [&hellip;]\" \/>\n<meta property=\"og:url\" content=\"https:\/\/darkamazi.info\/archives\/1033471\" \/>\n<meta property=\"og:site_name\" content=\"Darka Maz\u00ee\" \/>\n<meta property=\"article:publisher\" content=\"https:\/\/www.facebook.com\/DarMaziKurmanci\" \/>\n<meta property=\"article:published_time\" content=\"2022-11-02T16:33:41+00:00\" \/>\n<meta property=\"og:image\" content=\"https:\/\/darkamazi.info\/file\/2022\/11\/akp-hdp.jpg\" \/>\n\t<meta property=\"og:image:width\" content=\"900\" \/>\n\t<meta property=\"og:image:height\" content=\"497\" \/>\n\t<meta property=\"og:image:type\" content=\"image\/jpeg\" \/>\n<meta name=\"author\" content=\"darka mazi\" \/>\n<meta name=\"twitter:card\" content=\"summary_large_image\" \/>\n<meta name=\"twitter:creator\" content=\"@DarkaMaziLatini\" \/>\n<meta name=\"twitter:site\" content=\"@DarkaMaziLatini\" \/>\n<meta name=\"twitter:label1\" content=\"Written by\" \/>\n\t<meta name=\"twitter:data1\" content=\"darka mazi\" \/>\n\t<meta name=\"twitter:label2\" content=\"Est. reading time\" \/>\n\t<meta name=\"twitter:data2\" content=\"1 minute\" \/>\n<script type=\"application\/ld+json\" class=\"seo-schema-graph\">{\"@context\":\"https:\\\/\\\/schema.org\",\"@graph\":[{\"@type\":\"Article\",\"@id\":\"https:\\\/\\\/darkamazi.info\\\/archives\\\/1033471#article\",\"isPartOf\":{\"@id\":\"https:\\\/\\\/darkamazi.info\\\/archives\\\/1033471\"},\"author\":{\"name\":\"darka mazi\",\"@id\":\"https:\\\/\\\/darkamazi.info\\\/#\\\/schema\\\/person\\\/5ad3e24553a0567993fa8ed4bd0a776c\"},\"headline\":\"\u015eanda AK Partiy\u00ea serdana HDP\u00ea kir\",\"datePublished\":\"2022-11-02T16:33:41+00:00\",\"mainEntityOfPage\":{\"@id\":\"https:\\\/\\\/darkamazi.info\\\/archives\\\/1033471\"},\"wordCount\":206,\"publisher\":{\"@id\":\"https:\\\/\\\/darkamazi.info\\\/#organization\"},\"image\":{\"@id\":\"https:\\\/\\\/darkamazi.info\\\/archives\\\/1033471#primaryimage\"},\"thumbnailUrl\":\"https:\\\/\\\/darkamazi.info\\\/darka-content\\\/uploads\\\/2022\\\/11\\\/akp-hdp.jpg\",\"keywords\":[\"sereke\"],\"articleSection\":[\"Rojhelata nav\u00een\"],\"inLanguage\":\"en-US\"},{\"@type\":\"WebPage\",\"@id\":\"https:\\\/\\\/darkamazi.info\\\/archives\\\/1033471\",\"url\":\"https:\\\/\\\/darkamazi.info\\\/archives\\\/1033471\",\"name\":\"\u015eanda AK Partiy\u00ea serdana HDP\u00ea kir - Darka Maz\u00ee\",\"isPartOf\":{\"@id\":\"https:\\\/\\\/darkamazi.info\\\/#website\"},\"primaryImageOfPage\":{\"@id\":\"https:\\\/\\\/darkamazi.info\\\/archives\\\/1033471#primaryimage\"},\"image\":{\"@id\":\"https:\\\/\\\/darkamazi.info\\\/archives\\\/1033471#primaryimage\"},\"thumbnailUrl\":\"https:\\\/\\\/darkamazi.info\\\/darka-content\\\/uploads\\\/2022\\\/11\\\/akp-hdp.jpg\",\"datePublished\":\"2022-11-02T16:33:41+00:00\",\"breadcrumb\":{\"@id\":\"https:\\\/\\\/darkamazi.info\\\/archives\\\/1033471#breadcrumb\"},\"inLanguage\":\"en-US\",\"potentialAction\":[{\"@type\":\"ReadAction\",\"target\":[\"https:\\\/\\\/darkamazi.info\\\/archives\\\/1033471\"]}]},{\"@type\":\"ImageObject\",\"inLanguage\":\"en-US\",\"@id\":\"https:\\\/\\\/darkamazi.info\\\/archives\\\/1033471#primaryimage\",\"url\":\"https:\\\/\\\/darkamazi.info\\\/darka-content\\\/uploads\\\/2022\\\/11\\\/akp-hdp.jpg\",\"contentUrl\":\"https:\\\/\\\/darkamazi.info\\\/darka-content\\\/uploads\\\/2022\\\/11\\\/akp-hdp.jpg\",\"width\":900,\"height\":497,\"caption\":\"\u015eanda AK Partiy\u00ea serdana HDP\u00ea kir\"},{\"@type\":\"BreadcrumbList\",\"@id\":\"https:\\\/\\\/darkamazi.info\\\/archives\\\/1033471#breadcrumb\",\"itemListElement\":[{\"@type\":\"ListItem\",\"position\":1,\"name\":\"Home\",\"item\":\"https:\\\/\\\/darkamazi.info\\\/\"},{\"@type\":\"ListItem\",\"position\":2,\"name\":\"\u015eanda AK Partiy\u00ea serdana HDP\u00ea kir\"}]},{\"@type\":\"WebSite\",\"@id\":\"https:\\\/\\\/darkamazi.info\\\/#website\",\"url\":\"https:\\\/\\\/darkamazi.info\\\/\",\"name\":\"Darka Maz\u00ee\",\"description\":\"P\u00eageha Zanyariy\u00ean Nebih\u00eest\u00ee\",\"publisher\":{\"@id\":\"https:\\\/\\\/darkamazi.info\\\/#organization\"},\"potentialAction\":[{\"@type\":\"SearchAction\",\"target\":{\"@type\":\"EntryPoint\",\"urlTemplate\":\"https:\\\/\\\/darkamazi.info\\\/?s={search_term_string}\"},\"query-input\":{\"@type\":\"PropertyValueSpecification\",\"valueRequired\":true,\"valueName\":\"search_term_string\"}}],\"inLanguage\":\"en-US\"},{\"@type\":\"Organization\",\"@id\":\"https:\\\/\\\/darkamazi.info\\\/#organization\",\"name\":\"Darka Maz\u00ee\",\"url\":\"https:\\\/\\\/darkamazi.info\\\/\",\"logo\":{\"@type\":\"ImageObject\",\"inLanguage\":\"en-US\",\"@id\":\"https:\\\/\\\/darkamazi.info\\\/#\\\/schema\\\/logo\\\/image\\\/\",\"url\":\"https:\\\/\\\/darkamazi.info\\\/darka-content\\\/uploads\\\/2017\\\/12\\\/darka-mazi-logo.png\",\"contentUrl\":\"https:\\\/\\\/darkamazi.info\\\/darka-content\\\/uploads\\\/2017\\\/12\\\/darka-mazi-logo.png\",\"width\":151,\"height\":75,\"caption\":\"Darka Maz\u00ee\"},\"image\":{\"@id\":\"https:\\\/\\\/darkamazi.info\\\/#\\\/schema\\\/logo\\\/image\\\/\"},\"sameAs\":[\"https:\\\/\\\/www.facebook.com\\\/DarMaziKurmanci\",\"https:\\\/\\\/x.com\\\/DarkaMaziLatini\",\"https:\\\/\\\/www.instagram.com\\\/darkamazi.kurmanci\\\/\",\"https:\\\/\\\/www.youtube.com\\\/channel\\\/UCa5HkTdmI8U1qCUFuTw8B2g\"]},{\"@type\":\"Person\",\"@id\":\"https:\\\/\\\/darkamazi.info\\\/#\\\/schema\\\/person\\\/5ad3e24553a0567993fa8ed4bd0a776c\",\"name\":\"darka mazi\",\"sameAs\":[\"https:\\\/\\\/darkamazi.info\\\/\"],\"url\":\"https:\\\/\\\/darkamazi.info\\\/archives\\\/author\\\/kurdi\"}]}<\/script>\n<!-- \/ Yoast SEO plugin. -->","seo_head_json":{"title":"\u015eanda AK Partiy\u00ea serdana HDP\u00ea kir - Darka Maz\u00ee","robots":{"index":"index","follow":"follow","max-snippet":"max-snippet:-1","max-image-preview":"max-image-preview:large","max-video-preview":"max-video-preview:-1"},"canonical":"https:\/\/darkamazi.info\/archives\/1033471","og_locale":"en_US","og_type":"article","og_title":"\u015eanda AK Partiy\u00ea serdana HDP\u00ea kir - Darka Maz\u00ee","og_description":"\u015eanda Partiya Dad \u00fb Ge\u015fep\u00eadan\u00ea (AK Part\u00ee) bi serokatiya Wez\u00eer\u00ea Dad\u00ea y\u00ea Tirkiy\u00ea, li ser projeyasaya\u00a0 dest\u00fbr\u00ea\u00a0 ya derbar\u00ea serpo\u015f\u00ea de serdana Partiya Demokrat\u00eek a Gelan (HDP) kir. Wez\u00eer\u00ea Dad\u00ea y\u00ea Tirkiy\u00ea Bek\u00eer Bozdag, Wek\u00eel\u00ea Serok\u00ea Firaksiyona Ak Partiy\u00ea Mustafa El\u00eeta\u015f \u00fb C\u00eegir\u00ea Serok\u00ea AK Partiy\u00ea Al\u00ee \u00cehsan Yavuz \u00eero 2y\u00ea Mijdara 2022yan derbar\u00ea projeyasaya [&hellip;]","og_url":"https:\/\/darkamazi.info\/archives\/1033471","og_site_name":"Darka Maz\u00ee","article_publisher":"https:\/\/www.facebook.com\/DarMaziKurmanci","article_published_time":"2022-11-02T16:33:41+00:00","og_image":[{"width":900,"height":497,"url":"https:\/\/darkamazi.info\/file\/2022\/11\/akp-hdp.jpg","type":"image\/jpeg"}],"author":"darka mazi","twitter_card":"summary_large_image","twitter_creator":"@DarkaMaziLatini","twitter_site":"@DarkaMaziLatini","twitter_misc":{"Written by":"darka mazi","Est. reading time":"1 minute"},"schema":{"@context":"https:\/\/schema.org","@graph":[{"@type":"Article","@id":"https:\/\/darkamazi.info\/archives\/1033471#article","isPartOf":{"@id":"https:\/\/darkamazi.info\/archives\/1033471"},"author":{"name":"darka mazi","@id":"https:\/\/darkamazi.info\/#\/schema\/person\/5ad3e24553a0567993fa8ed4bd0a776c"},"headline":"\u015eanda AK Partiy\u00ea serdana HDP\u00ea kir","datePublished":"2022-11-02T16:33:41+00:00","mainEntityOfPage":{"@id":"https:\/\/darkamazi.info\/archives\/1033471"},"wordCount":206,"publisher":{"@id":"https:\/\/darkamazi.info\/#organization"},"image":{"@id":"https:\/\/darkamazi.info\/archives\/1033471#primaryimage"},"thumbnailUrl":"https:\/\/darkamazi.info\/file\/2022\/11\/akp-hdp.jpg","keywords":["sereke"],"articleSection":["Rojhelata nav\u00een"],"inLanguage":"en-US"},{"@type":"WebPage","@id":"https:\/\/darkamazi.info\/archives\/1033471","url":"https:\/\/darkamazi.info\/archives\/1033471","name":"\u015eanda AK Partiy\u00ea serdana HDP\u00ea kir - Darka Maz\u00ee","isPartOf":{"@id":"https:\/\/darkamazi.info\/#website"},"primaryImageOfPage":{"@id":"https:\/\/darkamazi.info\/archives\/1033471#primaryimage"},"image":{"@id":"https:\/\/darkamazi.info\/archives\/1033471#primaryimage"},"thumbnailUrl":"https:\/\/darkamazi.info\/file\/2022\/11\/akp-hdp.jpg","datePublished":"2022-11-02T16:33:41+00:00","breadcrumb":{"@id":"https:\/\/darkamazi.info\/archives\/1033471#breadcrumb"},"inLanguage":"en-US","potentialAction":[{"@type":"ReadAction","target":["https:\/\/darkamazi.info\/archives\/1033471"]}]},{"@type":"ImageObject","inLanguage":"en-US","@id":"https:\/\/darkamazi.info\/archives\/1033471#primaryimage","url":"https:\/\/darkamazi.info\/file\/2022\/11\/akp-hdp.jpg","contentUrl":"https:\/\/darkamazi.info\/file\/2022\/11\/akp-hdp.jpg","width":900,"height":497,"caption":"\u015eanda AK Partiy\u00ea serdana HDP\u00ea kir"},{"@type":"BreadcrumbList","@id":"https:\/\/darkamazi.info\/archives\/1033471#breadcrumb","itemListElement":[{"@type":"ListItem","position":1,"name":"Home","item":"https:\/\/darkamazi.info\/"},{"@type":"ListItem","position":2,"name":"\u015eanda AK Partiy\u00ea serdana HDP\u00ea kir"}]},{"@type":"WebSite","@id":"https:\/\/darkamazi.info\/#website","url":"https:\/\/darkamazi.info\/","name":"Darka Maz\u00ee","description":"P\u00eageha Zanyariy\u00ean Nebih\u00eest\u00ee","publisher":{"@id":"https:\/\/darkamazi.info\/#organization"},"potentialAction":[{"@type":"SearchAction","target":{"@type":"EntryPoint","urlTemplate":"https:\/\/darkamazi.info\/?s={search_term_string}"},"query-input":{"@type":"PropertyValueSpecification","valueRequired":true,"valueName":"search_term_string"}}],"inLanguage":"en-US"},{"@type":"Organization","@id":"https:\/\/darkamazi.info\/#organization","name":"Darka Maz\u00ee","url":"https:\/\/darkamazi.info\/","logo":{"@type":"ImageObject","inLanguage":"en-US","@id":"https:\/\/darkamazi.info\/#\/schema\/logo\/image\/","url":"https:\/\/darkamazi.info\/file\/2017\/12\/darka-mazi-logo.png","contentUrl":"https:\/\/darkamazi.info\/file\/2017\/12\/darka-mazi-logo.png","width":151,"height":75,"caption":"Darka Maz\u00ee"},"image":{"@id":"https:\/\/darkamazi.info\/#\/schema\/logo\/image\/"},"sameAs":["https:\/\/www.facebook.com\/DarMaziKurmanci","https:\/\/x.com\/DarkaMaziLatini","https:\/\/www.instagram.com\/darkamazi.kurmanci\/","https:\/\/www.youtube.com\/channel\/UCa5HkTdmI8U1qCUFuTw8B2g"]},{"@type":"Person","@id":"https:\/\/darkamazi.info\/#\/schema\/person\/5ad3e24553a0567993fa8ed4bd0a776c","name":"darka mazi","sameAs":["https:\/\/darkamazi.info\/"],"url":"https:\/\/darkamazi.info\/archives\/author\/kurdi"}]}},"_links":{"self":[{"href":"https:\/\/darkamazi.info\/funavuv\/wp\/v2\/posts\/1033471","targetHints":{"allow":["GET"]}}],"collection":[{"href":"https:\/\/darkamazi.info\/funavuv\/wp\/v2\/posts"}],"about":[{"href":"https:\/\/darkamazi.info\/funavuv\/wp\/v2\/types\/post"}],"author":[{"embeddable":true,"href":"https:\/\/darkamazi.info\/funavuv\/wp\/v2\/users\/2"}],"replies":[{"embeddable":true,"href":"https:\/\/darkamazi.info\/funavuv\/wp\/v2\/comments?post=1033471"}],"version-history":[{"count":0,"href":"https:\/\/darkamazi.info\/funavuv\/wp\/v2\/posts\/1033471\/revisions"}],"wp:featuredmedia":[{"embeddable":true,"href":"https:\/\/darkamazi.info\/funavuv\/wp\/v2\/media\/1033472"}],"wp:attachment":[{"href":"https:\/\/darkamazi.info\/funavuv\/wp\/v2\/media?parent=1033471"}],"wp:term":[{"taxonomy":"category","embeddable":true,"href":"https:\/\/darkamazi.info\/funavuv\/wp\/v2\/categories?post=1033471"},{"taxonomy":"post_tag","embeddable":true,"href":"https:\/\/darkamazi.info\/funavuv\/wp\/v2\/tags?post=1033471"}],"curies":[{"name":"wp","href":"https:\/\/api.w.org\/{rel}","templated":true}]}}