{"id":1033486,"date":"2022-11-03T13:12:42","date_gmt":"2022-11-03T10:12:42","guid":{"rendered":"https:\/\/darkamazi.info\/?p=1033486"},"modified":"2022-11-03T13:12:42","modified_gmt":"2022-11-03T10:12:42","slug":"termen-21-kocberan-di-ava-yunanistane-de-hatin-ditin","status":"publish","type":"post","link":"https:\/\/darkamazi.info\/archives\/1033486","title":{"rendered":"Term\u00ean 21 ko\u00e7beran di ava Y\u00fbnan\u00eestan\u00ea de hatin d\u00eetin"},"content":{"rendered":"<h3 style=\"text-align: justify\"><span style=\"font-family: 'arial black', sans-serif\">H\u00eaz\u00ean S\u00eenorpar\u00eaz \u00ean Y\u00fbnan\u00eestan\u00ea term\u00ean 21 ko\u00e7ber\u00ean ku di destp\u00eaka v\u00ea heftey\u00ea de hewl dan bi ke\u015ftiy\u00ea deryaya Egey\u00ea derbas bikin, li girava Evia d\u00eetin.<\/span><\/h3>\n<h3 style=\"text-align: justify\"><span style=\"font-family: arial, helvetica, sans-serif\">Roja 1\u00ea Mijdar\u00ea ke\u015ftiya ku t\u00ea de 68 ko\u00e7ber heb\u00fbn li tengava Kaf\u00eerey\u00ea ya Deryaya Egey\u00ea, ji ber bahoz \u00fb rew\u015fa xirab a heway\u00ea, binav b\u00fbb\u00fb.<\/span><\/h3>\n<h3 style=\"text-align: justify\"><span style=\"font-family: arial, helvetica, sans-serif\">H\u00eaz\u00ean S\u00eenorpar\u00eaz \u00ean Y\u00fbnan\u00eestan\u00ea term\u00ean 21 ko\u00e7beran, li girava Evia d\u00eetin.<\/span><\/h3>\n<h3 style=\"text-align: justify\"><span style=\"font-family: arial, helvetica, sans-serif\">Li gor\u00ee ko\u00e7ber\u00ean rizgarkir\u00ee dib\u00eajin, h\u00eena \u00e7areniv\u00eesa 7 kes\u00ean din \u00ean di w\u00ea ke\u015ftiy\u00ea de b\u00fbn nediyare.<\/span><\/h3>\n<h3 style=\"text-align: justify\"><span style=\"font-family: arial, helvetica, sans-serif\">Medyaya Y\u00fbnan\u00eestan\u00ee ragihandib\u00fb, ew ke\u015ftiya ko\u00e7beran ji bajar\u00ea \u00cezm\u00eer\u00ea bi r\u00ea ketib\u00fb \u00fb t\u00ea de ko\u00e7ber\u00ean \u00ceran\u00ee, Efxan\u00ee \u00fb Misir\u00ee heb\u00fbn.\u00a0<\/span><\/h3>\n<h3 style=\"text-align: justify\"><span style=\"font-family: arial, helvetica, sans-serif\">Termeke din j\u00ee li girava Samos\u00ea hat d\u00eetin, li w\u00ea cih\u00ea ku Pasewan\u00ean S\u00eenor \u00ean Y\u00fbnan\u00eestan\u00ea di destp\u00eaka v\u00ea heftey\u00ea de 12 ko\u00e7ber\u00ean neyasay\u00ee di qeyikeke din de desteser kirib\u00fbn.<\/span><\/h3>\n<h3 style=\"text-align: justify\"><span style=\"font-family: arial, helvetica, sans-serif\">Rayedar\u00ean Y\u00fbnanistan\u00ea rexne li Tirkiyey\u00ea digirin ku ko\u00e7beran bi awayek\u00ee r\u00eakxistinkir\u00ee arastey\u00ea Y\u00fbnanistan\u00ea dikin, l\u00ea berpirs\u00ean Tirkiy\u00ea dib\u00eajin j\u00ee, h\u00eaz\u00ean Y\u00fbnan\u00ee belem\u00ean ko\u00e7beran diteq\u00eenin \u00fb wan ber bi berav\u00ean Tirkiy\u00ea vediger\u00eenin.<\/span><\/h3>\n","protected":false},"excerpt":{"rendered":"<p>H\u00eaz\u00ean S\u00eenorpar\u00eaz \u00ean Y\u00fbnan\u00eestan\u00ea term\u00ean 21 ko\u00e7ber\u00ean ku di destp\u00eaka v\u00ea heftey\u00ea de hewl dan bi ke\u015ftiy\u00ea deryaya Egey\u00ea derbas bikin, li girava Evia d\u00eetin. Roja 1\u00ea Mijdar\u00ea ke\u015ftiya ku t\u00ea de 68 ko\u00e7ber heb\u00fbn li tengava Kaf\u00eerey\u00ea ya Deryaya Egey\u00ea, ji ber bahoz \u00fb rew\u015fa xirab a heway\u00ea, binav b\u00fbb\u00fb. H\u00eaz\u00ean S\u00eenorpar\u00eaz \u00ean Y\u00fbnan\u00eestan\u00ea [&hellip;]<\/p>\n","protected":false},"author":2,"featured_media":1033487,"comment_status":"closed","ping_status":"closed","sticky":false,"template":"","format":"standard","meta":{"footnotes":""},"categories":[30],"tags":[37],"class_list":["post-1033486","post","type-post","status-publish","format-standard","has-post-thumbnail","hentry","category-cihan","tag-sereke"],"blocksy_meta":[],"seo_head":"<!-- This site is optimized with the Yoast SEO plugin v27.5 - https:\/\/yoast.com\/product\/yoast-seo-wordpress\/ -->\n<title>Term\u00ean 21 ko\u00e7beran di ava Y\u00fbnan\u00eestan\u00ea de hatin d\u00eetin - Darka Maz\u00ee<\/title>\n<meta name=\"robots\" content=\"index, follow, max-snippet:-1, max-image-preview:large, max-video-preview:-1\" \/>\n<link rel=\"canonical\" href=\"https:\/\/darkamazi.info\/archives\/1033486\" \/>\n<meta property=\"og:locale\" content=\"en_US\" \/>\n<meta property=\"og:type\" content=\"article\" \/>\n<meta property=\"og:title\" content=\"Term\u00ean 21 ko\u00e7beran di ava Y\u00fbnan\u00eestan\u00ea de hatin d\u00eetin - Darka Maz\u00ee\" \/>\n<meta property=\"og:description\" content=\"H\u00eaz\u00ean S\u00eenorpar\u00eaz \u00ean Y\u00fbnan\u00eestan\u00ea term\u00ean 21 ko\u00e7ber\u00ean ku di destp\u00eaka v\u00ea heftey\u00ea de hewl dan bi ke\u015ftiy\u00ea deryaya Egey\u00ea derbas bikin, li girava Evia d\u00eetin. Roja 1\u00ea Mijdar\u00ea ke\u015ftiya ku t\u00ea de 68 ko\u00e7ber heb\u00fbn li tengava Kaf\u00eerey\u00ea ya Deryaya Egey\u00ea, ji ber bahoz \u00fb rew\u015fa xirab a heway\u00ea, binav b\u00fbb\u00fb. H\u00eaz\u00ean S\u00eenorpar\u00eaz \u00ean Y\u00fbnan\u00eestan\u00ea [&hellip;]\" \/>\n<meta property=\"og:url\" content=\"https:\/\/darkamazi.info\/archives\/1033486\" \/>\n<meta property=\"og:site_name\" content=\"Darka Maz\u00ee\" \/>\n<meta property=\"article:publisher\" content=\"https:\/\/www.facebook.com\/DarMaziKurmanci\" \/>\n<meta property=\"article:published_time\" content=\"2022-11-03T10:12:42+00:00\" \/>\n<meta property=\"og:image\" content=\"https:\/\/darkamazi.info\/file\/2022\/11\/yewnanistan.jpg\" \/>\n\t<meta property=\"og:image:width\" content=\"781\" \/>\n\t<meta property=\"og:image:height\" content=\"439\" \/>\n\t<meta property=\"og:image:type\" content=\"image\/jpeg\" \/>\n<meta name=\"author\" content=\"darka mazi\" \/>\n<meta name=\"twitter:card\" content=\"summary_large_image\" \/>\n<meta name=\"twitter:creator\" content=\"@DarkaMaziLatini\" \/>\n<meta name=\"twitter:site\" content=\"@DarkaMaziLatini\" \/>\n<meta name=\"twitter:label1\" content=\"Written by\" \/>\n\t<meta name=\"twitter:data1\" content=\"darka mazi\" \/>\n\t<meta name=\"twitter:label2\" content=\"Est. reading time\" \/>\n\t<meta name=\"twitter:data2\" content=\"1 minute\" \/>\n<script type=\"application\/ld+json\" class=\"seo-schema-graph\">{\"@context\":\"https:\\\/\\\/schema.org\",\"@graph\":[{\"@type\":\"Article\",\"@id\":\"https:\\\/\\\/darkamazi.info\\\/archives\\\/1033486#article\",\"isPartOf\":{\"@id\":\"https:\\\/\\\/darkamazi.info\\\/archives\\\/1033486\"},\"author\":{\"name\":\"darka mazi\",\"@id\":\"https:\\\/\\\/darkamazi.info\\\/#\\\/schema\\\/person\\\/5ad3e24553a0567993fa8ed4bd0a776c\"},\"headline\":\"Term\u00ean 21 ko\u00e7beran di ava Y\u00fbnan\u00eestan\u00ea de hatin d\u00eetin\",\"datePublished\":\"2022-11-03T10:12:42+00:00\",\"mainEntityOfPage\":{\"@id\":\"https:\\\/\\\/darkamazi.info\\\/archives\\\/1033486\"},\"wordCount\":231,\"publisher\":{\"@id\":\"https:\\\/\\\/darkamazi.info\\\/#organization\"},\"image\":{\"@id\":\"https:\\\/\\\/darkamazi.info\\\/archives\\\/1033486#primaryimage\"},\"thumbnailUrl\":\"https:\\\/\\\/darkamazi.info\\\/darka-content\\\/uploads\\\/2022\\\/11\\\/yewnanistan.jpg\",\"keywords\":[\"sereke\"],\"articleSection\":[\"C\u00eehan\"],\"inLanguage\":\"en-US\"},{\"@type\":\"WebPage\",\"@id\":\"https:\\\/\\\/darkamazi.info\\\/archives\\\/1033486\",\"url\":\"https:\\\/\\\/darkamazi.info\\\/archives\\\/1033486\",\"name\":\"Term\u00ean 21 ko\u00e7beran di ava Y\u00fbnan\u00eestan\u00ea de hatin d\u00eetin - Darka Maz\u00ee\",\"isPartOf\":{\"@id\":\"https:\\\/\\\/darkamazi.info\\\/#website\"},\"primaryImageOfPage\":{\"@id\":\"https:\\\/\\\/darkamazi.info\\\/archives\\\/1033486#primaryimage\"},\"image\":{\"@id\":\"https:\\\/\\\/darkamazi.info\\\/archives\\\/1033486#primaryimage\"},\"thumbnailUrl\":\"https:\\\/\\\/darkamazi.info\\\/darka-content\\\/uploads\\\/2022\\\/11\\\/yewnanistan.jpg\",\"datePublished\":\"2022-11-03T10:12:42+00:00\",\"breadcrumb\":{\"@id\":\"https:\\\/\\\/darkamazi.info\\\/archives\\\/1033486#breadcrumb\"},\"inLanguage\":\"en-US\",\"potentialAction\":[{\"@type\":\"ReadAction\",\"target\":[\"https:\\\/\\\/darkamazi.info\\\/archives\\\/1033486\"]}]},{\"@type\":\"ImageObject\",\"inLanguage\":\"en-US\",\"@id\":\"https:\\\/\\\/darkamazi.info\\\/archives\\\/1033486#primaryimage\",\"url\":\"https:\\\/\\\/darkamazi.info\\\/darka-content\\\/uploads\\\/2022\\\/11\\\/yewnanistan.jpg\",\"contentUrl\":\"https:\\\/\\\/darkamazi.info\\\/darka-content\\\/uploads\\\/2022\\\/11\\\/yewnanistan.jpg\",\"width\":781,\"height\":439,\"caption\":\"Term\u00ean 21 ko\u00e7beran di ava Y\u00fbnan\u00eestan\u00ea de hatin d\u00eetin\"},{\"@type\":\"BreadcrumbList\",\"@id\":\"https:\\\/\\\/darkamazi.info\\\/archives\\\/1033486#breadcrumb\",\"itemListElement\":[{\"@type\":\"ListItem\",\"position\":1,\"name\":\"Home\",\"item\":\"https:\\\/\\\/darkamazi.info\\\/\"},{\"@type\":\"ListItem\",\"position\":2,\"name\":\"Term\u00ean 21 ko\u00e7beran di ava Y\u00fbnan\u00eestan\u00ea de hatin d\u00eetin\"}]},{\"@type\":\"WebSite\",\"@id\":\"https:\\\/\\\/darkamazi.info\\\/#website\",\"url\":\"https:\\\/\\\/darkamazi.info\\\/\",\"name\":\"Darka Maz\u00ee\",\"description\":\"P\u00eageha Zanyariy\u00ean Nebih\u00eest\u00ee\",\"publisher\":{\"@id\":\"https:\\\/\\\/darkamazi.info\\\/#organization\"},\"potentialAction\":[{\"@type\":\"SearchAction\",\"target\":{\"@type\":\"EntryPoint\",\"urlTemplate\":\"https:\\\/\\\/darkamazi.info\\\/?s={search_term_string}\"},\"query-input\":{\"@type\":\"PropertyValueSpecification\",\"valueRequired\":true,\"valueName\":\"search_term_string\"}}],\"inLanguage\":\"en-US\"},{\"@type\":\"Organization\",\"@id\":\"https:\\\/\\\/darkamazi.info\\\/#organization\",\"name\":\"Darka Maz\u00ee\",\"url\":\"https:\\\/\\\/darkamazi.info\\\/\",\"logo\":{\"@type\":\"ImageObject\",\"inLanguage\":\"en-US\",\"@id\":\"https:\\\/\\\/darkamazi.info\\\/#\\\/schema\\\/logo\\\/image\\\/\",\"url\":\"https:\\\/\\\/darkamazi.info\\\/darka-content\\\/uploads\\\/2017\\\/12\\\/darka-mazi-logo.png\",\"contentUrl\":\"https:\\\/\\\/darkamazi.info\\\/darka-content\\\/uploads\\\/2017\\\/12\\\/darka-mazi-logo.png\",\"width\":151,\"height\":75,\"caption\":\"Darka Maz\u00ee\"},\"image\":{\"@id\":\"https:\\\/\\\/darkamazi.info\\\/#\\\/schema\\\/logo\\\/image\\\/\"},\"sameAs\":[\"https:\\\/\\\/www.facebook.com\\\/DarMaziKurmanci\",\"https:\\\/\\\/x.com\\\/DarkaMaziLatini\",\"https:\\\/\\\/www.instagram.com\\\/darkamazi.kurmanci\\\/\",\"https:\\\/\\\/www.youtube.com\\\/channel\\\/UCa5HkTdmI8U1qCUFuTw8B2g\"]},{\"@type\":\"Person\",\"@id\":\"https:\\\/\\\/darkamazi.info\\\/#\\\/schema\\\/person\\\/5ad3e24553a0567993fa8ed4bd0a776c\",\"name\":\"darka mazi\",\"sameAs\":[\"https:\\\/\\\/darkamazi.info\\\/\"],\"url\":\"https:\\\/\\\/darkamazi.info\\\/archives\\\/author\\\/kurdi\"}]}<\/script>\n<!-- \/ Yoast SEO plugin. -->","seo_head_json":{"title":"Term\u00ean 21 ko\u00e7beran di ava Y\u00fbnan\u00eestan\u00ea de hatin d\u00eetin - Darka Maz\u00ee","robots":{"index":"index","follow":"follow","max-snippet":"max-snippet:-1","max-image-preview":"max-image-preview:large","max-video-preview":"max-video-preview:-1"},"canonical":"https:\/\/darkamazi.info\/archives\/1033486","og_locale":"en_US","og_type":"article","og_title":"Term\u00ean 21 ko\u00e7beran di ava Y\u00fbnan\u00eestan\u00ea de hatin d\u00eetin - Darka Maz\u00ee","og_description":"H\u00eaz\u00ean S\u00eenorpar\u00eaz \u00ean Y\u00fbnan\u00eestan\u00ea term\u00ean 21 ko\u00e7ber\u00ean ku di destp\u00eaka v\u00ea heftey\u00ea de hewl dan bi ke\u015ftiy\u00ea deryaya Egey\u00ea derbas bikin, li girava Evia d\u00eetin. Roja 1\u00ea Mijdar\u00ea ke\u015ftiya ku t\u00ea de 68 ko\u00e7ber heb\u00fbn li tengava Kaf\u00eerey\u00ea ya Deryaya Egey\u00ea, ji ber bahoz \u00fb rew\u015fa xirab a heway\u00ea, binav b\u00fbb\u00fb. H\u00eaz\u00ean S\u00eenorpar\u00eaz \u00ean Y\u00fbnan\u00eestan\u00ea [&hellip;]","og_url":"https:\/\/darkamazi.info\/archives\/1033486","og_site_name":"Darka Maz\u00ee","article_publisher":"https:\/\/www.facebook.com\/DarMaziKurmanci","article_published_time":"2022-11-03T10:12:42+00:00","og_image":[{"width":781,"height":439,"url":"https:\/\/darkamazi.info\/file\/2022\/11\/yewnanistan.jpg","type":"image\/jpeg"}],"author":"darka mazi","twitter_card":"summary_large_image","twitter_creator":"@DarkaMaziLatini","twitter_site":"@DarkaMaziLatini","twitter_misc":{"Written by":"darka mazi","Est. reading time":"1 minute"},"schema":{"@context":"https:\/\/schema.org","@graph":[{"@type":"Article","@id":"https:\/\/darkamazi.info\/archives\/1033486#article","isPartOf":{"@id":"https:\/\/darkamazi.info\/archives\/1033486"},"author":{"name":"darka mazi","@id":"https:\/\/darkamazi.info\/#\/schema\/person\/5ad3e24553a0567993fa8ed4bd0a776c"},"headline":"Term\u00ean 21 ko\u00e7beran di ava Y\u00fbnan\u00eestan\u00ea de hatin d\u00eetin","datePublished":"2022-11-03T10:12:42+00:00","mainEntityOfPage":{"@id":"https:\/\/darkamazi.info\/archives\/1033486"},"wordCount":231,"publisher":{"@id":"https:\/\/darkamazi.info\/#organization"},"image":{"@id":"https:\/\/darkamazi.info\/archives\/1033486#primaryimage"},"thumbnailUrl":"https:\/\/darkamazi.info\/file\/2022\/11\/yewnanistan.jpg","keywords":["sereke"],"articleSection":["C\u00eehan"],"inLanguage":"en-US"},{"@type":"WebPage","@id":"https:\/\/darkamazi.info\/archives\/1033486","url":"https:\/\/darkamazi.info\/archives\/1033486","name":"Term\u00ean 21 ko\u00e7beran di ava Y\u00fbnan\u00eestan\u00ea de hatin d\u00eetin - Darka Maz\u00ee","isPartOf":{"@id":"https:\/\/darkamazi.info\/#website"},"primaryImageOfPage":{"@id":"https:\/\/darkamazi.info\/archives\/1033486#primaryimage"},"image":{"@id":"https:\/\/darkamazi.info\/archives\/1033486#primaryimage"},"thumbnailUrl":"https:\/\/darkamazi.info\/file\/2022\/11\/yewnanistan.jpg","datePublished":"2022-11-03T10:12:42+00:00","breadcrumb":{"@id":"https:\/\/darkamazi.info\/archives\/1033486#breadcrumb"},"inLanguage":"en-US","potentialAction":[{"@type":"ReadAction","target":["https:\/\/darkamazi.info\/archives\/1033486"]}]},{"@type":"ImageObject","inLanguage":"en-US","@id":"https:\/\/darkamazi.info\/archives\/1033486#primaryimage","url":"https:\/\/darkamazi.info\/file\/2022\/11\/yewnanistan.jpg","contentUrl":"https:\/\/darkamazi.info\/file\/2022\/11\/yewnanistan.jpg","width":781,"height":439,"caption":"Term\u00ean 21 ko\u00e7beran di ava Y\u00fbnan\u00eestan\u00ea de hatin d\u00eetin"},{"@type":"BreadcrumbList","@id":"https:\/\/darkamazi.info\/archives\/1033486#breadcrumb","itemListElement":[{"@type":"ListItem","position":1,"name":"Home","item":"https:\/\/darkamazi.info\/"},{"@type":"ListItem","position":2,"name":"Term\u00ean 21 ko\u00e7beran di ava Y\u00fbnan\u00eestan\u00ea de hatin d\u00eetin"}]},{"@type":"WebSite","@id":"https:\/\/darkamazi.info\/#website","url":"https:\/\/darkamazi.info\/","name":"Darka Maz\u00ee","description":"P\u00eageha Zanyariy\u00ean Nebih\u00eest\u00ee","publisher":{"@id":"https:\/\/darkamazi.info\/#organization"},"potentialAction":[{"@type":"SearchAction","target":{"@type":"EntryPoint","urlTemplate":"https:\/\/darkamazi.info\/?s={search_term_string}"},"query-input":{"@type":"PropertyValueSpecification","valueRequired":true,"valueName":"search_term_string"}}],"inLanguage":"en-US"},{"@type":"Organization","@id":"https:\/\/darkamazi.info\/#organization","name":"Darka Maz\u00ee","url":"https:\/\/darkamazi.info\/","logo":{"@type":"ImageObject","inLanguage":"en-US","@id":"https:\/\/darkamazi.info\/#\/schema\/logo\/image\/","url":"https:\/\/darkamazi.info\/file\/2017\/12\/darka-mazi-logo.png","contentUrl":"https:\/\/darkamazi.info\/file\/2017\/12\/darka-mazi-logo.png","width":151,"height":75,"caption":"Darka Maz\u00ee"},"image":{"@id":"https:\/\/darkamazi.info\/#\/schema\/logo\/image\/"},"sameAs":["https:\/\/www.facebook.com\/DarMaziKurmanci","https:\/\/x.com\/DarkaMaziLatini","https:\/\/www.instagram.com\/darkamazi.kurmanci\/","https:\/\/www.youtube.com\/channel\/UCa5HkTdmI8U1qCUFuTw8B2g"]},{"@type":"Person","@id":"https:\/\/darkamazi.info\/#\/schema\/person\/5ad3e24553a0567993fa8ed4bd0a776c","name":"darka mazi","sameAs":["https:\/\/darkamazi.info\/"],"url":"https:\/\/darkamazi.info\/archives\/author\/kurdi"}]}},"_links":{"self":[{"href":"https:\/\/darkamazi.info\/funavuv\/wp\/v2\/posts\/1033486","targetHints":{"allow":["GET"]}}],"collection":[{"href":"https:\/\/darkamazi.info\/funavuv\/wp\/v2\/posts"}],"about":[{"href":"https:\/\/darkamazi.info\/funavuv\/wp\/v2\/types\/post"}],"author":[{"embeddable":true,"href":"https:\/\/darkamazi.info\/funavuv\/wp\/v2\/users\/2"}],"replies":[{"embeddable":true,"href":"https:\/\/darkamazi.info\/funavuv\/wp\/v2\/comments?post=1033486"}],"version-history":[{"count":0,"href":"https:\/\/darkamazi.info\/funavuv\/wp\/v2\/posts\/1033486\/revisions"}],"wp:featuredmedia":[{"embeddable":true,"href":"https:\/\/darkamazi.info\/funavuv\/wp\/v2\/media\/1033487"}],"wp:attachment":[{"href":"https:\/\/darkamazi.info\/funavuv\/wp\/v2\/media?parent=1033486"}],"wp:term":[{"taxonomy":"category","embeddable":true,"href":"https:\/\/darkamazi.info\/funavuv\/wp\/v2\/categories?post=1033486"},{"taxonomy":"post_tag","embeddable":true,"href":"https:\/\/darkamazi.info\/funavuv\/wp\/v2\/tags?post=1033486"}],"curies":[{"name":"wp","href":"https:\/\/api.w.org\/{rel}","templated":true}]}}