{"id":1033507,"date":"2022-11-05T11:27:32","date_gmt":"2022-11-05T08:27:32","guid":{"rendered":"https:\/\/darkamazi.info\/?p=1033507"},"modified":"2022-11-05T11:27:32","modified_gmt":"2022-11-05T08:27:32","slug":"metiner-dive-akp-di-derbare-hdpe-de-biryareki-bide","status":"publish","type":"post","link":"https:\/\/darkamazi.info\/archives\/1033507","title":{"rendered":"Metiner: Div\u00ea AKP di derbar\u00ea HDP\u00ea de biryarek\u00ee bide!"},"content":{"rendered":"<h3 style=\"text-align: justify\"><span style=\"font-family: 'arial black', sans-serif\">Niv\u00eeskar \u00fb parlementer\u00ea AK Partiy\u00ea y\u00ea ber\u00ea Mehmet Metiner di derbar\u00ea serdana heyeta AK Partiy\u00ea ya HDP\u00ea de, dax\u00fbyakirin ku, gerek Ak Part\u00ee di derbar\u00ea HDP\u00ea de biryarek\u00ee bide.<\/span><\/h3>\n<h3 style=\"text-align: justify\">Metiner got: Eger HDP wek partiyek ku, di bin ban\u00ea parlementoy\u00ea de b\u00ea d\u00eetin \u00fb di v\u00ea \u00e7er\u00e7ovey\u00ea de p\u00eawend\u00ee li gel b\u00eane dan\u00een, div\u00ea AK Part\u00ee siyaset \u00fb gotar\u00ean xwe ji bo HDP\u00ea biguhere. Div\u00ea v\u00eaca Ak Parti biryarek\u00ee bide.<\/h3>\n<h3 style=\"text-align: justify\">Ji bo guhertina hinek maddey\u00ean destur\u00ea di parlementoy\u00ea de heyeta AK Partiy\u00ea ji bo pi\u015fgiriy\u00ea serdana HDP\u00ea kir\u00eeb\u00fb. Ev yek gelek hate gotub\u00eaj kirin. Ji ber ku AK Part\u00ee HDP\u00ea wek hevalbend\u00ea\u201cr\u00eaxistina terorist\u201c itham dike \u00fb gelek bi tund\u00ee wan rexne dikin.<\/h3>\n<h3 style=\"text-align: justify\">Metiner dib\u00eaje: Ji aliyek\u00ee tu HDP\u00ea wek hevalbende teror\u00ea bibin\u00ee \u00fb aliyek din ji bo pi\u015fgiriye li gel HDP\u00ea r\u00fbn\u00ee ev rew\u015fek xirab e.<\/h3>\n<h3 style=\"text-align: justify\">Metiner dib\u00eaje ku, gerek AK Parti di v\u00ea derbar\u00ea de biryarek\u00ee bide. Eger li gel HDP\u00ea b\u00ea r\u00fbni\u015ftin div\u00ea AK Parti ziman\u00ea xwe y\u00ea tund li himber HDP\u00ea biguhere.<\/h3>\n","protected":false},"excerpt":{"rendered":"<p>Niv\u00eeskar \u00fb parlementer\u00ea AK Partiy\u00ea y\u00ea ber\u00ea Mehmet Metiner di derbar\u00ea serdana heyeta AK Partiy\u00ea ya HDP\u00ea de, dax\u00fbyakirin ku, gerek Ak Part\u00ee di derbar\u00ea HDP\u00ea de biryarek\u00ee bide. Metiner got: Eger HDP wek partiyek ku, di bin ban\u00ea parlementoy\u00ea de b\u00ea d\u00eetin \u00fb di v\u00ea \u00e7er\u00e7ovey\u00ea de p\u00eawend\u00ee li gel b\u00eane dan\u00een, div\u00ea AK [&hellip;]<\/p>\n","protected":false},"author":2,"featured_media":1033508,"comment_status":"closed","ping_status":"closed","sticky":false,"template":"","format":"standard","meta":{"footnotes":""},"categories":[29],"tags":[37],"class_list":["post-1033507","post","type-post","status-publish","format-standard","has-post-thumbnail","hentry","category-kurdistan","tag-sereke"],"blocksy_meta":[],"seo_head":"<!-- This site is optimized with the Yoast SEO plugin v27.5 - https:\/\/yoast.com\/product\/yoast-seo-wordpress\/ -->\n<title>Metiner: Div\u00ea AKP di derbar\u00ea HDP\u00ea de biryarek\u00ee bide! - Darka Maz\u00ee<\/title>\n<meta name=\"robots\" content=\"index, follow, max-snippet:-1, max-image-preview:large, max-video-preview:-1\" \/>\n<link rel=\"canonical\" href=\"https:\/\/darkamazi.info\/archives\/1033507\" \/>\n<meta property=\"og:locale\" content=\"en_US\" \/>\n<meta property=\"og:type\" content=\"article\" \/>\n<meta property=\"og:title\" content=\"Metiner: Div\u00ea AKP di derbar\u00ea HDP\u00ea de biryarek\u00ee bide! - Darka Maz\u00ee\" \/>\n<meta property=\"og:description\" content=\"Niv\u00eeskar \u00fb parlementer\u00ea AK Partiy\u00ea y\u00ea ber\u00ea Mehmet Metiner di derbar\u00ea serdana heyeta AK Partiy\u00ea ya HDP\u00ea de, dax\u00fbyakirin ku, gerek Ak Part\u00ee di derbar\u00ea HDP\u00ea de biryarek\u00ee bide. Metiner got: Eger HDP wek partiyek ku, di bin ban\u00ea parlementoy\u00ea de b\u00ea d\u00eetin \u00fb di v\u00ea \u00e7er\u00e7ovey\u00ea de p\u00eawend\u00ee li gel b\u00eane dan\u00een, div\u00ea AK [&hellip;]\" \/>\n<meta property=\"og:url\" content=\"https:\/\/darkamazi.info\/archives\/1033507\" \/>\n<meta property=\"og:site_name\" content=\"Darka Maz\u00ee\" \/>\n<meta property=\"article:publisher\" content=\"https:\/\/www.facebook.com\/DarMaziKurmanci\" \/>\n<meta property=\"article:published_time\" content=\"2022-11-05T08:27:32+00:00\" \/>\n<meta property=\"og:image\" content=\"https:\/\/darkamazi.info\/file\/2022\/11\/Mehmet-Metiner.jpg\" \/>\n\t<meta property=\"og:image:width\" content=\"900\" \/>\n\t<meta property=\"og:image:height\" content=\"497\" \/>\n\t<meta property=\"og:image:type\" content=\"image\/jpeg\" \/>\n<meta name=\"author\" content=\"darka mazi\" \/>\n<meta name=\"twitter:card\" content=\"summary_large_image\" \/>\n<meta name=\"twitter:creator\" content=\"@DarkaMaziLatini\" \/>\n<meta name=\"twitter:site\" content=\"@DarkaMaziLatini\" \/>\n<meta name=\"twitter:label1\" content=\"Written by\" \/>\n\t<meta name=\"twitter:data1\" content=\"darka mazi\" \/>\n\t<meta name=\"twitter:label2\" content=\"Est. reading time\" \/>\n\t<meta name=\"twitter:data2\" content=\"1 minute\" \/>\n<script type=\"application\/ld+json\" class=\"seo-schema-graph\">{\"@context\":\"https:\\\/\\\/schema.org\",\"@graph\":[{\"@type\":\"Article\",\"@id\":\"https:\\\/\\\/darkamazi.info\\\/archives\\\/1033507#article\",\"isPartOf\":{\"@id\":\"https:\\\/\\\/darkamazi.info\\\/archives\\\/1033507\"},\"author\":{\"name\":\"darka mazi\",\"@id\":\"https:\\\/\\\/darkamazi.info\\\/#\\\/schema\\\/person\\\/5ad3e24553a0567993fa8ed4bd0a776c\"},\"headline\":\"Metiner: Div\u00ea AKP di derbar\u00ea HDP\u00ea de biryarek\u00ee bide!\",\"datePublished\":\"2022-11-05T08:27:32+00:00\",\"mainEntityOfPage\":{\"@id\":\"https:\\\/\\\/darkamazi.info\\\/archives\\\/1033507\"},\"wordCount\":191,\"publisher\":{\"@id\":\"https:\\\/\\\/darkamazi.info\\\/#organization\"},\"image\":{\"@id\":\"https:\\\/\\\/darkamazi.info\\\/archives\\\/1033507#primaryimage\"},\"thumbnailUrl\":\"https:\\\/\\\/darkamazi.info\\\/darka-content\\\/uploads\\\/2022\\\/11\\\/Mehmet-Metiner.jpg\",\"keywords\":[\"sereke\"],\"articleSection\":[\"Kurdistan\"],\"inLanguage\":\"en-US\"},{\"@type\":\"WebPage\",\"@id\":\"https:\\\/\\\/darkamazi.info\\\/archives\\\/1033507\",\"url\":\"https:\\\/\\\/darkamazi.info\\\/archives\\\/1033507\",\"name\":\"Metiner: Div\u00ea AKP di derbar\u00ea HDP\u00ea de biryarek\u00ee bide! - Darka Maz\u00ee\",\"isPartOf\":{\"@id\":\"https:\\\/\\\/darkamazi.info\\\/#website\"},\"primaryImageOfPage\":{\"@id\":\"https:\\\/\\\/darkamazi.info\\\/archives\\\/1033507#primaryimage\"},\"image\":{\"@id\":\"https:\\\/\\\/darkamazi.info\\\/archives\\\/1033507#primaryimage\"},\"thumbnailUrl\":\"https:\\\/\\\/darkamazi.info\\\/darka-content\\\/uploads\\\/2022\\\/11\\\/Mehmet-Metiner.jpg\",\"datePublished\":\"2022-11-05T08:27:32+00:00\",\"breadcrumb\":{\"@id\":\"https:\\\/\\\/darkamazi.info\\\/archives\\\/1033507#breadcrumb\"},\"inLanguage\":\"en-US\",\"potentialAction\":[{\"@type\":\"ReadAction\",\"target\":[\"https:\\\/\\\/darkamazi.info\\\/archives\\\/1033507\"]}]},{\"@type\":\"ImageObject\",\"inLanguage\":\"en-US\",\"@id\":\"https:\\\/\\\/darkamazi.info\\\/archives\\\/1033507#primaryimage\",\"url\":\"https:\\\/\\\/darkamazi.info\\\/darka-content\\\/uploads\\\/2022\\\/11\\\/Mehmet-Metiner.jpg\",\"contentUrl\":\"https:\\\/\\\/darkamazi.info\\\/darka-content\\\/uploads\\\/2022\\\/11\\\/Mehmet-Metiner.jpg\",\"width\":900,\"height\":497,\"caption\":\"Metiner: Div\u00ea AKP di derbar\u00ea HDP\u00ea de biryarek\u00ee bide!\"},{\"@type\":\"BreadcrumbList\",\"@id\":\"https:\\\/\\\/darkamazi.info\\\/archives\\\/1033507#breadcrumb\",\"itemListElement\":[{\"@type\":\"ListItem\",\"position\":1,\"name\":\"Home\",\"item\":\"https:\\\/\\\/darkamazi.info\\\/\"},{\"@type\":\"ListItem\",\"position\":2,\"name\":\"Metiner: Div\u00ea AKP di derbar\u00ea HDP\u00ea de biryarek\u00ee bide!\"}]},{\"@type\":\"WebSite\",\"@id\":\"https:\\\/\\\/darkamazi.info\\\/#website\",\"url\":\"https:\\\/\\\/darkamazi.info\\\/\",\"name\":\"Darka Maz\u00ee\",\"description\":\"P\u00eageha Zanyariy\u00ean Nebih\u00eest\u00ee\",\"publisher\":{\"@id\":\"https:\\\/\\\/darkamazi.info\\\/#organization\"},\"potentialAction\":[{\"@type\":\"SearchAction\",\"target\":{\"@type\":\"EntryPoint\",\"urlTemplate\":\"https:\\\/\\\/darkamazi.info\\\/?s={search_term_string}\"},\"query-input\":{\"@type\":\"PropertyValueSpecification\",\"valueRequired\":true,\"valueName\":\"search_term_string\"}}],\"inLanguage\":\"en-US\"},{\"@type\":\"Organization\",\"@id\":\"https:\\\/\\\/darkamazi.info\\\/#organization\",\"name\":\"Darka Maz\u00ee\",\"url\":\"https:\\\/\\\/darkamazi.info\\\/\",\"logo\":{\"@type\":\"ImageObject\",\"inLanguage\":\"en-US\",\"@id\":\"https:\\\/\\\/darkamazi.info\\\/#\\\/schema\\\/logo\\\/image\\\/\",\"url\":\"https:\\\/\\\/darkamazi.info\\\/darka-content\\\/uploads\\\/2017\\\/12\\\/darka-mazi-logo.png\",\"contentUrl\":\"https:\\\/\\\/darkamazi.info\\\/darka-content\\\/uploads\\\/2017\\\/12\\\/darka-mazi-logo.png\",\"width\":151,\"height\":75,\"caption\":\"Darka Maz\u00ee\"},\"image\":{\"@id\":\"https:\\\/\\\/darkamazi.info\\\/#\\\/schema\\\/logo\\\/image\\\/\"},\"sameAs\":[\"https:\\\/\\\/www.facebook.com\\\/DarMaziKurmanci\",\"https:\\\/\\\/x.com\\\/DarkaMaziLatini\",\"https:\\\/\\\/www.instagram.com\\\/darkamazi.kurmanci\\\/\",\"https:\\\/\\\/www.youtube.com\\\/channel\\\/UCa5HkTdmI8U1qCUFuTw8B2g\"]},{\"@type\":\"Person\",\"@id\":\"https:\\\/\\\/darkamazi.info\\\/#\\\/schema\\\/person\\\/5ad3e24553a0567993fa8ed4bd0a776c\",\"name\":\"darka mazi\",\"sameAs\":[\"https:\\\/\\\/darkamazi.info\\\/\"],\"url\":\"https:\\\/\\\/darkamazi.info\\\/archives\\\/author\\\/kurdi\"}]}<\/script>\n<!-- \/ Yoast SEO plugin. -->","seo_head_json":{"title":"Metiner: Div\u00ea AKP di derbar\u00ea HDP\u00ea de biryarek\u00ee bide! - Darka Maz\u00ee","robots":{"index":"index","follow":"follow","max-snippet":"max-snippet:-1","max-image-preview":"max-image-preview:large","max-video-preview":"max-video-preview:-1"},"canonical":"https:\/\/darkamazi.info\/archives\/1033507","og_locale":"en_US","og_type":"article","og_title":"Metiner: Div\u00ea AKP di derbar\u00ea HDP\u00ea de biryarek\u00ee bide! - Darka Maz\u00ee","og_description":"Niv\u00eeskar \u00fb parlementer\u00ea AK Partiy\u00ea y\u00ea ber\u00ea Mehmet Metiner di derbar\u00ea serdana heyeta AK Partiy\u00ea ya HDP\u00ea de, dax\u00fbyakirin ku, gerek Ak Part\u00ee di derbar\u00ea HDP\u00ea de biryarek\u00ee bide. Metiner got: Eger HDP wek partiyek ku, di bin ban\u00ea parlementoy\u00ea de b\u00ea d\u00eetin \u00fb di v\u00ea \u00e7er\u00e7ovey\u00ea de p\u00eawend\u00ee li gel b\u00eane dan\u00een, div\u00ea AK [&hellip;]","og_url":"https:\/\/darkamazi.info\/archives\/1033507","og_site_name":"Darka Maz\u00ee","article_publisher":"https:\/\/www.facebook.com\/DarMaziKurmanci","article_published_time":"2022-11-05T08:27:32+00:00","og_image":[{"width":900,"height":497,"url":"https:\/\/darkamazi.info\/file\/2022\/11\/Mehmet-Metiner.jpg","type":"image\/jpeg"}],"author":"darka mazi","twitter_card":"summary_large_image","twitter_creator":"@DarkaMaziLatini","twitter_site":"@DarkaMaziLatini","twitter_misc":{"Written by":"darka mazi","Est. reading time":"1 minute"},"schema":{"@context":"https:\/\/schema.org","@graph":[{"@type":"Article","@id":"https:\/\/darkamazi.info\/archives\/1033507#article","isPartOf":{"@id":"https:\/\/darkamazi.info\/archives\/1033507"},"author":{"name":"darka mazi","@id":"https:\/\/darkamazi.info\/#\/schema\/person\/5ad3e24553a0567993fa8ed4bd0a776c"},"headline":"Metiner: Div\u00ea AKP di derbar\u00ea HDP\u00ea de biryarek\u00ee bide!","datePublished":"2022-11-05T08:27:32+00:00","mainEntityOfPage":{"@id":"https:\/\/darkamazi.info\/archives\/1033507"},"wordCount":191,"publisher":{"@id":"https:\/\/darkamazi.info\/#organization"},"image":{"@id":"https:\/\/darkamazi.info\/archives\/1033507#primaryimage"},"thumbnailUrl":"https:\/\/darkamazi.info\/file\/2022\/11\/Mehmet-Metiner.jpg","keywords":["sereke"],"articleSection":["Kurdistan"],"inLanguage":"en-US"},{"@type":"WebPage","@id":"https:\/\/darkamazi.info\/archives\/1033507","url":"https:\/\/darkamazi.info\/archives\/1033507","name":"Metiner: Div\u00ea AKP di derbar\u00ea HDP\u00ea de biryarek\u00ee bide! - Darka Maz\u00ee","isPartOf":{"@id":"https:\/\/darkamazi.info\/#website"},"primaryImageOfPage":{"@id":"https:\/\/darkamazi.info\/archives\/1033507#primaryimage"},"image":{"@id":"https:\/\/darkamazi.info\/archives\/1033507#primaryimage"},"thumbnailUrl":"https:\/\/darkamazi.info\/file\/2022\/11\/Mehmet-Metiner.jpg","datePublished":"2022-11-05T08:27:32+00:00","breadcrumb":{"@id":"https:\/\/darkamazi.info\/archives\/1033507#breadcrumb"},"inLanguage":"en-US","potentialAction":[{"@type":"ReadAction","target":["https:\/\/darkamazi.info\/archives\/1033507"]}]},{"@type":"ImageObject","inLanguage":"en-US","@id":"https:\/\/darkamazi.info\/archives\/1033507#primaryimage","url":"https:\/\/darkamazi.info\/file\/2022\/11\/Mehmet-Metiner.jpg","contentUrl":"https:\/\/darkamazi.info\/file\/2022\/11\/Mehmet-Metiner.jpg","width":900,"height":497,"caption":"Metiner: Div\u00ea AKP di derbar\u00ea HDP\u00ea de biryarek\u00ee bide!"},{"@type":"BreadcrumbList","@id":"https:\/\/darkamazi.info\/archives\/1033507#breadcrumb","itemListElement":[{"@type":"ListItem","position":1,"name":"Home","item":"https:\/\/darkamazi.info\/"},{"@type":"ListItem","position":2,"name":"Metiner: Div\u00ea AKP di derbar\u00ea HDP\u00ea de biryarek\u00ee bide!"}]},{"@type":"WebSite","@id":"https:\/\/darkamazi.info\/#website","url":"https:\/\/darkamazi.info\/","name":"Darka Maz\u00ee","description":"P\u00eageha Zanyariy\u00ean Nebih\u00eest\u00ee","publisher":{"@id":"https:\/\/darkamazi.info\/#organization"},"potentialAction":[{"@type":"SearchAction","target":{"@type":"EntryPoint","urlTemplate":"https:\/\/darkamazi.info\/?s={search_term_string}"},"query-input":{"@type":"PropertyValueSpecification","valueRequired":true,"valueName":"search_term_string"}}],"inLanguage":"en-US"},{"@type":"Organization","@id":"https:\/\/darkamazi.info\/#organization","name":"Darka Maz\u00ee","url":"https:\/\/darkamazi.info\/","logo":{"@type":"ImageObject","inLanguage":"en-US","@id":"https:\/\/darkamazi.info\/#\/schema\/logo\/image\/","url":"https:\/\/darkamazi.info\/file\/2017\/12\/darka-mazi-logo.png","contentUrl":"https:\/\/darkamazi.info\/file\/2017\/12\/darka-mazi-logo.png","width":151,"height":75,"caption":"Darka Maz\u00ee"},"image":{"@id":"https:\/\/darkamazi.info\/#\/schema\/logo\/image\/"},"sameAs":["https:\/\/www.facebook.com\/DarMaziKurmanci","https:\/\/x.com\/DarkaMaziLatini","https:\/\/www.instagram.com\/darkamazi.kurmanci\/","https:\/\/www.youtube.com\/channel\/UCa5HkTdmI8U1qCUFuTw8B2g"]},{"@type":"Person","@id":"https:\/\/darkamazi.info\/#\/schema\/person\/5ad3e24553a0567993fa8ed4bd0a776c","name":"darka mazi","sameAs":["https:\/\/darkamazi.info\/"],"url":"https:\/\/darkamazi.info\/archives\/author\/kurdi"}]}},"_links":{"self":[{"href":"https:\/\/darkamazi.info\/funavuv\/wp\/v2\/posts\/1033507","targetHints":{"allow":["GET"]}}],"collection":[{"href":"https:\/\/darkamazi.info\/funavuv\/wp\/v2\/posts"}],"about":[{"href":"https:\/\/darkamazi.info\/funavuv\/wp\/v2\/types\/post"}],"author":[{"embeddable":true,"href":"https:\/\/darkamazi.info\/funavuv\/wp\/v2\/users\/2"}],"replies":[{"embeddable":true,"href":"https:\/\/darkamazi.info\/funavuv\/wp\/v2\/comments?post=1033507"}],"version-history":[{"count":0,"href":"https:\/\/darkamazi.info\/funavuv\/wp\/v2\/posts\/1033507\/revisions"}],"wp:featuredmedia":[{"embeddable":true,"href":"https:\/\/darkamazi.info\/funavuv\/wp\/v2\/media\/1033508"}],"wp:attachment":[{"href":"https:\/\/darkamazi.info\/funavuv\/wp\/v2\/media?parent=1033507"}],"wp:term":[{"taxonomy":"category","embeddable":true,"href":"https:\/\/darkamazi.info\/funavuv\/wp\/v2\/categories?post=1033507"},{"taxonomy":"post_tag","embeddable":true,"href":"https:\/\/darkamazi.info\/funavuv\/wp\/v2\/tags?post=1033507"}],"curies":[{"name":"wp","href":"https:\/\/api.w.org\/{rel}","templated":true}]}}