{"id":1033560,"date":"2022-11-06T19:07:52","date_gmt":"2022-11-06T16:07:52","guid":{"rendered":"https:\/\/darkamazi.info\/?p=1033560"},"modified":"2022-11-06T19:07:52","modified_gmt":"2022-11-06T16:07:52","slug":"mala-mirine-ya-li-amede-de-be-restorekirin","status":"publish","type":"post","link":"https:\/\/darkamazi.info\/archives\/1033560","title":{"rendered":"\u201cMala mirin\u00ea\u201d ya li Amed\u00ea d\u00ea b\u00ea restorekirin!"},"content":{"rendered":"<h3><strong>Mala ku di sala 2000\u2019\u00ee de li S\u00fbra Amed\u00ea ji aliy\u00ea H\u00eezbullah\u00ea ve weke \u201cmala mirin\u00ea\u201d dihat bikaran\u00een \u00fb 2 j\u00ea zarok cenazey\u00ean 12 kesan hatib\u00fbn d\u00eetin, pi\u015ft\u00ee 22 salan ji aliy\u00ea Saziya Parastina M\u00eerateya \u00c7and\u00ea ya Amed\u00ea ve weke avahiyeke d\u00eerok\u00ee hat qeydkirin. D\u00ea ew\u00a0 Xan\u00ee b\u00ea restorekirin.<\/strong><\/h3>\n<h3>Hat zan\u00een\u00a0 ku li Kolana Ku\u00e7ukkavas\u00ea ya nav\u00e7eya Nawenda S\u00fbr\u00ea mala xirbey\u00ea ku deriy\u00ean w\u00ea bi beton\u00ea hatin \u00e7\u00eakirin, pi\u015ft\u00ee ku cenazey\u00ean 12 kes\u00ean ku \u00ee\u015fkence l\u00ea hatib\u00fbn kirin hatin rakirin, ji teref Lijneya Parastina M\u00eerateya \u00c7and\u00ea ya Diyarbekir\u00ea ve wek avahiyeke d\u00eerok\u00ee hat qeydkirin.<\/h3>\n<h3>Hat gotin ku pi\u015ft\u00ee qeydkirina di Adara 2022an de, di \u00e7ar\u00e7oveya xebat\u00ean restorasyon\u00ea y\u00ean ku pi\u015ft\u00ee xebat\u00ean \u201cxendek-bar\u00eekat\u00ea\u201c hatin kirin, w\u00ea xaniy\u00ea navbor\u00ee j\u00ee wek mal\u00ean qeydkir\u00ee y\u00ean li S\u00fbr\u00ea b\u00ea restorekirin.<\/h3>\n","protected":false},"excerpt":{"rendered":"<p>Mala ku di sala 2000\u2019\u00ee de li S\u00fbra Amed\u00ea ji aliy\u00ea H\u00eezbullah\u00ea ve weke \u201cmala mirin\u00ea\u201d dihat bikaran\u00een \u00fb 2 j\u00ea zarok cenazey\u00ean 12 kesan hatib\u00fbn d\u00eetin, pi\u015ft\u00ee 22 salan ji aliy\u00ea Saziya Parastina M\u00eerateya \u00c7and\u00ea ya Amed\u00ea ve weke avahiyeke d\u00eerok\u00ee hat qeydkirin. D\u00ea ew\u00a0 Xan\u00ee b\u00ea restorekirin. Hat zan\u00een\u00a0 ku li Kolana Ku\u00e7ukkavas\u00ea [&hellip;]<\/p>\n","protected":false},"author":2,"featured_media":1033561,"comment_status":"closed","ping_status":"closed","sticky":false,"template":"","format":"standard","meta":{"footnotes":""},"categories":[29],"tags":[37],"class_list":["post-1033560","post","type-post","status-publish","format-standard","has-post-thumbnail","hentry","category-kurdistan","tag-sereke"],"blocksy_meta":[],"seo_head":"<!-- This site is optimized with the Yoast SEO plugin v27.5 - https:\/\/yoast.com\/product\/yoast-seo-wordpress\/ -->\n<title>\u201cMala mirin\u00ea\u201d ya li Amed\u00ea d\u00ea b\u00ea restorekirin! - Darka Maz\u00ee<\/title>\n<meta name=\"robots\" content=\"index, follow, max-snippet:-1, max-image-preview:large, max-video-preview:-1\" \/>\n<link rel=\"canonical\" href=\"https:\/\/darkamazi.info\/archives\/1033560\" \/>\n<meta property=\"og:locale\" content=\"en_US\" \/>\n<meta property=\"og:type\" content=\"article\" \/>\n<meta property=\"og:title\" content=\"\u201cMala mirin\u00ea\u201d ya li Amed\u00ea d\u00ea b\u00ea restorekirin! - Darka Maz\u00ee\" \/>\n<meta property=\"og:description\" content=\"Mala ku di sala 2000\u2019\u00ee de li S\u00fbra Amed\u00ea ji aliy\u00ea H\u00eezbullah\u00ea ve weke \u201cmala mirin\u00ea\u201d dihat bikaran\u00een \u00fb 2 j\u00ea zarok cenazey\u00ean 12 kesan hatib\u00fbn d\u00eetin, pi\u015ft\u00ee 22 salan ji aliy\u00ea Saziya Parastina M\u00eerateya \u00c7and\u00ea ya Amed\u00ea ve weke avahiyeke d\u00eerok\u00ee hat qeydkirin. D\u00ea ew\u00a0 Xan\u00ee b\u00ea restorekirin. Hat zan\u00een\u00a0 ku li Kolana Ku\u00e7ukkavas\u00ea [&hellip;]\" \/>\n<meta property=\"og:url\" content=\"https:\/\/darkamazi.info\/archives\/1033560\" \/>\n<meta property=\"og:site_name\" content=\"Darka Maz\u00ee\" \/>\n<meta property=\"article:publisher\" content=\"https:\/\/www.facebook.com\/DarMaziKurmanci\" \/>\n<meta property=\"article:published_time\" content=\"2022-11-06T16:07:52+00:00\" \/>\n<meta property=\"og:image\" content=\"https:\/\/darkamazi.info\/file\/2022\/11\/mala-mirine-amed.jpg\" \/>\n\t<meta property=\"og:image:width\" content=\"900\" \/>\n\t<meta property=\"og:image:height\" content=\"497\" \/>\n\t<meta property=\"og:image:type\" content=\"image\/jpeg\" \/>\n<meta name=\"author\" content=\"darka mazi\" \/>\n<meta name=\"twitter:card\" content=\"summary_large_image\" \/>\n<meta name=\"twitter:creator\" content=\"@DarkaMaziLatini\" \/>\n<meta name=\"twitter:site\" content=\"@DarkaMaziLatini\" \/>\n<meta name=\"twitter:label1\" content=\"Written by\" \/>\n\t<meta name=\"twitter:data1\" content=\"darka mazi\" \/>\n\t<meta name=\"twitter:label2\" content=\"Est. reading time\" \/>\n\t<meta name=\"twitter:data2\" content=\"1 minute\" \/>\n<script type=\"application\/ld+json\" class=\"seo-schema-graph\">{\"@context\":\"https:\\\/\\\/schema.org\",\"@graph\":[{\"@type\":\"Article\",\"@id\":\"https:\\\/\\\/darkamazi.info\\\/archives\\\/1033560#article\",\"isPartOf\":{\"@id\":\"https:\\\/\\\/darkamazi.info\\\/archives\\\/1033560\"},\"author\":{\"name\":\"darka mazi\",\"@id\":\"https:\\\/\\\/darkamazi.info\\\/#\\\/schema\\\/person\\\/5ad3e24553a0567993fa8ed4bd0a776c\"},\"headline\":\"\u201cMala mirin\u00ea\u201d ya li Amed\u00ea d\u00ea b\u00ea restorekirin!\",\"datePublished\":\"2022-11-06T16:07:52+00:00\",\"mainEntityOfPage\":{\"@id\":\"https:\\\/\\\/darkamazi.info\\\/archives\\\/1033560\"},\"wordCount\":158,\"publisher\":{\"@id\":\"https:\\\/\\\/darkamazi.info\\\/#organization\"},\"image\":{\"@id\":\"https:\\\/\\\/darkamazi.info\\\/archives\\\/1033560#primaryimage\"},\"thumbnailUrl\":\"https:\\\/\\\/darkamazi.info\\\/darka-content\\\/uploads\\\/2022\\\/11\\\/mala-mirine-amed.jpg\",\"keywords\":[\"sereke\"],\"articleSection\":[\"Kurdistan\"],\"inLanguage\":\"en-US\"},{\"@type\":\"WebPage\",\"@id\":\"https:\\\/\\\/darkamazi.info\\\/archives\\\/1033560\",\"url\":\"https:\\\/\\\/darkamazi.info\\\/archives\\\/1033560\",\"name\":\"\u201cMala mirin\u00ea\u201d ya li Amed\u00ea d\u00ea b\u00ea restorekirin! - Darka Maz\u00ee\",\"isPartOf\":{\"@id\":\"https:\\\/\\\/darkamazi.info\\\/#website\"},\"primaryImageOfPage\":{\"@id\":\"https:\\\/\\\/darkamazi.info\\\/archives\\\/1033560#primaryimage\"},\"image\":{\"@id\":\"https:\\\/\\\/darkamazi.info\\\/archives\\\/1033560#primaryimage\"},\"thumbnailUrl\":\"https:\\\/\\\/darkamazi.info\\\/darka-content\\\/uploads\\\/2022\\\/11\\\/mala-mirine-amed.jpg\",\"datePublished\":\"2022-11-06T16:07:52+00:00\",\"breadcrumb\":{\"@id\":\"https:\\\/\\\/darkamazi.info\\\/archives\\\/1033560#breadcrumb\"},\"inLanguage\":\"en-US\",\"potentialAction\":[{\"@type\":\"ReadAction\",\"target\":[\"https:\\\/\\\/darkamazi.info\\\/archives\\\/1033560\"]}]},{\"@type\":\"ImageObject\",\"inLanguage\":\"en-US\",\"@id\":\"https:\\\/\\\/darkamazi.info\\\/archives\\\/1033560#primaryimage\",\"url\":\"https:\\\/\\\/darkamazi.info\\\/darka-content\\\/uploads\\\/2022\\\/11\\\/mala-mirine-amed.jpg\",\"contentUrl\":\"https:\\\/\\\/darkamazi.info\\\/darka-content\\\/uploads\\\/2022\\\/11\\\/mala-mirine-amed.jpg\",\"width\":900,\"height\":497,\"caption\":\"\u201cMala mirin\u00ea\u201d ya li Amed\u00ea d\u00ea b\u00ea restorekirin!\"},{\"@type\":\"BreadcrumbList\",\"@id\":\"https:\\\/\\\/darkamazi.info\\\/archives\\\/1033560#breadcrumb\",\"itemListElement\":[{\"@type\":\"ListItem\",\"position\":1,\"name\":\"Home\",\"item\":\"https:\\\/\\\/darkamazi.info\\\/\"},{\"@type\":\"ListItem\",\"position\":2,\"name\":\"\u201cMala mirin\u00ea\u201d ya li Amed\u00ea d\u00ea b\u00ea restorekirin!\"}]},{\"@type\":\"WebSite\",\"@id\":\"https:\\\/\\\/darkamazi.info\\\/#website\",\"url\":\"https:\\\/\\\/darkamazi.info\\\/\",\"name\":\"Darka Maz\u00ee\",\"description\":\"P\u00eageha Zanyariy\u00ean Nebih\u00eest\u00ee\",\"publisher\":{\"@id\":\"https:\\\/\\\/darkamazi.info\\\/#organization\"},\"potentialAction\":[{\"@type\":\"SearchAction\",\"target\":{\"@type\":\"EntryPoint\",\"urlTemplate\":\"https:\\\/\\\/darkamazi.info\\\/?s={search_term_string}\"},\"query-input\":{\"@type\":\"PropertyValueSpecification\",\"valueRequired\":true,\"valueName\":\"search_term_string\"}}],\"inLanguage\":\"en-US\"},{\"@type\":\"Organization\",\"@id\":\"https:\\\/\\\/darkamazi.info\\\/#organization\",\"name\":\"Darka Maz\u00ee\",\"url\":\"https:\\\/\\\/darkamazi.info\\\/\",\"logo\":{\"@type\":\"ImageObject\",\"inLanguage\":\"en-US\",\"@id\":\"https:\\\/\\\/darkamazi.info\\\/#\\\/schema\\\/logo\\\/image\\\/\",\"url\":\"https:\\\/\\\/darkamazi.info\\\/darka-content\\\/uploads\\\/2017\\\/12\\\/darka-mazi-logo.png\",\"contentUrl\":\"https:\\\/\\\/darkamazi.info\\\/darka-content\\\/uploads\\\/2017\\\/12\\\/darka-mazi-logo.png\",\"width\":151,\"height\":75,\"caption\":\"Darka Maz\u00ee\"},\"image\":{\"@id\":\"https:\\\/\\\/darkamazi.info\\\/#\\\/schema\\\/logo\\\/image\\\/\"},\"sameAs\":[\"https:\\\/\\\/www.facebook.com\\\/DarMaziKurmanci\",\"https:\\\/\\\/x.com\\\/DarkaMaziLatini\",\"https:\\\/\\\/www.instagram.com\\\/darkamazi.kurmanci\\\/\",\"https:\\\/\\\/www.youtube.com\\\/channel\\\/UCa5HkTdmI8U1qCUFuTw8B2g\"]},{\"@type\":\"Person\",\"@id\":\"https:\\\/\\\/darkamazi.info\\\/#\\\/schema\\\/person\\\/5ad3e24553a0567993fa8ed4bd0a776c\",\"name\":\"darka mazi\",\"sameAs\":[\"https:\\\/\\\/darkamazi.info\\\/\"],\"url\":\"https:\\\/\\\/darkamazi.info\\\/archives\\\/author\\\/kurdi\"}]}<\/script>\n<!-- \/ Yoast SEO plugin. -->","seo_head_json":{"title":"\u201cMala mirin\u00ea\u201d ya li Amed\u00ea d\u00ea b\u00ea restorekirin! - Darka Maz\u00ee","robots":{"index":"index","follow":"follow","max-snippet":"max-snippet:-1","max-image-preview":"max-image-preview:large","max-video-preview":"max-video-preview:-1"},"canonical":"https:\/\/darkamazi.info\/archives\/1033560","og_locale":"en_US","og_type":"article","og_title":"\u201cMala mirin\u00ea\u201d ya li Amed\u00ea d\u00ea b\u00ea restorekirin! - Darka Maz\u00ee","og_description":"Mala ku di sala 2000\u2019\u00ee de li S\u00fbra Amed\u00ea ji aliy\u00ea H\u00eezbullah\u00ea ve weke \u201cmala mirin\u00ea\u201d dihat bikaran\u00een \u00fb 2 j\u00ea zarok cenazey\u00ean 12 kesan hatib\u00fbn d\u00eetin, pi\u015ft\u00ee 22 salan ji aliy\u00ea Saziya Parastina M\u00eerateya \u00c7and\u00ea ya Amed\u00ea ve weke avahiyeke d\u00eerok\u00ee hat qeydkirin. D\u00ea ew\u00a0 Xan\u00ee b\u00ea restorekirin. Hat zan\u00een\u00a0 ku li Kolana Ku\u00e7ukkavas\u00ea [&hellip;]","og_url":"https:\/\/darkamazi.info\/archives\/1033560","og_site_name":"Darka Maz\u00ee","article_publisher":"https:\/\/www.facebook.com\/DarMaziKurmanci","article_published_time":"2022-11-06T16:07:52+00:00","og_image":[{"width":900,"height":497,"url":"https:\/\/darkamazi.info\/file\/2022\/11\/mala-mirine-amed.jpg","type":"image\/jpeg"}],"author":"darka mazi","twitter_card":"summary_large_image","twitter_creator":"@DarkaMaziLatini","twitter_site":"@DarkaMaziLatini","twitter_misc":{"Written by":"darka mazi","Est. reading time":"1 minute"},"schema":{"@context":"https:\/\/schema.org","@graph":[{"@type":"Article","@id":"https:\/\/darkamazi.info\/archives\/1033560#article","isPartOf":{"@id":"https:\/\/darkamazi.info\/archives\/1033560"},"author":{"name":"darka mazi","@id":"https:\/\/darkamazi.info\/#\/schema\/person\/5ad3e24553a0567993fa8ed4bd0a776c"},"headline":"\u201cMala mirin\u00ea\u201d ya li Amed\u00ea d\u00ea b\u00ea restorekirin!","datePublished":"2022-11-06T16:07:52+00:00","mainEntityOfPage":{"@id":"https:\/\/darkamazi.info\/archives\/1033560"},"wordCount":158,"publisher":{"@id":"https:\/\/darkamazi.info\/#organization"},"image":{"@id":"https:\/\/darkamazi.info\/archives\/1033560#primaryimage"},"thumbnailUrl":"https:\/\/darkamazi.info\/file\/2022\/11\/mala-mirine-amed.jpg","keywords":["sereke"],"articleSection":["Kurdistan"],"inLanguage":"en-US"},{"@type":"WebPage","@id":"https:\/\/darkamazi.info\/archives\/1033560","url":"https:\/\/darkamazi.info\/archives\/1033560","name":"\u201cMala mirin\u00ea\u201d ya li Amed\u00ea d\u00ea b\u00ea restorekirin! - Darka Maz\u00ee","isPartOf":{"@id":"https:\/\/darkamazi.info\/#website"},"primaryImageOfPage":{"@id":"https:\/\/darkamazi.info\/archives\/1033560#primaryimage"},"image":{"@id":"https:\/\/darkamazi.info\/archives\/1033560#primaryimage"},"thumbnailUrl":"https:\/\/darkamazi.info\/file\/2022\/11\/mala-mirine-amed.jpg","datePublished":"2022-11-06T16:07:52+00:00","breadcrumb":{"@id":"https:\/\/darkamazi.info\/archives\/1033560#breadcrumb"},"inLanguage":"en-US","potentialAction":[{"@type":"ReadAction","target":["https:\/\/darkamazi.info\/archives\/1033560"]}]},{"@type":"ImageObject","inLanguage":"en-US","@id":"https:\/\/darkamazi.info\/archives\/1033560#primaryimage","url":"https:\/\/darkamazi.info\/file\/2022\/11\/mala-mirine-amed.jpg","contentUrl":"https:\/\/darkamazi.info\/file\/2022\/11\/mala-mirine-amed.jpg","width":900,"height":497,"caption":"\u201cMala mirin\u00ea\u201d ya li Amed\u00ea d\u00ea b\u00ea restorekirin!"},{"@type":"BreadcrumbList","@id":"https:\/\/darkamazi.info\/archives\/1033560#breadcrumb","itemListElement":[{"@type":"ListItem","position":1,"name":"Home","item":"https:\/\/darkamazi.info\/"},{"@type":"ListItem","position":2,"name":"\u201cMala mirin\u00ea\u201d ya li Amed\u00ea d\u00ea b\u00ea restorekirin!"}]},{"@type":"WebSite","@id":"https:\/\/darkamazi.info\/#website","url":"https:\/\/darkamazi.info\/","name":"Darka Maz\u00ee","description":"P\u00eageha Zanyariy\u00ean Nebih\u00eest\u00ee","publisher":{"@id":"https:\/\/darkamazi.info\/#organization"},"potentialAction":[{"@type":"SearchAction","target":{"@type":"EntryPoint","urlTemplate":"https:\/\/darkamazi.info\/?s={search_term_string}"},"query-input":{"@type":"PropertyValueSpecification","valueRequired":true,"valueName":"search_term_string"}}],"inLanguage":"en-US"},{"@type":"Organization","@id":"https:\/\/darkamazi.info\/#organization","name":"Darka Maz\u00ee","url":"https:\/\/darkamazi.info\/","logo":{"@type":"ImageObject","inLanguage":"en-US","@id":"https:\/\/darkamazi.info\/#\/schema\/logo\/image\/","url":"https:\/\/darkamazi.info\/file\/2017\/12\/darka-mazi-logo.png","contentUrl":"https:\/\/darkamazi.info\/file\/2017\/12\/darka-mazi-logo.png","width":151,"height":75,"caption":"Darka Maz\u00ee"},"image":{"@id":"https:\/\/darkamazi.info\/#\/schema\/logo\/image\/"},"sameAs":["https:\/\/www.facebook.com\/DarMaziKurmanci","https:\/\/x.com\/DarkaMaziLatini","https:\/\/www.instagram.com\/darkamazi.kurmanci\/","https:\/\/www.youtube.com\/channel\/UCa5HkTdmI8U1qCUFuTw8B2g"]},{"@type":"Person","@id":"https:\/\/darkamazi.info\/#\/schema\/person\/5ad3e24553a0567993fa8ed4bd0a776c","name":"darka mazi","sameAs":["https:\/\/darkamazi.info\/"],"url":"https:\/\/darkamazi.info\/archives\/author\/kurdi"}]}},"_links":{"self":[{"href":"https:\/\/darkamazi.info\/funavuv\/wp\/v2\/posts\/1033560","targetHints":{"allow":["GET"]}}],"collection":[{"href":"https:\/\/darkamazi.info\/funavuv\/wp\/v2\/posts"}],"about":[{"href":"https:\/\/darkamazi.info\/funavuv\/wp\/v2\/types\/post"}],"author":[{"embeddable":true,"href":"https:\/\/darkamazi.info\/funavuv\/wp\/v2\/users\/2"}],"replies":[{"embeddable":true,"href":"https:\/\/darkamazi.info\/funavuv\/wp\/v2\/comments?post=1033560"}],"version-history":[{"count":0,"href":"https:\/\/darkamazi.info\/funavuv\/wp\/v2\/posts\/1033560\/revisions"}],"wp:featuredmedia":[{"embeddable":true,"href":"https:\/\/darkamazi.info\/funavuv\/wp\/v2\/media\/1033561"}],"wp:attachment":[{"href":"https:\/\/darkamazi.info\/funavuv\/wp\/v2\/media?parent=1033560"}],"wp:term":[{"taxonomy":"category","embeddable":true,"href":"https:\/\/darkamazi.info\/funavuv\/wp\/v2\/categories?post=1033560"},{"taxonomy":"post_tag","embeddable":true,"href":"https:\/\/darkamazi.info\/funavuv\/wp\/v2\/tags?post=1033560"}],"curies":[{"name":"wp","href":"https:\/\/api.w.org\/{rel}","templated":true}]}}