{"id":1033602,"date":"2022-11-09T10:36:08","date_gmt":"2022-11-09T07:36:08","guid":{"rendered":"https:\/\/darkamazi.info\/?p=1033602"},"modified":"2022-11-09T10:36:08","modified_gmt":"2022-11-09T07:36:08","slug":"pkke-ev-du-kece-ji-dane-kustin","status":"publish","type":"post","link":"https:\/\/darkamazi.info\/archives\/1033602","title":{"rendered":"PKK\u00ea ev du ke\u00e7e j\u00ee dane ku\u015ftin"},"content":{"rendered":"<h3 style=\"text-align: justify\"><span style=\"font-family: 'arial black', sans-serif\">R\u00eaxistina PKK\u00ea nasnameya 2 \u00e7ekdar\u00ean xwe y\u00ean ke\u00e7 raghand ku li Ba\u015f\u00fbr\u00ea Kurdistan\u00ea ketine ber \u00ear\u00ee\u015f\u00ea dewleta Tirk \u00fb jiyana xwe ji dest dane.<\/span><\/h3>\n<h3 style=\"text-align: justify\"><span style=\"font-family: arial, helvetica, sans-serif\">HPG\u00ea bask\u00ea le\u015fker\u00ee y\u00ea PKK\u00ea duh roja s\u00ea\u015femiy\u00ea 8\\11\\2022 \u00ea nasnameya 2 \u00e7ekdar\u00ean xwe y\u00ean ke\u00e7 e\u015fkere kir ku li 17 \u00eelona \u00eesal\u00ea li devera Heften\u00een\u00ea ya Ba\u015f\u00fbr\u00ea Kurdistan ketine ber \u00ear\u00ee\u015f\u00ean dewleta Tirk \u00fb jiyana xwe ji dest da ne.<\/span><\/h3>\n<h3 style=\"text-align: justify\"><span style=\"font-family: arial, helvetica, sans-serif\">Ev 2 ke\u00e7\u00ean ku PKK\u00ea ew di berxwedana xwe ya saxte de wenda kir\u00een, nav\u00ean wan Fatme \u00fb Zeyneb in, ew ji bajar\u00ean \u015eirnex\u00ea \u00fb Stenbol \u00ea ne, r\u00eaxistin\u00ea ew weke bi hezaran ke\u00e7\u00ean din y\u00ean Kurdan xapandin \u00fb bi nav\u00ea berxwedan\u00ea ber\u00ea wan da mirin\u00ea.<\/span><\/h3>\n<h3 style=\"text-align: justify\"><span style=\"font-family: arial, helvetica, sans-serif\">R\u00eaxistina PKK\u00ea her roj w\u00eaney\u00ean kom\u00ean ke\u00e7 \u00fb ciwan\u00ean Kurdan belav dike y\u00ean ku di sal\u00ean ber\u00ea de feda kir\u00een \u00fb pa\u015f derbasb\u00fbna demek dir\u00eaj ji n\u00fb ve mirina wan \u00eelan dike, t\u00ea texm\u00een kirin bi hezaran ciwan\u00ean Kurd mabin ku h\u00eajan PKK\u00ea nasnameya wan \u00eef\u015fa nekirbe.<\/span><\/h3>\n","protected":false},"excerpt":{"rendered":"<p>R\u00eaxistina PKK\u00ea nasnameya 2 \u00e7ekdar\u00ean xwe y\u00ean ke\u00e7 raghand ku li Ba\u015f\u00fbr\u00ea Kurdistan\u00ea ketine ber \u00ear\u00ee\u015f\u00ea dewleta Tirk \u00fb jiyana xwe ji dest dane. HPG\u00ea bask\u00ea le\u015fker\u00ee y\u00ea PKK\u00ea duh roja s\u00ea\u015femiy\u00ea 8\\11\\2022 \u00ea nasnameya 2 \u00e7ekdar\u00ean xwe y\u00ean ke\u00e7 e\u015fkere kir ku li 17 \u00eelona \u00eesal\u00ea li devera Heften\u00een\u00ea ya Ba\u015f\u00fbr\u00ea Kurdistan ketine ber [&hellip;]<\/p>\n","protected":false},"author":2,"featured_media":1033603,"comment_status":"closed","ping_status":"closed","sticky":false,"template":"","format":"standard","meta":{"footnotes":""},"categories":[29],"tags":[37],"class_list":["post-1033602","post","type-post","status-publish","format-standard","has-post-thumbnail","hentry","category-kurdistan","tag-sereke"],"blocksy_meta":[],"seo_head":"<!-- This site is optimized with the Yoast SEO plugin v27.5 - https:\/\/yoast.com\/product\/yoast-seo-wordpress\/ -->\n<title>PKK\u00ea ev du ke\u00e7e j\u00ee dane ku\u015ftin - Darka Maz\u00ee<\/title>\n<meta name=\"robots\" content=\"index, follow, max-snippet:-1, max-image-preview:large, max-video-preview:-1\" \/>\n<link rel=\"canonical\" href=\"https:\/\/darkamazi.info\/archives\/1033602\" \/>\n<meta property=\"og:locale\" content=\"en_US\" \/>\n<meta property=\"og:type\" content=\"article\" \/>\n<meta property=\"og:title\" content=\"PKK\u00ea ev du ke\u00e7e j\u00ee dane ku\u015ftin - Darka Maz\u00ee\" \/>\n<meta property=\"og:description\" content=\"R\u00eaxistina PKK\u00ea nasnameya 2 \u00e7ekdar\u00ean xwe y\u00ean ke\u00e7 raghand ku li Ba\u015f\u00fbr\u00ea Kurdistan\u00ea ketine ber \u00ear\u00ee\u015f\u00ea dewleta Tirk \u00fb jiyana xwe ji dest dane. HPG\u00ea bask\u00ea le\u015fker\u00ee y\u00ea PKK\u00ea duh roja s\u00ea\u015femiy\u00ea 8112022 \u00ea nasnameya 2 \u00e7ekdar\u00ean xwe y\u00ean ke\u00e7 e\u015fkere kir ku li 17 \u00eelona \u00eesal\u00ea li devera Heften\u00een\u00ea ya Ba\u015f\u00fbr\u00ea Kurdistan ketine ber [&hellip;]\" \/>\n<meta property=\"og:url\" content=\"https:\/\/darkamazi.info\/archives\/1033602\" \/>\n<meta property=\"og:site_name\" content=\"Darka Maz\u00ee\" \/>\n<meta property=\"article:publisher\" content=\"https:\/\/www.facebook.com\/DarMaziKurmanci\" \/>\n<meta property=\"article:published_time\" content=\"2022-11-09T07:36:08+00:00\" \/>\n<meta property=\"og:image\" content=\"https:\/\/darkamazi.info\/file\/2022\/11\/pkk-zarok-turkey-heftenin.jpg\" \/>\n\t<meta property=\"og:image:width\" content=\"900\" \/>\n\t<meta property=\"og:image:height\" content=\"497\" \/>\n\t<meta property=\"og:image:type\" content=\"image\/jpeg\" \/>\n<meta name=\"author\" content=\"darka mazi\" \/>\n<meta name=\"twitter:card\" content=\"summary_large_image\" \/>\n<meta name=\"twitter:creator\" content=\"@DarkaMaziLatini\" \/>\n<meta name=\"twitter:site\" content=\"@DarkaMaziLatini\" \/>\n<meta name=\"twitter:label1\" content=\"Written by\" \/>\n\t<meta name=\"twitter:data1\" content=\"darka mazi\" \/>\n\t<meta name=\"twitter:label2\" content=\"Est. reading time\" \/>\n\t<meta name=\"twitter:data2\" content=\"1 minute\" \/>\n<script type=\"application\/ld+json\" class=\"seo-schema-graph\">{\"@context\":\"https:\\\/\\\/schema.org\",\"@graph\":[{\"@type\":\"Article\",\"@id\":\"https:\\\/\\\/darkamazi.info\\\/archives\\\/1033602#article\",\"isPartOf\":{\"@id\":\"https:\\\/\\\/darkamazi.info\\\/archives\\\/1033602\"},\"author\":{\"name\":\"darka mazi\",\"@id\":\"https:\\\/\\\/darkamazi.info\\\/#\\\/schema\\\/person\\\/5ad3e24553a0567993fa8ed4bd0a776c\"},\"headline\":\"PKK\u00ea ev du ke\u00e7e j\u00ee dane ku\u015ftin\",\"datePublished\":\"2022-11-09T07:36:08+00:00\",\"mainEntityOfPage\":{\"@id\":\"https:\\\/\\\/darkamazi.info\\\/archives\\\/1033602\"},\"wordCount\":186,\"publisher\":{\"@id\":\"https:\\\/\\\/darkamazi.info\\\/#organization\"},\"image\":{\"@id\":\"https:\\\/\\\/darkamazi.info\\\/archives\\\/1033602#primaryimage\"},\"thumbnailUrl\":\"https:\\\/\\\/darkamazi.info\\\/darka-content\\\/uploads\\\/2022\\\/11\\\/pkk-zarok-turkey-heftenin.jpg\",\"keywords\":[\"sereke\"],\"articleSection\":[\"Kurdistan\"],\"inLanguage\":\"en-US\"},{\"@type\":\"WebPage\",\"@id\":\"https:\\\/\\\/darkamazi.info\\\/archives\\\/1033602\",\"url\":\"https:\\\/\\\/darkamazi.info\\\/archives\\\/1033602\",\"name\":\"PKK\u00ea ev du ke\u00e7e j\u00ee dane ku\u015ftin - Darka Maz\u00ee\",\"isPartOf\":{\"@id\":\"https:\\\/\\\/darkamazi.info\\\/#website\"},\"primaryImageOfPage\":{\"@id\":\"https:\\\/\\\/darkamazi.info\\\/archives\\\/1033602#primaryimage\"},\"image\":{\"@id\":\"https:\\\/\\\/darkamazi.info\\\/archives\\\/1033602#primaryimage\"},\"thumbnailUrl\":\"https:\\\/\\\/darkamazi.info\\\/darka-content\\\/uploads\\\/2022\\\/11\\\/pkk-zarok-turkey-heftenin.jpg\",\"datePublished\":\"2022-11-09T07:36:08+00:00\",\"breadcrumb\":{\"@id\":\"https:\\\/\\\/darkamazi.info\\\/archives\\\/1033602#breadcrumb\"},\"inLanguage\":\"en-US\",\"potentialAction\":[{\"@type\":\"ReadAction\",\"target\":[\"https:\\\/\\\/darkamazi.info\\\/archives\\\/1033602\"]}]},{\"@type\":\"ImageObject\",\"inLanguage\":\"en-US\",\"@id\":\"https:\\\/\\\/darkamazi.info\\\/archives\\\/1033602#primaryimage\",\"url\":\"https:\\\/\\\/darkamazi.info\\\/darka-content\\\/uploads\\\/2022\\\/11\\\/pkk-zarok-turkey-heftenin.jpg\",\"contentUrl\":\"https:\\\/\\\/darkamazi.info\\\/darka-content\\\/uploads\\\/2022\\\/11\\\/pkk-zarok-turkey-heftenin.jpg\",\"width\":900,\"height\":497,\"caption\":\"pkk-zarok-turkey-heftenin\"},{\"@type\":\"BreadcrumbList\",\"@id\":\"https:\\\/\\\/darkamazi.info\\\/archives\\\/1033602#breadcrumb\",\"itemListElement\":[{\"@type\":\"ListItem\",\"position\":1,\"name\":\"Home\",\"item\":\"https:\\\/\\\/darkamazi.info\\\/\"},{\"@type\":\"ListItem\",\"position\":2,\"name\":\"PKK\u00ea ev du ke\u00e7e j\u00ee dane ku\u015ftin\"}]},{\"@type\":\"WebSite\",\"@id\":\"https:\\\/\\\/darkamazi.info\\\/#website\",\"url\":\"https:\\\/\\\/darkamazi.info\\\/\",\"name\":\"Darka Maz\u00ee\",\"description\":\"P\u00eageha Zanyariy\u00ean Nebih\u00eest\u00ee\",\"publisher\":{\"@id\":\"https:\\\/\\\/darkamazi.info\\\/#organization\"},\"potentialAction\":[{\"@type\":\"SearchAction\",\"target\":{\"@type\":\"EntryPoint\",\"urlTemplate\":\"https:\\\/\\\/darkamazi.info\\\/?s={search_term_string}\"},\"query-input\":{\"@type\":\"PropertyValueSpecification\",\"valueRequired\":true,\"valueName\":\"search_term_string\"}}],\"inLanguage\":\"en-US\"},{\"@type\":\"Organization\",\"@id\":\"https:\\\/\\\/darkamazi.info\\\/#organization\",\"name\":\"Darka Maz\u00ee\",\"url\":\"https:\\\/\\\/darkamazi.info\\\/\",\"logo\":{\"@type\":\"ImageObject\",\"inLanguage\":\"en-US\",\"@id\":\"https:\\\/\\\/darkamazi.info\\\/#\\\/schema\\\/logo\\\/image\\\/\",\"url\":\"https:\\\/\\\/darkamazi.info\\\/darka-content\\\/uploads\\\/2017\\\/12\\\/darka-mazi-logo.png\",\"contentUrl\":\"https:\\\/\\\/darkamazi.info\\\/darka-content\\\/uploads\\\/2017\\\/12\\\/darka-mazi-logo.png\",\"width\":151,\"height\":75,\"caption\":\"Darka Maz\u00ee\"},\"image\":{\"@id\":\"https:\\\/\\\/darkamazi.info\\\/#\\\/schema\\\/logo\\\/image\\\/\"},\"sameAs\":[\"https:\\\/\\\/www.facebook.com\\\/DarMaziKurmanci\",\"https:\\\/\\\/x.com\\\/DarkaMaziLatini\",\"https:\\\/\\\/www.instagram.com\\\/darkamazi.kurmanci\\\/\",\"https:\\\/\\\/www.youtube.com\\\/channel\\\/UCa5HkTdmI8U1qCUFuTw8B2g\"]},{\"@type\":\"Person\",\"@id\":\"https:\\\/\\\/darkamazi.info\\\/#\\\/schema\\\/person\\\/5ad3e24553a0567993fa8ed4bd0a776c\",\"name\":\"darka mazi\",\"sameAs\":[\"https:\\\/\\\/darkamazi.info\\\/\"],\"url\":\"https:\\\/\\\/darkamazi.info\\\/archives\\\/author\\\/kurdi\"}]}<\/script>\n<!-- \/ Yoast SEO plugin. -->","seo_head_json":{"title":"PKK\u00ea ev du ke\u00e7e j\u00ee dane ku\u015ftin - Darka Maz\u00ee","robots":{"index":"index","follow":"follow","max-snippet":"max-snippet:-1","max-image-preview":"max-image-preview:large","max-video-preview":"max-video-preview:-1"},"canonical":"https:\/\/darkamazi.info\/archives\/1033602","og_locale":"en_US","og_type":"article","og_title":"PKK\u00ea ev du ke\u00e7e j\u00ee dane ku\u015ftin - Darka Maz\u00ee","og_description":"R\u00eaxistina PKK\u00ea nasnameya 2 \u00e7ekdar\u00ean xwe y\u00ean ke\u00e7 raghand ku li Ba\u015f\u00fbr\u00ea Kurdistan\u00ea ketine ber \u00ear\u00ee\u015f\u00ea dewleta Tirk \u00fb jiyana xwe ji dest dane. HPG\u00ea bask\u00ea le\u015fker\u00ee y\u00ea PKK\u00ea duh roja s\u00ea\u015femiy\u00ea 8112022 \u00ea nasnameya 2 \u00e7ekdar\u00ean xwe y\u00ean ke\u00e7 e\u015fkere kir ku li 17 \u00eelona \u00eesal\u00ea li devera Heften\u00een\u00ea ya Ba\u015f\u00fbr\u00ea Kurdistan ketine ber [&hellip;]","og_url":"https:\/\/darkamazi.info\/archives\/1033602","og_site_name":"Darka Maz\u00ee","article_publisher":"https:\/\/www.facebook.com\/DarMaziKurmanci","article_published_time":"2022-11-09T07:36:08+00:00","og_image":[{"width":900,"height":497,"url":"https:\/\/darkamazi.info\/file\/2022\/11\/pkk-zarok-turkey-heftenin.jpg","type":"image\/jpeg"}],"author":"darka mazi","twitter_card":"summary_large_image","twitter_creator":"@DarkaMaziLatini","twitter_site":"@DarkaMaziLatini","twitter_misc":{"Written by":"darka mazi","Est. reading time":"1 minute"},"schema":{"@context":"https:\/\/schema.org","@graph":[{"@type":"Article","@id":"https:\/\/darkamazi.info\/archives\/1033602#article","isPartOf":{"@id":"https:\/\/darkamazi.info\/archives\/1033602"},"author":{"name":"darka mazi","@id":"https:\/\/darkamazi.info\/#\/schema\/person\/5ad3e24553a0567993fa8ed4bd0a776c"},"headline":"PKK\u00ea ev du ke\u00e7e j\u00ee dane ku\u015ftin","datePublished":"2022-11-09T07:36:08+00:00","mainEntityOfPage":{"@id":"https:\/\/darkamazi.info\/archives\/1033602"},"wordCount":186,"publisher":{"@id":"https:\/\/darkamazi.info\/#organization"},"image":{"@id":"https:\/\/darkamazi.info\/archives\/1033602#primaryimage"},"thumbnailUrl":"https:\/\/darkamazi.info\/file\/2022\/11\/pkk-zarok-turkey-heftenin.jpg","keywords":["sereke"],"articleSection":["Kurdistan"],"inLanguage":"en-US"},{"@type":"WebPage","@id":"https:\/\/darkamazi.info\/archives\/1033602","url":"https:\/\/darkamazi.info\/archives\/1033602","name":"PKK\u00ea ev du ke\u00e7e j\u00ee dane ku\u015ftin - Darka Maz\u00ee","isPartOf":{"@id":"https:\/\/darkamazi.info\/#website"},"primaryImageOfPage":{"@id":"https:\/\/darkamazi.info\/archives\/1033602#primaryimage"},"image":{"@id":"https:\/\/darkamazi.info\/archives\/1033602#primaryimage"},"thumbnailUrl":"https:\/\/darkamazi.info\/file\/2022\/11\/pkk-zarok-turkey-heftenin.jpg","datePublished":"2022-11-09T07:36:08+00:00","breadcrumb":{"@id":"https:\/\/darkamazi.info\/archives\/1033602#breadcrumb"},"inLanguage":"en-US","potentialAction":[{"@type":"ReadAction","target":["https:\/\/darkamazi.info\/archives\/1033602"]}]},{"@type":"ImageObject","inLanguage":"en-US","@id":"https:\/\/darkamazi.info\/archives\/1033602#primaryimage","url":"https:\/\/darkamazi.info\/file\/2022\/11\/pkk-zarok-turkey-heftenin.jpg","contentUrl":"https:\/\/darkamazi.info\/file\/2022\/11\/pkk-zarok-turkey-heftenin.jpg","width":900,"height":497,"caption":"pkk-zarok-turkey-heftenin"},{"@type":"BreadcrumbList","@id":"https:\/\/darkamazi.info\/archives\/1033602#breadcrumb","itemListElement":[{"@type":"ListItem","position":1,"name":"Home","item":"https:\/\/darkamazi.info\/"},{"@type":"ListItem","position":2,"name":"PKK\u00ea ev du ke\u00e7e j\u00ee dane ku\u015ftin"}]},{"@type":"WebSite","@id":"https:\/\/darkamazi.info\/#website","url":"https:\/\/darkamazi.info\/","name":"Darka Maz\u00ee","description":"P\u00eageha Zanyariy\u00ean Nebih\u00eest\u00ee","publisher":{"@id":"https:\/\/darkamazi.info\/#organization"},"potentialAction":[{"@type":"SearchAction","target":{"@type":"EntryPoint","urlTemplate":"https:\/\/darkamazi.info\/?s={search_term_string}"},"query-input":{"@type":"PropertyValueSpecification","valueRequired":true,"valueName":"search_term_string"}}],"inLanguage":"en-US"},{"@type":"Organization","@id":"https:\/\/darkamazi.info\/#organization","name":"Darka Maz\u00ee","url":"https:\/\/darkamazi.info\/","logo":{"@type":"ImageObject","inLanguage":"en-US","@id":"https:\/\/darkamazi.info\/#\/schema\/logo\/image\/","url":"https:\/\/darkamazi.info\/file\/2017\/12\/darka-mazi-logo.png","contentUrl":"https:\/\/darkamazi.info\/file\/2017\/12\/darka-mazi-logo.png","width":151,"height":75,"caption":"Darka Maz\u00ee"},"image":{"@id":"https:\/\/darkamazi.info\/#\/schema\/logo\/image\/"},"sameAs":["https:\/\/www.facebook.com\/DarMaziKurmanci","https:\/\/x.com\/DarkaMaziLatini","https:\/\/www.instagram.com\/darkamazi.kurmanci\/","https:\/\/www.youtube.com\/channel\/UCa5HkTdmI8U1qCUFuTw8B2g"]},{"@type":"Person","@id":"https:\/\/darkamazi.info\/#\/schema\/person\/5ad3e24553a0567993fa8ed4bd0a776c","name":"darka mazi","sameAs":["https:\/\/darkamazi.info\/"],"url":"https:\/\/darkamazi.info\/archives\/author\/kurdi"}]}},"_links":{"self":[{"href":"https:\/\/darkamazi.info\/funavuv\/wp\/v2\/posts\/1033602","targetHints":{"allow":["GET"]}}],"collection":[{"href":"https:\/\/darkamazi.info\/funavuv\/wp\/v2\/posts"}],"about":[{"href":"https:\/\/darkamazi.info\/funavuv\/wp\/v2\/types\/post"}],"author":[{"embeddable":true,"href":"https:\/\/darkamazi.info\/funavuv\/wp\/v2\/users\/2"}],"replies":[{"embeddable":true,"href":"https:\/\/darkamazi.info\/funavuv\/wp\/v2\/comments?post=1033602"}],"version-history":[{"count":0,"href":"https:\/\/darkamazi.info\/funavuv\/wp\/v2\/posts\/1033602\/revisions"}],"wp:featuredmedia":[{"embeddable":true,"href":"https:\/\/darkamazi.info\/funavuv\/wp\/v2\/media\/1033603"}],"wp:attachment":[{"href":"https:\/\/darkamazi.info\/funavuv\/wp\/v2\/media?parent=1033602"}],"wp:term":[{"taxonomy":"category","embeddable":true,"href":"https:\/\/darkamazi.info\/funavuv\/wp\/v2\/categories?post=1033602"},{"taxonomy":"post_tag","embeddable":true,"href":"https:\/\/darkamazi.info\/funavuv\/wp\/v2\/tags?post=1033602"}],"curies":[{"name":"wp","href":"https:\/\/api.w.org\/{rel}","templated":true}]}}