{"id":1033608,"date":"2022-11-09T19:07:05","date_gmt":"2022-11-09T16:07:05","guid":{"rendered":"https:\/\/darkamazi.info\/?p=1033608"},"modified":"2022-11-09T19:07:05","modified_gmt":"2022-11-09T16:07:05","slug":"suna-madride-hatin-merdine","status":"publish","type":"post","link":"https:\/\/darkamazi.info\/archives\/1033608","title":{"rendered":"\u015e\u00fbna Madr\u00eed\u00ea hatin M\u00eard\u00een\u00ea !"},"content":{"rendered":"<h3 style=\"text-align: justify\"><span style=\"font-family: 'arial black', sans-serif\">Ajanseke t\u00fbr\u00eezm\u00ea ya li R\u00fbsyay\u00ea xeletiyeke ned\u00eet\u00ee kir \u00fb mi\u015fteriy\u00ean xwe li \u015f\u00fbna ku bi\u015f\u00eene paytexta Spanya Madr\u00eed\u00ea, \u015fand M\u00eard\u00een\u00ea. T\u00fbr\u00eest\u00ean ku dema hatin balafirgeh\u00ea matmay\u00ee man, ew rojek\u00ee li M\u00eard\u00een\u00ea man \u00fb dan diyarkirin ku, wan M\u00eard\u00een gelek\u00ee eciband.<\/span><\/h3>\n<h3 style=\"text-align: justify\">Ajanseke ge\u015ftiyariy\u00ea li R\u00fbsyay\u00ea xeletiyeke balk\u00ea\u015f kir. Ajansa ku xwest mi\u015fteriy\u00ean xwe bi ser Stenbol\u00ea re bi\u015f\u00eene Madr\u00eeda paytexta Spanyay\u00ea, bi xelet\u00ee \u015fand M\u00eard\u00een\u00ea.<\/h3>\n<h3 style=\"text-align: justify\">LI \u015e\u00dbNA MADR\u00ceD\u00ca T\u00caN M\u00caRD\u00ceN\u00ca<\/h3>\n<h3 style=\"text-align: justify\">Pi\u015ft\u00ee balefir\u00ea dan\u00ee \u00fb gruba ge\u015ftiyar li balefirxaney\u00ea daketine, p\u00ea hesiyane ku li \u015f\u00fbna Madr\u00eed\u00ea hatine M\u00eard\u00een\u00ea. R\u00eavebir\u00ea ge\u015ftiyariy\u00ea Bek\u00eer Falay diyar kir ku ge\u015ftiyar\u00ean R\u00fbs li M\u00eard\u00een\u00ea rojek xwe\u015f derbas kirine \u00fb wiha got: \u201cDaxwaza \u00e7\u00fbna Madr\u00eed\u00ea ji R\u00fbsyay\u00ea heye. Ajans li w\u00ea der\u00ea ji d\u00eavla Madr\u00eed\u00ea bil\u00eata M\u00eard\u00een\u00ea ya bi Stenbol\u00ea ve gir\u00eadide. Dema mi\u015fteriy\u00ean t\u00ean M\u00eard\u00een\u00ea rast\u00ee sosreteke ne\u00e7aver\u00eakir\u00ee t\u00ean \u00fb matmay\u00ee dim\u00eenin. Tev\u00ee v\u00ea tevliheviy\u00ea j\u00ee me gelek ba\u015f maz\u00fbvaniya tur\u00eestan kir. Wan rojek pir xwe\u015f derbas kir, \u201c<\/h3>\n<h3 style=\"text-align: justify\">Serok\u00ea Komeleya Karsaz\u00ean T\u00fbr\u00eezm\u00ea ya M\u00eard\u00een\u00ea Aslan Pa\u015faoglu, diyar kir ku tur\u00eest tev\u00ee xeletiy\u00ea j\u00ee ji M\u00eard\u00een\u00ea pir hez kirin. Ji aliy\u00ea din ve hat tomarkirin ku ge\u015ftyar roja din ji baj\u00ear derketin \u00fb di ser Stenbol\u00ea re li balafira Madr\u00eed\u00ea siwar b\u00fbn.<\/h3>\n","protected":false},"excerpt":{"rendered":"<p>Ajanseke t\u00fbr\u00eezm\u00ea ya li R\u00fbsyay\u00ea xeletiyeke ned\u00eet\u00ee kir \u00fb mi\u015fteriy\u00ean xwe li \u015f\u00fbna ku bi\u015f\u00eene paytexta Spanya Madr\u00eed\u00ea, \u015fand M\u00eard\u00een\u00ea. T\u00fbr\u00eest\u00ean ku dema hatin balafirgeh\u00ea matmay\u00ee man, ew rojek\u00ee li M\u00eard\u00een\u00ea man \u00fb dan diyarkirin ku, wan M\u00eard\u00een gelek\u00ee eciband. Ajanseke ge\u015ftiyariy\u00ea li R\u00fbsyay\u00ea xeletiyeke balk\u00ea\u015f kir. Ajansa ku xwest mi\u015fteriy\u00ean xwe bi ser Stenbol\u00ea [&hellip;]<\/p>\n","protected":false},"author":2,"featured_media":1033609,"comment_status":"closed","ping_status":"closed","sticky":false,"template":"","format":"standard","meta":{"footnotes":""},"categories":[4],"tags":[37],"class_list":["post-1033608","post","type-post","status-publish","format-standard","has-post-thumbnail","hentry","category-hemereng","tag-sereke"],"blocksy_meta":[],"seo_head":"<!-- This site is optimized with the Yoast SEO plugin v27.5 - https:\/\/yoast.com\/product\/yoast-seo-wordpress\/ -->\n<title>\u015e\u00fbna Madr\u00eed\u00ea hatin M\u00eard\u00een\u00ea ! - Darka Maz\u00ee<\/title>\n<meta name=\"robots\" content=\"index, follow, max-snippet:-1, max-image-preview:large, max-video-preview:-1\" \/>\n<link rel=\"canonical\" href=\"https:\/\/darkamazi.info\/archives\/1033608\" \/>\n<meta property=\"og:locale\" content=\"en_US\" \/>\n<meta property=\"og:type\" content=\"article\" \/>\n<meta property=\"og:title\" content=\"\u015e\u00fbna Madr\u00eed\u00ea hatin M\u00eard\u00een\u00ea ! - Darka Maz\u00ee\" \/>\n<meta property=\"og:description\" content=\"Ajanseke t\u00fbr\u00eezm\u00ea ya li R\u00fbsyay\u00ea xeletiyeke ned\u00eet\u00ee kir \u00fb mi\u015fteriy\u00ean xwe li \u015f\u00fbna ku bi\u015f\u00eene paytexta Spanya Madr\u00eed\u00ea, \u015fand M\u00eard\u00een\u00ea. T\u00fbr\u00eest\u00ean ku dema hatin balafirgeh\u00ea matmay\u00ee man, ew rojek\u00ee li M\u00eard\u00een\u00ea man \u00fb dan diyarkirin ku, wan M\u00eard\u00een gelek\u00ee eciband. Ajanseke ge\u015ftiyariy\u00ea li R\u00fbsyay\u00ea xeletiyeke balk\u00ea\u015f kir. Ajansa ku xwest mi\u015fteriy\u00ean xwe bi ser Stenbol\u00ea [&hellip;]\" \/>\n<meta property=\"og:url\" content=\"https:\/\/darkamazi.info\/archives\/1033608\" \/>\n<meta property=\"og:site_name\" content=\"Darka Maz\u00ee\" \/>\n<meta property=\"article:publisher\" content=\"https:\/\/www.facebook.com\/DarMaziKurmanci\" \/>\n<meta property=\"article:published_time\" content=\"2022-11-09T16:07:05+00:00\" \/>\n<meta property=\"og:image\" content=\"https:\/\/darkamazi.info\/file\/2022\/11\/madrid-merdi.jpg\" \/>\n\t<meta property=\"og:image:width\" content=\"900\" \/>\n\t<meta property=\"og:image:height\" content=\"497\" \/>\n\t<meta property=\"og:image:type\" content=\"image\/jpeg\" \/>\n<meta name=\"author\" content=\"darka mazi\" \/>\n<meta name=\"twitter:card\" content=\"summary_large_image\" \/>\n<meta name=\"twitter:creator\" content=\"@DarkaMaziLatini\" \/>\n<meta name=\"twitter:site\" content=\"@DarkaMaziLatini\" \/>\n<meta name=\"twitter:label1\" content=\"Written by\" \/>\n\t<meta name=\"twitter:data1\" content=\"darka mazi\" \/>\n\t<meta name=\"twitter:label2\" content=\"Est. reading time\" \/>\n\t<meta name=\"twitter:data2\" content=\"1 minute\" \/>\n<script type=\"application\/ld+json\" class=\"seo-schema-graph\">{\"@context\":\"https:\\\/\\\/schema.org\",\"@graph\":[{\"@type\":\"Article\",\"@id\":\"https:\\\/\\\/darkamazi.info\\\/archives\\\/1033608#article\",\"isPartOf\":{\"@id\":\"https:\\\/\\\/darkamazi.info\\\/archives\\\/1033608\"},\"author\":{\"name\":\"darka mazi\",\"@id\":\"https:\\\/\\\/darkamazi.info\\\/#\\\/schema\\\/person\\\/5ad3e24553a0567993fa8ed4bd0a776c\"},\"headline\":\"\u015e\u00fbna Madr\u00eed\u00ea hatin M\u00eard\u00een\u00ea !\",\"datePublished\":\"2022-11-09T16:07:05+00:00\",\"mainEntityOfPage\":{\"@id\":\"https:\\\/\\\/darkamazi.info\\\/archives\\\/1033608\"},\"wordCount\":269,\"publisher\":{\"@id\":\"https:\\\/\\\/darkamazi.info\\\/#organization\"},\"image\":{\"@id\":\"https:\\\/\\\/darkamazi.info\\\/archives\\\/1033608#primaryimage\"},\"thumbnailUrl\":\"https:\\\/\\\/darkamazi.info\\\/darka-content\\\/uploads\\\/2022\\\/11\\\/madrid-merdi.jpg\",\"keywords\":[\"sereke\"],\"articleSection\":[\"Hemereng\"],\"inLanguage\":\"en-US\"},{\"@type\":\"WebPage\",\"@id\":\"https:\\\/\\\/darkamazi.info\\\/archives\\\/1033608\",\"url\":\"https:\\\/\\\/darkamazi.info\\\/archives\\\/1033608\",\"name\":\"\u015e\u00fbna Madr\u00eed\u00ea hatin M\u00eard\u00een\u00ea ! - Darka Maz\u00ee\",\"isPartOf\":{\"@id\":\"https:\\\/\\\/darkamazi.info\\\/#website\"},\"primaryImageOfPage\":{\"@id\":\"https:\\\/\\\/darkamazi.info\\\/archives\\\/1033608#primaryimage\"},\"image\":{\"@id\":\"https:\\\/\\\/darkamazi.info\\\/archives\\\/1033608#primaryimage\"},\"thumbnailUrl\":\"https:\\\/\\\/darkamazi.info\\\/darka-content\\\/uploads\\\/2022\\\/11\\\/madrid-merdi.jpg\",\"datePublished\":\"2022-11-09T16:07:05+00:00\",\"breadcrumb\":{\"@id\":\"https:\\\/\\\/darkamazi.info\\\/archives\\\/1033608#breadcrumb\"},\"inLanguage\":\"en-US\",\"potentialAction\":[{\"@type\":\"ReadAction\",\"target\":[\"https:\\\/\\\/darkamazi.info\\\/archives\\\/1033608\"]}]},{\"@type\":\"ImageObject\",\"inLanguage\":\"en-US\",\"@id\":\"https:\\\/\\\/darkamazi.info\\\/archives\\\/1033608#primaryimage\",\"url\":\"https:\\\/\\\/darkamazi.info\\\/darka-content\\\/uploads\\\/2022\\\/11\\\/madrid-merdi.jpg\",\"contentUrl\":\"https:\\\/\\\/darkamazi.info\\\/darka-content\\\/uploads\\\/2022\\\/11\\\/madrid-merdi.jpg\",\"width\":900,\"height\":497,\"caption\":\"\u015e\u00fbna Madr\u00eed\u00ea hatin M\u00eard\u00een\u00ea !\"},{\"@type\":\"BreadcrumbList\",\"@id\":\"https:\\\/\\\/darkamazi.info\\\/archives\\\/1033608#breadcrumb\",\"itemListElement\":[{\"@type\":\"ListItem\",\"position\":1,\"name\":\"Home\",\"item\":\"https:\\\/\\\/darkamazi.info\\\/\"},{\"@type\":\"ListItem\",\"position\":2,\"name\":\"\u015e\u00fbna Madr\u00eed\u00ea hatin M\u00eard\u00een\u00ea !\"}]},{\"@type\":\"WebSite\",\"@id\":\"https:\\\/\\\/darkamazi.info\\\/#website\",\"url\":\"https:\\\/\\\/darkamazi.info\\\/\",\"name\":\"Darka Maz\u00ee\",\"description\":\"P\u00eageha Zanyariy\u00ean Nebih\u00eest\u00ee\",\"publisher\":{\"@id\":\"https:\\\/\\\/darkamazi.info\\\/#organization\"},\"potentialAction\":[{\"@type\":\"SearchAction\",\"target\":{\"@type\":\"EntryPoint\",\"urlTemplate\":\"https:\\\/\\\/darkamazi.info\\\/?s={search_term_string}\"},\"query-input\":{\"@type\":\"PropertyValueSpecification\",\"valueRequired\":true,\"valueName\":\"search_term_string\"}}],\"inLanguage\":\"en-US\"},{\"@type\":\"Organization\",\"@id\":\"https:\\\/\\\/darkamazi.info\\\/#organization\",\"name\":\"Darka Maz\u00ee\",\"url\":\"https:\\\/\\\/darkamazi.info\\\/\",\"logo\":{\"@type\":\"ImageObject\",\"inLanguage\":\"en-US\",\"@id\":\"https:\\\/\\\/darkamazi.info\\\/#\\\/schema\\\/logo\\\/image\\\/\",\"url\":\"https:\\\/\\\/darkamazi.info\\\/darka-content\\\/uploads\\\/2017\\\/12\\\/darka-mazi-logo.png\",\"contentUrl\":\"https:\\\/\\\/darkamazi.info\\\/darka-content\\\/uploads\\\/2017\\\/12\\\/darka-mazi-logo.png\",\"width\":151,\"height\":75,\"caption\":\"Darka Maz\u00ee\"},\"image\":{\"@id\":\"https:\\\/\\\/darkamazi.info\\\/#\\\/schema\\\/logo\\\/image\\\/\"},\"sameAs\":[\"https:\\\/\\\/www.facebook.com\\\/DarMaziKurmanci\",\"https:\\\/\\\/x.com\\\/DarkaMaziLatini\",\"https:\\\/\\\/www.instagram.com\\\/darkamazi.kurmanci\\\/\",\"https:\\\/\\\/www.youtube.com\\\/channel\\\/UCa5HkTdmI8U1qCUFuTw8B2g\"]},{\"@type\":\"Person\",\"@id\":\"https:\\\/\\\/darkamazi.info\\\/#\\\/schema\\\/person\\\/5ad3e24553a0567993fa8ed4bd0a776c\",\"name\":\"darka mazi\",\"sameAs\":[\"https:\\\/\\\/darkamazi.info\\\/\"],\"url\":\"https:\\\/\\\/darkamazi.info\\\/archives\\\/author\\\/kurdi\"}]}<\/script>\n<!-- \/ Yoast SEO plugin. -->","seo_head_json":{"title":"\u015e\u00fbna Madr\u00eed\u00ea hatin M\u00eard\u00een\u00ea ! - Darka Maz\u00ee","robots":{"index":"index","follow":"follow","max-snippet":"max-snippet:-1","max-image-preview":"max-image-preview:large","max-video-preview":"max-video-preview:-1"},"canonical":"https:\/\/darkamazi.info\/archives\/1033608","og_locale":"en_US","og_type":"article","og_title":"\u015e\u00fbna Madr\u00eed\u00ea hatin M\u00eard\u00een\u00ea ! - Darka Maz\u00ee","og_description":"Ajanseke t\u00fbr\u00eezm\u00ea ya li R\u00fbsyay\u00ea xeletiyeke ned\u00eet\u00ee kir \u00fb mi\u015fteriy\u00ean xwe li \u015f\u00fbna ku bi\u015f\u00eene paytexta Spanya Madr\u00eed\u00ea, \u015fand M\u00eard\u00een\u00ea. T\u00fbr\u00eest\u00ean ku dema hatin balafirgeh\u00ea matmay\u00ee man, ew rojek\u00ee li M\u00eard\u00een\u00ea man \u00fb dan diyarkirin ku, wan M\u00eard\u00een gelek\u00ee eciband. Ajanseke ge\u015ftiyariy\u00ea li R\u00fbsyay\u00ea xeletiyeke balk\u00ea\u015f kir. Ajansa ku xwest mi\u015fteriy\u00ean xwe bi ser Stenbol\u00ea [&hellip;]","og_url":"https:\/\/darkamazi.info\/archives\/1033608","og_site_name":"Darka Maz\u00ee","article_publisher":"https:\/\/www.facebook.com\/DarMaziKurmanci","article_published_time":"2022-11-09T16:07:05+00:00","og_image":[{"width":900,"height":497,"url":"https:\/\/darkamazi.info\/file\/2022\/11\/madrid-merdi.jpg","type":"image\/jpeg"}],"author":"darka mazi","twitter_card":"summary_large_image","twitter_creator":"@DarkaMaziLatini","twitter_site":"@DarkaMaziLatini","twitter_misc":{"Written by":"darka mazi","Est. reading time":"1 minute"},"schema":{"@context":"https:\/\/schema.org","@graph":[{"@type":"Article","@id":"https:\/\/darkamazi.info\/archives\/1033608#article","isPartOf":{"@id":"https:\/\/darkamazi.info\/archives\/1033608"},"author":{"name":"darka mazi","@id":"https:\/\/darkamazi.info\/#\/schema\/person\/5ad3e24553a0567993fa8ed4bd0a776c"},"headline":"\u015e\u00fbna Madr\u00eed\u00ea hatin M\u00eard\u00een\u00ea !","datePublished":"2022-11-09T16:07:05+00:00","mainEntityOfPage":{"@id":"https:\/\/darkamazi.info\/archives\/1033608"},"wordCount":269,"publisher":{"@id":"https:\/\/darkamazi.info\/#organization"},"image":{"@id":"https:\/\/darkamazi.info\/archives\/1033608#primaryimage"},"thumbnailUrl":"https:\/\/darkamazi.info\/file\/2022\/11\/madrid-merdi.jpg","keywords":["sereke"],"articleSection":["Hemereng"],"inLanguage":"en-US"},{"@type":"WebPage","@id":"https:\/\/darkamazi.info\/archives\/1033608","url":"https:\/\/darkamazi.info\/archives\/1033608","name":"\u015e\u00fbna Madr\u00eed\u00ea hatin M\u00eard\u00een\u00ea ! - Darka Maz\u00ee","isPartOf":{"@id":"https:\/\/darkamazi.info\/#website"},"primaryImageOfPage":{"@id":"https:\/\/darkamazi.info\/archives\/1033608#primaryimage"},"image":{"@id":"https:\/\/darkamazi.info\/archives\/1033608#primaryimage"},"thumbnailUrl":"https:\/\/darkamazi.info\/file\/2022\/11\/madrid-merdi.jpg","datePublished":"2022-11-09T16:07:05+00:00","breadcrumb":{"@id":"https:\/\/darkamazi.info\/archives\/1033608#breadcrumb"},"inLanguage":"en-US","potentialAction":[{"@type":"ReadAction","target":["https:\/\/darkamazi.info\/archives\/1033608"]}]},{"@type":"ImageObject","inLanguage":"en-US","@id":"https:\/\/darkamazi.info\/archives\/1033608#primaryimage","url":"https:\/\/darkamazi.info\/file\/2022\/11\/madrid-merdi.jpg","contentUrl":"https:\/\/darkamazi.info\/file\/2022\/11\/madrid-merdi.jpg","width":900,"height":497,"caption":"\u015e\u00fbna Madr\u00eed\u00ea hatin M\u00eard\u00een\u00ea !"},{"@type":"BreadcrumbList","@id":"https:\/\/darkamazi.info\/archives\/1033608#breadcrumb","itemListElement":[{"@type":"ListItem","position":1,"name":"Home","item":"https:\/\/darkamazi.info\/"},{"@type":"ListItem","position":2,"name":"\u015e\u00fbna Madr\u00eed\u00ea hatin M\u00eard\u00een\u00ea !"}]},{"@type":"WebSite","@id":"https:\/\/darkamazi.info\/#website","url":"https:\/\/darkamazi.info\/","name":"Darka Maz\u00ee","description":"P\u00eageha Zanyariy\u00ean Nebih\u00eest\u00ee","publisher":{"@id":"https:\/\/darkamazi.info\/#organization"},"potentialAction":[{"@type":"SearchAction","target":{"@type":"EntryPoint","urlTemplate":"https:\/\/darkamazi.info\/?s={search_term_string}"},"query-input":{"@type":"PropertyValueSpecification","valueRequired":true,"valueName":"search_term_string"}}],"inLanguage":"en-US"},{"@type":"Organization","@id":"https:\/\/darkamazi.info\/#organization","name":"Darka Maz\u00ee","url":"https:\/\/darkamazi.info\/","logo":{"@type":"ImageObject","inLanguage":"en-US","@id":"https:\/\/darkamazi.info\/#\/schema\/logo\/image\/","url":"https:\/\/darkamazi.info\/file\/2017\/12\/darka-mazi-logo.png","contentUrl":"https:\/\/darkamazi.info\/file\/2017\/12\/darka-mazi-logo.png","width":151,"height":75,"caption":"Darka Maz\u00ee"},"image":{"@id":"https:\/\/darkamazi.info\/#\/schema\/logo\/image\/"},"sameAs":["https:\/\/www.facebook.com\/DarMaziKurmanci","https:\/\/x.com\/DarkaMaziLatini","https:\/\/www.instagram.com\/darkamazi.kurmanci\/","https:\/\/www.youtube.com\/channel\/UCa5HkTdmI8U1qCUFuTw8B2g"]},{"@type":"Person","@id":"https:\/\/darkamazi.info\/#\/schema\/person\/5ad3e24553a0567993fa8ed4bd0a776c","name":"darka mazi","sameAs":["https:\/\/darkamazi.info\/"],"url":"https:\/\/darkamazi.info\/archives\/author\/kurdi"}]}},"_links":{"self":[{"href":"https:\/\/darkamazi.info\/funavuv\/wp\/v2\/posts\/1033608","targetHints":{"allow":["GET"]}}],"collection":[{"href":"https:\/\/darkamazi.info\/funavuv\/wp\/v2\/posts"}],"about":[{"href":"https:\/\/darkamazi.info\/funavuv\/wp\/v2\/types\/post"}],"author":[{"embeddable":true,"href":"https:\/\/darkamazi.info\/funavuv\/wp\/v2\/users\/2"}],"replies":[{"embeddable":true,"href":"https:\/\/darkamazi.info\/funavuv\/wp\/v2\/comments?post=1033608"}],"version-history":[{"count":0,"href":"https:\/\/darkamazi.info\/funavuv\/wp\/v2\/posts\/1033608\/revisions"}],"wp:featuredmedia":[{"embeddable":true,"href":"https:\/\/darkamazi.info\/funavuv\/wp\/v2\/media\/1033609"}],"wp:attachment":[{"href":"https:\/\/darkamazi.info\/funavuv\/wp\/v2\/media?parent=1033608"}],"wp:term":[{"taxonomy":"category","embeddable":true,"href":"https:\/\/darkamazi.info\/funavuv\/wp\/v2\/categories?post=1033608"},{"taxonomy":"post_tag","embeddable":true,"href":"https:\/\/darkamazi.info\/funavuv\/wp\/v2\/tags?post=1033608"}],"curies":[{"name":"wp","href":"https:\/\/api.w.org\/{rel}","templated":true}]}}